{"id":642,"date":"2016-10-16T07:01:45","date_gmt":"2016-10-16T07:01:45","guid":{"rendered":"https:\/\/blog.vera.es\/cultura\/?p=642"},"modified":"2020-09-09T08:51:57","modified_gmt":"2020-09-09T08:51:57","slug":"gigantes-y-cabezudos-en-vera-desde-antes-de-1949-la-superacion-de-la-idolatria","status":"publish","type":"post","link":"https:\/\/blog.vera.es\/cultura\/2016\/10\/16\/gigantes-y-cabezudos-en-vera-desde-antes-de-1949-la-superacion-de-la-idolatria\/","title":{"rendered":"GIGANTES Y CABEZUDOS EN VERA DESDE ANTES DE 1949. LA SUPERACI\u00d3N DE LA IDOLATR\u00cdA"},"content":{"rendered":"<p>Algunos curiosos me preguntan sobre el origen de los gigantes y cabezudos de Vera que desfilan en las Fiestas de Vera en honor a san Cleof\u00e1s, patr\u00f3n de la Ciudad (25 de septiembre).<\/p>\n<p><!--more--><\/p>\n<p align=\"RIGHT\"><span style=\"font-family: TimesNewRoman,serif\"><span style=\"font-size: xx-small\">(\u2026) <i>Otra forma de curaci\u00f3n es <span style=\"font-family: TimesNewRoman,Italic,serif\">someter a examen profundo a los \u00eddolos&#8230; <\/span><\/i><\/span><\/span><\/p>\n<p align=\"RIGHT\"><span style=\"font-family: TimesNewRoman,serif\"><span style=\"font-size: xx-small\"><i>En el mundo hay m\u00e1s \u00eddolos que realidades: \u00e9ste es el \u00abmal de ojo\u00bb <\/i><\/span><\/span><\/p>\n<p align=\"RIGHT\"><span style=\"font-family: TimesNewRoman,serif\"><span style=\"font-size: xx-small\"><i>y el \u00abmal de o\u00eddo\u00bb que tengo yo para este mundo&#8230; Ir haciendo preguntas <\/i><\/span><\/span><\/p>\n<p align=\"RIGHT\"><span style=\"font-family: TimesNewRoman,serif\"><span style=\"font-size: xx-small\"><i>a base de golpearlos con el martillo, y o\u00edr tal vez, como respuesta, <\/i><\/span><\/span><\/p>\n<p align=\"RIGHT\"><span style=\"font-family: TimesNewRoman,serif\"><span style=\"font-size: xx-small\"><i>ese conocido sonido a hueco que revela unas entra\u00f1as <\/i><\/span><\/span><\/p>\n<p align=\"RIGHT\"><span style=\"font-family: TimesNewRoman,serif\"><span style=\"font-size: xx-small\"><i>llenas de aire, representa una delicia para quien<\/i><\/span><\/span><\/p>\n<p align=\"RIGHT\"><span style=\"font-size: xx-small\"><span style=\"font-family: TimesNewRoman,serif\"><i>tiene otros o\u00eddos detr\u00e1s de los o\u00eddos<\/i><\/span><span style=\"font-family: TimesNewRoman,serif\"> (&#8230;)<\/span><\/span><\/p>\n<p align=\"RIGHT\"><span style=\"font-size: xx-small\">(Friedrich Nietzsche. Pr\u00f3logo de <i>El ocaso de los \u00eddolos<\/i>)<\/span><\/p>\n<p align=\"RIGHT\"><span style=\"font-size: xx-small\"><i>Dad una m\u00e1scara al hombre y os dir\u00e1 la verdad<\/i> (\u00d3scar Wilde)<\/span><\/p>\n<p align=\"RIGHT\"><span style=\"font-size: xx-small\"><i>Toda mente profunda necesita una m\u00e1scara <\/i>(Friedrich Nietzsche)<\/span><\/p>\n<p align=\"RIGHT\"><span style=\"font-size: xx-small\"><i>Todos usamos mascaras, pero llega un momento <\/i><\/span><\/p>\n<p align=\"RIGHT\"><span style=\"font-size: xx-small\"><i>en el cual no podemos quitarlas sin arrancar <\/i><\/span><\/p>\n<p align=\"RIGHT\"><span style=\"font-size: xx-small\"><i>un poco de nuestra propia piel<\/i><\/span><span style=\"font-size: xx-small\"><br \/>\n(Andr\u00e9 Berthiaume)<\/span><\/p>\n<p>Vecinos con buena memoria suponen que debi\u00f3 de comenzar a popularizarse a partir de los a\u00f1os 1945 \u00f3 1946, desde la idea inicial del fot\u00f3grafo y vecino don Francisco Ruiz Collado. Otras voces enriquecen el recuerdo afirmando que fue en el a\u00f1o 1940 cuando algunos miembros de la familia Ruiz de Vera rescataron del altillo del Ayuntamiento los dos gigantes que a\u00fan se conservan, encontr\u00e1ndolos en muy mal estado, restaur\u00e1ndolos con una pasta hecha a base de harina y pintura.<\/p>\n<p>Hojeando los libros de actas de la Comisi\u00f3n Permanente de Vera custodiados en el Archivo Municipal (libro 245, a\u00f1o <b>1949<\/b>, folio 32 vuelto) advertimos que el recuerdo de los interesados en el origen de la fiesta podr\u00eda ir bien encaminado en relaci\u00f3n con la fecha de la noticia, ya que leemos en la sesi\u00f3n del d\u00eda dos de noviembre:<\/p>\n<p>(\u2026) <i>A Juan Salinas Ortiz, Pedro Ridao Salinas, Miguel Collado Mart\u00ednez y Francisco Carmona Galera, por vestir los trajes de gigantes y cabezudos en las fiestas de la feria, 20 pesetas<\/i> (&#8230;)<\/p>\n<p><a href=\"https:\/\/blog.vera.es\/cultura\/wp-content\/uploads\/sites\/2\/2014\/09\/detalle-1949-contraste.jpg\"><img decoding=\"async\" class=\"alignnone wp-image-649\" src=\"https:\/\/blog.vera.es\/cultura\/wp-content\/uploads\/sites\/2\/2014\/09\/detalle-1949-contraste-300x54.jpg\" alt=\"detalle 1949 contraste\" width=\"332\" height=\"60\" srcset=\"https:\/\/blog.vera.es\/cultura\/wp-content\/uploads\/sites\/2\/2014\/09\/detalle-1949-contraste-300x54.jpg 300w, https:\/\/blog.vera.es\/cultura\/wp-content\/uploads\/sites\/2\/2014\/09\/detalle-1949-contraste-1024x186.jpg 1024w\" sizes=\"(max-width: 332px) 100vw, 332px\" \/><\/a><\/p>\n<p><a href=\"https:\/\/blog.vera.es\/cultura\/wp-content\/uploads\/sites\/2\/2014\/09\/Copia-de-Detalle-cubierta-Libro-de-Actas-de-la-Comisi\u00f3n-Permanente-de-Vera-1949-1952.jpg\"><img fetchpriority=\"high\" decoding=\"async\" class=\"alignnone size-medium wp-image-656\" src=\"https:\/\/blog.vera.es\/cultura\/wp-content\/uploads\/sites\/2\/2014\/09\/Copia-de-Detalle-cubierta-Libro-de-Actas-de-la-Comisi\u00f3n-Permanente-de-Vera-1949-1952-300x205.jpg\" alt=\"Copia de Detalle cubierta Libro de Actas de la Comisi\u00f3n Permanente de Vera 1949-1952\" width=\"300\" height=\"205\" srcset=\"https:\/\/blog.vera.es\/cultura\/wp-content\/uploads\/sites\/2\/2014\/09\/Copia-de-Detalle-cubierta-Libro-de-Actas-de-la-Comisi\u00f3n-Permanente-de-Vera-1949-1952-300x205.jpg 300w, https:\/\/blog.vera.es\/cultura\/wp-content\/uploads\/sites\/2\/2014\/09\/Copia-de-Detalle-cubierta-Libro-de-Actas-de-la-Comisi\u00f3n-Permanente-de-Vera-1949-1952.jpg 787w\" sizes=\"(max-width: 300px) 100vw, 300px\" \/><\/a><\/p>\n<p>La tradici\u00f3n de los gigantes y cabezudos se desarrolla en los reinos cristianos de Espa\u00f1a de la <b>Edad Media<\/b>. No lleg\u00f3 a expandirse a la zona musulmana porque, tras la redacci\u00f3n del Cor\u00e1n, donde (seg\u00fan me informa y corrige Francisco Fern\u00e1ndez Caparr\u00f3s) no se prohib\u00eda la representaci\u00f3n de seres vivos, los hadices recopilados por al Bujari hicieron derivar esta religi\u00f3n hacia su ya sabida <b>iconoclastia<\/b> (aunque existan excepciones al rechazo de estas <a href=\"http:\/\/www.webislam.com\/articulos\/61809-la_imagen_imposible_el_dios_sin_rostro_del_islam.html\">im\u00e1genes<\/a>).<\/p>\n<p>Las primeras referencias de la fiesta se recogen en <b>Navarra<\/b>, en pleno <b>Camino de Santiago<\/b>, con tres personajes arquet\u00edpicos iniciales: el <b>le\u00f1ador<\/b>, la <b>aldeana<\/b> y el <b>jud\u00edo<\/b> (<b>1201<\/b>). Las mejores documentadas son las de <b>Barcelona<\/b> del a\u00f1o <b>1424<\/b>, que sol\u00edan salir en la procesi\u00f3n de san Ferm\u00edn (casualmente en la fecha de 25 de septiembre). Desde esta zona se expandi\u00f3 hacia el reino de Castilla y, sobre todo, al de Arag\u00f3n. Suelen ir acompa\u00f1ados de pasacalles y charangas.<\/p>\n<p><a href=\"https:\/\/blog.vera.es\/cultura\/wp-content\/uploads\/sites\/2\/2014\/09\/Desfile-de-gigantes-y-cabezudos.jpg\"><img decoding=\"async\" class=\"alignnone size-medium wp-image-645\" src=\"https:\/\/blog.vera.es\/cultura\/wp-content\/uploads\/sites\/2\/2014\/09\/Desfile-de-gigantes-y-cabezudos-300x200.jpg\" alt=\"Desfile de gigantes y cabezudos\" width=\"300\" height=\"200\" srcset=\"https:\/\/blog.vera.es\/cultura\/wp-content\/uploads\/sites\/2\/2014\/09\/Desfile-de-gigantes-y-cabezudos-300x200.jpg 300w, https:\/\/blog.vera.es\/cultura\/wp-content\/uploads\/sites\/2\/2014\/09\/Desfile-de-gigantes-y-cabezudos.jpg 567w\" sizes=\"(max-width: 300px) 100vw, 300px\" \/><\/a><\/p>\n<p>Sobre la <b>interpretaci\u00f3n<\/b> de esta manifestaci\u00f3n popular debemos resaltar que antes de utilizar la pagana en una procesi\u00f3n profana, la imagen por excelencia era la religiosa. Y es curioso seguir la pista a las primeras esculturas religiosas animadas o m\u00f3viles (desde la diosa Astart\u00e9) y a la <b>iconodul\u00eda <\/b>(veneraci\u00f3n de las im\u00e1genes)<b> <\/b>de los creyentes para los que era m\u00e1s f\u00e1cil dirigir sus plegarias a una imagen tangible. Pero los gigantes y cabezudos no representan a entes divinos, sino a personas f\u00e1cilmente reconocibles (por lo general) o a tipolog\u00edas humanas concretas, habi\u00e9ndose vaciado de ellos, respetuosamente, todo significado religioso (se vac\u00eda de todo lo sagrado dando lugar a la oquedad del interior, que ser\u00e1 llenada con un hombre de carne y hueso), superando la idolatr\u00eda hacia objetos ajenos al cristianismo y separando ya claramente la figura pagana de la figura religiosa o, m\u00e1s bien, creando la imagen profana con otros fines (catarsis, cr\u00edtica social, burla, inter\u00e9s por homogeneizar la est\u00e9tica despreciando lo diferente, lo extra\u00f1o&#8230;).<\/p>\n<p>Es decir: lo dram\u00e1tico, que antes de la Edad Media estaba vinculado a lo religioso, abandona el campo de lo lit\u00fargico y el marco arquitect\u00f3nico de iglesias y catedrales, para enraizarse con lo popular y salir a la calle (Francisco Cornejo Vega. <i>La escultura animada en el arte espa\u00f1ol. Evoluci\u00f3n y funciones. <\/i>Abdelmumin Aya. <i>La imagen imposible. El Dios sin rostro del Islam.<\/i>).<\/p>\n<p align=\"right\">Manuel Caparr\u00f3s Perales<\/p>\n<p align=\"right\">Archivero Municipal de Vera<\/p>\n<p align=\"right\">18-09-14<\/p>\n","protected":false},"excerpt":{"rendered":"<p>Algunos curiosos me preguntan sobre el origen de los gigantes y cabezudos de Vera que desfilan en las Fiestas de Vera en honor a san Cleof\u00e1s, patr\u00f3n de la Ciudad (25 de septiembre).<\/p>\n","protected":false},"author":7,"featured_media":648,"comment_status":"open","ping_status":"open","sticky":false,"template":"","format":"standard","meta":{"footnotes":""},"categories":[181],"tags":[24,45,267],"class_list":["post-642","post","type-post","status-publish","format-standard","has-post-thumbnail","hentry","category-curiosidades","tag-fiestas","tag-gigantes-y-cabezudos","tag-s-xx"],"_links":{"self":[{"href":"https:\/\/blog.vera.es\/cultura\/wp-json\/wp\/v2\/posts\/642","targetHints":{"allow":["GET"]}}],"collection":[{"href":"https:\/\/blog.vera.es\/cultura\/wp-json\/wp\/v2\/posts"}],"about":[{"href":"https:\/\/blog.vera.es\/cultura\/wp-json\/wp\/v2\/types\/post"}],"author":[{"embeddable":true,"href":"https:\/\/blog.vera.es\/cultura\/wp-json\/wp\/v2\/users\/7"}],"replies":[{"embeddable":true,"href":"https:\/\/blog.vera.es\/cultura\/wp-json\/wp\/v2\/comments?post=642"}],"version-history":[{"count":21,"href":"https:\/\/blog.vera.es\/cultura\/wp-json\/wp\/v2\/posts\/642\/revisions"}],"predecessor-version":[{"id":4508,"href":"https:\/\/blog.vera.es\/cultura\/wp-json\/wp\/v2\/posts\/642\/revisions\/4508"}],"wp:featuredmedia":[{"embeddable":true,"href":"https:\/\/blog.vera.es\/cultura\/wp-json\/wp\/v2\/media\/648"}],"wp:attachment":[{"href":"https:\/\/blog.vera.es\/cultura\/wp-json\/wp\/v2\/media?parent=642"}],"wp:term":[{"taxonomy":"category","embeddable":true,"href":"https:\/\/blog.vera.es\/cultura\/wp-json\/wp\/v2\/categories?post=642"},{"taxonomy":"post_tag","embeddable":true,"href":"https:\/\/blog.vera.es\/cultura\/wp-json\/wp\/v2\/tags?post=642"}],"curies":[{"name":"wp","href":"https:\/\/api.w.org\/{rel}","templated":true}]}}