{"id":5488,"date":"2025-07-17T07:19:28","date_gmt":"2025-07-17T07:19:28","guid":{"rendered":"https:\/\/blog.vera.es\/cultura\/?p=5488"},"modified":"2025-07-17T07:48:45","modified_gmt":"2025-07-17T07:48:45","slug":"catastro-de-ensenada-de-vera-exposicion","status":"publish","type":"post","link":"https:\/\/blog.vera.es\/cultura\/2025\/07\/17\/catastro-de-ensenada-de-vera-exposicion\/","title":{"rendered":"CATASTRO DE ENSENADA DE VERA. EXPOSICI\u00d3N"},"content":{"rendered":"\n<p>Exposici\u00f3n sobre el Catastro de Ensenada en el \u00e1mbito nacional y local en el Convento de la Victoria de Vera desde el d\u00eda 12 de julio a 7 de agosto de 2025.<\/p>\n\n\n<p><!--more--><\/p>\n<p><a href=\"https:\/\/blog.vera.es\/cultura\/wp-content\/uploads\/sites\/2\/2025\/07\/Cartel_Escalado-Copiar.png\"><img fetchpriority=\"high\" decoding=\"async\" class=\"alignnone size-medium wp-image-5489\" src=\"https:\/\/blog.vera.es\/cultura\/wp-content\/uploads\/sites\/2\/2025\/07\/Cartel_Escalado-Copiar-185x300.png\" alt=\"\" width=\"185\" height=\"300\" srcset=\"https:\/\/blog.vera.es\/cultura\/wp-content\/uploads\/sites\/2\/2025\/07\/Cartel_Escalado-Copiar-185x300.png 185w, https:\/\/blog.vera.es\/cultura\/wp-content\/uploads\/sites\/2\/2025\/07\/Cartel_Escalado-Copiar-631x1024.png 631w, https:\/\/blog.vera.es\/cultura\/wp-content\/uploads\/sites\/2\/2025\/07\/Cartel_Escalado-Copiar-768x1247.png 768w, https:\/\/blog.vera.es\/cultura\/wp-content\/uploads\/sites\/2\/2025\/07\/Cartel_Escalado-Copiar.png 917w\" sizes=\"(max-width: 185px) 100vw, 185px\" \/><\/a><\/p>\n<p class=\"paragraph-atom B-500-400-400-N B-525-400-700-N--md\">El Convento de la Victoria ha acogido la inauguraci\u00f3n de la exposici\u00f3n \u201cEl Catastro de la Ensenada. Magna averiguaci\u00f3n fiscal para alivio de los Vasallos y mejor conocimiento de los Reinos (1749\u20131756), centrada en la documentaci\u00f3n del pueblo en 1752.La exposici\u00f3n estar\u00e1 abierta al p\u00fablic<strong>o hasta el 7 de agosto.<\/strong><\/p>\n<p class=\"paragraph-atom B-500-400-400-N B-525-400-700-N--md\">La <strong>Direcci\u00f3n General del Catastro <\/strong>lleva desarrollando desde hace a\u00f1os una labor de divulgaci\u00f3n de sus actividades a trav\u00e9s, entre otros medios, de una exposici\u00f3n itinerante, de los trabajos catastrales desarrollados a lo largo del tiempo, partiendo como exponente de m\u00e1ximo inter\u00e9s de la divulgaci\u00f3n del Catastro de Ensenada.<\/p>\n<p>La organizaci\u00f3n de la exposici\u00f3n ha corrido a cargo de la Direcci\u00f3n General del Catastro, la Universidad Aut\u00f3noma de Madrid, proporcionando una veintena de carteles explicativos sobre el contexto hist\u00f3rico de los documentos tratados y el Archivo Municipal del Excmo. Ayuntamiento de Vera, que expuso durante su presentaci\u00f3n los documentos originales con los que cuenta: 6 vol\u00famenes del Catastro para Vera y otros documentos contempor\u00e1neos a su elaboraci\u00f3n.<\/p>\n<p>Se present\u00f3 la edici\u00f3n de un magn\u00edfico libro-cat\u00e1logo de la exposici\u00f3n itinerante dedicado a la documentaci\u00f3n de Vera, coordinado por Jes\u00fas Puebla Blasco (Direcci\u00f3n General del Catastro), coordinado por Roc\u00edo Rodr\u00edguez Molina (Direcci\u00f3n General del Catastro), Yolanda R\u00edos Vallejo (Gerencia Territorial del Catastro de Almer\u00eda) y Antonio Soler Casta\u00f1o (Concejal de Cultura, Deportes y Juventud del Excmo. Ayuntamiento de Vera, Almer\u00eda). El comisariado de la publicaci\u00f3n est\u00e1 compuesto por: Ana Luna San Eugenio (Universidad Aut\u00f3noma de Madrid), \u00c1ngel Ignacio Aguilar Cuesta (Universidad Internacional de Valencia) y Concepci\u00f3n Camarero Bull\u00f3n (Universidad Aut\u00f3noma de Madrid).<\/p>\n<p><a href=\"https:\/\/blog.vera.es\/cultura\/wp-content\/uploads\/sites\/2\/2025\/07\/95af18ea-87e9-49c7-92fe-a0e8833bd37e.jpeg\"><img decoding=\"async\" class=\"alignnone size-medium wp-image-5504\" src=\"https:\/\/blog.vera.es\/cultura\/wp-content\/uploads\/sites\/2\/2025\/07\/95af18ea-87e9-49c7-92fe-a0e8833bd37e-300x197.jpeg\" alt=\"\" width=\"300\" height=\"197\" srcset=\"https:\/\/blog.vera.es\/cultura\/wp-content\/uploads\/sites\/2\/2025\/07\/95af18ea-87e9-49c7-92fe-a0e8833bd37e-300x197.jpeg 300w, https:\/\/blog.vera.es\/cultura\/wp-content\/uploads\/sites\/2\/2025\/07\/95af18ea-87e9-49c7-92fe-a0e8833bd37e-1024x674.jpeg 1024w, https:\/\/blog.vera.es\/cultura\/wp-content\/uploads\/sites\/2\/2025\/07\/95af18ea-87e9-49c7-92fe-a0e8833bd37e-768x505.jpeg 768w, https:\/\/blog.vera.es\/cultura\/wp-content\/uploads\/sites\/2\/2025\/07\/95af18ea-87e9-49c7-92fe-a0e8833bd37e-1536x1011.jpeg 1536w, https:\/\/blog.vera.es\/cultura\/wp-content\/uploads\/sites\/2\/2025\/07\/95af18ea-87e9-49c7-92fe-a0e8833bd37e.jpeg 1600w\" sizes=\"(max-width: 300px) 100vw, 300px\" \/><\/a><\/p>\n<p><a href=\"https:\/\/blog.vera.es\/cultura\/wp-content\/uploads\/sites\/2\/2025\/07\/IMG_9628-scaled.jpeg\"><img decoding=\"async\" class=\"alignnone size-medium wp-image-5506\" src=\"https:\/\/blog.vera.es\/cultura\/wp-content\/uploads\/sites\/2\/2025\/07\/IMG_9628-300x225.jpeg\" alt=\"\" width=\"300\" height=\"225\" srcset=\"https:\/\/blog.vera.es\/cultura\/wp-content\/uploads\/sites\/2\/2025\/07\/IMG_9628-300x225.jpeg 300w, https:\/\/blog.vera.es\/cultura\/wp-content\/uploads\/sites\/2\/2025\/07\/IMG_9628-1024x768.jpeg 1024w, https:\/\/blog.vera.es\/cultura\/wp-content\/uploads\/sites\/2\/2025\/07\/IMG_9628-768x576.jpeg 768w, https:\/\/blog.vera.es\/cultura\/wp-content\/uploads\/sites\/2\/2025\/07\/IMG_9628-1536x1152.jpeg 1536w, https:\/\/blog.vera.es\/cultura\/wp-content\/uploads\/sites\/2\/2025\/07\/IMG_9628-2048x1536.jpeg 2048w\" sizes=\"(max-width: 300px) 100vw, 300px\" \/><\/a><\/p>\n<p><a href=\"https:\/\/blog.vera.es\/cultura\/wp-content\/uploads\/sites\/2\/2025\/07\/IMG_9631-scaled.jpeg\"><img loading=\"lazy\" decoding=\"async\" class=\"alignnone size-medium wp-image-5507\" src=\"https:\/\/blog.vera.es\/cultura\/wp-content\/uploads\/sites\/2\/2025\/07\/IMG_9631-225x300.jpeg\" alt=\"\" width=\"225\" height=\"300\" srcset=\"https:\/\/blog.vera.es\/cultura\/wp-content\/uploads\/sites\/2\/2025\/07\/IMG_9631-225x300.jpeg 225w, https:\/\/blog.vera.es\/cultura\/wp-content\/uploads\/sites\/2\/2025\/07\/IMG_9631-768x1024.jpeg 768w, https:\/\/blog.vera.es\/cultura\/wp-content\/uploads\/sites\/2\/2025\/07\/IMG_9631-1152x1536.jpeg 1152w, https:\/\/blog.vera.es\/cultura\/wp-content\/uploads\/sites\/2\/2025\/07\/IMG_9631-1536x2048.jpeg 1536w, https:\/\/blog.vera.es\/cultura\/wp-content\/uploads\/sites\/2\/2025\/07\/IMG_9631-scaled.jpeg 1920w\" sizes=\"(max-width: 225px) 100vw, 225px\" \/><\/a><\/p>\n<p><a href=\"https:\/\/blog.vera.es\/cultura\/wp-content\/uploads\/sites\/2\/2025\/07\/IMG_9636-scaled.jpeg\"><img loading=\"lazy\" decoding=\"async\" class=\"alignnone size-medium wp-image-5508\" src=\"https:\/\/blog.vera.es\/cultura\/wp-content\/uploads\/sites\/2\/2025\/07\/IMG_9636-300x225.jpeg\" alt=\"\" width=\"300\" height=\"225\" srcset=\"https:\/\/blog.vera.es\/cultura\/wp-content\/uploads\/sites\/2\/2025\/07\/IMG_9636-300x225.jpeg 300w, https:\/\/blog.vera.es\/cultura\/wp-content\/uploads\/sites\/2\/2025\/07\/IMG_9636-1024x768.jpeg 1024w, https:\/\/blog.vera.es\/cultura\/wp-content\/uploads\/sites\/2\/2025\/07\/IMG_9636-768x576.jpeg 768w, https:\/\/blog.vera.es\/cultura\/wp-content\/uploads\/sites\/2\/2025\/07\/IMG_9636-1536x1152.jpeg 1536w, https:\/\/blog.vera.es\/cultura\/wp-content\/uploads\/sites\/2\/2025\/07\/IMG_9636-2048x1536.jpeg 2048w\" sizes=\"(max-width: 300px) 100vw, 300px\" \/><\/a><\/p>\n<p><a href=\"https:\/\/blog.vera.es\/cultura\/wp-content\/uploads\/sites\/2\/2025\/07\/IMG_9638-scaled.jpeg\"><img loading=\"lazy\" decoding=\"async\" class=\"alignnone size-medium wp-image-5509\" src=\"https:\/\/blog.vera.es\/cultura\/wp-content\/uploads\/sites\/2\/2025\/07\/IMG_9638-300x225.jpeg\" alt=\"\" width=\"300\" height=\"225\" srcset=\"https:\/\/blog.vera.es\/cultura\/wp-content\/uploads\/sites\/2\/2025\/07\/IMG_9638-300x225.jpeg 300w, https:\/\/blog.vera.es\/cultura\/wp-content\/uploads\/sites\/2\/2025\/07\/IMG_9638-1024x768.jpeg 1024w, https:\/\/blog.vera.es\/cultura\/wp-content\/uploads\/sites\/2\/2025\/07\/IMG_9638-768x576.jpeg 768w, https:\/\/blog.vera.es\/cultura\/wp-content\/uploads\/sites\/2\/2025\/07\/IMG_9638-1536x1152.jpeg 1536w, https:\/\/blog.vera.es\/cultura\/wp-content\/uploads\/sites\/2\/2025\/07\/IMG_9638-2048x1536.jpeg 2048w\" sizes=\"(max-width: 300px) 100vw, 300px\" \/><\/a><\/p>\n<p><a href=\"https:\/\/blog.vera.es\/cultura\/wp-content\/uploads\/sites\/2\/2025\/07\/Antas-Copiar.jpg\"><img loading=\"lazy\" decoding=\"async\" class=\"alignnone size-medium wp-image-5490\" src=\"https:\/\/blog.vera.es\/cultura\/wp-content\/uploads\/sites\/2\/2025\/07\/Antas-Copiar-207x300.jpg\" alt=\"\" width=\"207\" height=\"300\" srcset=\"https:\/\/blog.vera.es\/cultura\/wp-content\/uploads\/sites\/2\/2025\/07\/Antas-Copiar-207x300.jpg 207w, https:\/\/blog.vera.es\/cultura\/wp-content\/uploads\/sites\/2\/2025\/07\/Antas-Copiar-705x1024.jpg 705w, https:\/\/blog.vera.es\/cultura\/wp-content\/uploads\/sites\/2\/2025\/07\/Antas-Copiar.jpg 709w\" sizes=\"(max-width: 207px) 100vw, 207px\" \/><\/a><\/p>\n<p><a href=\"https:\/\/blog.vera.es\/cultura\/wp-content\/uploads\/sites\/2\/2025\/07\/Vera-Copiar.jpg\"><img loading=\"lazy\" decoding=\"async\" class=\"alignnone size-medium wp-image-5491\" src=\"https:\/\/blog.vera.es\/cultura\/wp-content\/uploads\/sites\/2\/2025\/07\/Vera-Copiar-209x300.jpg\" alt=\"\" width=\"209\" height=\"300\" srcset=\"https:\/\/blog.vera.es\/cultura\/wp-content\/uploads\/sites\/2\/2025\/07\/Vera-Copiar-209x300.jpg 209w, https:\/\/blog.vera.es\/cultura\/wp-content\/uploads\/sites\/2\/2025\/07\/Vera-Copiar-713x1024.jpg 713w, https:\/\/blog.vera.es\/cultura\/wp-content\/uploads\/sites\/2\/2025\/07\/Vera-Copiar-768x1102.jpg 768w, https:\/\/blog.vera.es\/cultura\/wp-content\/uploads\/sites\/2\/2025\/07\/Vera-Copiar.jpg 799w\" sizes=\"(max-width: 209px) 100vw, 209px\" \/><\/a><\/p>\n<p><a href=\"https:\/\/blog.vera.es\/cultura\/wp-content\/uploads\/sites\/2\/2025\/07\/404.jpg\"><img loading=\"lazy\" decoding=\"async\" class=\"alignnone size-medium wp-image-5494\" src=\"https:\/\/blog.vera.es\/cultura\/wp-content\/uploads\/sites\/2\/2025\/07\/404-300x206.jpg\" alt=\"\" width=\"300\" height=\"206\" srcset=\"https:\/\/blog.vera.es\/cultura\/wp-content\/uploads\/sites\/2\/2025\/07\/404-300x206.jpg 300w, https:\/\/blog.vera.es\/cultura\/wp-content\/uploads\/sites\/2\/2025\/07\/404-1024x702.jpg 1024w, https:\/\/blog.vera.es\/cultura\/wp-content\/uploads\/sites\/2\/2025\/07\/404-768x527.jpg 768w, https:\/\/blog.vera.es\/cultura\/wp-content\/uploads\/sites\/2\/2025\/07\/404-1536x1054.jpg 1536w, https:\/\/blog.vera.es\/cultura\/wp-content\/uploads\/sites\/2\/2025\/07\/404.jpg 2000w\" sizes=\"(max-width: 300px) 100vw, 300px\" \/><\/a><\/p>\n<p><a href=\"https:\/\/blog.vera.es\/cultura\/wp-content\/uploads\/sites\/2\/2025\/07\/405.jpg\"><img loading=\"lazy\" decoding=\"async\" class=\"alignnone size-medium wp-image-5495\" src=\"https:\/\/blog.vera.es\/cultura\/wp-content\/uploads\/sites\/2\/2025\/07\/405-300x206.jpg\" alt=\"\" width=\"300\" height=\"206\" srcset=\"https:\/\/blog.vera.es\/cultura\/wp-content\/uploads\/sites\/2\/2025\/07\/405-300x206.jpg 300w, https:\/\/blog.vera.es\/cultura\/wp-content\/uploads\/sites\/2\/2025\/07\/405-1024x702.jpg 1024w, https:\/\/blog.vera.es\/cultura\/wp-content\/uploads\/sites\/2\/2025\/07\/405-768x527.jpg 768w, https:\/\/blog.vera.es\/cultura\/wp-content\/uploads\/sites\/2\/2025\/07\/405-1536x1054.jpg 1536w, https:\/\/blog.vera.es\/cultura\/wp-content\/uploads\/sites\/2\/2025\/07\/405.jpg 2000w\" sizes=\"(max-width: 300px) 100vw, 300px\" \/><\/a><\/p>\n<p><a href=\"https:\/\/blog.vera.es\/cultura\/wp-content\/uploads\/sites\/2\/2025\/07\/406.jpg\"><img loading=\"lazy\" decoding=\"async\" class=\"alignnone size-medium wp-image-5496\" src=\"https:\/\/blog.vera.es\/cultura\/wp-content\/uploads\/sites\/2\/2025\/07\/406-300x206.jpg\" alt=\"\" width=\"300\" height=\"206\" srcset=\"https:\/\/blog.vera.es\/cultura\/wp-content\/uploads\/sites\/2\/2025\/07\/406-300x206.jpg 300w, https:\/\/blog.vera.es\/cultura\/wp-content\/uploads\/sites\/2\/2025\/07\/406-1024x702.jpg 1024w, https:\/\/blog.vera.es\/cultura\/wp-content\/uploads\/sites\/2\/2025\/07\/406-768x527.jpg 768w, https:\/\/blog.vera.es\/cultura\/wp-content\/uploads\/sites\/2\/2025\/07\/406-1536x1054.jpg 1536w, https:\/\/blog.vera.es\/cultura\/wp-content\/uploads\/sites\/2\/2025\/07\/406.jpg 2000w\" sizes=\"(max-width: 300px) 100vw, 300px\" \/><\/a><\/p>\n<p><a href=\"https:\/\/blog.vera.es\/cultura\/wp-content\/uploads\/sites\/2\/2025\/07\/407.jpg\"><img loading=\"lazy\" decoding=\"async\" class=\"alignnone size-medium wp-image-5497\" src=\"https:\/\/blog.vera.es\/cultura\/wp-content\/uploads\/sites\/2\/2025\/07\/407-300x206.jpg\" alt=\"\" width=\"300\" height=\"206\" srcset=\"https:\/\/blog.vera.es\/cultura\/wp-content\/uploads\/sites\/2\/2025\/07\/407-300x206.jpg 300w, https:\/\/blog.vera.es\/cultura\/wp-content\/uploads\/sites\/2\/2025\/07\/407-1024x702.jpg 1024w, https:\/\/blog.vera.es\/cultura\/wp-content\/uploads\/sites\/2\/2025\/07\/407-768x527.jpg 768w, https:\/\/blog.vera.es\/cultura\/wp-content\/uploads\/sites\/2\/2025\/07\/407-1536x1054.jpg 1536w, https:\/\/blog.vera.es\/cultura\/wp-content\/uploads\/sites\/2\/2025\/07\/407.jpg 2000w\" sizes=\"(max-width: 300px) 100vw, 300px\" \/><\/a><\/p>\n<p><a href=\"https:\/\/blog.vera.es\/cultura\/wp-content\/uploads\/sites\/2\/2025\/07\/1818-riqueza-vera-pulpi-385.jpg\"><img loading=\"lazy\" decoding=\"async\" class=\"alignnone size-medium wp-image-5498\" src=\"https:\/\/blog.vera.es\/cultura\/wp-content\/uploads\/sites\/2\/2025\/07\/1818-riqueza-vera-pulpi-385-300x206.jpg\" alt=\"\" width=\"300\" height=\"206\" srcset=\"https:\/\/blog.vera.es\/cultura\/wp-content\/uploads\/sites\/2\/2025\/07\/1818-riqueza-vera-pulpi-385-300x206.jpg 300w, https:\/\/blog.vera.es\/cultura\/wp-content\/uploads\/sites\/2\/2025\/07\/1818-riqueza-vera-pulpi-385-1024x702.jpg 1024w, https:\/\/blog.vera.es\/cultura\/wp-content\/uploads\/sites\/2\/2025\/07\/1818-riqueza-vera-pulpi-385-768x527.jpg 768w, https:\/\/blog.vera.es\/cultura\/wp-content\/uploads\/sites\/2\/2025\/07\/1818-riqueza-vera-pulpi-385-1536x1054.jpg 1536w, https:\/\/blog.vera.es\/cultura\/wp-content\/uploads\/sites\/2\/2025\/07\/1818-riqueza-vera-pulpi-385.jpg 2000w\" sizes=\"(max-width: 300px) 100vw, 300px\" \/><\/a><\/p>\n<p><a href=\"https:\/\/blog.vera.es\/cultura\/wp-content\/uploads\/sites\/2\/2025\/07\/2177-scaled.jpg\"><img loading=\"lazy\" decoding=\"async\" class=\"alignnone size-medium wp-image-5499\" src=\"https:\/\/blog.vera.es\/cultura\/wp-content\/uploads\/sites\/2\/2025\/07\/2177-197x300.jpg\" alt=\"\" width=\"197\" height=\"300\" srcset=\"https:\/\/blog.vera.es\/cultura\/wp-content\/uploads\/sites\/2\/2025\/07\/2177-197x300.jpg 197w, https:\/\/blog.vera.es\/cultura\/wp-content\/uploads\/sites\/2\/2025\/07\/2177-673x1024.jpg 673w, https:\/\/blog.vera.es\/cultura\/wp-content\/uploads\/sites\/2\/2025\/07\/2177-768x1168.jpg 768w, https:\/\/blog.vera.es\/cultura\/wp-content\/uploads\/sites\/2\/2025\/07\/2177-1010x1536.jpg 1010w, https:\/\/blog.vera.es\/cultura\/wp-content\/uploads\/sites\/2\/2025\/07\/2177-1347x2048.jpg 1347w, https:\/\/blog.vera.es\/cultura\/wp-content\/uploads\/sites\/2\/2025\/07\/2177-scaled.jpg 1684w\" sizes=\"(max-width: 197px) 100vw, 197px\" \/><\/a><\/p>\n<p><a href=\"https:\/\/blog.vera.es\/cultura\/wp-content\/uploads\/sites\/2\/2025\/07\/actas-cap-1752.jpg\"><img loading=\"lazy\" decoding=\"async\" class=\"alignnone size-medium wp-image-5500\" src=\"https:\/\/blog.vera.es\/cultura\/wp-content\/uploads\/sites\/2\/2025\/07\/actas-cap-1752-300x206.jpg\" alt=\"\" width=\"300\" height=\"206\" srcset=\"https:\/\/blog.vera.es\/cultura\/wp-content\/uploads\/sites\/2\/2025\/07\/actas-cap-1752-300x206.jpg 300w, https:\/\/blog.vera.es\/cultura\/wp-content\/uploads\/sites\/2\/2025\/07\/actas-cap-1752-1024x702.jpg 1024w, https:\/\/blog.vera.es\/cultura\/wp-content\/uploads\/sites\/2\/2025\/07\/actas-cap-1752-768x527.jpg 768w, https:\/\/blog.vera.es\/cultura\/wp-content\/uploads\/sites\/2\/2025\/07\/actas-cap-1752-1536x1054.jpg 1536w, https:\/\/blog.vera.es\/cultura\/wp-content\/uploads\/sites\/2\/2025\/07\/actas-cap-1752.jpg 2000w\" sizes=\"(max-width: 300px) 100vw, 300px\" \/><\/a><\/p>\n<p><a href=\"https:\/\/blog.vera.es\/cultura\/wp-content\/uploads\/sites\/2\/2025\/07\/alegaciones.jpg\"><img loading=\"lazy\" decoding=\"async\" class=\"size-medium wp-image-5501\" src=\"https:\/\/blog.vera.es\/cultura\/wp-content\/uploads\/sites\/2\/2025\/07\/alegaciones-300x206.jpg\" alt=\"\" width=\"300\" height=\"206\" srcset=\"https:\/\/blog.vera.es\/cultura\/wp-content\/uploads\/sites\/2\/2025\/07\/alegaciones-300x206.jpg 300w, https:\/\/blog.vera.es\/cultura\/wp-content\/uploads\/sites\/2\/2025\/07\/alegaciones-1024x702.jpg 1024w, https:\/\/blog.vera.es\/cultura\/wp-content\/uploads\/sites\/2\/2025\/07\/alegaciones-768x527.jpg 768w, https:\/\/blog.vera.es\/cultura\/wp-content\/uploads\/sites\/2\/2025\/07\/alegaciones-1536x1054.jpg 1536w, https:\/\/blog.vera.es\/cultura\/wp-content\/uploads\/sites\/2\/2025\/07\/alegaciones.jpg 2000w\" sizes=\"(max-width: 300px) 100vw, 300px\" \/><\/a><\/p>\n<p><a href=\"https:\/\/blog.vera.es\/cultura\/wp-content\/uploads\/sites\/2\/2025\/07\/cubierta-pleno-1575-scaled.jpg\"><img loading=\"lazy\" decoding=\"async\" class=\"alignnone size-medium wp-image-5502\" src=\"https:\/\/blog.vera.es\/cultura\/wp-content\/uploads\/sites\/2\/2025\/07\/cubierta-pleno-1575-216x300.jpg\" alt=\"\" width=\"216\" height=\"300\" srcset=\"https:\/\/blog.vera.es\/cultura\/wp-content\/uploads\/sites\/2\/2025\/07\/cubierta-pleno-1575-216x300.jpg 216w, https:\/\/blog.vera.es\/cultura\/wp-content\/uploads\/sites\/2\/2025\/07\/cubierta-pleno-1575-739x1024.jpg 739w, https:\/\/blog.vera.es\/cultura\/wp-content\/uploads\/sites\/2\/2025\/07\/cubierta-pleno-1575-768x1064.jpg 768w, https:\/\/blog.vera.es\/cultura\/wp-content\/uploads\/sites\/2\/2025\/07\/cubierta-pleno-1575-1108x1536.jpg 1108w, https:\/\/blog.vera.es\/cultura\/wp-content\/uploads\/sites\/2\/2025\/07\/cubierta-pleno-1575-1478x2048.jpg 1478w, https:\/\/blog.vera.es\/cultura\/wp-content\/uploads\/sites\/2\/2025\/07\/cubierta-pleno-1575-scaled.jpg 1847w\" sizes=\"(max-width: 216px) 100vw, 216px\" \/><\/a><\/p>","protected":false},"excerpt":{"rendered":"<p>Exposici\u00f3n sobre el Catastro de Ensenada en el \u00e1mbito nacional y local en el Convento de la Victoria de Vera desde el d\u00eda 12 de julio a 7 de agosto de 2025.<\/p>\n","protected":false},"author":7,"featured_media":5489,"comment_status":"open","ping_status":"closed","sticky":false,"template":"","format":"standard","meta":{"footnotes":""},"categories":[1],"tags":[],"class_list":["post-5488","post","type-post","status-publish","format-standard","has-post-thumbnail","hentry","category-sin-categoria"],"_links":{"self":[{"href":"https:\/\/blog.vera.es\/cultura\/wp-json\/wp\/v2\/posts\/5488","targetHints":{"allow":["GET"]}}],"collection":[{"href":"https:\/\/blog.vera.es\/cultura\/wp-json\/wp\/v2\/posts"}],"about":[{"href":"https:\/\/blog.vera.es\/cultura\/wp-json\/wp\/v2\/types\/post"}],"author":[{"embeddable":true,"href":"https:\/\/blog.vera.es\/cultura\/wp-json\/wp\/v2\/users\/7"}],"replies":[{"embeddable":true,"href":"https:\/\/blog.vera.es\/cultura\/wp-json\/wp\/v2\/comments?post=5488"}],"version-history":[{"count":5,"href":"https:\/\/blog.vera.es\/cultura\/wp-json\/wp\/v2\/posts\/5488\/revisions"}],"predecessor-version":[{"id":5514,"href":"https:\/\/blog.vera.es\/cultura\/wp-json\/wp\/v2\/posts\/5488\/revisions\/5514"}],"wp:featuredmedia":[{"embeddable":true,"href":"https:\/\/blog.vera.es\/cultura\/wp-json\/wp\/v2\/media\/5489"}],"wp:attachment":[{"href":"https:\/\/blog.vera.es\/cultura\/wp-json\/wp\/v2\/media?parent=5488"}],"wp:term":[{"taxonomy":"category","embeddable":true,"href":"https:\/\/blog.vera.es\/cultura\/wp-json\/wp\/v2\/categories?post=5488"},{"taxonomy":"post_tag","embeddable":true,"href":"https:\/\/blog.vera.es\/cultura\/wp-json\/wp\/v2\/tags?post=5488"}],"curies":[{"name":"wp","href":"https:\/\/api.w.org\/{rel}","templated":true}]}}