{"id":5461,"date":"2025-06-25T09:15:33","date_gmt":"2025-06-25T09:15:33","guid":{"rendered":"https:\/\/blog.vera.es\/cultura\/?p=5461"},"modified":"2025-06-26T06:40:21","modified_gmt":"2025-06-26T06:40:21","slug":"el-reloj-de-la-torre","status":"publish","type":"post","link":"https:\/\/blog.vera.es\/cultura\/2025\/06\/25\/el-reloj-de-la-torre\/","title":{"rendered":"EL RELOJ DE LA TORRE"},"content":{"rendered":"\n<p><\/p>\n\n\n\n<p>Desde que se aprendi\u00f3 a medir el tiempo este ha supuesto un acoso para el hombre&#8230;<\/p>\n\n\n<p style=\"text-align: right\"><!--more--><a href=\"https:\/\/blog.vera.es\/cultura\/wp-content\/uploads\/sites\/2\/2025\/06\/13vida-vera-vvisiedo-06-scaled.jpg\"><img fetchpriority=\"high\" decoding=\"async\" class=\"alignnone size-medium wp-image-5462\" src=\"https:\/\/blog.vera.es\/cultura\/wp-content\/uploads\/sites\/2\/2025\/06\/13vida-vera-vvisiedo-06-300x200.jpg\" alt=\"\" width=\"300\" height=\"200\" srcset=\"https:\/\/blog.vera.es\/cultura\/wp-content\/uploads\/sites\/2\/2025\/06\/13vida-vera-vvisiedo-06-300x200.jpg 300w, https:\/\/blog.vera.es\/cultura\/wp-content\/uploads\/sites\/2\/2025\/06\/13vida-vera-vvisiedo-06-1024x683.jpg 1024w, https:\/\/blog.vera.es\/cultura\/wp-content\/uploads\/sites\/2\/2025\/06\/13vida-vera-vvisiedo-06-768x512.jpg 768w, https:\/\/blog.vera.es\/cultura\/wp-content\/uploads\/sites\/2\/2025\/06\/13vida-vera-vvisiedo-06-1536x1024.jpg 1536w, https:\/\/blog.vera.es\/cultura\/wp-content\/uploads\/sites\/2\/2025\/06\/13vida-vera-vvisiedo-06-2048x1365.jpg 2048w\" sizes=\"(max-width: 300px) 100vw, 300px\" \/><\/a><\/p>\n\n\n<p class=\"has-text-align-right\"><\/p>\n\n\n\n<p class=\"has-text-align-right\">Gabriel Flores Garrido<\/p>\n\n\n\n<p class=\"has-text-align-right\">Cronista oficial de Vera<\/p>\n\n\n\n<p>Desde que se aprendi\u00f3 a medir el tiempo este ha supuesto un acoso para el hombre: trabajo, citas, viajes, ocio\u2026 todo lo tasa el tiempo, que en ocasiones nos acorrala, convirti\u00e9ndose en un enemigo implacable que siempre nos derrota. Mal invento fue el reloj que pone los minutos pis\u00e1ndonos los talones tras nuestra sombra.<\/p>\n\n\n<p><a href=\"https:\/\/blog.vera.es\/cultura\/wp-content\/uploads\/sites\/2\/2025\/06\/FB_IMG_1727461358309.jpg\"><img decoding=\"async\" class=\"alignnone size-medium wp-image-5467\" src=\"https:\/\/blog.vera.es\/cultura\/wp-content\/uploads\/sites\/2\/2025\/06\/FB_IMG_1727461358309-300x201.jpg\" alt=\"\" width=\"300\" height=\"201\" srcset=\"https:\/\/blog.vera.es\/cultura\/wp-content\/uploads\/sites\/2\/2025\/06\/FB_IMG_1727461358309-300x201.jpg 300w, https:\/\/blog.vera.es\/cultura\/wp-content\/uploads\/sites\/2\/2025\/06\/FB_IMG_1727461358309-1024x685.jpg 1024w, https:\/\/blog.vera.es\/cultura\/wp-content\/uploads\/sites\/2\/2025\/06\/FB_IMG_1727461358309-768x513.jpg 768w, https:\/\/blog.vera.es\/cultura\/wp-content\/uploads\/sites\/2\/2025\/06\/FB_IMG_1727461358309.jpg 1080w\" sizes=\"(max-width: 300px) 100vw, 300px\" \/><\/a><\/p>\n\n\n<p>En Vera ya se med\u00eda el tiempo con el reloj de sol que hay en una de las esquinas del campanario, que muchos no conocer\u00e1n por no encontrarse a la vista y estar a una altura dif\u00edcilmente visible. Una vez puesta en marcha una maquinaria mec\u00e1nica se mejor\u00f3 en precisi\u00f3n, pero se agudizaron los problemas que ocasionaba su frecuente marcha deficiente, al depositar en \u00e9l la regulaci\u00f3n de la vida en la ciudad: tandas de riego, oficios religiosos, labores en el campo, y tiempos de descanso; el tiempo y, en su representaci\u00f3n el reloj, se convirtieron en los grandes se\u00f1ores de esta y de todas las ciudades.<\/p>\n\n\n\n<p>En 1607 es muy probable que ya existiera el reloj del campanario parroquial, al estar documentado el nombre de Antonio P\u00e9rez con el oficio de relojero, aunque no qued\u00f3 constancia de que se ocupara del reloj p\u00fablico de la torre, o de alg\u00fan otro en Vera, y constituyera esa labor en su oficio; por otro lado, puede resultar il\u00f3gico y extra\u00f1o, e incluso improbable, que alguien pudiera vivir de un trabajo como el de relojero, y esto es solo una conjetura, si tenemos en cuenta que entre los pocos habitantes que tendr\u00eda Vera en aquellos a\u00f1os no habr\u00eda muchos que poseyeran un reloj, y mucho menos que lo entendieran. Por tanto, se hace dif\u00edcil pensar que el veratense Antonio P\u00e9rez, de oficio relojero, viviera de la venta y arreglos de estos novedosos aparatos. Podemos deducir que fuera el encargado de dar cuerda, reparar, engrasar y mantener el que ya hubiera en la torre que, como recoge un acta capitular con fecha de 22 de abril de 1782, <strong>\u201ces de propios\u201d<\/strong>; es decir, de propiedad municipal, por lo que el Concejo tendr\u00eda a un profesional que se ocupara de ello.<\/p>\n\n\n\n<p>Desde 1758 el reloj de la torre parroquial ha estado presente en ella, por la primera noticia documentada que he encontrado en nuestro Archivo Municipal. En ese mismo a\u00f1o los regidores municipales dan a conocer que Jos\u00e9 Caparr\u00f3s, encargado de su mantenimiento, se ve obligado, por su delicada situaci\u00f3n econ\u00f3mica, a pedir que le sea atendido el pago por <strong>\u201cel cuidado del relox <\/strong>(sic)<strong> propio de los vecinos que se halla en su Iglesia Parroquial, que a <\/strong>(sic)<strong> suministrado con su pobreza el azeite <\/strong>(sic)<strong> necesario para que estuviese corriente en dar las horas a su tiempo debido\u201d<\/strong> (documento 462-83).<\/p>\n\n\n<p><a href=\"https:\/\/blog.vera.es\/cultura\/wp-content\/uploads\/sites\/2\/2025\/06\/reloj-detalle.jpg\"><img decoding=\"async\" class=\"alignnone size-medium wp-image-5486\" src=\"https:\/\/blog.vera.es\/cultura\/wp-content\/uploads\/sites\/2\/2025\/06\/reloj-detalle-300x236.jpg\" alt=\"\" width=\"300\" height=\"236\" srcset=\"https:\/\/blog.vera.es\/cultura\/wp-content\/uploads\/sites\/2\/2025\/06\/reloj-detalle-300x236.jpg 300w, https:\/\/blog.vera.es\/cultura\/wp-content\/uploads\/sites\/2\/2025\/06\/reloj-detalle-768x603.jpg 768w, https:\/\/blog.vera.es\/cultura\/wp-content\/uploads\/sites\/2\/2025\/06\/reloj-detalle.jpg 936w\" sizes=\"(max-width: 300px) 100vw, 300px\" \/><\/a><\/p>\n\n\n<p><a><\/a> Para evitar que se repitan situaciones parecidas, en 1763, el Concejo decide asignar 55 reales a la persona que se ocupe del funcionamiento del reloj que, aunque de manera dubitativa, contin\u00faa su caminar, ocasionando, a veces, el desconcierto en los vecinos y el desorden en las tareas. Los capitulares del Consistorio hacen hincapi\u00e9 en la importancia que ten\u00eda el reloj para la tropa militar y marinera: Vera era una plaza militar importante con una numerosa milicia en la ciudad y su costa.<\/p>\n\n\n\n<p>El 22 de abril de 1782, el reloj sufre una seria aver\u00eda que trastoca el orden de la ciudad provocando <strong>\u201cun grabe <\/strong>(sic)<strong> perjuicio al Com\u00fan para el gobierno del riego de las Aguas\u201d<\/strong>. Se recurre a un relojero de Cuevas para su reparaci\u00f3n que, mediante un detallado reconocimiento de su maquinaria, concluye la necesidad de <strong>\u201cuna rueda de santa Catalina nueba <\/strong>(sic)<strong>, por no serbir<\/strong> (sic)<strong> la que tiene\u201d <\/strong>(llamada as\u00ed por tener la forma del disco en el que fue torturada santa Catalina de Alejandr\u00eda). El maestro relojero relaciona varias piezas ineludibles de cambiar, sin las que era imposible su buen funcionamiento. El Concejo toma la decisi\u00f3n de <strong>\u201cno deb\u00e9rsele satisfacer cosa alguna hasta tanto que se termine su composici\u00f3n y arreglo a satisfacci\u00f3n de esta ciudad\u201d<\/strong>. El 22 de agosto de ese mismo a\u00f1o la reparaci\u00f3n queda concluida, y el alcalde mayor de Vera, Francisco Mar\u00eda Riquelme y Rivera, autoriza la entrega al maestro relojero de 4.000 reales de vell\u00f3n, en los que iba incluido el pago <strong>\u201cde una puerta para su mayor seguridad\u201d<\/strong>.<\/p>\n\n\n\n<p>Siete a\u00f1os m\u00e1s tarde, el 8 de agosto de 1789, las autoridades municipales, que ya hab\u00edan sufrido las protestas de los vecinos, temiendo revueltas callejeras por el desorden en la distribuci\u00f3n de las tandas de riego, que regulaban el reloj de la plaza, y por la mala calidad de las aguas de la Fuente Chica utilizada para riego, contactan con el maestro relojero y profesor maquinista murciano Vicente Guti\u00e9rrez y Segura, para su reparaci\u00f3n, o la compra de uno nuevo, en el caso de que no fuera posible su arreglo. Tras analizar la maquinaria, elabora un informe en el que dice que <strong>\u201cHaviendo visto el Relox existente en la Parroquial de esta ciudad, certifico ser un reloj de torno, sumamente deteriorado, Inserbible e inposibilitado de composici\u00f3n alguna\u201d<\/strong>. Estima que, dadas las numerosas reparaciones realizadas sin resultado satisfactorio, <strong>ser\u00eda \u201cde menos costo construir uno nuevo\u201d<\/strong>. Propone que las piezas sean de calidad y hechas en acero, para lo que presupuesta un costo de 9.000 reales, m\u00e1s el traslado y la obra de alba\u00f1iler\u00eda e instalaci\u00f3n, que supondr\u00edan otros cuatro mil quinientos.<\/p>\n\n\n<p><a href=\"https:\/\/blog.vera.es\/cultura\/wp-content\/uploads\/sites\/2\/2025\/06\/10620297_597319767063896_6963330250585626287_o.jpg\"><img loading=\"lazy\" decoding=\"async\" class=\"alignnone size-medium wp-image-5464\" src=\"https:\/\/blog.vera.es\/cultura\/wp-content\/uploads\/sites\/2\/2025\/06\/10620297_597319767063896_6963330250585626287_o-300x225.jpg\" alt=\"\" width=\"300\" height=\"225\" srcset=\"https:\/\/blog.vera.es\/cultura\/wp-content\/uploads\/sites\/2\/2025\/06\/10620297_597319767063896_6963330250585626287_o-300x225.jpg 300w, https:\/\/blog.vera.es\/cultura\/wp-content\/uploads\/sites\/2\/2025\/06\/10620297_597319767063896_6963330250585626287_o-768x576.jpg 768w, https:\/\/blog.vera.es\/cultura\/wp-content\/uploads\/sites\/2\/2025\/06\/10620297_597319767063896_6963330250585626287_o.jpg 960w\" sizes=\"(max-width: 300px) 100vw, 300px\" \/><\/a><\/p>\n<p><a href=\"https:\/\/blog.vera.es\/cultura\/wp-content\/uploads\/sites\/2\/2025\/06\/FB_IMG_17248719432521.jpg\"><img loading=\"lazy\" decoding=\"async\" class=\"alignnone size-medium wp-image-5466\" src=\"https:\/\/blog.vera.es\/cultura\/wp-content\/uploads\/sites\/2\/2025\/06\/FB_IMG_17248719432521-300x200.jpg\" alt=\"\" width=\"300\" height=\"200\" srcset=\"https:\/\/blog.vera.es\/cultura\/wp-content\/uploads\/sites\/2\/2025\/06\/FB_IMG_17248719432521-300x200.jpg 300w, https:\/\/blog.vera.es\/cultura\/wp-content\/uploads\/sites\/2\/2025\/06\/FB_IMG_17248719432521-1024x683.jpg 1024w, https:\/\/blog.vera.es\/cultura\/wp-content\/uploads\/sites\/2\/2025\/06\/FB_IMG_17248719432521-768x512.jpg 768w, https:\/\/blog.vera.es\/cultura\/wp-content\/uploads\/sites\/2\/2025\/06\/FB_IMG_17248719432521.jpg 1080w\" sizes=\"(max-width: 300px) 100vw, 300px\" \/><\/a><\/p>\n\n\n<p>Parece ser que el nuevo reloj, fabricado en acero, dio mejor resultado que las numerosas reparaciones realizadas o los que, hasta entonces, fueron adquiridos, porque hay un largo periodo en el que es un tema silenciado en las actas capitulares y, poniendo una nota de humor, ni las campanas se oyen; todos: Concejo, agricultores, vecinos y \u201ccuria parroquial\u201d quedaron conformes con el resultado hasta que, el 29 de junio de 1873, casi un siglo despu\u00e9s, el alcalde, Jos\u00e9 Antonio Ramallo, <strong>\u201cespuso que el relox p\u00fablico de esta ciudad, estaba cada d\u00eda en peor estado, como constaba a los se\u00f1ores concejales, origin\u00e1ndose de aqu\u00ed graves perturvaciones en todas las oficinas y trabajos de esta localidad\u201d<\/strong>. Se encarg\u00f3 uno nuevo al maestro relojero de Ja\u00e9n Gregorio Garc\u00eda \u00c1lvarez, con una esfera de 80 cent\u00edmetros de di\u00e1metro, todos los engranajes de bronce, y la cuerda deb\u00eda tener una duraci\u00f3n de 30 horas; su precio fue de 15.000 reales, debiendo estar instalado en un plazo de seis meses a partir de la firma del contrato.<\/p>\n\n\n<p><a href=\"https:\/\/blog.vera.es\/cultura\/wp-content\/uploads\/sites\/2\/2025\/06\/10636896_595797390549467_1840008860171956739_o.jpg\"><img loading=\"lazy\" decoding=\"async\" class=\"alignnone size-medium wp-image-5465\" src=\"https:\/\/blog.vera.es\/cultura\/wp-content\/uploads\/sites\/2\/2025\/06\/10636896_595797390549467_1840008860171956739_o-300x225.jpg\" alt=\"\" width=\"300\" height=\"225\" srcset=\"https:\/\/blog.vera.es\/cultura\/wp-content\/uploads\/sites\/2\/2025\/06\/10636896_595797390549467_1840008860171956739_o-300x225.jpg 300w, https:\/\/blog.vera.es\/cultura\/wp-content\/uploads\/sites\/2\/2025\/06\/10636896_595797390549467_1840008860171956739_o-768x576.jpg 768w, https:\/\/blog.vera.es\/cultura\/wp-content\/uploads\/sites\/2\/2025\/06\/10636896_595797390549467_1840008860171956739_o.jpg 960w\" sizes=\"(max-width: 300px) 100vw, 300px\" \/><\/a><\/p>\n<p><a href=\"https:\/\/blog.vera.es\/cultura\/wp-content\/uploads\/sites\/2\/2025\/06\/10560431_10204159123880432_2615767006784072051_o.jpg\"><img loading=\"lazy\" decoding=\"async\" class=\"alignnone size-medium wp-image-5463\" src=\"https:\/\/blog.vera.es\/cultura\/wp-content\/uploads\/sites\/2\/2025\/06\/10560431_10204159123880432_2615767006784072051_o-199x300.jpg\" alt=\"\" width=\"199\" height=\"300\" srcset=\"https:\/\/blog.vera.es\/cultura\/wp-content\/uploads\/sites\/2\/2025\/06\/10560431_10204159123880432_2615767006784072051_o-199x300.jpg 199w, https:\/\/blog.vera.es\/cultura\/wp-content\/uploads\/sites\/2\/2025\/06\/10560431_10204159123880432_2615767006784072051_o.jpg 636w\" sizes=\"(max-width: 199px) 100vw, 199px\" \/><\/a><\/p>\n\n\n<p>El 2 de noviembre de 1879 el concejal Blas Jos\u00e9 de Meca informa de la falta de esfera en el reloj, al que se le coloca una provisional, y se queda a la espera de contar con los fondos necesarios para la instalaci\u00f3n de una nueva. Pese a la car\u00e1tula colocada, el 31 de julio de 1881, la esfera permanece rota y contin\u00faa ocasionando problemas <strong>\u201dpor consecuencia de la rotura que, provisionalmente, se le puso\u201d<\/strong>. Tal vez cansados de reparaciones, y agobiados por las manifestaciones de protesta del vecindario, se toma el acuerdo de autorizar a Jos\u00e9 Campoy Mart\u00ednez la compra <strong>\u201cen uno de los establecimientos de Valencia una esfera de cristal de roca esmerilado bajo el precio de tres mil quinientos reales, bajo la condici\u00f3n de que ha de ponerse al pie de la torre por cuenta del fabricante, cuya cantidad ser\u00e1 satisfecha por este Ayuntamiento\u201d<\/strong>.<\/p>\n\n\n\n<p>Nuestro reloj, como vemos, tiene una larga historia\u2026 en la que aport\u00f3 soluciones con su caminar, pero tambi\u00e9n problemas con sus paradas.<\/p>\n\n\n\n<p>Gabriel Flores Garrido.<\/p>\n","protected":false},"excerpt":{"rendered":"<p>Desde que se aprendi\u00f3 a medir el tiempo este ha supuesto un acoso para el hombre&#8230;<\/p>\n","protected":false},"author":7,"featured_media":5465,"comment_status":"open","ping_status":"closed","sticky":false,"template":"","format":"standard","meta":{"footnotes":""},"categories":[181,109],"tags":[100,226,424],"class_list":["post-5461","post","type-post","status-publish","format-standard","has-post-thumbnail","hentry","category-curiosidades","category-historia","tag-gabriel-flores-garrido","tag-iglesia","tag-rejoj"],"_links":{"self":[{"href":"https:\/\/blog.vera.es\/cultura\/wp-json\/wp\/v2\/posts\/5461","targetHints":{"allow":["GET"]}}],"collection":[{"href":"https:\/\/blog.vera.es\/cultura\/wp-json\/wp\/v2\/posts"}],"about":[{"href":"https:\/\/blog.vera.es\/cultura\/wp-json\/wp\/v2\/types\/post"}],"author":[{"embeddable":true,"href":"https:\/\/blog.vera.es\/cultura\/wp-json\/wp\/v2\/users\/7"}],"replies":[{"embeddable":true,"href":"https:\/\/blog.vera.es\/cultura\/wp-json\/wp\/v2\/comments?post=5461"}],"version-history":[{"count":13,"href":"https:\/\/blog.vera.es\/cultura\/wp-json\/wp\/v2\/posts\/5461\/revisions"}],"predecessor-version":[{"id":5487,"href":"https:\/\/blog.vera.es\/cultura\/wp-json\/wp\/v2\/posts\/5461\/revisions\/5487"}],"wp:featuredmedia":[{"embeddable":true,"href":"https:\/\/blog.vera.es\/cultura\/wp-json\/wp\/v2\/media\/5465"}],"wp:attachment":[{"href":"https:\/\/blog.vera.es\/cultura\/wp-json\/wp\/v2\/media?parent=5461"}],"wp:term":[{"taxonomy":"category","embeddable":true,"href":"https:\/\/blog.vera.es\/cultura\/wp-json\/wp\/v2\/categories?post=5461"},{"taxonomy":"post_tag","embeddable":true,"href":"https:\/\/blog.vera.es\/cultura\/wp-json\/wp\/v2\/tags?post=5461"}],"curies":[{"name":"wp","href":"https:\/\/api.w.org\/{rel}","templated":true}]}}