{"id":5455,"date":"2025-06-09T10:08:06","date_gmt":"2025-06-09T10:08:06","guid":{"rendered":"https:\/\/blog.vera.es\/cultura\/?p=5455"},"modified":"2025-06-09T10:09:10","modified_gmt":"2025-06-09T10:09:10","slug":"diez-de-junio-devocion-veratense","status":"publish","type":"post","link":"https:\/\/blog.vera.es\/cultura\/2025\/06\/09\/diez-de-junio-devocion-veratense\/","title":{"rendered":"DIEZ DE JUNIO: DEVOCI\u00d3N VERATENSE"},"content":{"rendered":"<p><span style=\"font-size: large\">10 DE JUNIO: DEVOCI\u00d3N VERATENSE. Texto para Actualidad Almanzora. <\/span><\/p>\n<p><!--more--><\/p>\n<p style=\"text-align: right\" align=\"justify\">\n<p style=\"text-align: right\" align=\"justify\"><a href=\"https:\/\/blog.vera.es\/cultura\/wp-content\/uploads\/sites\/2\/2024\/09\/13vida-vera-vvisiedo-07-scaled.jpg\"><img fetchpriority=\"high\" decoding=\"async\" class=\"alignnone size-medium wp-image-5263\" src=\"https:\/\/blog.vera.es\/cultura\/wp-content\/uploads\/sites\/2\/2024\/09\/13vida-vera-vvisiedo-07-300x200.jpg\" alt=\"\" width=\"300\" height=\"200\" srcset=\"https:\/\/blog.vera.es\/cultura\/wp-content\/uploads\/sites\/2\/2024\/09\/13vida-vera-vvisiedo-07-300x200.jpg 300w, https:\/\/blog.vera.es\/cultura\/wp-content\/uploads\/sites\/2\/2024\/09\/13vida-vera-vvisiedo-07-1024x683.jpg 1024w, https:\/\/blog.vera.es\/cultura\/wp-content\/uploads\/sites\/2\/2024\/09\/13vida-vera-vvisiedo-07-768x512.jpg 768w, https:\/\/blog.vera.es\/cultura\/wp-content\/uploads\/sites\/2\/2024\/09\/13vida-vera-vvisiedo-07-1536x1024.jpg 1536w, https:\/\/blog.vera.es\/cultura\/wp-content\/uploads\/sites\/2\/2024\/09\/13vida-vera-vvisiedo-07-2048x1365.jpg 2048w\" sizes=\"(max-width: 300px) 100vw, 300px\" \/><\/a><\/p>\n<p style=\"text-align: right\" align=\"justify\">Gabriel Flores Garrido<br \/>\nCronista Oficial de Vera<\/p>\n<p align=\"justify\">Hay un lugar en Vera que despierta gran devoci\u00f3n entre sus vecinos. Recuerdo de ni\u00f1o ver que al pasar por su puerta, unos de manera sentida, otros de forma rutinaria, se santiguaban, pero todos lo hac\u00edan. Yo, desde mi corta edad repet\u00eda el gesto, posiblemente m\u00e1s por la segunda causa que por la primera, aunque no dejaba de ser uno m\u00e1s de los atrapados por ese poder que tiene.<\/p>\n<p align=\"justify\">En esa peque\u00f1a capilla, donada por D\u00aa. Antonia Leon\u00e9s de Guevara, esposa de D. Luis Garc\u00eda Cueto y Ponce de Le\u00f3n, se custodia y da culto, desde el 30 de abril de 1720, a la imagen de la Patrona de la ciudad, titular de la Ilustre y Venerable Hermandad de la Sant\u00edsima Virgen de las Angustias de Vera, que representa la advocaci\u00f3n de una Dolorosa, como se menciona en uno de los documentos de la declaraci\u00f3n del Patronazgo. Antes de esta fecha fue venerada en una de las capillas laterales de la Iglesia Parroquial.<\/p>\n<p align=\"justify\">La imagen, de la que se desconoce su autor y fecha de ejecuci\u00f3n, es una talla barroca de la escuela de imaginer\u00eda granadina. A lo largo de su prolongada vida ha sufrido los deterioros propios del tiempo transcurrido, pero siempre se ha sabido recuperar su aspecto, y mantener viva la devoci\u00f3n por Ella.<\/p>\n<p align=\"justify\"><a href=\"https:\/\/blog.vera.es\/cultura\/wp-content\/uploads\/sites\/2\/2025\/06\/CAM001741-Copiar.jpg\"><img decoding=\"async\" class=\"alignnone size-medium wp-image-5457\" src=\"https:\/\/blog.vera.es\/cultura\/wp-content\/uploads\/sites\/2\/2025\/06\/CAM001741-Copiar-225x300.jpg\" alt=\"\" width=\"225\" height=\"300\" srcset=\"https:\/\/blog.vera.es\/cultura\/wp-content\/uploads\/sites\/2\/2025\/06\/CAM001741-Copiar-225x300.jpg 225w, https:\/\/blog.vera.es\/cultura\/wp-content\/uploads\/sites\/2\/2025\/06\/CAM001741-Copiar-768x1024.jpg 768w, https:\/\/blog.vera.es\/cultura\/wp-content\/uploads\/sites\/2\/2025\/06\/CAM001741-Copiar-1152x1536.jpg 1152w, https:\/\/blog.vera.es\/cultura\/wp-content\/uploads\/sites\/2\/2025\/06\/CAM001741-Copiar-1536x2048.jpg 1536w, https:\/\/blog.vera.es\/cultura\/wp-content\/uploads\/sites\/2\/2025\/06\/CAM001741-Copiar.jpg 1920w\" sizes=\"(max-width: 225px) 100vw, 225px\" \/><\/a><\/p>\n<p align=\"justify\">En 1806 a causa del mal estado de la capilla donada, que amenazaba con derrumbarse, la Junta de Gobierno de la Hermandad, que ya exist\u00eda desde 1684, tom\u00f3 una triste decisi\u00f3n para ellos, pero que hizo la felicidad de algunos veratenses ya que pudieron recibirla en sus casas por tiempos prefijados, para preservarla de los da\u00f1os que habr\u00eda podido sufrir en caso de un desplome del techo; reunidos sus miembros directivos determinan suspender los cultos y sacar la imagen de su ermita, hasta que por decisi\u00f3n del secretario, Antonio Narciso Navarro, se inici\u00f3 una campa\u00f1a de donaciones con las que paliar el mal estado de la capilla, argumentando la urgencia de la rehabilitaci\u00f3n del edificio, para acabar con el \u201cperegrinar\u201d de la imagen <b>\u201cpor las casas particulares donde tienen la bondad de recogerla\u201d<\/b>; utilizaba el secretario t\u00e9rminos duros en su exposici\u00f3n; sin duda, para que sirvieran de est\u00edmulo al resto de la Junta de Gobierno de la Hermandad.<\/p>\n<p align=\"justify\">El Ayuntamiento, siendo alcalde D. Pedro Garc\u00eda Soler, propone, el 25 de marzo de 1888, que <b>\u201cse practiquen las diligencias necesarias para que sea declarada Patrona de esta Ciudad Nuestra Madre y Se\u00f1ora Mar\u00eda Sant\u00edsima de las Angustias\u201d<\/b>. El 21 de junio de 1888, se formaliz\u00f3 la propuesta hecha tres meses antes <b>\u201cde elegir por Patrona de esta Ciudad a Nuestra Se\u00f1ora de las Angustias\u201d<\/b>, para lo que <b>\u201cse ha instruido el oportuno expediente con la s\u00faplica de que el Papa se sirva expedir la Bula correspondiente\u201d<\/b>. El acta correspondiente de concesi\u00f3n del Patronazgo se firm\u00f3 en Roma el 14 de febrero de 1891, dando el visto bueno el obispo de la di\u00f3cesis el 2 de junio de ese mismo a\u00f1o.<\/p>\n<p align=\"justify\"><a name=\"_GoBack\"><\/a> La decisi\u00f3n positiva la comunica el alcalde D. Bartolom\u00e9 Soler Clemente, que ocupaba el cargo en ese momento, con estas palabras: <b>\u201cha sido resuelto satisfactoriamente el expediente formado por este Ayuntamiento declarando a la Sant\u00edsima Virgen de las Angustias como Patrona principal de esta Ciudad, juntamente con San Cleof\u00e1s\u201d<\/b>.<\/p>\n<p align=\"justify\">Para dar un car\u00e1cter permanente a la celebraci\u00f3n se programaron actos, que el Consistorio pretend\u00eda se repitieran anualmente, y as\u00ed convertirlos en <b>\u201cinveterada costumbre\u201d<\/b>. Pese a la escasez de farolas de gas que hab\u00eda repartidas para alumbrado p\u00fablico se hizo un esfuerzo, a fin de que la noche del d\u00eda 9 de 1891 se iluminaran <b>\u201cla plaza y los establecimientos p\u00fablicos, as\u00ed como las fachadas de esta poblaci\u00f3n, adorn\u00e1ndose la plaza de la mejor manera posible\u201d<\/b>. Se dispuso que la imagen estuviera suficientemente alumbrada durante todos los actos celebrados, algo que no necesitaba de ninguna disposici\u00f3n de la alcald\u00eda, puesto que la Virgen llevaba muchos a\u00f1os iluminada de forma casi permanente, como lo prueba el elevado gasto en aceite y cera para, como dice una partida del libro de cuentas de 1799, <b>\u201calumbrar constantemente a la soberana imagen de la Virgen en la capilla\u201d<\/b>. El gasto por este concepto se repite anualmente hasta que, en 1905, el hermano mayor de la Hermandad, D. Francisco Montoro Reyes, colabora econ\u00f3micamente para la instalaci\u00f3n de la luz el\u00e9ctrica en su ermita; y D. Francisco Enciso Prieto, administrador de la compa\u00f1\u00eda de electricidad en Vera, ofrece atender el pago de los materiales necesarios y el consumo de la luz que, adem\u00e1s de a la Virgen, iluminar\u00eda, el Viernes Santo, a un Crucificado que se encontraba en la capilla de nuestra Patrona, que no ha llegado a nosotros, y del que nada se sabe.<\/p>\n<p align=\"justify\">El 7 de junio de 1892, en sesi\u00f3n plenaria del Ayuntamiento presidido por su alcalde D. Diego Orozco Rosa, <b>\u201cse acord\u00f3 celebrar el d\u00eda diez del actual mes una funci\u00f3n en honor de Nuestra Se\u00f1ora de las Angustias, Patrona de esta Ciudad, sac\u00e1ndola procesionalmente y que haya durante dos d\u00edas iluminaciones\u201d<\/b>; se formalizaba as\u00ed lo dispuesto el a\u00f1o anterior para seguir la intenci\u00f3n de <b>\u201cinveterada costumbre\u201d<\/b> que ya hemos mencionado, y que, desde hace 133 a\u00f1os se viene confirmando, posiblemente, siguiendo el mismo recorrido hasta ahora realizado.<\/p>\n<p align=\"justify\">Hab\u00eda nacido una fiesta que comenz\u00f3 a ampliarse en tiempo y actos hasta convertirse en la \u201cFeria y fiestas en honor a nuestra Patrona\u201d, que hoy conocemos.<\/p>\n<p align=\"justify\">Tras d\u00e9cadas de escasez y limitaciones no solo en lo que afectaba a la Hermandad, sino a la ciudad en general, sucede lo que hoy llamar\u00edamos un \u201cgolpe de suerte\u201d: Encarnaci\u00f3n Flores cede una vivienda anexa a la capilla para que se destine a residencia de ancianos. Llega a Vera la congregaci\u00f3n de las Hermanitas de los Ancianos Desamparados. El 21 de enero de 1904 el obispo de la di\u00f3cesis autoriza abrir una puerta que comunique la residencia con la ermita para que las monjas pudieran hacer uso de la capilla en sus oficios religiosos y que, a la vez, se ocupar\u00edan del cuidado y limpieza. Su aspecto mejor\u00f3, y se asegur\u00f3 un mantenimiento permanente. Hoy se ocupan del mantenimiento de los actos de culto, as\u00ed como de la apertura y cierre de la capilla para visitas las Hermanas Franciscanas de la Pur\u00edsima Concepci\u00f3n, orden religiosa fundada por la Venerable veratense Sor Paula Gil Cano.<\/p>\n<p align=\"justify\">Hace justo un a\u00f1o, viendo a la Virgen de las Angustias bajar el \u201cBarrio de Jes\u00fas\u201d (calle de San Ram\u00f3n), quise plasmar ese instante porque tuve la sensaci\u00f3n de que, tanto esa imagen como todas las que se hicieran en ese momento, y las tomadas en las calles del Sol y de la Plata, que se agregaron a ese nuevo recorrido, formar\u00edan parte de la historia de la procesi\u00f3n de Nuestra Patrona: nunca hasta el pasado a\u00f1o 2024 hab\u00edamos conocido ese itinerario. Entonces pens\u00e9: <b>\u201cno sabemos si se volver\u00e1 a repetir, pero, en todo caso, el momento de ayer siempre ser\u00e1 el primero para los que fuimos testigos de ese nuevo recorrido\u201d<\/b>. Este a\u00f1o tambi\u00e9n diferir\u00e1 del que hasta el pasado a\u00f1o fue tradicional, en un intento de que, poco a poco, la Virgen de las Angustias camine por todas las calles de Vera que lo permitan.<\/p>\n<p align=\"justify\">La Virgen de las Angustias fue coronada can\u00f3nicamente en 1926. El dise\u00f1o fue obra de Juan Cuadrado Ruiz; por ello, a lo largo de este a\u00f1o y del pr\u00f3ximo 2026 se celebrar\u00e1n una serie de actos que forman parte de un ambicioso programa para conmemorar los 100 a\u00f1os de tan importante efem\u00e9ride. Esa pieza de la joyer\u00eda orfebre que desapareci\u00f3 durante la guerra civil fue sustituida por otra de menor valor material, pero con id\u00e9ntico sentimiento de generosidad hacia su Virgen de las Angustias, que le fue impuesta en una misa de campa\u00f1a celebrada en la plaza Mayor en 1973 por D. Juan Fern\u00e1ndez Mar\u00edn, p\u00e1rroco de la ciudad, costeada por suscripci\u00f3n popular, como lo fue la original, y como tambi\u00e9n lo ser\u00e1 la nueva corona que se le impondr\u00e1, demostrando, una vez m\u00e1s, el amor de los veratenses a su Patrona.<\/p>\n<p align=\"justify\">Gabriel Flores Garrido.<\/p>\n","protected":false},"excerpt":{"rendered":"<p>10 DE JUNIO: DEVOCI\u00d3N VERATENSE. Texto para Actualidad Almanzora.<\/p>\n","protected":false},"author":7,"featured_media":5457,"comment_status":"open","ping_status":"closed","sticky":false,"template":"","format":"standard","meta":{"footnotes":""},"categories":[182,183,109],"tags":[100,351],"class_list":["post-5455","post","type-post","status-publish","format-standard","has-post-thumbnail","hentry","category-costumbres","category-etnologia","category-historia","tag-gabriel-flores-garrido","tag-virgen-de-las-angustias"],"_links":{"self":[{"href":"https:\/\/blog.vera.es\/cultura\/wp-json\/wp\/v2\/posts\/5455","targetHints":{"allow":["GET"]}}],"collection":[{"href":"https:\/\/blog.vera.es\/cultura\/wp-json\/wp\/v2\/posts"}],"about":[{"href":"https:\/\/blog.vera.es\/cultura\/wp-json\/wp\/v2\/types\/post"}],"author":[{"embeddable":true,"href":"https:\/\/blog.vera.es\/cultura\/wp-json\/wp\/v2\/users\/7"}],"replies":[{"embeddable":true,"href":"https:\/\/blog.vera.es\/cultura\/wp-json\/wp\/v2\/comments?post=5455"}],"version-history":[{"count":2,"href":"https:\/\/blog.vera.es\/cultura\/wp-json\/wp\/v2\/posts\/5455\/revisions"}],"predecessor-version":[{"id":5460,"href":"https:\/\/blog.vera.es\/cultura\/wp-json\/wp\/v2\/posts\/5455\/revisions\/5460"}],"wp:featuredmedia":[{"embeddable":true,"href":"https:\/\/blog.vera.es\/cultura\/wp-json\/wp\/v2\/media\/5457"}],"wp:attachment":[{"href":"https:\/\/blog.vera.es\/cultura\/wp-json\/wp\/v2\/media?parent=5455"}],"wp:term":[{"taxonomy":"category","embeddable":true,"href":"https:\/\/blog.vera.es\/cultura\/wp-json\/wp\/v2\/categories?post=5455"},{"taxonomy":"post_tag","embeddable":true,"href":"https:\/\/blog.vera.es\/cultura\/wp-json\/wp\/v2\/tags?post=5455"}],"curies":[{"name":"wp","href":"https:\/\/api.w.org\/{rel}","templated":true}]}}