{"id":5405,"date":"2025-05-16T08:34:48","date_gmt":"2025-05-16T08:34:48","guid":{"rendered":"https:\/\/blog.vera.es\/cultura\/?p=5405"},"modified":"2025-05-16T08:36:30","modified_gmt":"2025-05-16T08:36:30","slug":"gala-de-presentacion-de-moros-y-cristianos-de-vera-xii-edicion","status":"publish","type":"post","link":"https:\/\/blog.vera.es\/cultura\/2025\/05\/16\/gala-de-presentacion-de-moros-y-cristianos-de-vera-xii-edicion\/","title":{"rendered":"GALA DE PRESENTACI\u00d3N DE MOROS Y CRISTIANOS DE VERA. XII EDICI\u00d3N"},"content":{"rendered":"<p>Gala de presentaci\u00f3n de la XII edici\u00f3n de Moros y Cristianos de Vera el s\u00e1bado 17 de mayo en el Cine Regio de Vera.<\/p>\n<p><!--more--><\/p>\n<p><a href=\"https:\/\/blog.vera.es\/cultura\/wp-content\/uploads\/sites\/2\/2025\/05\/fde0b886-a094-4d2b-908e-0bf9b760ea95.jpeg\"><img fetchpriority=\"high\" decoding=\"async\" class=\"alignnone size-medium wp-image-5397\" src=\"https:\/\/blog.vera.es\/cultura\/wp-content\/uploads\/sites\/2\/2025\/05\/fde0b886-a094-4d2b-908e-0bf9b760ea95-212x300.jpeg\" alt=\"\" width=\"212\" height=\"300\" srcset=\"https:\/\/blog.vera.es\/cultura\/wp-content\/uploads\/sites\/2\/2025\/05\/fde0b886-a094-4d2b-908e-0bf9b760ea95-212x300.jpeg 212w, https:\/\/blog.vera.es\/cultura\/wp-content\/uploads\/sites\/2\/2025\/05\/fde0b886-a094-4d2b-908e-0bf9b760ea95-723x1024.jpeg 723w, https:\/\/blog.vera.es\/cultura\/wp-content\/uploads\/sites\/2\/2025\/05\/fde0b886-a094-4d2b-908e-0bf9b760ea95-768x1087.jpeg 768w, https:\/\/blog.vera.es\/cultura\/wp-content\/uploads\/sites\/2\/2025\/05\/fde0b886-a094-4d2b-908e-0bf9b760ea95.jpeg 1080w\" sizes=\"(max-width: 212px) 100vw, 212px\" \/><\/a><\/p>\n","protected":false},"excerpt":{"rendered":"<p>Gala de presentaci\u00f3n de la XII edici\u00f3n de Moros y Cristianos de Vera el s\u00e1bado 17 de mayo en el Cine Regio de Vera.<\/p>\n","protected":false},"author":7,"featured_media":5397,"comment_status":"open","ping_status":"closed","sticky":false,"template":"","format":"standard","meta":{"footnotes":""},"categories":[1],"tags":[],"class_list":["post-5405","post","type-post","status-publish","format-standard","has-post-thumbnail","hentry","category-sin-categoria"],"_links":{"self":[{"href":"https:\/\/blog.vera.es\/cultura\/wp-json\/wp\/v2\/posts\/5405","targetHints":{"allow":["GET"]}}],"collection":[{"href":"https:\/\/blog.vera.es\/cultura\/wp-json\/wp\/v2\/posts"}],"about":[{"href":"https:\/\/blog.vera.es\/cultura\/wp-json\/wp\/v2\/types\/post"}],"author":[{"embeddable":true,"href":"https:\/\/blog.vera.es\/cultura\/wp-json\/wp\/v2\/users\/7"}],"replies":[{"embeddable":true,"href":"https:\/\/blog.vera.es\/cultura\/wp-json\/wp\/v2\/comments?post=5405"}],"version-history":[{"count":2,"href":"https:\/\/blog.vera.es\/cultura\/wp-json\/wp\/v2\/posts\/5405\/revisions"}],"predecessor-version":[{"id":5408,"href":"https:\/\/blog.vera.es\/cultura\/wp-json\/wp\/v2\/posts\/5405\/revisions\/5408"}],"wp:featuredmedia":[{"embeddable":true,"href":"https:\/\/blog.vera.es\/cultura\/wp-json\/wp\/v2\/media\/5397"}],"wp:attachment":[{"href":"https:\/\/blog.vera.es\/cultura\/wp-json\/wp\/v2\/media?parent=5405"}],"wp:term":[{"taxonomy":"category","embeddable":true,"href":"https:\/\/blog.vera.es\/cultura\/wp-json\/wp\/v2\/categories?post=5405"},{"taxonomy":"post_tag","embeddable":true,"href":"https:\/\/blog.vera.es\/cultura\/wp-json\/wp\/v2\/tags?post=5405"}],"curies":[{"name":"wp","href":"https:\/\/api.w.org\/{rel}","templated":true}]}}