{"id":5394,"date":"2025-05-16T08:32:12","date_gmt":"2025-05-16T08:32:12","guid":{"rendered":"https:\/\/blog.vera.es\/cultura\/?p=5394"},"modified":"2025-05-16T08:32:13","modified_gmt":"2025-05-16T08:32:13","slug":"los-lazos-que-unen-vera-mazarron-y-cuevas-del-almanzora-mesa-redonda","status":"publish","type":"post","link":"https:\/\/blog.vera.es\/cultura\/2025\/05\/16\/los-lazos-que-unen-vera-mazarron-y-cuevas-del-almanzora-mesa-redonda\/","title":{"rendered":"LOS LAZOS QUE UNEN VERA, MAZARR\u00d3N Y CUEVAS DEL ALMANZORA. MESA REDONDA"},"content":{"rendered":"<p>Celebraci\u00f3n de la mesa redonda Los lazos que unen Vera, Mazarr\u00f3n y Cuevas del Almanzora en el Castillo de Cuevas del Almanzora.<\/p>\n<p><!--more--><\/p>\n<p>Ayer se celebr\u00f3 en Cuevas del Almanzora una mesa redonda en la que participaron, despu\u00e9s de la presentaci\u00f3n de los alcaldes de los municipios de Vera, Mazarr\u00f3n y Cuevas del Almanzora, prosiguiendo con el programa presentado hace un a\u00f1o para el Hermanamiento entre las tres ciudades, los ponentes y cronistas oficiales Gabriel Flores Garrido (Vera), Mariano Guill\u00e9n Riquelme (Mazarr\u00f3n) y Enrique Fern\u00e1ndez Bolea (Cuevas del Almanzora). Pedro Perales Larios moder\u00f3 dicha mesa.<\/p>\n<p><a href=\"https:\/\/blog.vera.es\/cultura\/wp-content\/uploads\/sites\/2\/2025\/05\/d6b41762-d25e-4592-a71d-6b2b02d2fcab.jpeg\"><img fetchpriority=\"high\" decoding=\"async\" class=\"alignnone size-medium wp-image-5398\" src=\"https:\/\/blog.vera.es\/cultura\/wp-content\/uploads\/sites\/2\/2025\/05\/d6b41762-d25e-4592-a71d-6b2b02d2fcab-212x300.jpeg\" alt=\"\" width=\"212\" height=\"300\" srcset=\"https:\/\/blog.vera.es\/cultura\/wp-content\/uploads\/sites\/2\/2025\/05\/d6b41762-d25e-4592-a71d-6b2b02d2fcab-212x300.jpeg 212w, https:\/\/blog.vera.es\/cultura\/wp-content\/uploads\/sites\/2\/2025\/05\/d6b41762-d25e-4592-a71d-6b2b02d2fcab-724x1024.jpeg 724w, https:\/\/blog.vera.es\/cultura\/wp-content\/uploads\/sites\/2\/2025\/05\/d6b41762-d25e-4592-a71d-6b2b02d2fcab-768x1086.jpeg 768w, https:\/\/blog.vera.es\/cultura\/wp-content\/uploads\/sites\/2\/2025\/05\/d6b41762-d25e-4592-a71d-6b2b02d2fcab-1086x1536.jpeg 1086w, https:\/\/blog.vera.es\/cultura\/wp-content\/uploads\/sites\/2\/2025\/05\/d6b41762-d25e-4592-a71d-6b2b02d2fcab.jpeg 1131w\" sizes=\"(max-width: 212px) 100vw, 212px\" \/><\/a><\/p>\n<p>Guill\u00e9n Riquelme ahond\u00f3 en los lazos gen\u00e9ticos que unen los tres municipios, dando cuenta de la emigraci\u00f3n minera veratense y cuevana que se dirigi\u00f3 a Mazarr\u00f3n despu\u00e9s de la crisis de la Sierra de Almagrera, poblaci\u00f3n especializada profesionalmente que fue acogida por los murcianos, siendo hoy d\u00eda el origen geneal\u00f3gico m\u00e1s abundante de algunos barrios.<\/p>\n<p>Flores Garrido incidi\u00f3 en lo que un\u00eda a las poblaciones frente al enemigo com\u00fan. La defensa de la costa, la construcci\u00f3n de fortificaciones y la mutua ayuda son hist\u00f3ricamente relevantes y probadas.<\/p>\n<p>Fern\u00e1ndez Bolea complet\u00f3 las dos conferencias anteriores y aport\u00f3 m\u00e1s datos sobre la miner\u00eda y los conflictos entre los vecinos de Vera y Cuevas, los motes que se dieron, etc.<\/p>\n<p>Posteriormente se ofreci\u00f3 a los ponentes y a su p\u00fablico un vino de la tierra y unos deliciosos canap\u00e9s.<\/p>\n<p><a href=\"https:\/\/blog.vera.es\/cultura\/wp-content\/uploads\/sites\/2\/2025\/05\/IMG_9164-scaled.jpeg\"><img decoding=\"async\" class=\"alignnone size-medium wp-image-5403\" src=\"https:\/\/blog.vera.es\/cultura\/wp-content\/uploads\/sites\/2\/2025\/05\/IMG_9164-300x225.jpeg\" alt=\"\" width=\"300\" height=\"225\" srcset=\"https:\/\/blog.vera.es\/cultura\/wp-content\/uploads\/sites\/2\/2025\/05\/IMG_9164-300x225.jpeg 300w, https:\/\/blog.vera.es\/cultura\/wp-content\/uploads\/sites\/2\/2025\/05\/IMG_9164-1024x768.jpeg 1024w, https:\/\/blog.vera.es\/cultura\/wp-content\/uploads\/sites\/2\/2025\/05\/IMG_9164-768x576.jpeg 768w, https:\/\/blog.vera.es\/cultura\/wp-content\/uploads\/sites\/2\/2025\/05\/IMG_9164-1536x1152.jpeg 1536w, https:\/\/blog.vera.es\/cultura\/wp-content\/uploads\/sites\/2\/2025\/05\/IMG_9164-2048x1536.jpeg 2048w\" sizes=\"(max-width: 300px) 100vw, 300px\" \/><\/a><\/p>\n<p><a href=\"https:\/\/blog.vera.es\/cultura\/wp-content\/uploads\/sites\/2\/2025\/05\/058a767e-1afd-4717-b157-0a61e7174ba7.jpeg\"><img decoding=\"async\" class=\"alignnone size-medium wp-image-5402\" src=\"https:\/\/blog.vera.es\/cultura\/wp-content\/uploads\/sites\/2\/2025\/05\/058a767e-1afd-4717-b157-0a61e7174ba7-300x209.jpeg\" alt=\"\" width=\"300\" height=\"209\" srcset=\"https:\/\/blog.vera.es\/cultura\/wp-content\/uploads\/sites\/2\/2025\/05\/058a767e-1afd-4717-b157-0a61e7174ba7-300x209.jpeg 300w, https:\/\/blog.vera.es\/cultura\/wp-content\/uploads\/sites\/2\/2025\/05\/058a767e-1afd-4717-b157-0a61e7174ba7-1024x713.jpeg 1024w, https:\/\/blog.vera.es\/cultura\/wp-content\/uploads\/sites\/2\/2025\/05\/058a767e-1afd-4717-b157-0a61e7174ba7-768x534.jpeg 768w, https:\/\/blog.vera.es\/cultura\/wp-content\/uploads\/sites\/2\/2025\/05\/058a767e-1afd-4717-b157-0a61e7174ba7.jpeg 1440w\" sizes=\"(max-width: 300px) 100vw, 300px\" \/><\/a><\/p>\n<p><a href=\"https:\/\/blog.vera.es\/cultura\/wp-content\/uploads\/sites\/2\/2025\/05\/ea744955-baee-42a3-90c9-8457d72393c9.jpeg\"><img loading=\"lazy\" decoding=\"async\" class=\"alignnone size-medium wp-image-5401\" src=\"https:\/\/blog.vera.es\/cultura\/wp-content\/uploads\/sites\/2\/2025\/05\/ea744955-baee-42a3-90c9-8457d72393c9-300x209.jpeg\" alt=\"\" width=\"300\" height=\"209\" srcset=\"https:\/\/blog.vera.es\/cultura\/wp-content\/uploads\/sites\/2\/2025\/05\/ea744955-baee-42a3-90c9-8457d72393c9-300x209.jpeg 300w, https:\/\/blog.vera.es\/cultura\/wp-content\/uploads\/sites\/2\/2025\/05\/ea744955-baee-42a3-90c9-8457d72393c9-1024x713.jpeg 1024w, https:\/\/blog.vera.es\/cultura\/wp-content\/uploads\/sites\/2\/2025\/05\/ea744955-baee-42a3-90c9-8457d72393c9-768x534.jpeg 768w, https:\/\/blog.vera.es\/cultura\/wp-content\/uploads\/sites\/2\/2025\/05\/ea744955-baee-42a3-90c9-8457d72393c9.jpeg 1440w\" sizes=\"(max-width: 300px) 100vw, 300px\" \/><\/a><\/p>\n<p><a href=\"https:\/\/blog.vera.es\/cultura\/wp-content\/uploads\/sites\/2\/2025\/05\/IMG_9168-scaled.jpeg\"><img loading=\"lazy\" decoding=\"async\" class=\"alignnone size-medium wp-image-5400\" src=\"https:\/\/blog.vera.es\/cultura\/wp-content\/uploads\/sites\/2\/2025\/05\/IMG_9168-300x225.jpeg\" alt=\"\" width=\"300\" height=\"225\" srcset=\"https:\/\/blog.vera.es\/cultura\/wp-content\/uploads\/sites\/2\/2025\/05\/IMG_9168-300x225.jpeg 300w, https:\/\/blog.vera.es\/cultura\/wp-content\/uploads\/sites\/2\/2025\/05\/IMG_9168-1024x768.jpeg 1024w, https:\/\/blog.vera.es\/cultura\/wp-content\/uploads\/sites\/2\/2025\/05\/IMG_9168-768x576.jpeg 768w, https:\/\/blog.vera.es\/cultura\/wp-content\/uploads\/sites\/2\/2025\/05\/IMG_9168-1536x1152.jpeg 1536w, https:\/\/blog.vera.es\/cultura\/wp-content\/uploads\/sites\/2\/2025\/05\/IMG_9168-2048x1536.jpeg 2048w\" sizes=\"(max-width: 300px) 100vw, 300px\" \/><\/a><\/p>\n<p>\u00a0<\/p>\n\n\n<p><\/p>\n","protected":false},"excerpt":{"rendered":"<p>Celebraci\u00f3n de la mesa redonda Los lazos que unen Vera, Mazarr\u00f3n y Cuevas del Almanzora en el Castillo de Cuevas del Almanzora.<\/p>\n","protected":false},"author":7,"featured_media":5398,"comment_status":"open","ping_status":"closed","sticky":false,"template":"","format":"standard","meta":{"footnotes":""},"categories":[1],"tags":[],"class_list":["post-5394","post","type-post","status-publish","format-standard","has-post-thumbnail","hentry","category-sin-categoria"],"_links":{"self":[{"href":"https:\/\/blog.vera.es\/cultura\/wp-json\/wp\/v2\/posts\/5394","targetHints":{"allow":["GET"]}}],"collection":[{"href":"https:\/\/blog.vera.es\/cultura\/wp-json\/wp\/v2\/posts"}],"about":[{"href":"https:\/\/blog.vera.es\/cultura\/wp-json\/wp\/v2\/types\/post"}],"author":[{"embeddable":true,"href":"https:\/\/blog.vera.es\/cultura\/wp-json\/wp\/v2\/users\/7"}],"replies":[{"embeddable":true,"href":"https:\/\/blog.vera.es\/cultura\/wp-json\/wp\/v2\/comments?post=5394"}],"version-history":[{"count":3,"href":"https:\/\/blog.vera.es\/cultura\/wp-json\/wp\/v2\/posts\/5394\/revisions"}],"predecessor-version":[{"id":5404,"href":"https:\/\/blog.vera.es\/cultura\/wp-json\/wp\/v2\/posts\/5394\/revisions\/5404"}],"wp:featuredmedia":[{"embeddable":true,"href":"https:\/\/blog.vera.es\/cultura\/wp-json\/wp\/v2\/media\/5398"}],"wp:attachment":[{"href":"https:\/\/blog.vera.es\/cultura\/wp-json\/wp\/v2\/media?parent=5394"}],"wp:term":[{"taxonomy":"category","embeddable":true,"href":"https:\/\/blog.vera.es\/cultura\/wp-json\/wp\/v2\/categories?post=5394"},{"taxonomy":"post_tag","embeddable":true,"href":"https:\/\/blog.vera.es\/cultura\/wp-json\/wp\/v2\/tags?post=5394"}],"curies":[{"name":"wp","href":"https:\/\/api.w.org\/{rel}","templated":true}]}}