{"id":5262,"date":"2024-09-10T07:38:37","date_gmt":"2024-09-10T07:38:37","guid":{"rendered":"https:\/\/blog.vera.es\/cultura\/?p=5262"},"modified":"2024-09-10T08:42:27","modified_gmt":"2024-09-10T08:42:27","slug":"san-cleofas-el-patron-por-coincidencia","status":"publish","type":"post","link":"https:\/\/blog.vera.es\/cultura\/2024\/09\/10\/san-cleofas-el-patron-por-coincidencia\/","title":{"rendered":"SAN CLEOF\u00c1S, EL PATR\u00d3N POR COINCIDENCIA"},"content":{"rendered":"<p align=\"justify\">Art\u00edculo escrito por Gabriel Flores Garrido. Cronista oficial de Vera.<\/p>\n<p align=\"justify\"><!--more--><\/p>\n<p style=\"text-align: right\" align=\"justify\"><a href=\"https:\/\/blog.vera.es\/cultura\/wp-content\/uploads\/sites\/2\/2024\/09\/13vida-vera-vvisiedo-07-scaled.jpg\"><img fetchpriority=\"high\" decoding=\"async\" class=\"alignnone size-medium wp-image-5263\" src=\"https:\/\/blog.vera.es\/cultura\/wp-content\/uploads\/sites\/2\/2024\/09\/13vida-vera-vvisiedo-07-300x200.jpg\" alt=\"\" width=\"300\" height=\"200\" srcset=\"https:\/\/blog.vera.es\/cultura\/wp-content\/uploads\/sites\/2\/2024\/09\/13vida-vera-vvisiedo-07-300x200.jpg 300w, https:\/\/blog.vera.es\/cultura\/wp-content\/uploads\/sites\/2\/2024\/09\/13vida-vera-vvisiedo-07-1024x683.jpg 1024w, https:\/\/blog.vera.es\/cultura\/wp-content\/uploads\/sites\/2\/2024\/09\/13vida-vera-vvisiedo-07-768x512.jpg 768w, https:\/\/blog.vera.es\/cultura\/wp-content\/uploads\/sites\/2\/2024\/09\/13vida-vera-vvisiedo-07-1536x1024.jpg 1536w, https:\/\/blog.vera.es\/cultura\/wp-content\/uploads\/sites\/2\/2024\/09\/13vida-vera-vvisiedo-07-2048x1365.jpg 2048w\" sizes=\"(max-width: 300px) 100vw, 300px\" \/><\/a><\/p>\n<p style=\"text-align: right\" align=\"justify\">Gabriel Flores Garrido<\/p>\n<p style=\"text-align: right\" align=\"justify\">Cronista Oficial de Vera<\/p>\n<p align=\"justify\"><a href=\"https:\/\/blog.vera.es\/cultura\/wp-content\/uploads\/sites\/2\/2024\/09\/san-cleofas-vera.jpg\"><img decoding=\"async\" class=\"alignnone size-medium wp-image-5264\" src=\"https:\/\/blog.vera.es\/cultura\/wp-content\/uploads\/sites\/2\/2024\/09\/san-cleofas-vera-197x300.jpg\" alt=\"\" width=\"197\" height=\"300\" srcset=\"https:\/\/blog.vera.es\/cultura\/wp-content\/uploads\/sites\/2\/2024\/09\/san-cleofas-vera-197x300.jpg 197w, https:\/\/blog.vera.es\/cultura\/wp-content\/uploads\/sites\/2\/2024\/09\/san-cleofas-vera-672x1024.jpg 672w, https:\/\/blog.vera.es\/cultura\/wp-content\/uploads\/sites\/2\/2024\/09\/san-cleofas-vera-768x1171.jpg 768w, https:\/\/blog.vera.es\/cultura\/wp-content\/uploads\/sites\/2\/2024\/09\/san-cleofas-vera-1007x1536.jpg 1007w, https:\/\/blog.vera.es\/cultura\/wp-content\/uploads\/sites\/2\/2024\/09\/san-cleofas-vera.jpg 1204w\" sizes=\"(max-width: 197px) 100vw, 197px\" \/><\/a><\/p>\n<p align=\"justify\">SAN CLEOF\u00c1S, EL PATR\u00d3N POR COINCIDENCIA<\/p>\n<p align=\"justify\"><span style=\"font-size: medium\">Si hace tres meses, con motivo de la festividad de la Patrona, publiqu\u00e9 una breve cr\u00f3nica con informaci\u00f3n y pormenores sobre hechos y decisiones tomadas en tan importante ocasi\u00f3n; no podemos dejar pasar la conmemoraci\u00f3n de nuestro Santo Patr\u00f3n que, aunque quiz\u00e1s sea menos popular, no es menos importante.<\/span><\/p>\n<p align=\"justify\"><span style=\"font-size: medium\">Tal vez el encabezamiento de este art\u00edculo o cr\u00f3nica, como tengamos a bien llamarlo, pueda tomarse como una minusvaloraci\u00f3n de los m\u00e9ritos de nuestro querido Patr\u00f3n; est\u00e1 muy lejos de la intenci\u00f3n del t\u00edtulo de este art\u00edculo, porque a Cleof\u00e1s, cuyo significado es \u201cgloria al Padre\u201d, hermano de san Jos\u00e9, padre putativo de Jes\u00fas y, aunque no se tiene plena certeza de ello, son varios los autores que le atribuyen el parentesco de ser esposo de Mar\u00eda de Cleof\u00e1s, hermana de la Virgen Mar\u00eda; no es, por tanto nuestro Patr\u00f3n santo de \u201csegundo orden\u201d. Adem\u00e1s, el Maestro le ten\u00eda reservado el privilegio de ser uno de los primeros en tenerlo ante sus ojos tras la Resurrecci\u00f3n, cuando iba camino de Ema\u00fas. Tiene, pues, nuestro Patr\u00f3n, que muri\u00f3 martirizado en su propia casa, m\u00e9ritos suficientes para ser unos de los destacados del santoral.<\/span><\/p>\n<p align=\"justify\"><span style=\"font-size: medium\">La \u201ccoincidencia\u201d mencionada en el t\u00edtulo es debida a la decisi\u00f3n del Concejo de Vera, conocida por todos los veratenses, de conceder el patronazgo de la ciudad a quien figurara en el santoral ese d\u00eda encomend\u00e1ndose a \u00e9l para que mediara en el levantamiento del asedio a Vera por parte de Aben Humeya. Ese d\u00eda estaba dedicado a san Cleof\u00e1s y, desde entonces, \u00e9l es patr\u00f3n de Vera y en su honor se celebra la Feria de nuestra ciudad, como se recoge en un acta capitular unos a\u00f1os despu\u00e9s. Fue as\u00ed como un bienaventurado como Cleof\u00e1s, desconocido en Vera y su tierra, se convirti\u00f3 en Santo Patr\u00f3n de esta. Pudo haber sido alguien distinto el predestinado si la fecha del levantamiento del cerco a la ciudad hubiera sido otra, pero fue el 25 de septiembre y no solo todos dieron por buena la decisi\u00f3n, sino que, desde un principio, san Cleof\u00e1s despert\u00f3 devociones en la ciudad y se gan\u00f3 la fe y confianza de sus vecinos, que pronto comenzaron a rogar su intercesi\u00f3n en momentos dif\u00edciles, como sucedi\u00f3 el 20 de diciembre de 1796, fecha en la que se produjeron varios terremotos y, el alcalde mayor, Juan de Llobes y Rapela, cita al Concejo <\/span><span style=\"font-size: medium\"><b>\u201cen el barrio llamado de Jes\u00fas Nazareno y en casa de Esteban Garc\u00eda Bascu\u00f1ana adonde se congregaron<\/b><\/span><b> <\/b><span style=\"font-size: medium\"><b>por raz\u00f3n del justo temor que les infund\u00eda<\/b><\/span> <span style=\"font-size: medium\"><b>la repetici\u00f3n de los temblores de tierra\u201d<\/b><\/span><span style=\"font-size: medium\">. Pidieron la mediaci\u00f3n de san Cleof\u00e1s ante \u201c<\/span><span style=\"font-size: medium\"><b>el Se\u00f1or de los Exercitos\u201d <\/b><\/span><span style=\"font-size: medium\">para que Este <\/span><span style=\"font-size: medium\"><b>\u201cse dignase de mirarnos con ojos de piedad, cesando los peligros que nos amenazan\u201d<\/b><\/span><span style=\"font-size: medium\">.<\/span><span style=\"font-family: AR BLANCA\"><span style=\"font-size: medium\">\u201c<\/span><\/span><span style=\"font-size: medium\"><b>Ped\u00edan la intercesi\u00f3n de los santos y especialmente de aquellos que est\u00e9n elegidos por patrones tutelares de los pueblos\u201d<\/b><\/span><span style=\"font-size: medium\">. Se celebr\u00f3 una misa solemne en el convento de \u201cSan Cleof\u00e1s de la Victoria\u201d, que era su advocaci\u00f3n original, y concluida esta tuvo lugar una procesi\u00f3n con todas las im\u00e1genes m\u00e1s significativas de Vera presidida por la del Patr\u00f3n San Cleof\u00e1s. A pesar de los siglos transcurridos, Vera todav\u00eda recordaba su destrucci\u00f3n en aquella tr\u00e1gica noche del 9 de noviembre de 1518. Ni el temor se hab\u00eda perdido ni el recuerdo se hab\u00eda borrado.<\/span><\/p>\n<p align=\"justify\"><a href=\"https:\/\/blog.vera.es\/cultura\/wp-content\/uploads\/sites\/2\/2024\/09\/20240417_1324131-scaled.jpg\"><img decoding=\"async\" class=\"alignnone size-medium wp-image-5270\" src=\"https:\/\/blog.vera.es\/cultura\/wp-content\/uploads\/sites\/2\/2024\/09\/20240417_1324131-300x266.jpg\" alt=\"\" width=\"300\" height=\"266\" srcset=\"https:\/\/blog.vera.es\/cultura\/wp-content\/uploads\/sites\/2\/2024\/09\/20240417_1324131-300x266.jpg 300w, https:\/\/blog.vera.es\/cultura\/wp-content\/uploads\/sites\/2\/2024\/09\/20240417_1324131-1024x910.jpg 1024w, https:\/\/blog.vera.es\/cultura\/wp-content\/uploads\/sites\/2\/2024\/09\/20240417_1324131-768x682.jpg 768w, https:\/\/blog.vera.es\/cultura\/wp-content\/uploads\/sites\/2\/2024\/09\/20240417_1324131-1536x1364.jpg 1536w, https:\/\/blog.vera.es\/cultura\/wp-content\/uploads\/sites\/2\/2024\/09\/20240417_1324131-2048x1819.jpg 2048w\" sizes=\"(max-width: 300px) 100vw, 300px\" \/><\/a><\/p>\n<p align=\"justify\"><span style=\"font-size: medium\">Especialmente hasta el siglo XVIII la feria, en ocasiones, era suspendida o celebrada de manera \u201csilenciosa\u201d, para no llamar la atenci\u00f3n de los piratas que atacaban estas costas con demasiada frecuencia, por ello, las autoridades eran prudentes y discretas en su celebraci\u00f3n: en 1595, el alcalde mayor, Vigil de Peralta, recibi\u00f3 la noticia de que en esos d\u00edas se iba a producir un ataque de piratas berberiscos y ordena, precisamente el d\u00eda de san Cleof\u00e1s, un alarde en la plaza de Armas (Plaza Mayor), para conocer el n\u00famero de hombres disponibles y el armamento utilizable para rechazar el ataque.<\/span><\/p>\n<p align=\"justify\"><span style=\"font-size: medium\">Un a\u00f1o m\u00e1s tarde, tambi\u00e9n en d\u00edas de feria, el procurador del Concejo, Luis de C\u00e1rdenas, ped\u00eda al vecindario que <\/span><span style=\"font-size: medium\"><b>\u201cno and\u00e9is de noche con guitarras dando m\u00fasicas ni haciendo ruidos ni alborozos ni escandalizando al pueblo\u201d. <\/b><\/span><span style=\"font-size: medium\">El motivo era no hacerse notar para pasar desapercibidos ante el ataque que esperaban y del que estaban avisados. Tristes fiestas aquellas en las que los alardes eran frecuentes, los estados de alerta casi permanentes y el silencio ocupaba el espacio de la m\u00fasica.<\/span><\/p>\n<p align=\"justify\"><span style=\"font-size: medium\">Retomando a nuestro Patr\u00f3n, del que nos hab\u00edamos apartado para meternos en la feria, diremos que en 1598 el alcalde mayor, Andr\u00e9s de \u00c1lava quiso honrarlo de manera muy especial y asign\u00f3 una cantidad de 400 reales para juegos, fuegos artificiales y fiestas, lo que le vali\u00f3 la cr\u00edtica de regidores y procuradores del Concejo porque lo consideraron un despilfarro innecesario, al haber necesidades que cubrir, como atender el pago de las deudas contra\u00eddas con el m\u00e9dico de la ciudad o la reparaci\u00f3n de escuelas y edificios de la administraci\u00f3n municipal. Sin embargo, las cr\u00edticas no fueron obst\u00e1culo para que el presupuesto y el programa dedicado a la celebraci\u00f3n de su festividad se llevara a cabo y solo fuera superado por el asignado al Corpus Christi, que era la gran celebraci\u00f3n en Vera. <\/span><\/p>\n<p align=\"justify\"><span style=\"font-size: medium\">Desconocemos si en los primeros siglos de patronazgo existi\u00f3 alguna imagen que representara a san Cleof\u00e1s y a la que se le profesara culto, pero s\u00ed sabemos que, al menos desde el 5 de octubre de 1792, tuvo su espacio en el convento de los padres m\u00ednimos durante casi 150 a\u00f1os, despertando la devoci\u00f3n de los veratenses.<\/span><\/p>\n<p align=\"justify\"><span style=\"font-size: medium\">Debi\u00f3 de ser aquel san Cleof\u00e1s una imagen imponente, porque no era habitual realizar tallas en tama\u00f1o natural. Fue una magna obra del imaginero madrile\u00f1o Jos\u00e9 Piquer, por la que percibi\u00f3 5.500 reales de vell\u00f3n. Qued\u00f3 concluida el 5 de octubre de 1792. En su traslado a Vera, v\u00eda Cartagena, sufri\u00f3 da\u00f1os a pesar de haberla transportado en un caj\u00f3n fabricado para ese exclusivo fin por el propio escultor Jos\u00e9 Piquer y por el que percibi\u00f3 300 reales m\u00e1s. El testimonio de Jos\u00e9 Antonio Bascu\u00f1ana, capell\u00e1n de marina en Cartagena, comisionado para su recepci\u00f3n, informa que <\/span><span style=\"font-size: medium\"><b>\u201cla efigie del Se\u00f1or San Cleof\u00e1s hab\u00eda llegado maltratada a esta ciudad <\/b><\/span><span style=\"font-size: medium\">(Cartagena)<\/span><span style=\"font-size: medium\"><b>\u201d. <\/b><\/span><span style=\"font-size: medium\">Se calcula que los da\u00f1os para su restauraci\u00f3n ascienden a 750 reales de vell\u00f3n, costo del que ninguna de las partes est\u00e1 dispuesta a hacerse cargo: el Concejo porque achaca la culpa al escultor al acoplarla en el caj\u00f3n de transporte de manera despreocupada, sin tener el debido cuidado ni tomar las necesarias precauciones para evitarle da\u00f1os; por otro lado el escultor se defiende argumentando que la imagen ten\u00eda un peso mayor del acordado. La discordia llega a tal punto que Vera recurre el 18 de marzo de 1794 a la mediaci\u00f3n del intendente general del Reino, tomando el Supremo Consejo la decisi\u00f3n de que <\/span><span style=\"font-size: medium\"><b>\u201cno excediendo de siete arrobas de peso, satisfaga la cantidad el escultor y excediendo de ellas se pague de los Propios de la esa ciudad\u201d,<\/b><\/span><span style=\"font-size: medium\"> y as\u00ed se hizo: el peso ascendi\u00f3 a 16 arrobas y, por tanto, no hubo dudas de qu\u00e9 parte era la deudora. La diferencia en el peso era algo que se pod\u00eda constatar y el mejor o peor empaquetado de la imagen era un argumento conjeturable.<\/span><\/p>\n<p align=\"justify\"><span style=\"font-size: medium\">En el convento de los m\u00ednimos estuvo nuestro Patr\u00f3n expuesta al culto hasta que en la d\u00e9cada de 1930 fue destruida y se tall\u00f3 una nueva imagen, obra del padre capuchino veratense Jos\u00e9 Mar\u00eda de Vera, costeada por vecinos y comerciantes de la ciudad, que aportaron 310.000 pesetas, adem\u00e1s de 50.000 que don\u00f3 el Ayuntamiento. <\/span><\/p>\n<p align=\"justify\"><span style=\"font-size: medium\">Esta talla sustituy\u00f3 a la destruida, de la que se pudo recuperar la cabeza, y que hoy forma parte de la imagen titular de la Cofrad\u00eda del Dulce Nombre de Jes\u00fas Nazareno de Ser\u00f3n. Terminada la imagen se pidi\u00f3 permiso el 5 de octubre de 1793 al conde de la Ca\u00f1ada, gobernador del Real Consejo, <\/span><span style=\"font-size: medium\"><b>\u201cpara que se le conceda licencia para la corrida de cuatro fiestas de novillos y vacas en celebraci\u00f3n de la colocaci\u00f3n de su Patrono el Se\u00f1or San Claof\u00e1s\u201d<\/b><\/span><span style=\"font-size: medium\">. El elevado gasto de la imagen hab\u00eda que recuperarlo, puesto que los fondos municipales no pod\u00edan permitirse un gasto de m\u00e1s de 6.000 reales, si sumamos al costo de la talla, el pago del caj\u00f3n para su transporte y la reparaci\u00f3n de los da\u00f1os producidos en el traslado. Unos a\u00f1os m\u00e1s tarde, en 1799, se vuelve a solicitar autorizaci\u00f3n para otro festejo taurino con el fin de atender el pago de una hornacina construida, probablemente, en el convento y <\/span><span style=\"font-size: medium\"><b>\u201cponer una puerta de cristal al nicho en que se ha colocado y proveerlo, en lo que alcance, de lo m\u00e1s necesario para su culto\u201d.<\/b><\/span><\/p>\n<p align=\"justify\"><span style=\"font-size: medium\">San Cleof\u00e1s puede ser un patr\u00f3n elegido por el azar de los acontecimientos, como tantos otros en tantos pueblos y ciudades, pero Vera nunca ha descuidado su atenci\u00f3n ni desatendido la confianza en \u00e9l ante las adversidades.<\/span><\/p>\n<p align=\"justify\"><span style=\"font-size: medium\">Honremos a nuestro Patr\u00f3n como merece y con la fe que nuestros antepasados le tuvieron a trav\u00e9s de los siglos.<\/span><\/p>\n<p align=\"justify\">\n<p align=\"justify\">\n<p align=\"justify\"><span style=\"font-size: medium\">Septiembre de 2024<\/span><\/p>\n","protected":false},"excerpt":{"rendered":"<p>Art\u00edculo escrito por Gabriel Flores Garrido. Cronista oficial de Vera.<\/p>\n","protected":false},"author":7,"featured_media":5265,"comment_status":"open","ping_status":"","sticky":false,"template":"","format":"standard","meta":{"footnotes":""},"categories":[110,181,109],"tags":[100,401,325],"class_list":["post-5262","post","type-post","status-publish","format-standard","has-post-thumbnail","hentry","category-arte-artesania","category-curiosidades","category-historia","tag-gabriel-flores-garrido","tag-procesiones","tag-san-cleofas"],"_links":{"self":[{"href":"https:\/\/blog.vera.es\/cultura\/wp-json\/wp\/v2\/posts\/5262","targetHints":{"allow":["GET"]}}],"collection":[{"href":"https:\/\/blog.vera.es\/cultura\/wp-json\/wp\/v2\/posts"}],"about":[{"href":"https:\/\/blog.vera.es\/cultura\/wp-json\/wp\/v2\/types\/post"}],"author":[{"embeddable":true,"href":"https:\/\/blog.vera.es\/cultura\/wp-json\/wp\/v2\/users\/7"}],"replies":[{"embeddable":true,"href":"https:\/\/blog.vera.es\/cultura\/wp-json\/wp\/v2\/comments?post=5262"}],"version-history":[{"count":4,"href":"https:\/\/blog.vera.es\/cultura\/wp-json\/wp\/v2\/posts\/5262\/revisions"}],"predecessor-version":[{"id":5271,"href":"https:\/\/blog.vera.es\/cultura\/wp-json\/wp\/v2\/posts\/5262\/revisions\/5271"}],"wp:featuredmedia":[{"embeddable":true,"href":"https:\/\/blog.vera.es\/cultura\/wp-json\/wp\/v2\/media\/5265"}],"wp:attachment":[{"href":"https:\/\/blog.vera.es\/cultura\/wp-json\/wp\/v2\/media?parent=5262"}],"wp:term":[{"taxonomy":"category","embeddable":true,"href":"https:\/\/blog.vera.es\/cultura\/wp-json\/wp\/v2\/categories?post=5262"},{"taxonomy":"post_tag","embeddable":true,"href":"https:\/\/blog.vera.es\/cultura\/wp-json\/wp\/v2\/tags?post=5262"}],"curies":[{"name":"wp","href":"https:\/\/api.w.org\/{rel}","templated":true}]}}