{"id":5126,"date":"2024-05-07T08:45:13","date_gmt":"2024-05-07T08:45:13","guid":{"rendered":"https:\/\/blog.vera.es\/cultura\/?p=5126"},"modified":"2024-05-07T08:59:03","modified_gmt":"2024-05-07T08:59:03","slug":"vi-jornadas-culturales-instituto-fernando-el-catolico","status":"publish","type":"post","link":"https:\/\/blog.vera.es\/cultura\/2024\/05\/07\/vi-jornadas-culturales-instituto-fernando-el-catolico\/","title":{"rendered":"VI JORNADAS CULTURALES. INSTITUTO FERNANDO EL CAT\u00d3LICO"},"content":{"rendered":"<p>El d\u00eda 7 de mayo de 2024 la Asociaci\u00f3n de Amigos del Instituto Fernando el Cat\u00f3lico de Vera organiza una conferencia sobre la Geoconservaci\u00f3n: <em>\u00bfQu\u00e9 es la geoconservaci\u00f3n? Ideas clave para observar, utilizar y conservar la naturaleza de manera integral. La Verita de Vera, roca volc\u00e1nica singular<\/em>, a cargo del Dr. Manuel Monge Ganuzas.<\/p>\n<p><!--more--><\/p>\n<p>El d\u00eda 7 de mayo de 2024 la Asociaci\u00f3n de Amigos del Instituto Fernando el Cat\u00f3lico de Vera organiza una conferencia sobre la Geoconservaci\u00f3n: \u00bfQu\u00e9 es la geoconservaci\u00f3n? Ideas clave para observar, utilizar y conservar la naturaleza de manera integral, a cargo del Dr. Manuel Monge Ganuzas.<\/p>\n<p><a href=\"https:\/\/blog.vera.es\/cultura\/wp-content\/uploads\/sites\/2\/2024\/05\/0d0eab8c-fc18-4558-b3f4-07c07e9c0032.jpg\"><img fetchpriority=\"high\" decoding=\"async\" class=\"alignnone size-medium wp-image-5127\" src=\"https:\/\/blog.vera.es\/cultura\/wp-content\/uploads\/sites\/2\/2024\/05\/0d0eab8c-fc18-4558-b3f4-07c07e9c0032-205x300.jpg\" alt=\"\" width=\"205\" height=\"300\" srcset=\"https:\/\/blog.vera.es\/cultura\/wp-content\/uploads\/sites\/2\/2024\/05\/0d0eab8c-fc18-4558-b3f4-07c07e9c0032-205x300.jpg 205w, https:\/\/blog.vera.es\/cultura\/wp-content\/uploads\/sites\/2\/2024\/05\/0d0eab8c-fc18-4558-b3f4-07c07e9c0032-699x1024.jpg 699w, https:\/\/blog.vera.es\/cultura\/wp-content\/uploads\/sites\/2\/2024\/05\/0d0eab8c-fc18-4558-b3f4-07c07e9c0032-768x1125.jpg 768w, https:\/\/blog.vera.es\/cultura\/wp-content\/uploads\/sites\/2\/2024\/05\/0d0eab8c-fc18-4558-b3f4-07c07e9c0032-1048x1536.jpg 1048w, https:\/\/blog.vera.es\/cultura\/wp-content\/uploads\/sites\/2\/2024\/05\/0d0eab8c-fc18-4558-b3f4-07c07e9c0032.jpg 1092w\" sizes=\"(max-width: 205px) 100vw, 205px\" \/><\/a><\/p>\n","protected":false},"excerpt":{"rendered":"<p>El d\u00eda 7 de mayo de 2024 la Asociaci\u00f3n de Amigos del Instituto Fernando el Cat\u00f3lico de Vera organiza una conferencia sobre la Geoconservaci\u00f3n: \u00bfQu\u00e9 es la geoconservaci\u00f3n? Ideas clave para observar, utilizar y conservar la naturaleza de manera integral. La Verita de Vera, roca volc\u00e1nica singular, a cargo del Dr. Manuel Monge Ganuzas.<\/p>\n","protected":false},"author":7,"featured_media":5127,"comment_status":"open","ping_status":"","sticky":false,"template":"","format":"standard","meta":{"footnotes":""},"categories":[105],"tags":[387],"class_list":["post-5126","post","type-post","status-publish","format-standard","has-post-thumbnail","hentry","category-actividades","tag-asociacion-de-amigos-del-instituto-laboral-fernando-el-catolico-de-vera"],"_links":{"self":[{"href":"https:\/\/blog.vera.es\/cultura\/wp-json\/wp\/v2\/posts\/5126","targetHints":{"allow":["GET"]}}],"collection":[{"href":"https:\/\/blog.vera.es\/cultura\/wp-json\/wp\/v2\/posts"}],"about":[{"href":"https:\/\/blog.vera.es\/cultura\/wp-json\/wp\/v2\/types\/post"}],"author":[{"embeddable":true,"href":"https:\/\/blog.vera.es\/cultura\/wp-json\/wp\/v2\/users\/7"}],"replies":[{"embeddable":true,"href":"https:\/\/blog.vera.es\/cultura\/wp-json\/wp\/v2\/comments?post=5126"}],"version-history":[{"count":4,"href":"https:\/\/blog.vera.es\/cultura\/wp-json\/wp\/v2\/posts\/5126\/revisions"}],"predecessor-version":[{"id":5131,"href":"https:\/\/blog.vera.es\/cultura\/wp-json\/wp\/v2\/posts\/5126\/revisions\/5131"}],"wp:featuredmedia":[{"embeddable":true,"href":"https:\/\/blog.vera.es\/cultura\/wp-json\/wp\/v2\/media\/5127"}],"wp:attachment":[{"href":"https:\/\/blog.vera.es\/cultura\/wp-json\/wp\/v2\/media?parent=5126"}],"wp:term":[{"taxonomy":"category","embeddable":true,"href":"https:\/\/blog.vera.es\/cultura\/wp-json\/wp\/v2\/categories?post=5126"},{"taxonomy":"post_tag","embeddable":true,"href":"https:\/\/blog.vera.es\/cultura\/wp-json\/wp\/v2\/tags?post=5126"}],"curies":[{"name":"wp","href":"https:\/\/api.w.org\/{rel}","templated":true}]}}