{"id":4782,"date":"2023-10-05T06:19:40","date_gmt":"2023-10-05T06:19:40","guid":{"rendered":"https:\/\/blog.vera.es\/cultura\/?p=4782"},"modified":"2023-10-05T06:30:29","modified_gmt":"2023-10-05T06:30:29","slug":"aniversario-del-fallecimiento-del-poeta-veratense-francisco-flores-perez-in-memoriam","status":"publish","type":"post","link":"https:\/\/blog.vera.es\/cultura\/2023\/10\/05\/aniversario-del-fallecimiento-del-poeta-veratense-francisco-flores-perez-in-memoriam\/","title":{"rendered":"Aniversario del fallecimiento del poeta veratense Francisco Flores P\u00e9rez, in memoriam"},"content":{"rendered":"<p>Art\u00edculo de ALMER\u00cdA HOY, con fecha de agosto de 2023.<\/p>\n<p>http:\/\/www.almeriahoy.com\/2023\/08\/aniversario-del-fallecimiento-del-poeta.html<\/p>\n<p><!--more--><\/p>\n<p style=\"text-align: right\"><a href=\"https:\/\/blog.vera.es\/cultura\/wp-content\/uploads\/sites\/2\/2023\/10\/domingoortizsoler.jpg\"><img fetchpriority=\"high\" decoding=\"async\" class=\"alignnone size-medium wp-image-4783\" src=\"https:\/\/blog.vera.es\/cultura\/wp-content\/uploads\/sites\/2\/2023\/10\/domingoortizsoler-294x300.jpg\" alt=\"\" width=\"294\" height=\"300\" srcset=\"https:\/\/blog.vera.es\/cultura\/wp-content\/uploads\/sites\/2\/2023\/10\/domingoortizsoler-294x300.jpg 294w, https:\/\/blog.vera.es\/cultura\/wp-content\/uploads\/sites\/2\/2023\/10\/domingoortizsoler.jpg 314w\" sizes=\"(max-width: 294px) 100vw, 294px\" \/><\/a><\/p>\n<p style=\"text-align: right\">Domingo Ortiz Soler<\/p>\n<p>Ep\u00edlogo para un poeta<\/p>\n<p>En agosto hace un a\u00f1o que se fue un amigo\u2026, pero ha quedado una amistad en el relato de mi recuerdo como persona, compa\u00f1ero y poeta.<\/p>\n<p><a href=\"https:\/\/blog.vera.es\/cultura\/wp-content\/uploads\/sites\/2\/2023\/10\/poeta-francisco-flores.png\"><img decoding=\"async\" class=\"alignnone size-full wp-image-4784\" src=\"https:\/\/blog.vera.es\/cultura\/wp-content\/uploads\/sites\/2\/2023\/10\/poeta-francisco-flores.png\" alt=\"\" width=\"235\" height=\"278\" \/><\/a><\/p>\n<p>Este prol\u00edfero autor cultiv\u00f3 una poes\u00eda amorosa y vocacionalmente religiosa que reuni\u00f3 a la largo de su vida en 13 libros (uno por a\u00f1o), como una aventura que se adentra en saber expresar sus interiores, sus dudas razonables, sus reflexiones, sus creencias ante la vida. Ha sido el poeta de la cotidianeidad de vida; la poes\u00eda fue su mundo, sus versos su familia. Ha sido un poeta irremediablemente meritorio; poeta y pensador de la vida y el amor. Nacido el 12 de noviembre de 1939 en Antas y establecido en Vera en 1974, fue un trabajador esforzado, incansable y emprendedor y estudioso en su literatura, perseverante, afanado en vivir su nueva vida de poeta, aprendiz y maestro de s\u00ed mismo, que a su jubilaci\u00f3n laboral encontr\u00f3 \u2018la poes\u00eda\u2019 (o \u2018la poes\u00eda le encontr\u00f3 a \u00e9l\u2019), para encauzar sus d\u00edas de ocio y entretenimiento, y se retir\u00f3 a la \u2018espiritualidad de su poes\u00eda\u2019, junto a la \u00e1vida lectura de todo libro que llegaba a sus manos. Fiel amigo de sus amigos, y de sus \u2018enemigos\u2019, que \u00e9l dec\u00eda que no sab\u00eda que ten\u00eda. Asiduo \u2018inquilino\u2019 de la Biblioteca P\u00fablica Municipal de Vera, donde devoraba con inquietud libros y m\u00e1s libros, con ansia de saber y conocer, aunque su inter\u00e9s por la lectura y la poes\u00eda ya se denotaba en su juventud preclara, y despu\u00e9s, casi sumido en un largo periodo de silencio durante su vida laboral. En el D\u00eda Internacional del Libro de 2019, con la celebraci\u00f3n de una gala, se le reconoci\u00f3 la labor de reputado escritor veratense y se le hizo entrega de la Pluma de Oro.<\/p>\n<p>Fiel tertuliano, en nuestras ma\u00f1anas de desayuno \u2018de trabajo\u2019 durante las prolongadas conversaciones en la cafeter\u00eda familiar de Fuente Nueva, en las que adem\u00e1s de aprender -como dec\u00eda \u00e9l mismo- comunicaba sus inquietudes, sus reflexiones de vida y los argumentos de su pr\u00f3xima obra, cuyos manuscritos me hac\u00eda leer antes de ser publicados. En 2014, tuve el honor de realizar el pr\u00f3logo de su libro \u2018Afanes y desvelos\u2019, as\u00ed como la presentaci\u00f3n del mismo, donde manifest\u00e9 mis afectos hacia su persona y como buscador de las palabras ya perdidas en el tiempo, con su significado olvidado y que \u00e9l hab\u00eda recuperado en ideas so\u00f1adas y de manifiesto puestas para expresar honduras de sentimientos.<\/p>\n<p>Ha sido uno de los innovadores de la poes\u00eda \u2018personalizada\u2019, donde se retrataba as\u00ed mismo. Aseguraba hacer una poes\u00eda personal y humana \u2018de y para el pueblo\u2019, con la que trataba de acercar a sus cong\u00e9neres el mensaje que recibe el poeta desde el \u00e1mbito de su interior.<\/p>\n<p>Su larga aventura creativa de m\u00e1s de 12 a\u00f1os qued\u00f3 reunida en 13 vol\u00famenes (y digo 13, porque el \u00faltimo qued\u00f3 inconcluso y sin publicar), en una antolog\u00eda de libros que daba cuenta de su paso por distintas etapas creativas del humanismo de inspiraci\u00f3n cristiana, pasando a un humanismo po\u00e9tico en el que le cantaba al amor, pasando por la dif\u00edcil versificaci\u00f3n de personajes y hechos hist\u00f3ricos, convertidos en poemas mitol\u00f3gicos, en los que ense\u00f1aba la historia, que tanto le gustaba.<\/p>\n<p>A lo largo de su vida pas\u00f3 del mundo real del trabajo al ideal po\u00e9tico y su bibliograf\u00eda as\u00ed lo demuestra paso a paso, libro a libro con t\u00edtulos como: \u2018Sombras del Destino\u2019 (su primer libro en 2007), \u2018Ante toda condici\u00f3n\u2019, \u00abLa raz\u00f3n de los sentidos\u00bb, \u2018Lo que nos da la vida\u2019 o \u2018La raz\u00f3n de ser\u2019\u2026, escritos a lo largo de su fecunda vida. Sus libros no quedaron marginados ya que ten\u00eda un amplio sector de ciudadanos como seguidores asiduos de su obra, deseosos siempre de encontrar la siguiente publicaci\u00f3n.<\/p>\n<p>En los actos de presentaci\u00f3n de sus libros, siempre hab\u00eda un aforo completo de \u2018fieles\u2019 a su obra. Y, qu\u00e9 decir m\u00e1s de este mensajero de la belleza poetizada, un ser carente de vanidad, volcado hacia los dem\u00e1s. Todo est\u00e1 reflejado en los pr\u00f3logos que realizamos para sus libros.<\/p>\n<p>Cuando en 2019 le dise\u00f1\u00e9 la portada de su \u00faltimo poemario: \u2018Los entornos de la vida\u2019, con la fachada tan querida de su iglesia y la rosa en homenaje a su esposa Isabel (como siempre aparec\u00eda en todos sus publicaciones), me dec\u00eda -como premonici\u00f3n en el tiempo- que ser\u00eda su \u00faltimo libro para donarlo a C\u00e1ritas y Manos Unidas, como as\u00ed fue. Despu\u00e9s nos invadi\u00f3 la epidemia que lo mantuvo enclaustrado y, ya no volvi\u00f3 a hacer volar su pluma de oro, falleciendo el 15 de agosto en una fecha que \u00e9l mismo hubiese versificado: el D\u00eda de la Asunci\u00f3n de la Virgen Mar\u00eda. Su cuerpo ha quedado entre nosotros y su alma ha subido al cielo, que tanto anhelaba, reposando en el cementerio de Antas junto a sus padres, pero su memoria estar\u00e1 siempre revivida en nuestro coraz\u00f3n.<\/p>\n<p>\u201cCorre a encontrar la muerte antes de que te quiten el sitio, porque la vida te la ganaste y el cielo es tu destino\u2026\u201d<\/p>\n<figure id=\"attachment_4787\" aria-describedby=\"caption-attachment-4787\" style=\"width: 300px\" class=\"wp-caption alignnone\"><a href=\"https:\/\/blog.vera.es\/cultura\/wp-content\/uploads\/sites\/2\/2023\/10\/franciscoflores2016-scaled.jpg\"><img decoding=\"async\" class=\"size-medium wp-image-4787\" src=\"https:\/\/blog.vera.es\/cultura\/wp-content\/uploads\/sites\/2\/2023\/10\/franciscoflores2016-300x225.jpg\" alt=\"\" width=\"300\" height=\"225\" srcset=\"https:\/\/blog.vera.es\/cultura\/wp-content\/uploads\/sites\/2\/2023\/10\/franciscoflores2016-300x225.jpg 300w, https:\/\/blog.vera.es\/cultura\/wp-content\/uploads\/sites\/2\/2023\/10\/franciscoflores2016-1024x768.jpg 1024w, https:\/\/blog.vera.es\/cultura\/wp-content\/uploads\/sites\/2\/2023\/10\/franciscoflores2016-768x576.jpg 768w, https:\/\/blog.vera.es\/cultura\/wp-content\/uploads\/sites\/2\/2023\/10\/franciscoflores2016-1536x1152.jpg 1536w, https:\/\/blog.vera.es\/cultura\/wp-content\/uploads\/sites\/2\/2023\/10\/franciscoflores2016-2048x1536.jpg 2048w\" sizes=\"(max-width: 300px) 100vw, 300px\" \/><\/a><figcaption id=\"caption-attachment-4787\" class=\"wp-caption-text\">OLYMPUS DIGITAL CAMERA<\/figcaption><\/figure>\n<p><a href=\"https:\/\/blog.vera.es\/cultura\/wp-content\/uploads\/sites\/2\/2023\/10\/Francisco20Flores20habla20de20su20obra.jpg\"><img loading=\"lazy\" decoding=\"async\" class=\"alignnone size-medium wp-image-4789\" src=\"https:\/\/blog.vera.es\/cultura\/wp-content\/uploads\/sites\/2\/2023\/10\/Francisco20Flores20habla20de20su20obra-300x165.jpg\" alt=\"\" width=\"300\" height=\"165\" srcset=\"https:\/\/blog.vera.es\/cultura\/wp-content\/uploads\/sites\/2\/2023\/10\/Francisco20Flores20habla20de20su20obra-300x165.jpg 300w, https:\/\/blog.vera.es\/cultura\/wp-content\/uploads\/sites\/2\/2023\/10\/Francisco20Flores20habla20de20su20obra.jpg 470w\" sizes=\"(max-width: 300px) 100vw, 300px\" \/><\/a><\/p>\n","protected":false},"excerpt":{"rendered":"<p>Art\u00edculo de ALMER\u00cdA HOY, con fecha de agosto de 2023. http:\/\/www.almeriahoy.com\/2023\/08\/aniversario-del-fallecimiento-del-poeta.html<\/p>\n","protected":false},"author":7,"featured_media":4784,"comment_status":"open","ping_status":"closed","sticky":false,"template":"","format":"standard","meta":{"footnotes":""},"categories":[20,312],"tags":[57,385,35],"class_list":["post-4782","post","type-post","status-publish","format-standard","has-post-thumbnail","hentry","category-colaboraciones","category-creacion-literaria","tag-domingo-ortiz-soler","tag-francisco-flores-perez","tag-poesia"],"_links":{"self":[{"href":"https:\/\/blog.vera.es\/cultura\/wp-json\/wp\/v2\/posts\/4782","targetHints":{"allow":["GET"]}}],"collection":[{"href":"https:\/\/blog.vera.es\/cultura\/wp-json\/wp\/v2\/posts"}],"about":[{"href":"https:\/\/blog.vera.es\/cultura\/wp-json\/wp\/v2\/types\/post"}],"author":[{"embeddable":true,"href":"https:\/\/blog.vera.es\/cultura\/wp-json\/wp\/v2\/users\/7"}],"replies":[{"embeddable":true,"href":"https:\/\/blog.vera.es\/cultura\/wp-json\/wp\/v2\/comments?post=4782"}],"version-history":[{"count":4,"href":"https:\/\/blog.vera.es\/cultura\/wp-json\/wp\/v2\/posts\/4782\/revisions"}],"predecessor-version":[{"id":4790,"href":"https:\/\/blog.vera.es\/cultura\/wp-json\/wp\/v2\/posts\/4782\/revisions\/4790"}],"wp:featuredmedia":[{"embeddable":true,"href":"https:\/\/blog.vera.es\/cultura\/wp-json\/wp\/v2\/media\/4784"}],"wp:attachment":[{"href":"https:\/\/blog.vera.es\/cultura\/wp-json\/wp\/v2\/media?parent=4782"}],"wp:term":[{"taxonomy":"category","embeddable":true,"href":"https:\/\/blog.vera.es\/cultura\/wp-json\/wp\/v2\/categories?post=4782"},{"taxonomy":"post_tag","embeddable":true,"href":"https:\/\/blog.vera.es\/cultura\/wp-json\/wp\/v2\/tags?post=4782"}],"curies":[{"name":"wp","href":"https:\/\/api.w.org\/{rel}","templated":true}]}}