{"id":4715,"date":"2022-12-29T12:47:36","date_gmt":"2022-12-29T12:47:36","guid":{"rendered":"https:\/\/blog.vera.es\/cultura\/?p=4715"},"modified":"2022-12-29T12:50:17","modified_gmt":"2022-12-29T12:50:17","slug":"invasion-de-pajaros-ultramarinos-en-vera-1779","status":"publish","type":"post","link":"https:\/\/blog.vera.es\/cultura\/2022\/12\/29\/invasion-de-pajaros-ultramarinos-en-vera-1779\/","title":{"rendered":"INVASI\u00d3N DE P\u00c1JAROS ULTRAMARINOS EN VERA. 1779"},"content":{"rendered":"<p>Se copia el art\u00edculo escrito por Juan Grima Cervantes, Profesor de Historia, investigador y editor, publicado por la revista Vera 30 en 1990.<\/p>\n<p><!--more--><\/p>\n<p><a href=\"https:\/\/blog.vera.es\/cultura\/wp-content\/uploads\/sites\/2\/2022\/12\/juan-grima-cervantes.jpg\"><img fetchpriority=\"high\" decoding=\"async\" class=\"alignnone size-full wp-image-4716\" src=\"https:\/\/blog.vera.es\/cultura\/wp-content\/uploads\/sites\/2\/2022\/12\/juan-grima-cervantes.jpg\" alt=\"\" width=\"217\" height=\"232\" \/><\/a><\/p>\n<p>Revista Vera 30, n.\u00ba 2, febrero de 1990<\/p>\n<p>ESTAMPAS DEL PASADO VERATENSE<\/p>\n<p>Juan Grima<\/p>\n<p>A MODO DE PRESENTACI\u00d3N<\/p>\n<p>A petici\u00f3n de unos buenos amigos, los hoy patrocinadores de la nueva revista Vera 30, escrib\u00ed el mes pasado una cr\u00f3nica sobre la Vera actual, en la que, por infortunio, hubo varias erratas de imprenta, con lo que quedaron algunos renglones amputados y deslucidos. En espera de que esto no suceda m\u00e1s, hoy vuelvo a la carga con la intenci\u00f3n de inaugurar una secci\u00f3n que se titular\u00e1 ESTAMPAS DEL PASADO VERATENSE:<\/p>\n<p>Se trata de sacar a la luz noticias curiosas, acontecimientos importantes, an\u00e9cdotas y otros datos de inter\u00e9s que la gente desconoce, pero que ocurrieron en este pueblo hace pocos o muchos a\u00f1os. Son rebuscados en lo cotidiano o pinceladas coloristas que ensalzan los hechos del pasado hasta convertirlos en excepcionales. La mayor\u00eda de estas \u201chistorias de la historia\u201d son fruto de mis investigaciones sobre esta tierra levantina, y proceden fundamentalmente de los archivos municipal y parroquial, aunque recurriremos a otros for\u00e1neos cuando sea necesario.<\/p>\n<p>Y aunque \u00e9sta sea una revista comercial y, por tanto, un marco poco usual para el relato riguroso, vamos a intentar hacer las cosas como Dios manda, o sea, bien hechas. Por ello, junto a la cr\u00f3nica de la noticia (\u201cestampa\u201d), aportaremos la transcripci\u00f3n de los documentos esenciales, donde se reflejan los hechos mencionados, de modo que el p\u00fablico de Vera pueda ir conociendo los textos fundamentales de su pasado hist\u00f3rico y pueda valorar la gran riqueza patrimonial y documental que guardan sus archivos.<\/p>\n<p>Muchas gracias<\/p>\n<p>LA INVASI\u00d3N DE P\u00c1JAROS ULTRAMARINOS SUFRIDA EN VERA EN 1779<\/p>\n<p>Introducci\u00f3n<\/p>\n<p>Para no caer en la repetici\u00f3n de los siempre contados y rememorados episodios del terremoto de 1518 y el cerco de Vera por Ab\u00e9n Humeya de 1569, queremos abrir una brecha y cambiar la tem\u00e1tica.<\/p>\n<p>As\u00ed, para empezar, vamos a traer a estas p\u00e1ginas una serie de trabajos en los que los protagonistas de las historias son los animales: p\u00e1jaros, perros, lobos, toros y otras clases de animales en su relaci\u00f3n con los hombres o con la naturaleza. La raz\u00f3n de que un animal se convierta en protagonista de la historia es variada, aunque lo mismo que en la actualidad, tambi\u00e9n en \u00e9pocas pret\u00e9ritas se dieron epidemias y persecuciones de animales, acciones ejemplares de perros o buenas corridas de toros. Pero, como nota destacada, nuestros montes entonces cobijaban una fauna m\u00e1s rica y numerosa, y hoy muchas de aquellas especies han desaparecido y son parte del recuerdo. As\u00ed, por citar alg\u00fan ejemplo, \u00bfd\u00f3nde est\u00e1 aquel tropel de borricos con sus aguaderas que hace apenas 20 a\u00f1os formaban parte de las escenas de nuestras calles y campos?<\/p>\n<p>Esto que acabamos de mencionar puede decirse igualmente de los pajarillos silvestres, pues no hace todav\u00eda tanto que era f\u00e1cil ver en las huertas de Vera, desembocadura del R\u00edo Antas, saladares y secanos, <b>todo tipo de p\u00e1jaros<\/b>: gorriones, golondrinas, vencejos, pajaricas de las nieves, verderones, jilgueros, tonticos, zargaritas, totov\u00edas, arzacolas, rubiblancas, tordos, trigueros, mirlos, y un largo etc\u00e9tera de toda clase de avecillas,cuya importancia no s\u00f3lo estribaba en el n\u00famero de especies, sino m\u00e1s a\u00fan, en la profusi\u00f3n de cada una de \u00e9stas.<\/p>\n<p>Sin embargo, todos sabemos que uno tras otro, todos estos animales de vuelo se han ido diezmando y restringiendo por motivos muy variados, probablemente relacionados entre s\u00ed: abandono de los campos, desertizaci\u00f3n, sequ\u00eda, aumento de los depredadores (hurracas, zorros, grajas, etc.), contaminaci\u00f3n de la atm\u00f3sfera, tendidos el\u00e9ctricos, uso de pesticidas, multiplicaci\u00f3n sin control de las capturas (escopetas de aire comprimido), y otros agentes nocivos m\u00e1s.<\/p>\n<p>En otros tiempos las leyes cuidaban con esmero de estos animales y dif\u00edcilmente se pod\u00eda romper el equilibrio ecol\u00f3gico a no ser por causas naturales: una sequ\u00eda, falta de alimentos, excesivas lluvias, fr\u00edo, etc., lo que provocaba casi siempre la emigraci\u00f3n de estas aves a otros lugares, a fin de asegurar la existencia.<\/p>\n<p>Los ejemplos de ese control institucional, estableciendo vedas y se\u00f1alando penas a los infractores, se descubren en muchos documentos. As\u00ed, existen una <b>ordenanzas confeccionadas por la ciudad de Almer\u00eda<\/b> en 1621 determinando los modos y el tiempo de la caza de gorriones. Y lo mismo sucede con las Ordenanzas de <b>Ser\u00f3n<\/b> de 1589, donde se proh\u00edbe taxativamente con grandes sanciones y penas todo tipo de caza, particularmente en los meses \u201cde la cr\u00eda de la dicha ca\u00e7a\u201d, que era en marzo, abril, mayo y junio, \u201c por ser tierra tard\u00eda\u201d. Pasado este tiempo se pod\u00eda cazar todo lo que se quer\u00eda \u201ccon escopeta, con bala o perdigones\u201d o con otro tipo de trampas, justific\u00e1ndolo en el da\u00f1o que hac\u00edan estos animales en los sembrados.<\/p>\n<p>Otras veces, como sucede en <b>Lorca<\/b>, se hac\u00edan repartimientos de p\u00e1jaros, autorizando a los labradores y cazadores a matarlos, pero se establec\u00eda un canon m\u00e1ximo de capturas, para acabar con su exceso y evitar \u201cel da\u00f1o que frecuentemente se experimenta en todos los sembrados\u201d (Actas Capitulares de Lorca, 17-IV-1779). Estos repartimientos los sol\u00eda hacer el procurador s\u00edndico personero del com\u00fan de vecinos de cada ciudad, aunque a veces eran personas de otros pueblos las que llegaban pidiendo licencia para cazar con redes y acabar pronto con el excedente de p\u00e1jaros, raz\u00f3n por la que sol\u00edan ser recompensados por los labradores y concejos. En una Acta Capitular de Vera del siglo XVII, de la que no recuerdo el a\u00f1o, se hace un repartimiento de p\u00e1jaros, permitiendo a cada vecino, sin distinci\u00f3n de clases, capturar hasta un m\u00e1ximo de 15 gorriones.<\/p>\n<p>Pero no nos ha tra\u00eddo aqu\u00ed el hecho de la caza, sino <b>la invasi\u00f3n de p\u00e1jaros que se produjo en Vera y sus alrededores en 1779<\/b>. La documentaci\u00f3n que utilizo procede del Archivo de la Real Chanciller\u00eda de Granada y del Archivo Hist\u00f3rico de Lorca. He buscado el expediente que debi\u00f3 hacer la Junta de Sanidad de Vera y que deb\u00eda de estar en su Archivo Municipal, pero hasta ahora la b\u00fasqueda ha resultado infructuosa.<\/p>\n<p>A principios del mes de mayo de 1779 llegaron procedentes del mar grandes bandadas de p\u00e1jaros que comenzaron a instalarse en los pueblos del partido de Vera, particularmente en el tri\u00e1ngulo que forman <b>Vera, Moj\u00e1car y Turre<\/b>, pero los p\u00e1jaros tambi\u00e9n llegaron a afectar a lugares tan distantes como Albox o Sorbas.<\/p>\n<p>Parece que previamente durante tres d\u00edas se asentaron el el <b>Campo de Cartagena<\/b>, en concreto en San Gin\u00e9s, pr\u00f3ximo al Mar Menor, donde inmediatamente se orden\u00f3 levantar la veda de caza \u201cpara que los cazadores acudiesen a aquel sitio, como tambi\u00e9n las gentes de los partidos inmediatos, a matarlos y espantarlos, disparando tiros, y que los nidos que ya principiaban a hacer se derivasen\u201d. Todo esto se hizo a lo largo de los tres d\u00edas que \u201cdur\u00f3 la calma de los vientos\u201d, pero al cambiar estos a viento de Levante, se pasaron a Lorca y de aqu\u00ed a Vera. Las pocas bandadas que quedaron en la zona murciana fueron r\u00e1pidamente extinguidas, afirmando su corregidor que no se volvieron a ver m\u00e1s en aquellos campos.<\/p>\n<p>Lo primero que nos llama la atenci\u00f3n es que se les llama p\u00e1jaros <b>\u201cultramarinos\u201d<\/b>, o sea, venidos por mar, probablemente desviadas por alguna circunstancia de su ruta habitual, pero nunca se les da otro nombre. Eran peque\u00f1os, del tama\u00f1o de los gorriones, pero distintos a estos. Alguien a quien le coment\u00e9 el caso me adujo que pod\u00eda tratarse de tordos, por el hecho de ser los olivos el lugar predilecto en el que se instalaban; sin embargo, todos sabemos que los tordos son un poco m\u00e1s grandes y no ponen 28 \u00f3 30 huevos por nido como se\u00f1alan los documentos.<\/p>\n<p>Los cientos de bandadas que llenaron el aire formando remolinos debieron apabullar a unos hombres que viv\u00edan de la agricultura y que vieron c\u00f3mo sus sembrados eran diezmados por los p\u00e1jaros. Pero este temor debi\u00f3 incrementarse cuando comprobaron las <b>ni<\/b><b>d<\/b><b>adas<\/b> de 30 pajarillos, que amenazaban con perpetuar este mal, y conminaban con provocar un colapso general de la producci\u00f3n de consecuencias incalculables.<\/p>\n<p>\u00c9sta fue la raz\u00f3n que llev\u00f3 al Corregidor de Vera a tomar cartas en el asunto, notificando al Consejo de Estado, el 25 de mayo, la existencia de los p\u00e1jaros y se\u00f1alando \u201cque apenas hab\u00eda rama, por chica que fuese, que no tuviese nidos\u201d. La actuaci\u00f3n en\u00e9rgica de este hombre se materializ\u00f3 en el reparto de armas, p\u00f3lvora y municiones a los vecinos de estos pueblos y a cazadores que vinieron de fuera para que les disparasen y derribasen los nidos. La persecuci\u00f3n de estos dur\u00f3 casi dos meses, pero al final qued\u00f3 destruida pr\u00e1cticamente toda la cosecha de cereales y frutos tempranos de aquel a\u00f1o. Por orden del Consejo de Estado se pag\u00f3 la p\u00f3lvora y la munici\u00f3n utilizada por cazadores y labradores de los fondos de Propios de los pueblos a los que afect\u00f3 la plaga.<\/p>\n<p>Por otro lado, se avis\u00f3 al resto de las circunscripciones o corregimientos del pa\u00eds para que estuviesen alertados y preparados por si la epidemia se desplazaba hacia esos lugares, dando instrucciones para atajarla. Tal fue la importancia dada al caso que estas circulares fueron mandadas a imprimir para difundirlas, lo que era poco usual en aquella \u00e9poca. Las contestaciones de los corregidores al Presidente de la <b>Chanciller\u00eda<\/b> de Granada se han conservado, y por \u00e9stas sabemos que esta invasi\u00f3n no pas\u00f3 de Vera, raz\u00f3n por la que nos tememos que los p\u00e1jaros fueron eliminados aqu\u00ed, o bien se fueron por donde hab\u00edan venido.<\/p>\n<p>*Despu\u00e9s de estar este trabajo en la imprenta, me informa la Archivera de Vera, Marisa Andr\u00e9s Uroz, que ha aparecido un expediente de 40 folios manuscritos que trata la invasi\u00f3n de p\u00e1jaros ultramarinos producida en 1779.<\/p>\n<p>DOCUMENTO<\/p>\n<p>1779, Octubre, 19. MADRID<\/p>\n<p>Circular del Consejo de Estado dirigida a todos los corregidores, inform\u00e1ndoles de la epidemia de p\u00e1jaros ultramarinos que asola el partido de la ciudad de Vera, y se\u00f1al\u00e1ndoles que tomen las medidas oportunas para el caso de que llegue hasta sus circunscripciones la mencionada invasi\u00f3n de p\u00e1jaros.<\/p>\n<p>Archivos de la Real Chanciller\u00eda de Granada, legajo 321-4389-15<\/p>\n<p>Habi\u00e9ndose dirigido la orden del tenor siguiente: El Corregidor de la Ciudad de vera, dio noticia al Consejo, el 25 de mayo pasado de este a\u00f1o, de haberse descubierto en t\u00e9rmino de aquella Ciudad, la de Moj\u00e1car, Lugar de Turre y otros Pueblos, una porci\u00f3n considerable de p\u00e1jaros ultramarinos que ocasionaban considerables perjuicios y da\u00f1os en sus sembrados, los que se acog\u00edan a los olivares haciendo el ellos nidos en crecido n\u00famero, habiendo advertido que apenas hab\u00eda rama, por chica que fuese, que no tuviese alguno, y en cada uno se hallaba el n\u00famero considerable de 28 a 30 huevos. Que para su exterminio hab\u00eda dispuesto pasasen varias gentes a los olivares, y con varas y ca\u00f1as derribasen los nidos, por cuyo medio, y el de disparar varios tiros, para lo que se hizo repartir municiones a los vecinos, se iba disminuyendo la playa de dichos p\u00e1jaros; y que ten\u00eda noticia de que antes se hab\u00eda experimentado igual plaga en los Campos de Lorca.<\/p>\n<p>El Consejo en su vista aprob\u00f3 las diligencias practicadas por dicho Corregidor y mand\u00f3 las continuase por cuantos medios fuesen conducentes, a fin de exterminar dichos p\u00e1jaros, dando para ello las \u00f3rdenes convenientes a las Justicias de los Pueblos donde se hab\u00edan descubierto, para que tomasen por s\u00ed las m\u00e1s eficaces a dicho efecto, con prevenci\u00f3n de que ser\u00edan responsables en caso de omisi\u00f3n a los perjuicios que resultasen; y que el Corregidor diese cuenta al Consejo de lo que fuese ocurriendo.<\/p>\n<p>Posteriormente en cumplimiento de lo mandado por el Consejo, dio noticia el mismo Corregidor de haber proseguido las diligencias para el exterminio de dichos p\u00e1jaros, derrib\u00e1ndose los nidos de los olivares (porque no lo hac\u00edan en otros \u00e1rboles), auyent\u00e1ndoles con tiros y hondas, y persigui\u00e9ndolos a los sitios donde hac\u00edan mansi\u00f3n, por cuyos medios se hab\u00eda logrado quasi su total exterminio, y que fuesen menores los da\u00f1os que causaban.<\/p>\n<p>El Consejo en su vista y de lo expuesto por el se\u00f1or Fiscal, se ha servido aprobar las diligencias practicadas por dicho Corregidor de Vera para el exterminio de dichos p\u00e1jaros ultramarinos, y ha acordado entre otras cosas se le abone del caudal de Propios de los Pueblos donde se experiment\u00f3 dicha plaga, el costo de la P\u00f3lvora, que se ha consumido en esta operaci\u00f3n y que prevenga a las Justicias de los Pueblos de su Jurisdicci\u00f3n las providencias que deban tomar en lo sucesivo, hall\u00e1ndose sobre aviso por si en el a\u00f1o pr\u00f3ximo que viene ocurre igual plaga, procurando extinguirla los vecinos en com\u00fan, reparti\u00e9ndose por Pagos o sitios a donde m\u00e1s carguen aquellas a ves.<\/p>\n<p>As\u00edmismo, ha acordado el Consejo se avise a Vuestra Se\u00f1or\u00eda de este acaecido, como lo executo, para que por su parte tome las providencias convenientes con anticipaci\u00f3n para el caso de verificarse esta playa en el a\u00f1o pr\u00f3ximo que viene, comunic\u00e1ndolas a las Justicias de los Pueblos de la Costa de Granada, y dando cuenta a el Concejo de cualquiera novedad que se experimente en el asunto. Y de su orden lo participo a Vuestra Se\u00f1or\u00eda para su inteligencia y cumplimiento; y del recibo de \u00e9sta me dar\u00e1 aviso para ponerlo en la superior noticia del Consejo.<\/p>\n<p>Dios guarde a Vuestra Se\u00f1or\u00eda muchos a\u00f1os. Madrid 19 de octubre de 1779. Don Antonio Mart\u00ednez Salazar (r\u00fabica). Se\u00f1or Presidente de la Real Chanciller\u00eda de Granada. La comunico a V, para que en caso de verificarse la citada plaga, proceda por cuanto medios sean dables a la extinci\u00f3n y reparo de da\u00f1os, evitando todo perjuicio, dando las \u00f3rdenes m\u00e1s prontas y oportunas para ello, que comunicar\u00e1 V. a las Justicias del su Partido; y me avisar\u00e1 el recibo de \u00e9sta haberlo practicado, y las resultas para dar cuenta al Real Consejo.<\/p>\n<p>Dios guarde a V. muchos a\u00f1os. Granada, octubre de 1779. Don Ger\u00f3nimo Velarde y Sola (r\u00fabrica).<\/p>\n<hr \/>\n<p>https:\/\/www.researchgate.net\/publication\/336287181_Una_plaga_de_aves_ultramarinas_en_la_Espana_de_Carlos_III_A_pest_of_overseas_birds_in_the_Spain_of_Carlos_III<\/p>\n<p>https:\/\/www.raco.cat\/index.php\/ABC\/article\/download\/10.32800-abc.2018.41.0365\/431151<\/p>\n","protected":false},"excerpt":{"rendered":"<p>Se copia el art\u00edculo escrito por Juan Grima Cervantes, Profesor de Historia, investigador y editor, publicado por la revista Vera 30 en 1990.<\/p>\n","protected":false},"author":7,"featured_media":4717,"comment_status":"open","ping_status":"closed","sticky":false,"template":"","format":"standard","meta":{"footnotes":""},"categories":[3,109],"tags":[343,285,371],"class_list":["post-4715","post","type-post","status-publish","format-standard","has-post-thumbnail","hentry","category-archivo","category-historia","tag-epidemia","tag-juan-grima-cervantes","tag-pajaro"],"_links":{"self":[{"href":"https:\/\/blog.vera.es\/cultura\/wp-json\/wp\/v2\/posts\/4715","targetHints":{"allow":["GET"]}}],"collection":[{"href":"https:\/\/blog.vera.es\/cultura\/wp-json\/wp\/v2\/posts"}],"about":[{"href":"https:\/\/blog.vera.es\/cultura\/wp-json\/wp\/v2\/types\/post"}],"author":[{"embeddable":true,"href":"https:\/\/blog.vera.es\/cultura\/wp-json\/wp\/v2\/users\/7"}],"replies":[{"embeddable":true,"href":"https:\/\/blog.vera.es\/cultura\/wp-json\/wp\/v2\/comments?post=4715"}],"version-history":[{"count":2,"href":"https:\/\/blog.vera.es\/cultura\/wp-json\/wp\/v2\/posts\/4715\/revisions"}],"predecessor-version":[{"id":4719,"href":"https:\/\/blog.vera.es\/cultura\/wp-json\/wp\/v2\/posts\/4715\/revisions\/4719"}],"wp:featuredmedia":[{"embeddable":true,"href":"https:\/\/blog.vera.es\/cultura\/wp-json\/wp\/v2\/media\/4717"}],"wp:attachment":[{"href":"https:\/\/blog.vera.es\/cultura\/wp-json\/wp\/v2\/media?parent=4715"}],"wp:term":[{"taxonomy":"category","embeddable":true,"href":"https:\/\/blog.vera.es\/cultura\/wp-json\/wp\/v2\/categories?post=4715"},{"taxonomy":"post_tag","embeddable":true,"href":"https:\/\/blog.vera.es\/cultura\/wp-json\/wp\/v2\/tags?post=4715"}],"curies":[{"name":"wp","href":"https:\/\/api.w.org\/{rel}","templated":true}]}}