{"id":4705,"date":"2022-12-19T07:33:23","date_gmt":"2022-12-19T07:33:23","guid":{"rendered":"https:\/\/blog.vera.es\/cultura\/?p=4705"},"modified":"2022-12-19T07:59:44","modified_gmt":"2022-12-19T07:59:44","slug":"1837-en-vera-clemente-flores","status":"publish","type":"post","link":"https:\/\/blog.vera.es\/cultura\/2022\/12\/19\/1837-en-vera-clemente-flores\/","title":{"rendered":"D\u00cdA DE LA CONSTITUCI\u00d3N ESPA\u00d1OLA. 1837 EN VERA. CLEMENTE FLORES"},"content":{"rendered":"\n<p>Art\u00edculo de Clemente Flores Montoya publicado en <em>Almer\u00eda Hoy<\/em>, el 12-12-2022: CELEBRACIONES. D\u00cdA DE LA CONSTITUCI\u00d3N ESPA\u00d1OLA.<\/p>\n\n\n<p><!--more--><\/p>\n\n\n<p>Clemente Flores Montoya (Moj\u00e1car 1942). Curs\u00f3 estudios primarios en la Escuela Nacional de Moj\u00e1car obteniendo el correspondiente certificado en Turre. Estudi\u00f3 Obras P\u00fablicas en la Escuela de Madrid (1966). Es licenciado en Ciencias Pol\u00edticas y Sociolog\u00eda por la Universidad Complutense de Madrid.<\/p>\n\n\n\n<p><\/p>\n\n\n\n<figure class=\"wp-block-image size-full is-resized\"><a href=\"https:\/\/blog.vera.es\/cultura\/wp-content\/uploads\/sites\/2\/2022\/12\/Clemente_Flores_AT-300x225-1.jpg\"><img decoding=\"async\" src=\"https:\/\/blog.vera.es\/cultura\/wp-content\/uploads\/sites\/2\/2022\/12\/Clemente_Flores_AT-300x225-1.jpg\" alt=\"\" class=\"wp-image-4707\" width=\"211\" height=\"158\" \/><\/a><\/figure>\n\n\n\n<p>La Constituci\u00f3n Espa\u00f1ola es la ley mas importante de nuestro sistema jur\u00eddico y es la base o cimiento donde se fundamentan las dem\u00e1s leyes. Con su promulgaci\u00f3n se busc\u00f3 garantizar la convivencia democr\u00e1tica de todos los espa\u00f1oles, establecer una sociedad democr\u00e1tica avanzada y consolidar un Estado de Derecho que asegurara el Imperio de la ley como expresi\u00f3n de la voluntad popular. Fue aprobada por refer\u00e9ndum de la naci\u00f3n el 6 de diciembre de 1978.<\/p>\n\n\n\n<p>Hoy se ha celebrado la fiesta de la Constituci\u00f3n. Con tal motivo se han convocado distintos actos oficiales en los que han participado tanto personajes como instituciones de la vida pol\u00edtica del pa\u00eds. Pasada la epidemia del Covid-19, el Congreso de los Diputados ha celebrado el d\u00eda de puertas abiertas.<\/p>\n\n\n\n<p>Seg\u00fan he le\u00eddo, algunos partidos con representaci\u00f3n parlamentaria como ERC, PNV, EH-Bildu, JUNTS, PDCat, Compromis, BNG, y Vox no acudieron a los actos convocados.<\/p>\n\n\n\n<p><strong>LOS ENEMIGOS DE LA CONSTITUCI\u00d3N<\/strong><\/p>\n\n\n\n<p>La Constituci\u00f3n no es, ni mucho menos perfecta, pero es un conjunto de leyes y principios pactados para mantener un sistema democr\u00e1tico. La democracia como sistema pol\u00edtico tiene algunos enemigos en nuestro pa\u00eds. Los mas numerosos y los peores, aunque cueste creerlo, son los propios pol\u00edticos y sus partidos que, alejados de los aut\u00e9nticos problemas de los ciudadanos, con su comportamiento despectivo y sus ataques continuos, contribuyen al deterioro de las instituciones democr\u00e1ticas (parlamentos, universidades, justicia ) y al menosprecio y ridiculizaci\u00f3n de la propia Constituci\u00f3n. Esta forma de proceder, cada d\u00eda mas enconada y cicatera, ser\u00eda insultante para el ciudadano de a pie, si no fuese tan manifiestamente est\u00fapida. Nadie con dos dedos de frente escupe en el plato que come. Actuando con prepotencia y en ausencia de cualquier tipo de autocr\u00edtica, sin mesura en sus desprop\u00f3sitos, los pol\u00edticos, est\u00e1n alimentando una creciente desconfianza entre los ciudadanos, que cada d\u00eda dudan m\u00e1s de su eficacia y de su honestidad.<\/p>\n\n\n\n<p>Es obvio, pero hay que recordar que los partidos pol\u00edticos son legales porque la Constituci\u00f3n lo ha previsto as\u00ed. Las modificaciones de las leyes actualmente en marcha son claramente un posicionamiento de los pol\u00edticos, por encima de la sociedad y del Estado. No se puede colocar la pol\u00edtica por encima de la raz\u00f3n y contra ella y no se puede sustituir la Constituci\u00f3n por los decretos-leyes. A ning\u00fan pol\u00edtico se le cae la cara de verg\u00fcenza por tratar de incumplir las leyes y por predicar y actuar contra la Constituci\u00f3n. \u00bfQu\u00e9 es pol\u00edtica para estos se\u00f1ores? Cambiar, modificar e interpretar las leyes, contra toda l\u00f3gica, lejos y apart\u00e1ndose de cualquier conocimiento cient\u00edfico, negando cualquier experiencia hist\u00f3rica, cuando y como les apetezca.<\/p>\n\n\n\n<p>Cost\u00f3 mucho llegar a redactarla y aceptarla y no se puede mangonear ni jugar con ella.<\/p>\n\n\n\n<p>Para que todas las leyes que se dicten sean coherentes con el contenido de la Constituci\u00f3n, no entren en contradicci\u00f3n con \u00e9sta ni existan fricciones con otras instituciones, la Constituci\u00f3n dispone la existencia de un tribunal, el Tribunal Constitucional, con competencia para juzgar y sentenciar los casos donde se susciten dudas o recelos.<\/p>\n\n\n\n<p>De acuerdo con el art\u00edculo 164 de la Constituci\u00f3n, las sentencias del Tribunal Constitucional tienen el valor de cosa juzgada y no cabe recurso alguno contra ellas. Las sentencias de dicho tribunal que declaren la inconstitucionalidad de una ley o de una norma con fuerza de ley tienen plenos efectos frente a todos. \u00bfPor que no se pone nadie de acuerdo en nombrar los miembros de este tribunal?<\/p>\n\n\n\n<p>El poder a cualquier precio. Y como soluci\u00f3n, dijo un presidente corto de mollera : \u201cHabr\u00e1 que hacer una labor de arquitectura jur\u00eddica, si lo que dice la Constituci\u00f3n no me permite hacer mi santa voluntad\u201d. Lo m\u00e1s f\u00e1cil, \u201cgobernar por decreto\u201d. Todos callando y vamos tirando.<\/p>\n\n\n\n<p>No cabe mayor instrumentalizaci\u00f3n del derecho y de la democracia. No pueden los juristas, poni\u00e9ndose de lado, hacer mayor traici\u00f3n al derecho a favor de los pol\u00edticos si as\u00ed se perpet\u00faan en el poder.<\/p>\n\n\n\n<p>No pueden ir bien las cosas si son las zorras quienes guardan a las gallinas. Hablar de estas cosas aburre ya hasta a las ovejas.<\/p>\n\n\n\n<p>Aunque sea a t\u00edtulo de curiosidad creo que es m\u00e1s divertido dejar el relato de la actualidad y contar como actuaron nuestros paisanos en otras \u00e9pocas.<\/p>\n\n\n\n<p><strong>PALACIO DE LA GRANJA. AGOSTO 1836<\/strong> La reina regente Mar\u00eda Cristina de Borb\u00f3n y su hija Isabel de 5 a\u00f1os veranean en su Palacio de La Granja cerca de Segovia. Un grupo de sargentos y la Guardia Real se sublevan y obligan a la Reina Regente a poner en vigor la Constituci\u00f3n de C\u00e1diz de 1812 y a nombrar un gobierno liberal-progresista. El nuevo gobierno se pone a redactar una nueva Constituci\u00f3n.<\/p>\n\n\n\n<p><strong>VERA (ALMER\u00cdA) 4 de JULIO de 1837<\/strong><\/p>\n\n\n\n<p>El Ayuntamiento recibe por correo la Gaceta de Madrid donde se inserta literalmente la nueva Constituci\u00f3n de la Monarqu\u00eda Espa\u00f1ola.<\/p>\n\n\n\n<p><em>\u201cD\u00aa Isabel II por la Gracia de Dios y la Constituci\u00f3n de la Monarqu\u00eda Reina de las Espa\u00f1as y durante su menor Edad la Reina viuda su Madre Mar\u00eda Cristina de Borb\u00f3n Gobernadora del Reino sabed: Que las Cortes Generales congregadas a este fin decretan y sancionan la siguiente Constituci\u00f3n\u2026<\/em><\/p>\n\n\n\n<p><em>\u2026Tendr\u00e9is entendido y dispondr\u00e9is lo necesario para su cumplimiento, haci\u00e9ndola imprimir, publicar y circular. Yo la Reina Gobernadora 18 junio 1837\u201d.<\/em><\/p>\n\n\n\n<p><strong>PLENO DEL AYUNTAMIENTO DE VERA. 5 JULIO 1837<\/strong><\/p>\n\n\n\n<p>Se acord\u00f3 que \u201cDe acuerdo a lo prevenido se guarde y cumpla el debido acatamiento y que siendo publicada, promulgada y jurada con toda la pompa y solemnidad requerida se verifique el primer acto el d\u00eda 7 a las cinco de la tarde y el segundo a las ocho de la ma\u00f1ana del pr\u00f3ximo domingo d\u00eda festivo inmediato encareciendo la asistencia y puntualidad a los actos que tienen por objeto hacer entender al pueblo que una vez sancionado el pacto social entre \u00e9l y el trono debe interesarse en sostenerlo para dar firmeza a las instituciones: Desde el mismo d\u00eda se\u00f1alado para promulgarse, hasta el domingo inclusive, en que ha de jurarse debe haber iluminaci\u00f3n especial en las tres noches consecutivas y en el primero y \u00faltimo d\u00eda repique general de campanas y las salvas de ordenanza por la Milicia Nacional local entreg\u00e1ndose el pueblo a toda clase de regocijo p\u00fablico.<\/p>\n\n\n\n<p>El Ayuntamiento, satisfecho de la lealtad y civismo de sus habitantes no duda que demostrar\u00e1n, como siempre, la sensatez y cordura que le caracterizan no empa\u00f1ando con ning\u00fan g\u00e9nero de excesos d\u00edas tan deliciosos\u201d.<\/p>\n\n\n\n<p>Igualmente se acord\u00f3 \u201crequerir al Caballero Cura P\u00e1rroco para que prepare un discurso o pl\u00e1tica conforme a la ocasi\u00f3n y, con la mayor pompa posible, la misa que se ha de celebrar el pr\u00f3ximo Domingo en la Iglesia Parroquial.<\/p>\n\n\n\n<p><strong>VERA. 9 JULIO 1837<\/strong><\/p>\n\n\n\n<p><em>\u201cReunidos en las Salas Consistoriales los seis caballeros que componen el Ayuntamiento Constitucional de la misma y las autoridades civiles, eclesi\u00e1sticas y militares con otras personas notables y un inmenso concurso, que lleno de patri\u00f3tica emoci\u00f3n, aguardaba a las puertas del Ayuntamiento se dirigieron a la Iglesia Parroquial en la que se celebr\u00f3 una misa solemne de acci\u00f3n de gracias y le\u00edda la Constituci\u00f3n, antes del ofertorio, se hizo por el digno Cura P\u00e1rroco una brillante exhortaci\u00f3n correspondiente al grandioso objeto que representaba emitiendo las m\u00e1s sanas ideas de virtud y de liberalismo dando a conocer al pueblo los beneficios que deben esperarse de la promulgaci\u00f3n de la nueva Constituci\u00f3n\u2026 Y despu\u00e9s de concluida la misa se prest\u00f3 juramento por todos los vecinos y el clero a una voz, haciendo el procedimiento de guardar la Constituci\u00f3n bajo la f\u00f3rmula prevenida en el art\u00edculo tercero del Real Decreto de 15 de junio. El acto se concluy\u00f3 cantando un Tedeum\u201d<\/em>.<\/p>\n\n\n\n<p>No estaba previsto decir, al hablar de estas celebraciones, que la democracia como sistema pol\u00edtico tiene bastantes enemigos en nuestro pa\u00eds y que los mas numerosos y los peores son los pol\u00edticos. Son como ni\u00f1os y juegan con fuego.<\/p>\n\n\n\n<p>\u00a1Cu\u00e1nto desconocemos de la realidad en que vivimos!<\/p>\n","protected":false},"excerpt":{"rendered":"<p>Art\u00edculo de Clemente Flores Montoya publicado en Almer\u00eda Hoy, el 12-12-2022: CELEBRACIONES. D\u00cdA DE LA CONSTITUCI\u00d3N ESPA\u00d1OLA.<\/p>\n","protected":false},"author":7,"featured_media":4710,"comment_status":"open","ping_status":"closed","sticky":false,"template":"","format":"standard","meta":{"footnotes":""},"categories":[3,20,109],"tags":[370],"class_list":["post-4705","post","type-post","status-publish","format-standard","has-post-thumbnail","hentry","category-archivo","category-colaboraciones","category-historia","tag-clemente-flores-montoya"],"_links":{"self":[{"href":"https:\/\/blog.vera.es\/cultura\/wp-json\/wp\/v2\/posts\/4705","targetHints":{"allow":["GET"]}}],"collection":[{"href":"https:\/\/blog.vera.es\/cultura\/wp-json\/wp\/v2\/posts"}],"about":[{"href":"https:\/\/blog.vera.es\/cultura\/wp-json\/wp\/v2\/types\/post"}],"author":[{"embeddable":true,"href":"https:\/\/blog.vera.es\/cultura\/wp-json\/wp\/v2\/users\/7"}],"replies":[{"embeddable":true,"href":"https:\/\/blog.vera.es\/cultura\/wp-json\/wp\/v2\/comments?post=4705"}],"version-history":[{"count":5,"href":"https:\/\/blog.vera.es\/cultura\/wp-json\/wp\/v2\/posts\/4705\/revisions"}],"predecessor-version":[{"id":4713,"href":"https:\/\/blog.vera.es\/cultura\/wp-json\/wp\/v2\/posts\/4705\/revisions\/4713"}],"wp:featuredmedia":[{"embeddable":true,"href":"https:\/\/blog.vera.es\/cultura\/wp-json\/wp\/v2\/media\/4710"}],"wp:attachment":[{"href":"https:\/\/blog.vera.es\/cultura\/wp-json\/wp\/v2\/media?parent=4705"}],"wp:term":[{"taxonomy":"category","embeddable":true,"href":"https:\/\/blog.vera.es\/cultura\/wp-json\/wp\/v2\/categories?post=4705"},{"taxonomy":"post_tag","embeddable":true,"href":"https:\/\/blog.vera.es\/cultura\/wp-json\/wp\/v2\/tags?post=4705"}],"curies":[{"name":"wp","href":"https:\/\/api.w.org\/{rel}","templated":true}]}}