{"id":4681,"date":"2022-06-03T16:45:44","date_gmt":"2022-06-03T16:45:44","guid":{"rendered":"https:\/\/blog.vera.es\/cultura\/?p=4681"},"modified":"2022-06-03T16:52:49","modified_gmt":"2022-06-03T16:52:49","slug":"moros-y-cristianos-de-vera-2022","status":"publish","type":"post","link":"https:\/\/blog.vera.es\/cultura\/2022\/06\/03\/moros-y-cristianos-de-vera-2022\/","title":{"rendered":"MOROS Y CRISTIANOS DE VERA 2022"},"content":{"rendered":"<p>Moros y cristianos de Vera 2022.<\/p>\n<p><!--more--><\/p>\n<p class=\"mce\">El pr\u00f3ximo jueves 2 de junio dar\u00e1 comienzo la<strong class=\"mce\"> VIII Semana Cultural Moros y Cristianos de\u00a0Vera\u00a02022<\/strong>, que llega con una completa programaci\u00f3n relacionada con la que sin duda es la fiesta m\u00e1s popular y participativa del municipio veratense, que este a\u00f1o adem\u00e1s celebra el <strong class=\"mce\">quinto centenario<\/strong>desde que se iniciara la construcci\u00f3n de la poblaci\u00f3n.<\/p>\n<div class=\"ad-v\">\n<div id=\"ads-container-1180793353\" class=\"ad-v ad-300x250\"><\/div>\n<\/div>\n<p class=\"mce\">Esta efem\u00e9rides, el V Centenario de la Construcci\u00f3n de la Ciudad de\u00a0Vera\u00a0(1522-2022), ser\u00e1 uno de los motivos centrales de esta semana cultural, a trav\u00e9s de una exposici\u00f3n que, bajo el t\u00edtulo\u00a0<em class=\"mce\">El renacimiento de una ciudad en su territorio cercano<\/em>, ser\u00e1 coordinada por el arquitecto <strong class=\"mce\">Luis Cano<\/strong> Rodr\u00edguez.<\/p>\n<div id=\"sm-it-main-container-1654274507037\" class=\"sm-it-main-container\" data-it=\"7f9a1060-fcaa-4232-9db0-bbc31d0f95dd\" data-device=\"mobile\" data-index=\"0\">\n<p class=\"mce\">La muestra, que<strong class=\"mce\"> podr\u00e1 visitarse entre el 2 y el 15 de junio en el Convento de la Victoria<\/strong>, expondr\u00e1 distintas maquetas de la Vera\u00a0del siglo XVI, elaboradas por Arquitectura Monumenta. El acto de inauguraci\u00f3n tendr\u00e1 lugar en la tarde del jueves 2 de junio, a partir de las 20:30 horas.<\/p>\n<p class=\"mce\">Se trata de una exposici\u00f3n que, adem\u00e1s, tambi\u00e9n se podr\u00e1 disfrutar de forma telem\u00e1tica, ya que estar\u00e1 accesible en la <strong class=\"mce\">Sala de Exposiciones Virtual<\/strong> a trav\u00e9s de la <a class=\"mce\" href=\"http:\/\/www.morosycristianosvera.com\/\">web<\/a> de los Moros y Cristianos de Vera.<\/p>\n<p class=\"mce\">La transmisi\u00f3n de conocimiento es uno de los principales puntales de esta octava edici\u00f3n de la Semana Cultural con motivo de las fiestas de Moros y Cristianos de Vera. En este marco, el viernes 3 de junio tendr\u00e1 lugar la conferencia y presentaci\u00f3n del libro <em class=\"mce\">Andaluc\u00eda, Tierra de Moros y Cristianos<\/em> (Premio Memorial Blas Infante 2020), a cargo de <strong class=\"mce\">Miguel \u00c1ngel Mart\u00ednez Pozo<\/strong>, Doctor en Humanidades y Ciencias Sociales. El acto se desarrollar\u00e1 igualmente en el\u00a0Convento de la Victoria, a partir de las 20:30 horas.<\/p>\n<p class=\"mce\">Ya el s\u00e1bado 4 de junio tendr\u00e1 lugar la <strong class=\"mce\">III Jornada Internacional <\/strong><em class=\"mce\">La Fiesta de Moros y Cristianos en el Per\u00fa<\/em><strong class=\"mce\">,<\/strong> con una ponencia a cargo de Milena C\u00e1ceres Valderrama, de la Pontificia Universidad Cat\u00f3lica de Per\u00fa. El horario ser\u00e1 el mismo, tambi\u00e9n en el Convento de la Victoria.<\/p>\n<p class=\"mce\">Formar\u00e1 parte igualmente de este acto, al t\u00e9rmino de la conferencia, un <strong class=\"mce\">concierto de m\u00fasica antigua<\/strong>, <em class=\"mce\">Alfonso X, las otras cantigas<\/em>, a cargo de la compa\u00f1\u00eda M\u00fasicos de Ure\u00f1a. La entrada ser\u00e1 libre hasta completar aforo.<\/p>\n<p class=\"mce\">Y m\u00e1s conferencias engrosar\u00e1n el programa de esta Semana Cultural, ya que el lunes 6 de junio tendr\u00e1 lugar la ponencia <em class=\"mce\">Bayra. Arqueolog\u00eda de un Se\u00edsmo<\/em>, a cargo de <strong class=\"mce\">Alberto Garc\u00eda Porras<\/strong>, Profesor titular del Departamento de Historia Medieval, y<strong class=\"mce\"> Mois\u00e9s Alonso Valladares<\/strong>, investigador predoctoral de la UGR. Ambos son directores de la intervenci\u00f3n arqueol\u00f3gica llevada a cabo en el Cerro del Esp\u00edritu Santo en 2021.<\/p>\n<p class=\"mce\">De igual forma, durante el acto se celebrar\u00e1 la proyecci\u00f3n del v\u00eddeo <strong class=\"mce\">Bayra, donde mi tierra llega al mar,<\/strong> patrocinado por la Diputaci\u00f3n Provincial de Almer\u00eda. Ser\u00e1 en el Cine Regio, a partir de las 20:30 horas.<\/p>\n<div class=\"ad-v\">\n<div id=\"ads-container-1565018754\" class=\"ad-v ad-300x250\"><\/div>\n<\/div>\n<p class=\"mce\">Tanto las conferencias como la Jornada Internacional ser\u00e1n retransmitidas por el programa Fent Festa, y se podr\u00e1n ver on line a trav\u00e9s de las p\u00e1ginas de Facebook y Youtube de Moros y Cristianos de Vera y del Ayuntamiento.<\/p>\n<\/div>\n","protected":false},"excerpt":{"rendered":"<p>Moros y cristianos de Vera 2022.<\/p>\n","protected":false},"author":7,"featured_media":4685,"comment_status":"open","ping_status":"closed","sticky":false,"template":"","format":"standard","meta":{"footnotes":""},"categories":[1],"tags":[],"class_list":["post-4681","post","type-post","status-publish","format-standard","has-post-thumbnail","hentry","category-sin-categoria"],"_links":{"self":[{"href":"https:\/\/blog.vera.es\/cultura\/wp-json\/wp\/v2\/posts\/4681","targetHints":{"allow":["GET"]}}],"collection":[{"href":"https:\/\/blog.vera.es\/cultura\/wp-json\/wp\/v2\/posts"}],"about":[{"href":"https:\/\/blog.vera.es\/cultura\/wp-json\/wp\/v2\/types\/post"}],"author":[{"embeddable":true,"href":"https:\/\/blog.vera.es\/cultura\/wp-json\/wp\/v2\/users\/7"}],"replies":[{"embeddable":true,"href":"https:\/\/blog.vera.es\/cultura\/wp-json\/wp\/v2\/comments?post=4681"}],"version-history":[{"count":1,"href":"https:\/\/blog.vera.es\/cultura\/wp-json\/wp\/v2\/posts\/4681\/revisions"}],"predecessor-version":[{"id":4682,"href":"https:\/\/blog.vera.es\/cultura\/wp-json\/wp\/v2\/posts\/4681\/revisions\/4682"}],"wp:featuredmedia":[{"embeddable":true,"href":"https:\/\/blog.vera.es\/cultura\/wp-json\/wp\/v2\/media\/4685"}],"wp:attachment":[{"href":"https:\/\/blog.vera.es\/cultura\/wp-json\/wp\/v2\/media?parent=4681"}],"wp:term":[{"taxonomy":"category","embeddable":true,"href":"https:\/\/blog.vera.es\/cultura\/wp-json\/wp\/v2\/categories?post=4681"},{"taxonomy":"post_tag","embeddable":true,"href":"https:\/\/blog.vera.es\/cultura\/wp-json\/wp\/v2\/tags?post=4681"}],"curies":[{"name":"wp","href":"https:\/\/api.w.org\/{rel}","templated":true}]}}