{"id":4657,"date":"2021-12-03T10:14:25","date_gmt":"2021-12-03T10:14:25","guid":{"rendered":"https:\/\/blog.vera.es\/cultura\/?p=4657"},"modified":"2021-12-03T10:38:05","modified_gmt":"2021-12-03T10:38:05","slug":"antas-simposio-internacional-en-el-argar","status":"publish","type":"post","link":"https:\/\/blog.vera.es\/cultura\/2021\/12\/03\/antas-simposio-internacional-en-el-argar\/","title":{"rendered":"ANTAS. SIMPOSIO INTERNACIONAL EN EL ARGAR"},"content":{"rendered":"<p>Antas. <em>Simposio Internacional en el Argar<\/em>.<\/p>\n<p><!--more--><\/p>\n<p>Art\u00edculo de El Diario de Almer\u00eda. 31-10-2021<\/p>\n<p>https:\/\/www.diariodealmeria.es\/ocio\/Simposio-Internacional-Argar-Bronce-Antas_0_1624938108.html<\/p>\n<p class=\"mce\">La delegada territorial de Fomento, Infraestructuras, Ordenaci\u00f3n del Territorio, Cultura y Patrimonio Hist\u00f3rico, Elo\u00edsa Cabrera, presentaba recientemente en el Museo de Almer\u00eda, el cartel del Simposio Internacional El Argar que se celebrar\u00e1 en Antas del 4 al 8 de diciembre. Junto a la delegada participaron en el acto, el alcalde del citado municipio, Pedro Ridao; el director cient\u00edfico del simposio, Oswaldo Arteaga y el subdelegado del Gobierno, Manuel de la Fuente.<\/p>\n<p class=\"mce\">La responsable de la Delegaci\u00f3n de Cultura y Patrimonio Hist\u00f3rico de la Junta de Andaluc\u00eda, se\u00f1al\u00f3 que el objetivo del simposio es \u201ccrear debate entre 22 expertos, catedr\u00e1ticos en su mayor\u00eda, para analizar la importancia de El Argar y acordar las bases del futuro proyecto de investigaci\u00f3n, conservaci\u00f3n y puesta en valor\u201d e incidi\u00f3 en que desde la Consejer\u00eda de Cultura y Patrimonio Hist\u00f3rico \u201cestamos trabajando, colaborando con el municipio de Antas en la puesta en valor del Argar y ahora se va a poner en marcha un proyecto de investigaci\u00f3n muy interesante\u201d.<\/p>\n<p><!--more--><\/p>\n<p><a href=\"https:\/\/blog.vera.es\/cultura\/wp-content\/uploads\/sites\/2\/2021\/12\/0f93217e-50c7-44ac-9A-593-9c33f5d68e89.jpg\"><img fetchpriority=\"high\" decoding=\"async\" class=\"alignnone size-medium wp-image-4658\" src=\"https:\/\/blog.vera.es\/cultura\/wp-content\/uploads\/sites\/2\/2021\/12\/0f93217e-50c7-44ac-9A-593-9c33f5d68e89-210x300.jpg\" alt=\"\" width=\"210\" height=\"300\" srcset=\"https:\/\/blog.vera.es\/cultura\/wp-content\/uploads\/sites\/2\/2021\/12\/0f93217e-50c7-44ac-9A-593-9c33f5d68e89-210x300.jpg 210w, https:\/\/blog.vera.es\/cultura\/wp-content\/uploads\/sites\/2\/2021\/12\/0f93217e-50c7-44ac-9A-593-9c33f5d68e89-716x1024.jpg 716w, https:\/\/blog.vera.es\/cultura\/wp-content\/uploads\/sites\/2\/2021\/12\/0f93217e-50c7-44ac-9A-593-9c33f5d68e89-768x1099.jpg 768w, https:\/\/blog.vera.es\/cultura\/wp-content\/uploads\/sites\/2\/2021\/12\/0f93217e-50c7-44ac-9A-593-9c33f5d68e89-1073x1536.jpg 1073w, https:\/\/blog.vera.es\/cultura\/wp-content\/uploads\/sites\/2\/2021\/12\/0f93217e-50c7-44ac-9A-593-9c33f5d68e89.jpg 1118w\" sizes=\"(max-width: 210px) 100vw, 210px\" \/><\/a><\/p>\n<p><a href=\"https:\/\/blog.vera.es\/cultura\/wp-content\/uploads\/sites\/2\/2021\/12\/PROGRAMA-1.jpg\"><img decoding=\"async\" class=\"alignnone size-medium wp-image-4659\" src=\"https:\/\/blog.vera.es\/cultura\/wp-content\/uploads\/sites\/2\/2021\/12\/PROGRAMA-1-212x300.jpg\" alt=\"\" width=\"212\" height=\"300\" srcset=\"https:\/\/blog.vera.es\/cultura\/wp-content\/uploads\/sites\/2\/2021\/12\/PROGRAMA-1-212x300.jpg 212w, https:\/\/blog.vera.es\/cultura\/wp-content\/uploads\/sites\/2\/2021\/12\/PROGRAMA-1-724x1024.jpg 724w, https:\/\/blog.vera.es\/cultura\/wp-content\/uploads\/sites\/2\/2021\/12\/PROGRAMA-1-768x1086.jpg 768w, https:\/\/blog.vera.es\/cultura\/wp-content\/uploads\/sites\/2\/2021\/12\/PROGRAMA-1.jpg 794w\" sizes=\"(max-width: 212px) 100vw, 212px\" \/><\/a><\/p>\n<p><a href=\"https:\/\/blog.vera.es\/cultura\/wp-content\/uploads\/sites\/2\/2021\/12\/PROGRAMA-2.jpg\"><img decoding=\"async\" class=\"alignnone size-medium wp-image-4660\" src=\"https:\/\/blog.vera.es\/cultura\/wp-content\/uploads\/sites\/2\/2021\/12\/PROGRAMA-2-212x300.jpg\" alt=\"\" width=\"212\" height=\"300\" srcset=\"https:\/\/blog.vera.es\/cultura\/wp-content\/uploads\/sites\/2\/2021\/12\/PROGRAMA-2-212x300.jpg 212w, https:\/\/blog.vera.es\/cultura\/wp-content\/uploads\/sites\/2\/2021\/12\/PROGRAMA-2-724x1024.jpg 724w, https:\/\/blog.vera.es\/cultura\/wp-content\/uploads\/sites\/2\/2021\/12\/PROGRAMA-2-768x1086.jpg 768w, https:\/\/blog.vera.es\/cultura\/wp-content\/uploads\/sites\/2\/2021\/12\/PROGRAMA-2.jpg 794w\" sizes=\"(max-width: 212px) 100vw, 212px\" \/><\/a><\/p>\n<p><a href=\"https:\/\/blog.vera.es\/cultura\/wp-content\/uploads\/sites\/2\/2021\/12\/PROGRAMA-3.jpg\"><img loading=\"lazy\" decoding=\"async\" class=\"alignnone size-medium wp-image-4661\" src=\"https:\/\/blog.vera.es\/cultura\/wp-content\/uploads\/sites\/2\/2021\/12\/PROGRAMA-3-212x300.jpg\" alt=\"\" width=\"212\" height=\"300\" srcset=\"https:\/\/blog.vera.es\/cultura\/wp-content\/uploads\/sites\/2\/2021\/12\/PROGRAMA-3-212x300.jpg 212w, https:\/\/blog.vera.es\/cultura\/wp-content\/uploads\/sites\/2\/2021\/12\/PROGRAMA-3-724x1024.jpg 724w, https:\/\/blog.vera.es\/cultura\/wp-content\/uploads\/sites\/2\/2021\/12\/PROGRAMA-3-768x1086.jpg 768w, https:\/\/blog.vera.es\/cultura\/wp-content\/uploads\/sites\/2\/2021\/12\/PROGRAMA-3.jpg 794w\" sizes=\"(max-width: 212px) 100vw, 212px\" \/><\/a><\/p>\n<p><a href=\"https:\/\/blog.vera.es\/cultura\/wp-content\/uploads\/sites\/2\/2021\/12\/PROGRAMA-4.jpg\"><img loading=\"lazy\" decoding=\"async\" class=\"alignnone size-medium wp-image-4662\" src=\"https:\/\/blog.vera.es\/cultura\/wp-content\/uploads\/sites\/2\/2021\/12\/PROGRAMA-4-212x300.jpg\" alt=\"\" width=\"212\" height=\"300\" srcset=\"https:\/\/blog.vera.es\/cultura\/wp-content\/uploads\/sites\/2\/2021\/12\/PROGRAMA-4-212x300.jpg 212w, https:\/\/blog.vera.es\/cultura\/wp-content\/uploads\/sites\/2\/2021\/12\/PROGRAMA-4-724x1024.jpg 724w, https:\/\/blog.vera.es\/cultura\/wp-content\/uploads\/sites\/2\/2021\/12\/PROGRAMA-4-768x1086.jpg 768w, https:\/\/blog.vera.es\/cultura\/wp-content\/uploads\/sites\/2\/2021\/12\/PROGRAMA-4.jpg 794w\" sizes=\"(max-width: 212px) 100vw, 212px\" \/><\/a><\/p>\n<p><a href=\"https:\/\/blog.vera.es\/cultura\/wp-content\/uploads\/sites\/2\/2021\/12\/PROGRAMA-5.jpg\"><img loading=\"lazy\" decoding=\"async\" class=\"alignnone size-medium wp-image-4663\" src=\"https:\/\/blog.vera.es\/cultura\/wp-content\/uploads\/sites\/2\/2021\/12\/PROGRAMA-5-212x300.jpg\" alt=\"\" width=\"212\" height=\"300\" srcset=\"https:\/\/blog.vera.es\/cultura\/wp-content\/uploads\/sites\/2\/2021\/12\/PROGRAMA-5-212x300.jpg 212w, https:\/\/blog.vera.es\/cultura\/wp-content\/uploads\/sites\/2\/2021\/12\/PROGRAMA-5-724x1024.jpg 724w, https:\/\/blog.vera.es\/cultura\/wp-content\/uploads\/sites\/2\/2021\/12\/PROGRAMA-5-768x1086.jpg 768w, https:\/\/blog.vera.es\/cultura\/wp-content\/uploads\/sites\/2\/2021\/12\/PROGRAMA-5.jpg 794w\" sizes=\"(max-width: 212px) 100vw, 212px\" \/><\/a><\/p>\n<p><a href=\"https:\/\/blog.vera.es\/cultura\/wp-content\/uploads\/sites\/2\/2021\/12\/PROGRAMA-6.jpg\"><img loading=\"lazy\" decoding=\"async\" class=\"alignnone size-medium wp-image-4664\" src=\"https:\/\/blog.vera.es\/cultura\/wp-content\/uploads\/sites\/2\/2021\/12\/PROGRAMA-6-212x300.jpg\" alt=\"\" width=\"212\" height=\"300\" srcset=\"https:\/\/blog.vera.es\/cultura\/wp-content\/uploads\/sites\/2\/2021\/12\/PROGRAMA-6-212x300.jpg 212w, https:\/\/blog.vera.es\/cultura\/wp-content\/uploads\/sites\/2\/2021\/12\/PROGRAMA-6-724x1024.jpg 724w, https:\/\/blog.vera.es\/cultura\/wp-content\/uploads\/sites\/2\/2021\/12\/PROGRAMA-6-768x1086.jpg 768w, https:\/\/blog.vera.es\/cultura\/wp-content\/uploads\/sites\/2\/2021\/12\/PROGRAMA-6.jpg 794w\" sizes=\"(max-width: 212px) 100vw, 212px\" \/><\/a><\/p>\n<p><a href=\"https:\/\/blog.vera.es\/cultura\/wp-content\/uploads\/sites\/2\/2021\/12\/PROGRAMA-7.jpg\"><img loading=\"lazy\" decoding=\"async\" class=\"alignnone size-medium wp-image-4665\" src=\"https:\/\/blog.vera.es\/cultura\/wp-content\/uploads\/sites\/2\/2021\/12\/PROGRAMA-7-212x300.jpg\" alt=\"\" width=\"212\" height=\"300\" srcset=\"https:\/\/blog.vera.es\/cultura\/wp-content\/uploads\/sites\/2\/2021\/12\/PROGRAMA-7-212x300.jpg 212w, https:\/\/blog.vera.es\/cultura\/wp-content\/uploads\/sites\/2\/2021\/12\/PROGRAMA-7-724x1024.jpg 724w, https:\/\/blog.vera.es\/cultura\/wp-content\/uploads\/sites\/2\/2021\/12\/PROGRAMA-7-768x1086.jpg 768w, https:\/\/blog.vera.es\/cultura\/wp-content\/uploads\/sites\/2\/2021\/12\/PROGRAMA-7.jpg 794w\" sizes=\"(max-width: 212px) 100vw, 212px\" \/><\/a><\/p>\n<p><a href=\"https:\/\/blog.vera.es\/cultura\/wp-content\/uploads\/sites\/2\/2021\/12\/PROGRAMA-8.jpg\"><img loading=\"lazy\" decoding=\"async\" class=\"alignnone size-medium wp-image-4666\" src=\"https:\/\/blog.vera.es\/cultura\/wp-content\/uploads\/sites\/2\/2021\/12\/PROGRAMA-8-212x300.jpg\" alt=\"\" width=\"212\" height=\"300\" srcset=\"https:\/\/blog.vera.es\/cultura\/wp-content\/uploads\/sites\/2\/2021\/12\/PROGRAMA-8-212x300.jpg 212w, https:\/\/blog.vera.es\/cultura\/wp-content\/uploads\/sites\/2\/2021\/12\/PROGRAMA-8-724x1024.jpg 724w, https:\/\/blog.vera.es\/cultura\/wp-content\/uploads\/sites\/2\/2021\/12\/PROGRAMA-8-768x1086.jpg 768w, https:\/\/blog.vera.es\/cultura\/wp-content\/uploads\/sites\/2\/2021\/12\/PROGRAMA-8.jpg 794w\" sizes=\"(max-width: 212px) 100vw, 212px\" \/><\/a><\/p>\n\n\n<p>El alcalde de Antas indic\u00f3 que durante esos d\u00edas su municipio \u201cy por extensi\u00f3n la provincia de Almer\u00eda y el territorio nacional, se convertir\u00e1 en el centro de la investigaci\u00f3n y divulgaci\u00f3n sobre arqueolog\u00eda de la cultura arg\u00e1rica\u201d.<\/p>\n\n\n\n<p>Para Pedro Ridao, con este simposio enmarcado en el Plan Argar 2020-2030 \u201casistiremos a un excelente ejercicio de comuni\u00f3n arm\u00f3nica entre la cultura y la promoci\u00f3n tur\u00edstica. No me cabe duda de que el turismo cultural constituye una herramienta de progreso social de primer orden y el equipo de gobierno de Antas, al que represento, est\u00e1 plenamente convencido de esta relaci\u00f3n beneficiosa\u201d.<\/p>\n\n\n\n<p>El primer edil de Antas aseguraba que \u201ctodo el trabajo que se est\u00e1 llevando a cabo desde hace varios a\u00f1os para promocionar y poner en valor nuestro rico patrimonio hist\u00f3rico y en el que han colaborado tantas personas se plasma ahora en un simposio internacional que estoy seguro constituir\u00e1 un hito en la proyecci\u00f3n internacional de esta iniciativa\u201d.<\/p>\n\n\n\n<p>Asimismo dio cuenta de otros pasos importantes en como han sido la creaci\u00f3n de un Consejo arg\u00e1rico y la continuaci\u00f3n de la celebraci\u00f3n de conferencias anuales sobre con destacados especialistas y ha destacado como previsiones \u201clos proyectos de reproducci\u00f3n de un poblado, la recreaci\u00f3n hist\u00f3rica, la apertura de una centro de interpretaci\u00f3n y la creaci\u00f3n de una fundaci\u00f3n\u201d.<\/p>\n\n\n\n<p>Ridao finaliz\u00f3 su intervenci\u00f3n con la frase \u201cUn pueblo sin el conocimiento de su historia pasada, su origen y su cultura es como un \u00e1rbol sin ra\u00edces\u201d, no sin antes manifestar su \u201cesperanza\u201d en que en un futuro cercano \u201cpodamos exponer en nuestro centro de interpretaci\u00f3n piezas arg\u00e1ricas y as\u00ed poder ofrecer a colegios, institutos y ciudadan\u00eda en general un medio de conocer mas profundamente nuestro pasado\u201d.<\/p>\n\n\n\n<p>Por su parte, el director cient\u00edfico del simposio, Oswaldo Arteaga, inform\u00f3 de que en el mismo estar\u00e1n \u201clos m\u00e1ximos representantes de la investigaci\u00f3n de la edad del bronce desde la desembocadura del r\u00edo Segura hasta la desembocadura del r\u00edo Tajo\u201d que debatir\u00e1n y mostrar\u00e1n y ha reivindicado el \u201cpapel que le corresponde a la pen\u00ednsula ib\u00e9rica dentro de las civilizaciones pr\u00edstinas\u201d. Durante el encuentro, que se inaugura el 4 de diciembre, habr\u00e1 debates y se mostrar\u00e1n experiencias, no solamente te\u00f3ricas, en materia de investigaci\u00f3n, conservaci\u00f3n, de musealizaci\u00f3n, para asesorar en relaci\u00f3n a qu\u00e9 debe hacer El Argar. Por \u00faltimo, el d\u00eda 8, se realizar\u00e1 la firma del manifiesto arg\u00e1rico con las conclusiones del simposio.<\/p>\n\n\n\n<p>En este sentido, se\u00f1al\u00f3 el director cient\u00edfico del Simposio, Arteaga que \u201cel simposio ve la necesidad de que se escriba un memorial con los m\u00e1ximos especialistas en la materia para que con esas credenciales se pueda hacer cualquier gesti\u00f3n y que vengas los fondos para proyectos a medio, corto y largo plazo que es lo que El Argar necesita\u201d.<\/p>\n","protected":false},"excerpt":{"rendered":"<p>Antas. Simposio Internacional en el Argar.<\/p>\n","protected":false},"author":7,"featured_media":4667,"comment_status":"open","ping_status":"closed","sticky":false,"template":"","format":"standard","meta":{"footnotes":""},"categories":[105,109],"tags":[223,368,116],"class_list":["post-4657","post","type-post","status-publish","format-standard","has-post-thumbnail","hentry","category-actividades","category-historia","tag-antas","tag-argar","tag-arqueologia"],"_links":{"self":[{"href":"https:\/\/blog.vera.es\/cultura\/wp-json\/wp\/v2\/posts\/4657","targetHints":{"allow":["GET"]}}],"collection":[{"href":"https:\/\/blog.vera.es\/cultura\/wp-json\/wp\/v2\/posts"}],"about":[{"href":"https:\/\/blog.vera.es\/cultura\/wp-json\/wp\/v2\/types\/post"}],"author":[{"embeddable":true,"href":"https:\/\/blog.vera.es\/cultura\/wp-json\/wp\/v2\/users\/7"}],"replies":[{"embeddable":true,"href":"https:\/\/blog.vera.es\/cultura\/wp-json\/wp\/v2\/comments?post=4657"}],"version-history":[{"count":5,"href":"https:\/\/blog.vera.es\/cultura\/wp-json\/wp\/v2\/posts\/4657\/revisions"}],"predecessor-version":[{"id":4676,"href":"https:\/\/blog.vera.es\/cultura\/wp-json\/wp\/v2\/posts\/4657\/revisions\/4676"}],"wp:featuredmedia":[{"embeddable":true,"href":"https:\/\/blog.vera.es\/cultura\/wp-json\/wp\/v2\/media\/4667"}],"wp:attachment":[{"href":"https:\/\/blog.vera.es\/cultura\/wp-json\/wp\/v2\/media?parent=4657"}],"wp:term":[{"taxonomy":"category","embeddable":true,"href":"https:\/\/blog.vera.es\/cultura\/wp-json\/wp\/v2\/categories?post=4657"},{"taxonomy":"post_tag","embeddable":true,"href":"https:\/\/blog.vera.es\/cultura\/wp-json\/wp\/v2\/tags?post=4657"}],"curies":[{"name":"wp","href":"https:\/\/api.w.org\/{rel}","templated":true}]}}