{"id":4635,"date":"2021-11-26T09:36:31","date_gmt":"2021-11-26T09:36:31","guid":{"rendered":"https:\/\/blog.vera.es\/cultura\/?p=4635"},"modified":"2021-11-26T09:43:04","modified_gmt":"2021-11-26T09:43:04","slug":"conferencias-una-mirada-a-nuestra-tierra-asociacion-de-amigos-del-instituto-laboral-fernando-el-catolico-de-vera","status":"publish","type":"post","link":"https:\/\/blog.vera.es\/cultura\/2021\/11\/26\/conferencias-una-mirada-a-nuestra-tierra-asociacion-de-amigos-del-instituto-laboral-fernando-el-catolico-de-vera\/","title":{"rendered":"CONFERENCIAS. UNA MIRADA A NUESTRA TIERRA. ASOCIACI\u00d3N DE AMIGOS DEL INSTITUTO LABORAL \u00abFERNANDO EL CAT\u00d3LICO\u00bb DE VERA"},"content":{"rendered":"<p>La Asociaci\u00f3n de Amigos del Instituto Laboral \u00abFernando El Cat\u00f3lico\u00bb de Vera organiza dos estupendas conferencias.<\/p>\n<p><!--more--><\/p>\n\n\n<p>La Asociaci\u00f3n de Amigos del Instituto Laboral \u00abFernando El Cat\u00f3lico\u00bb de Vera ha organizado dos estupendas conferencias.<\/p>\n\n\n\n<figure class=\"wp-block-image size-full\"><a href=\"https:\/\/blog.vera.es\/cultura\/wp-content\/uploads\/sites\/2\/2021\/11\/WhatsApp-Image-2021-11-16-at-1.06.18-PM-700x1024-1.jpeg\"><img fetchpriority=\"high\" decoding=\"async\" width=\"700\" height=\"1024\" src=\"https:\/\/blog.vera.es\/cultura\/wp-content\/uploads\/sites\/2\/2021\/11\/WhatsApp-Image-2021-11-16-at-1.06.18-PM-700x1024-1.jpeg\" alt=\"\" class=\"wp-image-4651\" srcset=\"https:\/\/blog.vera.es\/cultura\/wp-content\/uploads\/sites\/2\/2021\/11\/WhatsApp-Image-2021-11-16-at-1.06.18-PM-700x1024-1.jpeg 700w, https:\/\/blog.vera.es\/cultura\/wp-content\/uploads\/sites\/2\/2021\/11\/WhatsApp-Image-2021-11-16-at-1.06.18-PM-700x1024-1-205x300.jpeg 205w\" sizes=\"(max-width: 700px) 100vw, 700px\" \/><\/a><\/figure>\n\n\n\n<p>La primera, expuesta por el doctor Sixto Malato Rodr\u00edguez, el d\u00eda 23 de noviembre de 2021, vers\u00f3 sobre la \u00abRegeneraci\u00f3n de aguas mediante energ\u00eda solar como vector de transformaci\u00f3n del ciclo integral del agua\u00bb.<\/p>\n\n\n\n<figure class=\"wp-block-image size-large\"><a href=\"https:\/\/blog.vera.es\/cultura\/wp-content\/uploads\/sites\/2\/2021\/11\/image_50460673-scaled.jpg\"><img decoding=\"async\" width=\"1024\" height=\"768\" src=\"https:\/\/blog.vera.es\/cultura\/wp-content\/uploads\/sites\/2\/2021\/11\/image_50460673-1024x768.jpg\" alt=\"\" class=\"wp-image-4639\" srcset=\"https:\/\/blog.vera.es\/cultura\/wp-content\/uploads\/sites\/2\/2021\/11\/image_50460673-1024x768.jpg 1024w, https:\/\/blog.vera.es\/cultura\/wp-content\/uploads\/sites\/2\/2021\/11\/image_50460673-300x225.jpg 300w, https:\/\/blog.vera.es\/cultura\/wp-content\/uploads\/sites\/2\/2021\/11\/image_50460673-768x576.jpg 768w, https:\/\/blog.vera.es\/cultura\/wp-content\/uploads\/sites\/2\/2021\/11\/image_50460673-1536x1152.jpg 1536w, https:\/\/blog.vera.es\/cultura\/wp-content\/uploads\/sites\/2\/2021\/11\/image_50460673-2048x1536.jpg 2048w\" sizes=\"(max-width: 1024px) 100vw, 1024px\" \/><\/a><\/figure>\n\n\n\n<figure class=\"wp-block-image size-large\"><a href=\"https:\/\/blog.vera.es\/cultura\/wp-content\/uploads\/sites\/2\/2021\/11\/image_50738177-scaled.jpg\"><img decoding=\"async\" width=\"1024\" height=\"768\" src=\"https:\/\/blog.vera.es\/cultura\/wp-content\/uploads\/sites\/2\/2021\/11\/image_50738177-1024x768.jpg\" alt=\"\" class=\"wp-image-4640\" srcset=\"https:\/\/blog.vera.es\/cultura\/wp-content\/uploads\/sites\/2\/2021\/11\/image_50738177-1024x768.jpg 1024w, https:\/\/blog.vera.es\/cultura\/wp-content\/uploads\/sites\/2\/2021\/11\/image_50738177-300x225.jpg 300w, https:\/\/blog.vera.es\/cultura\/wp-content\/uploads\/sites\/2\/2021\/11\/image_50738177-768x576.jpg 768w, https:\/\/blog.vera.es\/cultura\/wp-content\/uploads\/sites\/2\/2021\/11\/image_50738177-1536x1152.jpg 1536w, https:\/\/blog.vera.es\/cultura\/wp-content\/uploads\/sites\/2\/2021\/11\/image_50738177-2048x1536.jpg 2048w\" sizes=\"(max-width: 1024px) 100vw, 1024px\" \/><\/a><\/figure>\n\n\n\n<p>La segunda, desarrollada en la tarde del 25 de noviembre, trat\u00f3 sobre la \u00abEnerg\u00eda Solar con concentraci\u00f3n y transici\u00f3n energ\u00e9tica\u00bb, por parte del doctor Juli\u00e1n Blanco G\u00e1lvez.<\/p>\n\n\n\n<figure class=\"wp-block-gallery columns-1 is-cropped wp-block-gallery-1 is-layout-flex wp-block-gallery-is-layout-flex\"><ul class=\"blocks-gallery-grid\"><li class=\"blocks-gallery-item\"><figure><a href=\"https:\/\/blog.vera.es\/cultura\/wp-content\/uploads\/sites\/2\/2021\/11\/image_50430977-1024x768.jpg\"><img loading=\"lazy\" decoding=\"async\" width=\"1024\" height=\"768\" src=\"https:\/\/blog.vera.es\/cultura\/wp-content\/uploads\/sites\/2\/2021\/11\/image_50430977-1024x768.jpg\" alt=\"\" data-id=\"4638\" class=\"wp-image-4638\" srcset=\"https:\/\/blog.vera.es\/cultura\/wp-content\/uploads\/sites\/2\/2021\/11\/image_50430977-1024x768.jpg 1024w, https:\/\/blog.vera.es\/cultura\/wp-content\/uploads\/sites\/2\/2021\/11\/image_50430977-300x225.jpg 300w, https:\/\/blog.vera.es\/cultura\/wp-content\/uploads\/sites\/2\/2021\/11\/image_50430977-768x576.jpg 768w, https:\/\/blog.vera.es\/cultura\/wp-content\/uploads\/sites\/2\/2021\/11\/image_50430977-1536x1152.jpg 1536w, https:\/\/blog.vera.es\/cultura\/wp-content\/uploads\/sites\/2\/2021\/11\/image_50430977-2048x1536.jpg 2048w\" sizes=\"(max-width: 1024px) 100vw, 1024px\" \/><\/a><\/figure><\/li><\/ul><\/figure>\n\n\n\n<figure class=\"wp-block-image size-large\"><a href=\"https:\/\/blog.vera.es\/cultura\/wp-content\/uploads\/sites\/2\/2021\/11\/image_50396673-scaled.jpg\"><img loading=\"lazy\" decoding=\"async\" width=\"1024\" height=\"768\" src=\"https:\/\/blog.vera.es\/cultura\/wp-content\/uploads\/sites\/2\/2021\/11\/image_50396673-1024x768.jpg\" alt=\"\" class=\"wp-image-4637\" srcset=\"https:\/\/blog.vera.es\/cultura\/wp-content\/uploads\/sites\/2\/2021\/11\/image_50396673-1024x768.jpg 1024w, https:\/\/blog.vera.es\/cultura\/wp-content\/uploads\/sites\/2\/2021\/11\/image_50396673-300x225.jpg 300w, https:\/\/blog.vera.es\/cultura\/wp-content\/uploads\/sites\/2\/2021\/11\/image_50396673-768x576.jpg 768w, https:\/\/blog.vera.es\/cultura\/wp-content\/uploads\/sites\/2\/2021\/11\/image_50396673-1536x1152.jpg 1536w, https:\/\/blog.vera.es\/cultura\/wp-content\/uploads\/sites\/2\/2021\/11\/image_50396673-2048x1536.jpg 2048w\" sizes=\"(max-width: 1024px) 100vw, 1024px\" \/><\/a><\/figure>\n\n\n\n<p>El inter\u00e9s que el p\u00fablico ha mostrado prueba que los asuntos del agua y de la energ\u00eda han sido y ser\u00e1n en el Levante almeriense la cuesti\u00f3n fundamental de las que nuestro futuro depende.<\/p>\n\n\n\n<p>Adem\u00e1s, el d\u00eda 1  de diciembre de 2021, la Asociaci\u00f3n ha organizado un viaje a la Plataforma Solar de Tabernas, con una limitaci\u00f3n de 35 plazas.<\/p>\n\n\n\n<p>ANEXO DE PRENSA:<\/p>\n\n\n\n<p>ESRADIOALMER\u00cdA.COM:<\/p>\n\n\n\n<p>Paco Carmona, miembro de la Asociaci\u00f3n de Amigos del Instituto Laboral \u2018Fernando el Cat\u00f3lico\u2019 de Vera: \u201cRealizaremos dos conferencias que supondr\u00e1n grandes posibilidades para el futuro de nuestra tierra\u201d.<\/p>\n\n\n\n<p>La Asociaci\u00f3n de Amigos del Instituto Laboral \u2018Fernando el Cat\u00f3lico\u2019 de Vera ha organizado las III Jornadas Culturales \u201cUna Mirada a Nuestra Tierra\u201d, en las que se hablar\u00e1 de la escasez de agua y de la importancia de la energ\u00eda.<\/p>\n\n\n\n<p>Paco Carmona, miembro de la Asociaci\u00f3n de Amigos del Instituto Laboral \u2018Fernando el Cat\u00f3lico\u2019 de <a href=\"http:\/\/www.vera.es\/\" target=\"_blank\" rel=\"noreferrer noopener\">Vera<\/a>, ha estado este martes en <a href=\"https:\/\/www.esradioalmeria.com\/\">#EsLaMa\u00f1anadeVera<\/a>, donde ha hablado acerca de las III Jornadas Culturales \u201cUna Mirada a Nuestra Tierra\u201d, las cuales surgieron hace tres a\u00f1os por un grupo de alumnos que estudiaban un bachiller que, en la actualidad, tal y como ha apuntado Carmona, \u201cest\u00e1 desaparecido y que son los institutos labores, en lo que se da la posibilidad de acceder al estudio a gente que en esa \u00e9poca, con los medios que hab\u00eda, dif\u00edcilmente hubi\u00e9ramos podido estudiar fuera de la localidad\u201d.<\/p>\n\n\n\n<p>De este modo, ha destacado que a partir del a\u00f1o 1.952 han ido surgiendo diferentes promociones, de cient\u00edficos, t\u00e9cnicos, de letras, humanidades\u2026 pero que, en la actualidad, \u201cest\u00e1n casi todos jubilados y lo que pretenden es devolver a la sociedad lo que en su momento les aport\u00f3\u201d.<\/p>\n\n\n\n<p>As\u00ed, Paco Carmona ha hecho referencia a las conferencias que han organizado enmarcadas en las III Jornadas Culturales \u201cUna Mirada a Nuestra Tierra\u201d, y que este a\u00f1o contar\u00e1n con ponentes de la provincia de Almer\u00eda. La primera de ellas tendr\u00e1 lugar el 23 de noviembre y la segunda el 25 del mismo mes, en las que se tratar\u00e1n temas como la escasez del agua y la importancia que est\u00e1 teniendo el tema energ\u00e9tico, acarreado por la demanda actual y los elevados precios que alcanza la luz. Ante ello, Carmona ha se\u00f1alado que \u201cson dos posibilidades para el futuro de nuestra tierra\u201d.<\/p>\n\n\n\n<p><\/p>\n\n\n\n<p><\/p>\n","protected":false},"excerpt":{"rendered":"<p>La Asociaci\u00f3n de Amigos del Instituto Laboral \u00abFernando El Cat\u00f3lico\u00bb de Vera organiza dos estupendas conferencias.<\/p>\n","protected":false},"author":7,"featured_media":4642,"comment_status":"open","ping_status":"closed","sticky":false,"template":"","format":"standard","meta":{"footnotes":""},"categories":[1],"tags":[],"class_list":["post-4635","post","type-post","status-publish","format-standard","has-post-thumbnail","hentry","category-sin-categoria"],"_links":{"self":[{"href":"https:\/\/blog.vera.es\/cultura\/wp-json\/wp\/v2\/posts\/4635","targetHints":{"allow":["GET"]}}],"collection":[{"href":"https:\/\/blog.vera.es\/cultura\/wp-json\/wp\/v2\/posts"}],"about":[{"href":"https:\/\/blog.vera.es\/cultura\/wp-json\/wp\/v2\/types\/post"}],"author":[{"embeddable":true,"href":"https:\/\/blog.vera.es\/cultura\/wp-json\/wp\/v2\/users\/7"}],"replies":[{"embeddable":true,"href":"https:\/\/blog.vera.es\/cultura\/wp-json\/wp\/v2\/comments?post=4635"}],"version-history":[{"count":7,"href":"https:\/\/blog.vera.es\/cultura\/wp-json\/wp\/v2\/posts\/4635\/revisions"}],"predecessor-version":[{"id":4655,"href":"https:\/\/blog.vera.es\/cultura\/wp-json\/wp\/v2\/posts\/4635\/revisions\/4655"}],"wp:featuredmedia":[{"embeddable":true,"href":"https:\/\/blog.vera.es\/cultura\/wp-json\/wp\/v2\/media\/4642"}],"wp:attachment":[{"href":"https:\/\/blog.vera.es\/cultura\/wp-json\/wp\/v2\/media?parent=4635"}],"wp:term":[{"taxonomy":"category","embeddable":true,"href":"https:\/\/blog.vera.es\/cultura\/wp-json\/wp\/v2\/categories?post=4635"},{"taxonomy":"post_tag","embeddable":true,"href":"https:\/\/blog.vera.es\/cultura\/wp-json\/wp\/v2\/tags?post=4635"}],"curies":[{"name":"wp","href":"https:\/\/api.w.org\/{rel}","templated":true}]}}