{"id":4528,"date":"2020-12-15T10:44:15","date_gmt":"2020-12-15T10:44:15","guid":{"rendered":"https:\/\/blog.vera.es\/cultura\/?p=4528"},"modified":"2020-12-15T10:46:59","modified_gmt":"2020-12-15T10:46:59","slug":"prensa-historica-el-convento-de-padres-minimos","status":"publish","type":"post","link":"https:\/\/blog.vera.es\/cultura\/2020\/12\/15\/prensa-historica-el-convento-de-padres-minimos\/","title":{"rendered":"PRENSA HIST\u00d3RICA. EL CONVENTO DE PADRES M\u00cdNIMOS"},"content":{"rendered":"<p>Recuperamos el art\u00edculo escrito por Juan Miguel N\u00fa\u00f1ez Batlles para el peri\u00f3dico <em>La Voz de Almer\u00eda, <\/em>publicado el martes 5 de agosto de 1975, titulado: <em>En torno a las ruinas de un hist\u00f3rico convento,<\/em> sobre el convento de la Victoria o de Padres M\u00ednimos de Vera.<\/p>\n<p><!--more--><\/p>\n<p><a href=\"https:\/\/blog.vera.es\/cultura\/wp-content\/uploads\/sites\/2\/2020\/12\/prensa-convento-minimos-1975-copia.jpg\"><img fetchpriority=\"high\" decoding=\"async\" class=\"alignnone size-medium wp-image-4535\" src=\"https:\/\/blog.vera.es\/cultura\/wp-content\/uploads\/sites\/2\/2020\/12\/prensa-convento-minimos-1975-copia-300x234.jpg\" alt=\"\" width=\"300\" height=\"234\" srcset=\"https:\/\/blog.vera.es\/cultura\/wp-content\/uploads\/sites\/2\/2020\/12\/prensa-convento-minimos-1975-copia-300x234.jpg 300w, https:\/\/blog.vera.es\/cultura\/wp-content\/uploads\/sites\/2\/2020\/12\/prensa-convento-minimos-1975-copia-1024x798.jpg 1024w, https:\/\/blog.vera.es\/cultura\/wp-content\/uploads\/sites\/2\/2020\/12\/prensa-convento-minimos-1975-copia-768x598.jpg 768w, https:\/\/blog.vera.es\/cultura\/wp-content\/uploads\/sites\/2\/2020\/12\/prensa-convento-minimos-1975-copia-1536x1197.jpg 1536w, https:\/\/blog.vera.es\/cultura\/wp-content\/uploads\/sites\/2\/2020\/12\/prensa-convento-minimos-1975-copia.jpg 1575w\" sizes=\"(max-width: 300px) 100vw, 300px\" \/><\/a><\/p>\n<p>Recuperamos el art\u00edculo escrito por Juan Miguel N\u00fa\u00f1ez Batlles para el peri\u00f3dico La Voz de Almer\u00eda del martes 5 de agosto de 1975, titulado: <em>En torno a las ruinas de un hist\u00f3rico convento,<\/em>sobre el convento de la Victoria o de Padres M\u00ednimos de Vera.<\/p>\n<p>Por supuesto que el texto est\u00e1 publicado antes de la restauraci\u00f3n definitiva del edificio, iniciada en el a\u00f1o&nbsp; 1999 por el arquitecto Luis Cano Rodr\u00edguez (obra reconocida con la concesi\u00f3n del <strong>Premio Arco de arquitectura 2002-2003<\/strong>), por lo que se deduce que, afortunadamente, no se tuvo en cuenta la corteza de miras de estas iniciativas y hoy podemos disfrutar de uno de los edificios m\u00e1s emblem\u00e1ticos del Municipio (siendo tambi\u00e9n totalmente conscientes de los justificados motivos mostrados por los vecinos implicados y directamente perjudicados por d\u00e9cadas de inacci\u00f3n y de la falta de recursos dinerarios del Ayuntamiento en aquellos a\u00f1os).<\/p>\n<p><strong>EN TORNO A LAS RUINAS DE UN HIST\u00d3RICO CONVENTO<\/strong><\/p>\n<p>Los vecinos y el arquitecto municipal est\u00e1n por el total derrumbamiento, con el consiguiente peligro que \u00e9ste entra\u00f1a y pese a que el edificio carece de cualquier valor art\u00edstico, a\u00fan sigue en pie.<\/p>\n<p>D\u00eda primero de mayo del a\u00f1o 74. En Vera un grupo aproximadamente de 30 vecinos que habitan en las calles de Juan Anglada y La Victoria presenta un escrito al Alcalde de aquel Ayuntamiento, dando la voz de alarma en torno al car\u00e1cter ruinoso que ofrece un viejo edificio, enclavado a escasos metros de sus viviendas. Se solicita sean tomadas las medidas oportunas para que, dada la grave peligrosidad que entra\u00f1a su estado actual, sea derribado.<\/p>\n<p><strong>UN POCO DE HISTORIA. SU FUNDACI\u00d3N Y ESTADO ACTUAL<\/strong><\/p>\n<p>El convento de los P. P. M\u00ednimos (-Orden fundada por San Francisco de Paula-) es un edificio de estilo rom\u00e1nico, achaparrado que consta de capilla amplia, coro y sacrist\u00eda. Este convento de los P. P. M\u00ednimos, llamado de la Victoria, fue fundado en el a\u00f1o 1606 y de sus claustros form\u00f3 parte su ilustre hijo de la ciudad, el sabio <strong>Fray Pedro de Torres<\/strong>.<\/p>\n<p>Su estado actual es ruinoso, porque jam\u00e1s hubo preocupaci\u00f3n alguna por su entretenimiento y reparaci\u00f3n. Deteriorado, en tiempos de la guerra de liberaci\u00f3n, actualmente la capilla es la que ofrece mayor peligro de derrumbamiento. La sacrist\u00eda est\u00e1 mejor conservada. Una gigantesca hiedra que nace en los jardines de la finca colindante \u00abGarc\u00eda-Leon\u00e9s\u00bb ha trepado por su torre y parece abrazarla queriendo sostenerla contra los embates del tiempo, dando as\u00ed una lecci\u00f3n permanente al pueblo y autoridades que con indiferencia contemplan la ca\u00edda inminente de este templo, reliquia de una gloriosa tradici\u00f3n cat\u00f3lica.<\/p>\n<p><strong>EL \u00abNUDO BUROCR\u00c1TICO\u00bb O LA ANGUSTIA DE UNA AMENAZA<\/strong><\/p>\n<p>Aquel escrito de \u00abLos Treinta\u00bb que no estaban dispuestos a pagar con sus vidas la negligencia de las personas encargadas en ordenar el derribo, tuvo su contestaci\u00f3n oficial veinte d\u00edas despu\u00e9s. El comunicado del Alcalde a los vecinos del Reducto (por este nombre se le conoce al barrio) dice \u00abque se le ha ordenado al Arquitecto Municipal para que realice un minucioso reconocimiento sobre el estado del mencionado edificio, para proceder en consecuencia\u00bb.<\/p>\n<p>Tras esta respuesta y transcurrido un breve par\u00e9ntesis de tiempo, el encuentro casual de don Fernando Guisado Janciro, uno de los firmantes, con el Arquitecto Municipal, en las mismas dependencias del Ayuntamiento, va a ser un h\u00e1lito esperanzador para los que viven pendientes de los peligrosos y constantes desprendimientos de piedras de las fachadas principal y lateral del viejo convento. Le fue mostrado al se\u00f1or Guisado por el Arquitecto el informe de este, donde declaraba el estado ruinoso del convento, y, seg\u00fan manifiesta el propio Sr. Guisado, durante la conversaci\u00f3n que tuvieron, \u00abel Arquitecto Municipal se inclin\u00f3, sin ning\u00fan tipo de reservas, por el total derrumbamiento del edificio\u00bb.<\/p>\n<p>De nuevo don Fernando Guisado -como siempre, en nombre de toda la vecindad interesada- se dirige por escrito a la persona del Alcalde, exponiendo que \u00abya tiene conocimiento del informe emitido por el Arquitecto\u00bb y solicitando que se le expida el certificado que \u00e9ste formul\u00f3 sobre el estado del inmueble. No se produjo entonces contestaci\u00f3n alguna, ni escrita ni verbal.<\/p>\n<p>As\u00ed las cosas, se pasa al Gobernador Civil, exponi\u00e9ndole (en escrito enviado por correo certificado, n\u00famero 766, el 23 de julio del a\u00f1o 74) los pasos que llevan seguidos en el \u00abasunto\u00bb, hasta aqu\u00ed detallados, y suplic\u00e1ndole que \u00abtenga a bien dar las \u00f3rdenes oportunas, y previas las investigaciones necesarias, e informaci\u00f3n precisas, si en su mano est\u00e1 para que el \u00abnudo burocr\u00e1tico\u00bb que hay formado se desate y se proceda a la demolici\u00f3n del tan mencionado edificio, ya que el mismo constituye una amenaza mortal para cualquier vecino de todo el pueblo que vive bajo esta angustia, al pasar por la calle de Juan Anglada, m\u00e1xime cuando una casa particular ha sido demolida con toda urgencia, desalojando al inquilino, que es propiedad del Ayuntamiento, a\u00fan sigue en pie, con el siguiente peligro que entra\u00f1a\u00bb. A los pocos d\u00edas de enviado este escrito al Gobierno Civil, un grupo de alba\u00f1iles levantan una valla de bloques de cemento que tiene aproximadamente dos metros de altura y bordea el edificio por las calles de Juan Anglada y La Victoria, continu\u00e1ndose en esta \u00faltima calle con unos palos de madera y alambre.<\/p>\n<p>Hasta aqu\u00ed no hay m\u00e1s \u00abpapeleo\u00bb.<\/p>\n<p><strong>MINISTERIO DE LA VIVIENDA Y BELLAS ARTES<\/strong><\/p>\n<p>Sabemos que han estado en Vera, a ra\u00edz de este \u00abasunto\u00bb, Comisiones enviadas por el Ministerio de la Vivienda y Bellas Artes, aunque nada se ha dicho oficialmente de los informes que hayan podido emitir.<\/p>\n<p>Mientras, la \u00fanica funci\u00f3n espec\u00edfica del mencionado convento viene siendo la de guardar las carrozas que se usan en la feria. El edificio carece de cualquier valor art\u00edstico que hiciese obligatorio este inacabable retraso en su demolici\u00f3n; y el peligro que reviste es impresionante. Desde la calle se ve la b\u00f3veda central, rajada a todo lo largo del techo, apoyada en los muros laterales que se van abriendo a medida que \u00e9sta separa de su v\u00e9rtice.<\/p>\n<p><strong>\u00bfHOTEL?<\/strong><\/p>\n<p>Y para que nada se quede fuera de este reportaje donde tratamos de recoger todo cuanto existe relacionado con el convento de Vera, nos permitimos \u00abechar una mano\u00bb a la carpeta de trabajos pro-Vera que Jos\u00e9 Eugenio N\u00fa\u00f1ez ha escrito, donde se dice:<\/p>\n<p>\u00abMi querido amigo Jos\u00e9 Salas Bolea:<\/p>\n<p>Falta indispensable, como t\u00fa has reconocido tantas veces, de este Hotel decente, del cual tanto se ha hablado, radicado en el sitio del antiguo convento; dirigido por manos expertas&#8230;\u00bb<\/p>\n\n\n<p>Todo esto queda apostillado por una frase de Pablo Neruda que (a lo mejor sin querer) el mismo Jos\u00e9-Eugenio saca al principio de su carta al Alcalde de Vera: \u00abLos tiempos han cumplido su estatura\u00bb.<\/p>\n\n\n\n<p class=\"has-text-align-right\">Juan Miguel N\u00fa\u00f1ez-Batlles<\/p>\n","protected":false},"excerpt":{"rendered":"<p>Recuperamos el art\u00edculo escrito por Juan Miguel N\u00fa\u00f1ez Batlles para el peri\u00f3dico La Voz de Almer\u00eda, publicado el martes 5 de agosto de 1975, titulado: En torno a las ruinas de un hist\u00f3rico convento, sobre el convento de la Victoria o de Padres M\u00ednimos de Vera.<\/p>\n","protected":false},"author":7,"featured_media":4540,"comment_status":"open","ping_status":"closed","sticky":false,"template":"","format":"standard","meta":{"footnotes":""},"categories":[3,110,109],"tags":[165,365,366,164,353],"class_list":["post-4528","post","type-post","status-publish","format-standard","has-post-thumbnail","hentry","category-archivo","category-arte-artesania","category-historia","tag-arquitectura","tag-convento-de-la-victoria","tag-juan-miguel-nunez-batlles","tag-luis-cano-rodriguez","tag-prensa"],"_links":{"self":[{"href":"https:\/\/blog.vera.es\/cultura\/wp-json\/wp\/v2\/posts\/4528","targetHints":{"allow":["GET"]}}],"collection":[{"href":"https:\/\/blog.vera.es\/cultura\/wp-json\/wp\/v2\/posts"}],"about":[{"href":"https:\/\/blog.vera.es\/cultura\/wp-json\/wp\/v2\/types\/post"}],"author":[{"embeddable":true,"href":"https:\/\/blog.vera.es\/cultura\/wp-json\/wp\/v2\/users\/7"}],"replies":[{"embeddable":true,"href":"https:\/\/blog.vera.es\/cultura\/wp-json\/wp\/v2\/comments?post=4528"}],"version-history":[{"count":7,"href":"https:\/\/blog.vera.es\/cultura\/wp-json\/wp\/v2\/posts\/4528\/revisions"}],"predecessor-version":[{"id":4538,"href":"https:\/\/blog.vera.es\/cultura\/wp-json\/wp\/v2\/posts\/4528\/revisions\/4538"}],"wp:featuredmedia":[{"embeddable":true,"href":"https:\/\/blog.vera.es\/cultura\/wp-json\/wp\/v2\/media\/4540"}],"wp:attachment":[{"href":"https:\/\/blog.vera.es\/cultura\/wp-json\/wp\/v2\/media?parent=4528"}],"wp:term":[{"taxonomy":"category","embeddable":true,"href":"https:\/\/blog.vera.es\/cultura\/wp-json\/wp\/v2\/categories?post=4528"},{"taxonomy":"post_tag","embeddable":true,"href":"https:\/\/blog.vera.es\/cultura\/wp-json\/wp\/v2\/tags?post=4528"}],"curies":[{"name":"wp","href":"https:\/\/api.w.org\/{rel}","templated":true}]}}