{"id":4514,"date":"2020-10-30T09:17:46","date_gmt":"2020-10-30T09:17:46","guid":{"rendered":"https:\/\/blog.vera.es\/cultura\/?p=4514"},"modified":"2020-10-30T09:18:05","modified_gmt":"2020-10-30T09:18:05","slug":"gabriel-flores-una-jubilacion-entre-legajos-de-la-historia-de-vera","status":"publish","type":"post","link":"https:\/\/blog.vera.es\/cultura\/2020\/10\/30\/gabriel-flores-una-jubilacion-entre-legajos-de-la-historia-de-vera\/","title":{"rendered":"GABRIEL FLORES: UNA JUBILACI\u00d3N ENTRE LEGAJOS DE LA HISTORIA DE VERA"},"content":{"rendered":"<p>Art\u00edculo redactado por V\u00edctor Visiedo para Diario de Almer\u00eda y publicado en 18-10-2020 sobre el investigador y escritor Gabriel Flores Garrido.<\/p>\n<p><!--more--><\/p>\n<p><a href=\"https:\/\/blog.vera.es\/cultura\/wp-content\/uploads\/sites\/2\/2020\/10\/Gabriel-Flores-Archivo-Municipal-Vera_1510659713_126870953_1200x675.jpg\"><img fetchpriority=\"high\" decoding=\"async\" class=\"alignnone size-medium wp-image-4517\" src=\"https:\/\/blog.vera.es\/cultura\/wp-content\/uploads\/sites\/2\/2020\/10\/Gabriel-Flores-Archivo-Municipal-Vera_1510659713_126870953_1200x675-300x169.jpg\" alt=\"\" width=\"300\" height=\"169\" srcset=\"https:\/\/blog.vera.es\/cultura\/wp-content\/uploads\/sites\/2\/2020\/10\/Gabriel-Flores-Archivo-Municipal-Vera_1510659713_126870953_1200x675-300x169.jpg 300w, https:\/\/blog.vera.es\/cultura\/wp-content\/uploads\/sites\/2\/2020\/10\/Gabriel-Flores-Archivo-Municipal-Vera_1510659713_126870953_1200x675-1024x576.jpg 1024w, https:\/\/blog.vera.es\/cultura\/wp-content\/uploads\/sites\/2\/2020\/10\/Gabriel-Flores-Archivo-Municipal-Vera_1510659713_126870953_1200x675-768x432.jpg 768w, https:\/\/blog.vera.es\/cultura\/wp-content\/uploads\/sites\/2\/2020\/10\/Gabriel-Flores-Archivo-Municipal-Vera_1510659713_126870953_1200x675.jpg 1200w\" sizes=\"(max-width: 300px) 100vw, 300px\" \/><\/a><\/p>\n<p><strong>GABRIEL FLORES: UNA JUBILACI\u00d3N ENTRE LEGAJOS DE LA HISTORIA DE VERA<\/strong><\/p>\n<p>El autor del libro \u2018La vida en Vera\u2019 cambi\u00f3 la oficina del banco, tras casi 40 a\u00f1os, por el Archivo Municipal<\/p>\n<p>VERATENSES. GENTES DE LA CIUDAD<\/p>\n<p>Pasa las ma\u00f1anas all\u00ed, en el silencio de la sala de lectura del Archivo Municipal de Vera, entre legajos con m\u00e1s de cinco siglos de historia. Desde hace casi una d\u00e9cada <strong>Gabriel Flores Garrido<\/strong> se sumerge en las actas, pleitos y dem\u00e1s documentos que recogen ese pasado de la ciudad de Vera que muchas veces es desconocido.<\/p>\n<p>Pocos hay en la ciudad que no lo conozcan, tanto por su labor divulgativa a trav\u00e9s de las redes sociales como por otras facetas como su pertenencia a la Hermandad de Jes\u00fas. Pero antes de llegar al actual Gabriel Flores, ese que <strong>ha escrito \u2018La vida en Vera: cap\u00edtulos de su historia\u2019<\/strong> y que ya tiene casi listo su segundo libro, es pertinente repasar su vida para conocer mejor a la persona y saber de d\u00f3nde le viene ese amor por su pueblo y su pasado.<\/p>\n<p>Gabriel Flores <strong>naci\u00f3 en 1952 en la calle Mayor de Vera<\/strong>, en el n\u00famero 59. Era el menor de seis hermanos. Un poco m\u00e1s abajo, donde pr\u00e1cticamente ya acababa el pueblo, ten\u00eda un almac\u00e9n su padre, Juan Manuel Flores Mart\u00ednez. Se dedicaba al procesado y venta de aceite, as\u00ed como de las naranjas que se produc\u00edan en los pueblos de la comarca y que mandaba a los mercados de toda Espa\u00f1a.<\/p>\n<p>Su infancia transcurri\u00f3 entre esas calles del conocido como Barrio de Jes\u00fas y la Placeta del Berro \u2014un nombre popular del que, por cierto, no ha encontrado ni una sola referencia escrita en sus investigaciones en el archivo\u2014. All\u00ed mismo iba a la escuela, pues a\u00fan no exist\u00eda el colegio Reyes Cat\u00f3licos. \u201cPrimero estudi\u00e9 con sor Mar\u00eda en las Hijas de la Caridad, como todo el pueblo de Vera, y luego estuve en la<strong> escuela de don Pedro Morales<\/strong>, que estaba en la placeta del Berro, donde hasta hace poco ha habido una \u00f3ptica\u201d.<\/p>\n<p><a href=\"https:\/\/blog.vera.es\/cultura\/wp-content\/uploads\/sites\/2\/2020\/10\/Gabriel-Flores-numerosas-documentos-veratense_1510659717_126871103_667x375.jpg\"><img decoding=\"async\" class=\"alignnone size-medium wp-image-4519\" src=\"https:\/\/blog.vera.es\/cultura\/wp-content\/uploads\/sites\/2\/2020\/10\/Gabriel-Flores-numerosas-documentos-veratense_1510659717_126871103_667x375-300x169.jpg\" alt=\"\" width=\"300\" height=\"169\" srcset=\"https:\/\/blog.vera.es\/cultura\/wp-content\/uploads\/sites\/2\/2020\/10\/Gabriel-Flores-numerosas-documentos-veratense_1510659717_126871103_667x375-300x169.jpg 300w, https:\/\/blog.vera.es\/cultura\/wp-content\/uploads\/sites\/2\/2020\/10\/Gabriel-Flores-numerosas-documentos-veratense_1510659717_126871103_667x375.jpg 667w\" sizes=\"(max-width: 300px) 100vw, 300px\" \/><\/a><\/p>\n<p>Los veranos los pasaba en la <strong>playa de Villajarapa<\/strong> \u2014 que se llenaba de casetas de madera donde hac\u00edan su vida los veratenses\u2014 y m\u00e1s tarde su padre compr\u00f3 una casa frente al restaurante Marisol, en el Malec\u00f3n de Garrucha. Pero nunca le ha gustado la playa: \u201cMi padre me dec\u00eda que no lo entend\u00eda, que cualquier ni\u00f1o dar\u00eda lo que fuera por estar en la playa en una casa y sin embargo a m\u00ed parec\u00eda que me llevaban al pat\u00edbulo\u201d.<\/p>\n<p>Estudi\u00f3 tambi\u00e9n en el <strong>Instituto Laboral Fernando el Cat\u00f3lico<\/strong>, donde comparti\u00f3 clase con otros ilustres veratenses como Frasquito Carmona, Jos\u00e9 Flores Vi\u00f1uelas o \u00c1ngel Rubio. Pero solo estuvo un a\u00f1o. La muerte de su madre, Mar\u00eda Garrido Soler, cuando \u00e9l tan solo ten\u00eda diez a\u00f1os, hizo que acabase y\u00e9ndose a estudiar a un colegio de Maristas en Pamplona, donde viv\u00eda su hermana mayor. All\u00ed pas\u00f3 cinco a\u00f1os de su vida, antes de regresar a Almer\u00eda, al colegio de La Salle para hacer el bachiller superior. De ah\u00ed a Madrid, al colegio San Estanislao de Kostka, donde estudi\u00f3 el curso preuniversitario.<\/p>\n<p>Eran los primeros a\u00f1os de la d\u00e9cada de los 70 cuando <strong>comenz\u00f3 sus estudios de Econ\u00f3micas en la Universidad Complutense de Madrid.<\/strong> Pero eran tiempos muy convulsos pol\u00edticamente, en los \u00faltimos coletazos del franquismo. \u201cEra una facultad muy politizada. El primer a\u00f1o comenzamos el curso despu\u00e9s del D\u00eda de los Santos porque hab\u00eda habido unas huelgas y antes del D\u00eda de la Inmaculada (8 de diciembre) ya la volvieron a cerrar por otra huelga en la que tuvo que intervenir la polic\u00eda. Tuvimos escasamente un mes de clase y ya estaba en Vera de vuelta para las vacaciones de Navidad\u201d, recuerda. No le gust\u00f3 demasiado y por eso tan solo estudi\u00f3 dos a\u00f1os. \u201cMe lleg\u00f3 la oportunidad de trabajar en Cajalmer\u00eda (luego Unicaja) y me vine a Vera\u201d.<\/p>\n<p>En los primeros a\u00f1os en la caja <strong>recorri\u00f3 muchos pueblos de la provincia<\/strong>, haciendo sustituciones: Turre, Moj\u00e1car, Garrucha, Olula del R\u00edo, Zurgena, Fi\u00f1ana, G\u00e9rgal, Almer\u00eda capital. Hasta que consigui\u00f3 una plaza de interventor en Vera, en la oficina de la plaza del Mercado, y ah\u00ed pas\u00f3 sus \u00faltimas dos d\u00e9cadas.<\/p>\n<p>Pero<strong> en 2010 la entidad decidi\u00f3 prejubilarlo, con solo 58 a\u00f1os<\/strong>, y \u00e9l acept\u00f3. Pero no se iba a quedar sentado en un banco de la Plaza Mayor viendo el tiempo pasar. O jugando a las cartas (algo que no le gusta). \u201cHab\u00eda llegado el momento de hacer lo que tanto tiempo me hubiera gustado hacer\u201d, cuenta. As\u00ed que habl\u00f3 con Manuel Caparr\u00f3s, archivero de Vera, y comenz\u00f3 a visitar el Archivo Municipal. Cambi\u00f3 las cartillas de ahorro y los contratos de pr\u00e9stamos por los legajos manuscritos de la Edad Media y la Edad Moderna.<\/p>\n<p><a href=\"https:\/\/blog.vera.es\/cultura\/wp-content\/uploads\/sites\/2\/2020\/10\/Consultado-legajos-sala-lectura-archivo_1510659720_126871244_667x375.jpg\"><img decoding=\"async\" class=\"alignnone size-medium wp-image-4516\" src=\"https:\/\/blog.vera.es\/cultura\/wp-content\/uploads\/sites\/2\/2020\/10\/Consultado-legajos-sala-lectura-archivo_1510659720_126871244_667x375-300x169.jpg\" alt=\"\" width=\"300\" height=\"169\" srcset=\"https:\/\/blog.vera.es\/cultura\/wp-content\/uploads\/sites\/2\/2020\/10\/Consultado-legajos-sala-lectura-archivo_1510659720_126871244_667x375-300x169.jpg 300w, https:\/\/blog.vera.es\/cultura\/wp-content\/uploads\/sites\/2\/2020\/10\/Consultado-legajos-sala-lectura-archivo_1510659720_126871244_667x375.jpg 667w\" sizes=\"(max-width: 300px) 100vw, 300px\" \/><\/a><\/p>\n<h2 class=\"western\">Pasi\u00f3n por la historia<\/h2>\n<p>La afici\u00f3n de Gabriel Flores por la historia no es nueva. \u201cEs algo que siempre me ha interesado. Le\u00eda muchas novelas hist\u00f3ricas. Incluso llegu\u00e9 a pasar cinco d\u00edas en el <strong>Monasterio de Silos<\/strong> porque quer\u00eda saber c\u00f3mo ser\u00eda su vida all\u00ed\u201d.<\/p>\n<p>Cuando comenz\u00f3 a sumergirse en los textos antiguos del archivo se encontr\u00f3 con un problema: \u201cNo entend\u00eda casi nada de lo que pon\u00eda\u201d. <strong>Por eso decidi\u00f3 formarse y aprender algo de paleograf\u00eda.<\/strong> Primero con el historiador Juan Grima y despu\u00e9s con Alfonso Gonz\u00e1lez. \u201cAhora ya soy capaz de leer algunos documentos enteros y otros lo suficiente para entender lo esencial\u201d, explica. As\u00ed comenz\u00f3 a visitar cada ma\u00f1ana el Archivo Municipal y anotar en folios todas las curiosidades que iba encontrando.<\/p>\n<p>Por sus manos han pasado desde las capitulaciones firmadas por los Reyes Cat\u00f3licos hasta documentos con los infantiles trazos de la r\u00fabrica de Carlos II el \u2018Hechizado\u2019. Tesoros que esconde el Archivo Municipal veratense, uno de los m\u00e1s importantes de Espa\u00f1a. Tras <strong>muchos a\u00f1os rebuscando entre los cientos de cajas, desentra\u00f1ando antiguos textos de pleitos o actas<\/strong>, Gabriel Flores decidi\u00f3 darle forma a todo ello en un libro. \u201cNo tengo formaci\u00f3n para hacer un libro de la Historia de Vera, que adem\u00e1s ya los hay muy buenos, pero s\u00ed quer\u00eda hacer algo enfocado en los edificios, lugares y asociaciones\u201d. As\u00ed naci\u00f3 \u2018La vida en Vera: cap\u00edtulos de su historia\u2019, editado por el Ayuntamiento veratense a principios del a\u00f1o 2019.<\/p>\n<p>Ahora <strong>est\u00e1 acabando su segundo libro.<\/strong> A\u00fan no tiene t\u00edtulo, pero en \u00e9l repasa la historia y datos curiosos sobre las calles de la ciudad. \u201cLa referencia m\u00e1s antigua que he encontrado es a la actual calle Jacinto Anglada, a mediados del siglo XVII, llamada por entonces calle de la Carrera\u201d, cuenta.<\/p>\n<p><a href=\"https:\/\/blog.vera.es\/cultura\/wp-content\/uploads\/sites\/2\/2020\/10\/Gabriel-Flores-legajos-antiguos-atesora_1510659719_126871214_667x375.jpg\"><img loading=\"lazy\" decoding=\"async\" class=\"alignnone size-medium wp-image-4518\" src=\"https:\/\/blog.vera.es\/cultura\/wp-content\/uploads\/sites\/2\/2020\/10\/Gabriel-Flores-legajos-antiguos-atesora_1510659719_126871214_667x375-300x169.jpg\" alt=\"\" width=\"300\" height=\"169\" srcset=\"https:\/\/blog.vera.es\/cultura\/wp-content\/uploads\/sites\/2\/2020\/10\/Gabriel-Flores-legajos-antiguos-atesora_1510659719_126871214_667x375-300x169.jpg 300w, https:\/\/blog.vera.es\/cultura\/wp-content\/uploads\/sites\/2\/2020\/10\/Gabriel-Flores-legajos-antiguos-atesora_1510659719_126871214_667x375.jpg 667w\" sizes=\"(max-width: 300px) 100vw, 300px\" \/><\/a><\/p>\n<p>Pero Gabriel Flores no solo divulga la historia de Vera a trav\u00e9s de sus libros. Tambi\u00e9n se sirve del <strong>grupo \u2018No eres de Vera si&#8230;\u2019 en Facebook<\/strong> para hacer llegar a la gente sus hallazgos en el archivo. Es m\u00e1s, junto a otros miembros de este grupo fue uno de los responsables de que se celebrase el homenaje a las v\u00edctimas del terremoto de 1518 que ya se ha convertido en una tradici\u00f3n. De su imaginaci\u00f3n naci\u00f3 don Rodrigo de Z\u00e1rate, y puso en su boca el relato de los hechos acaecidos aquel fat\u00eddico 9 de noviembre.<\/p>\n<p>Gabriel Flores es t\u00edmido y casi siempre huye del primer plano. Tambi\u00e9n <strong>rechaza la calificaci\u00f3n de historiador<\/strong>, \u201cporque no estoy formado para ello y no quiero arrogarme algo que no me pertenece\u201d. No obstante, como dice Manuel Caparr\u00f3s en el pr\u00f3logo de \u2018La vida en Vera\u2019, Gabriel ya se ha ganado ese t\u00edtulo con su impagable labor para hacer accesible a cualquiera esa mara\u00f1a de documentos del archivo municipal, de una forma clara y amena.<\/p>\n","protected":false},"excerpt":{"rendered":"<p>Art\u00edculo redactado por V\u00edctor Visiedo para Diario de Almer\u00eda y publicado en 18-10-2020 sobre el investigador y escritor Gabriel Flores Garrido.<\/p>\n","protected":false},"author":7,"featured_media":4517,"comment_status":"open","ping_status":"closed","sticky":false,"template":"","format":"standard","meta":{"footnotes":""},"categories":[3,159,109],"tags":[100,14,319],"class_list":["post-4514","post","type-post","status-publish","format-standard","has-post-thumbnail","hentry","category-archivo","category-entrevistas","category-historia","tag-gabriel-flores-garrido","tag-historia","tag-victor-visiedo"],"_links":{"self":[{"href":"https:\/\/blog.vera.es\/cultura\/wp-json\/wp\/v2\/posts\/4514","targetHints":{"allow":["GET"]}}],"collection":[{"href":"https:\/\/blog.vera.es\/cultura\/wp-json\/wp\/v2\/posts"}],"about":[{"href":"https:\/\/blog.vera.es\/cultura\/wp-json\/wp\/v2\/types\/post"}],"author":[{"embeddable":true,"href":"https:\/\/blog.vera.es\/cultura\/wp-json\/wp\/v2\/users\/7"}],"replies":[{"embeddable":true,"href":"https:\/\/blog.vera.es\/cultura\/wp-json\/wp\/v2\/comments?post=4514"}],"version-history":[{"count":2,"href":"https:\/\/blog.vera.es\/cultura\/wp-json\/wp\/v2\/posts\/4514\/revisions"}],"predecessor-version":[{"id":4520,"href":"https:\/\/blog.vera.es\/cultura\/wp-json\/wp\/v2\/posts\/4514\/revisions\/4520"}],"wp:featuredmedia":[{"embeddable":true,"href":"https:\/\/blog.vera.es\/cultura\/wp-json\/wp\/v2\/media\/4517"}],"wp:attachment":[{"href":"https:\/\/blog.vera.es\/cultura\/wp-json\/wp\/v2\/media?parent=4514"}],"wp:term":[{"taxonomy":"category","embeddable":true,"href":"https:\/\/blog.vera.es\/cultura\/wp-json\/wp\/v2\/categories?post=4514"},{"taxonomy":"post_tag","embeddable":true,"href":"https:\/\/blog.vera.es\/cultura\/wp-json\/wp\/v2\/tags?post=4514"}],"curies":[{"name":"wp","href":"https:\/\/api.w.org\/{rel}","templated":true}]}}