{"id":4495,"date":"2020-08-27T11:07:06","date_gmt":"2020-08-27T11:07:06","guid":{"rendered":"https:\/\/blog.vera.es\/cultura\/?p=4495"},"modified":"2020-10-06T12:27:54","modified_gmt":"2020-10-06T12:27:54","slug":"jose-de-salamanca-alcalde-mayor-de-vera-almeria-blog-de-los-berruezo","status":"publish","type":"post","link":"https:\/\/blog.vera.es\/cultura\/2020\/08\/27\/jose-de-salamanca-alcalde-mayor-de-vera-almeria-blog-de-los-berruezo\/","title":{"rendered":"JOS\u00c9 DE SALAMANCA, ALCALDE MAYOR DE VERA (ALMER\u00cdA). 1835. BLOG DE LOS BERRUEZO"},"content":{"rendered":"<p>Les informamos de la reciente publicaci\u00f3n en el <em><strong>Blog de los Berruezo <\/strong><\/em>de un interesante texto sobre uno de los \u00faltimos Alcaldes Mayores de Vera, Jos\u00e9 de Salamanca y Mayol, conocido popularmente como el Marqu\u00e9s de Salamanca.<\/p>\n<p><!--more-->Les informamos sobre la reciente publicaci\u00f3n en el <em><strong>Blog de los Berruezo <\/strong><\/em>de el interesante texto sobre uno de los \u00faltimos Alcaldes Mayores de Vera, Jos\u00e9 de Salamanca y Mayol, conocido popularmente como el Marqu\u00e9s de Salamanca.<\/p>\n<p>Pueden leerlo clickeando en el siguiente enlace:<\/p>\n<p>http:\/\/losberruezo.blogspot.com\/2020\/08\/jose-de-salamanca-alcalde-mayor-de-vera_26.html<\/p>\n<p><a href=\"https:\/\/blog.vera.es\/cultura\/wp-content\/uploads\/sites\/2\/2020\/08\/Marqu\u00e9s_de_Salamanca_joven.jpg\"><img fetchpriority=\"high\" decoding=\"async\" class=\"alignnone size-medium wp-image-4498\" src=\"https:\/\/blog.vera.es\/cultura\/wp-content\/uploads\/sites\/2\/2020\/08\/Marqu\u00e9s_de_Salamanca_joven-214x300.jpg\" alt=\"\" width=\"214\" height=\"300\" srcset=\"https:\/\/blog.vera.es\/cultura\/wp-content\/uploads\/sites\/2\/2020\/08\/Marqu\u00e9s_de_Salamanca_joven-214x300.jpg 214w, https:\/\/blog.vera.es\/cultura\/wp-content\/uploads\/sites\/2\/2020\/08\/Marqu\u00e9s_de_Salamanca_joven.jpg 288w\" sizes=\"(max-width: 214px) 100vw, 214px\" \/><\/a><\/p>\n<p><a href=\"https:\/\/blog.vera.es\/cultura\/wp-content\/uploads\/sites\/2\/2020\/08\/1835-Firma-del-Juez-Jos\u00e9-de-Salamanca-copia.jpg\"><img decoding=\"async\" class=\"alignnone size-medium wp-image-4496\" src=\"https:\/\/blog.vera.es\/cultura\/wp-content\/uploads\/sites\/2\/2020\/08\/1835-Firma-del-Juez-Jos\u00e9-de-Salamanca-copia-300x225.jpg\" alt=\"\" width=\"300\" height=\"225\" srcset=\"https:\/\/blog.vera.es\/cultura\/wp-content\/uploads\/sites\/2\/2020\/08\/1835-Firma-del-Juez-Jos\u00e9-de-Salamanca-copia-300x225.jpg 300w, https:\/\/blog.vera.es\/cultura\/wp-content\/uploads\/sites\/2\/2020\/08\/1835-Firma-del-Juez-Jos\u00e9-de-Salamanca-copia-1024x768.jpg 1024w, https:\/\/blog.vera.es\/cultura\/wp-content\/uploads\/sites\/2\/2020\/08\/1835-Firma-del-Juez-Jos\u00e9-de-Salamanca-copia-768x576.jpg 768w, https:\/\/blog.vera.es\/cultura\/wp-content\/uploads\/sites\/2\/2020\/08\/1835-Firma-del-Juez-Jos\u00e9-de-Salamanca-copia-1536x1152.jpg 1536w, https:\/\/blog.vera.es\/cultura\/wp-content\/uploads\/sites\/2\/2020\/08\/1835-Firma-del-Juez-Jos\u00e9-de-Salamanca-copia.jpg 1701w\" sizes=\"(max-width: 300px) 100vw, 300px\" \/><\/a><\/p>\n","protected":false},"excerpt":{"rendered":"<p>Les informamos de la reciente publicaci\u00f3n en el Blog de los Berruezo de un interesante texto sobre uno de los \u00faltimos Alcaldes Mayores de Vera, Jos\u00e9 de Salamanca y Mayol, conocido popularmente como el Marqu\u00e9s de Salamanca.<\/p>\n","protected":false},"author":7,"featured_media":4498,"comment_status":"open","ping_status":"closed","sticky":false,"template":"","format":"standard","meta":{"footnotes":""},"categories":[3,20,109],"tags":[363,361,362,67,17,245],"class_list":["post-4495","post","type-post","status-publish","format-standard","has-post-thumbnail","hentry","category-archivo","category-colaboraciones","category-historia","tag-alcaldes","tag-los-berruezo","tag-marques-de-salamanca","tag-mineria","tag-personajes-historicos","tag-ramon-orozco"],"_links":{"self":[{"href":"https:\/\/blog.vera.es\/cultura\/wp-json\/wp\/v2\/posts\/4495","targetHints":{"allow":["GET"]}}],"collection":[{"href":"https:\/\/blog.vera.es\/cultura\/wp-json\/wp\/v2\/posts"}],"about":[{"href":"https:\/\/blog.vera.es\/cultura\/wp-json\/wp\/v2\/types\/post"}],"author":[{"embeddable":true,"href":"https:\/\/blog.vera.es\/cultura\/wp-json\/wp\/v2\/users\/7"}],"replies":[{"embeddable":true,"href":"https:\/\/blog.vera.es\/cultura\/wp-json\/wp\/v2\/comments?post=4495"}],"version-history":[{"count":3,"href":"https:\/\/blog.vera.es\/cultura\/wp-json\/wp\/v2\/posts\/4495\/revisions"}],"predecessor-version":[{"id":4510,"href":"https:\/\/blog.vera.es\/cultura\/wp-json\/wp\/v2\/posts\/4495\/revisions\/4510"}],"wp:featuredmedia":[{"embeddable":true,"href":"https:\/\/blog.vera.es\/cultura\/wp-json\/wp\/v2\/media\/4498"}],"wp:attachment":[{"href":"https:\/\/blog.vera.es\/cultura\/wp-json\/wp\/v2\/media?parent=4495"}],"wp:term":[{"taxonomy":"category","embeddable":true,"href":"https:\/\/blog.vera.es\/cultura\/wp-json\/wp\/v2\/categories?post=4495"},{"taxonomy":"post_tag","embeddable":true,"href":"https:\/\/blog.vera.es\/cultura\/wp-json\/wp\/v2\/tags?post=4495"}],"curies":[{"name":"wp","href":"https:\/\/api.w.org\/{rel}","templated":true}]}}