{"id":4360,"date":"2020-05-26T10:27:51","date_gmt":"2020-05-26T10:27:51","guid":{"rendered":"https:\/\/blog.vera.es\/cultura\/?p=4360"},"modified":"2020-05-26T10:29:08","modified_gmt":"2020-05-26T10:29:08","slug":"iconografia-de-los-documentos-emitidos-por-las-juntas-de-sanidad-antonio-gil-albarracin","status":"publish","type":"post","link":"https:\/\/blog.vera.es\/cultura\/2020\/05\/26\/iconografia-de-los-documentos-emitidos-por-las-juntas-de-sanidad-antonio-gil-albarracin\/","title":{"rendered":"ICONOGRAF\u00cdA DE LOS DOCUMENTOS EMITIDOS POR LAS JUNTAS DE SANIDAD. ANTONIO GIL ALBARRAC\u00cdN"},"content":{"rendered":"<p>Art\u00edculos donde se muestran los originales frutos de la paciente investigaci\u00f3n de Antonio Gil Albarrac\u00edn respecto a las im\u00e1genes estudiadas insertas en documentos emitidos por las Juntas de Sanidad de varias localidades.<\/p>\n<p><!--more--><\/p>\n<p><a href=\"https:\/\/blog.vera.es\/cultura\/wp-content\/uploads\/sites\/2\/2020\/05\/gil-albarrac\u00edn1.jpg\"><img decoding=\"async\" class=\"alignnone  wp-image-4363\" src=\"https:\/\/blog.vera.es\/cultura\/wp-content\/uploads\/sites\/2\/2020\/05\/gil-albarrac\u00edn1-300x277.jpg\" alt=\"\" width=\"161\" height=\"149\" srcset=\"https:\/\/blog.vera.es\/cultura\/wp-content\/uploads\/sites\/2\/2020\/05\/gil-albarrac\u00edn1-300x277.jpg 300w, https:\/\/blog.vera.es\/cultura\/wp-content\/uploads\/sites\/2\/2020\/05\/gil-albarrac\u00edn1-768x710.jpg 768w, https:\/\/blog.vera.es\/cultura\/wp-content\/uploads\/sites\/2\/2020\/05\/gil-albarrac\u00edn1.jpg 904w\" sizes=\"(max-width: 161px) 100vw, 161px\" \/><\/a><\/p>\n<p>Don Antonio Gil Albarrac\u00edn, profesor de Historia, escritor e investigador, conocido a nivel internacional, nacional y provincial por las numerosas publicaciones que guarda en su haber y por investigar en incontables archivos, entre ellos el Archivo Municipal de Vera, presenta varios art\u00edculos donde se estudia la iconograf\u00eda de los grabados investigados en los documentos emitidos por las Juntas de Sanidad de algunas poblaciones. Recientemente ha visitado el Archivo Municipal de Vera, del que resalta algunos ejemplos de inter\u00e9s.<\/p>\n<p>https:\/\/www.gbgeditora.com\/post\/c%C3%A1diz-her%C3%A1ldica-herc%C3%BAlea<\/p>\n<p><a href=\"https:\/\/blog.vera.es\/cultura\/wp-content\/uploads\/sites\/2\/2020\/05\/h\u00e9rcules.jpg\"><img fetchpriority=\"high\" decoding=\"async\" class=\"alignnone size-medium wp-image-4362\" src=\"https:\/\/blog.vera.es\/cultura\/wp-content\/uploads\/sites\/2\/2020\/05\/h\u00e9rcules-300x170.jpg\" alt=\"\" width=\"300\" height=\"170\" srcset=\"https:\/\/blog.vera.es\/cultura\/wp-content\/uploads\/sites\/2\/2020\/05\/h\u00e9rcules-300x170.jpg 300w, https:\/\/blog.vera.es\/cultura\/wp-content\/uploads\/sites\/2\/2020\/05\/h\u00e9rcules-1024x580.jpg 1024w, https:\/\/blog.vera.es\/cultura\/wp-content\/uploads\/sites\/2\/2020\/05\/h\u00e9rcules-768x435.jpg 768w, https:\/\/blog.vera.es\/cultura\/wp-content\/uploads\/sites\/2\/2020\/05\/h\u00e9rcules-1536x870.jpg 1536w, https:\/\/blog.vera.es\/cultura\/wp-content\/uploads\/sites\/2\/2020\/05\/h\u00e9rcules.jpg 1540w\" sizes=\"(max-width: 300px) 100vw, 300px\" \/><\/a><\/p>\n","protected":false},"excerpt":{"rendered":"<p>Art\u00edculos donde se muestran los originales frutos de la paciente investigaci\u00f3n de Antonio Gil Albarrac\u00edn respecto a las im\u00e1genes estudiadas insertas en documentos emitidos por las Juntas de Sanidad de varias localidades.<\/p>\n","protected":false},"author":7,"featured_media":4362,"comment_status":"open","ping_status":"closed","sticky":false,"template":"","format":"standard","meta":{"footnotes":""},"categories":[3,110,20,109],"tags":[339,342,340,341],"class_list":["post-4360","post","type-post","status-publish","format-standard","has-post-thumbnail","hentry","category-archivo","category-arte-artesania","category-colaboraciones","category-historia","tag-antonio-gil-albarracin","tag-barcos","tag-iconografia","tag-juntas-de-sanidad"],"_links":{"self":[{"href":"https:\/\/blog.vera.es\/cultura\/wp-json\/wp\/v2\/posts\/4360","targetHints":{"allow":["GET"]}}],"collection":[{"href":"https:\/\/blog.vera.es\/cultura\/wp-json\/wp\/v2\/posts"}],"about":[{"href":"https:\/\/blog.vera.es\/cultura\/wp-json\/wp\/v2\/types\/post"}],"author":[{"embeddable":true,"href":"https:\/\/blog.vera.es\/cultura\/wp-json\/wp\/v2\/users\/7"}],"replies":[{"embeddable":true,"href":"https:\/\/blog.vera.es\/cultura\/wp-json\/wp\/v2\/comments?post=4360"}],"version-history":[{"count":3,"href":"https:\/\/blog.vera.es\/cultura\/wp-json\/wp\/v2\/posts\/4360\/revisions"}],"predecessor-version":[{"id":4365,"href":"https:\/\/blog.vera.es\/cultura\/wp-json\/wp\/v2\/posts\/4360\/revisions\/4365"}],"wp:featuredmedia":[{"embeddable":true,"href":"https:\/\/blog.vera.es\/cultura\/wp-json\/wp\/v2\/media\/4362"}],"wp:attachment":[{"href":"https:\/\/blog.vera.es\/cultura\/wp-json\/wp\/v2\/media?parent=4360"}],"wp:term":[{"taxonomy":"category","embeddable":true,"href":"https:\/\/blog.vera.es\/cultura\/wp-json\/wp\/v2\/categories?post=4360"},{"taxonomy":"post_tag","embeddable":true,"href":"https:\/\/blog.vera.es\/cultura\/wp-json\/wp\/v2\/tags?post=4360"}],"curies":[{"name":"wp","href":"https:\/\/api.w.org\/{rel}","templated":true}]}}