{"id":4335,"date":"2020-02-05T12:01:04","date_gmt":"2020-02-05T12:01:04","guid":{"rendered":"https:\/\/blog.vera.es\/cultura\/?p=4335"},"modified":"2020-08-25T10:59:59","modified_gmt":"2020-08-25T10:59:59","slug":"naufragios-en-el-mar-de-almeria-conferencias-y-exposicion","status":"publish","type":"post","link":"https:\/\/blog.vera.es\/cultura\/2020\/02\/05\/naufragios-en-el-mar-de-almeria-conferencias-y-exposicion\/","title":{"rendered":"NAUFRAGIOS EN EL MAR DE ALMER\u00cdA. CONFERENCIAS Y EXPOSICI\u00d3N"},"content":{"rendered":"<p>El lunes d\u00eda 10 de febrero de 2020, en el Convento de la Victoria de Vera, 19:00 horas, tendr\u00e1n lugar unas conferencias y la presentaci\u00f3n de una exposici\u00f3n sobre el mar de Almer\u00eda a cargo de Mario Sanz Cruz y \u00c1ngel Carralero Daff\u00f3s, autores del libro Naufragios y sucesos en el mar de Almer\u00eda. Siglo XIX. Ha sido organizado por la Concejal\u00eda de Bienestar Social, Cultura y Mayores, del Excmo. Ayuntamiento de Vera por medio del Museo Hist\u00f3rico Municipal y el Archivo Municipal de Vera<\/p>\n<p><!--more--><\/p>\n\n\n<p> El lunes d\u00eda 10 de febrero de 2020, en el Convento de la Victoria de Vera, tendr\u00e1n lugar unas conferencias y la presentaci\u00f3n de una exposici\u00f3n sobre el mar de Almer\u00eda a cargo de <strong>Mario Sanz Cruz<\/strong> (farero de Carboneras e investigador) y <strong>\u00c1ngel Carralero Daff\u00f3s<\/strong> (farmac\u00e9utico e investigador), autores del libro<em><strong> Naufragios y sucesos en el mar de Almer\u00eda. Siglo XIX.<\/strong><\/em> El acto ha sido organizado por la Concejal\u00eda de Bienestar Social, Cultura y Mayores, del Excmo. Ayuntamiento de Vera por medio del Museo Hist\u00f3rico Municipal y el Archivo Municipal de Vera. La exposici\u00f3n podr\u00e1 visitarse hasta el d\u00eda 29 de febrero y forman parte de ella las maquetas que Mario Sanz y Domingo Ortiz han facilitado, muy generosamente, adem\u00e1s de algunos carteles, 10 de ellos ampliaciones de documentos hist\u00f3ricos del Archivo Municipal de Vera.<\/p>\n\n\n\n<figure class=\"wp-block-image size-large\"><img fetchpriority=\"high\" decoding=\"async\" width=\"504\" height=\"672\" src=\"https:\/\/blog.vera.es\/cultura\/wp-content\/uploads\/sites\/2\/2020\/02\/cartel-naufragios-copia.png\" alt=\"\" class=\"wp-image-4338\" srcset=\"https:\/\/blog.vera.es\/cultura\/wp-content\/uploads\/sites\/2\/2020\/02\/cartel-naufragios-copia.png 504w, https:\/\/blog.vera.es\/cultura\/wp-content\/uploads\/sites\/2\/2020\/02\/cartel-naufragios-copia-225x300.png 225w\" sizes=\"(max-width: 504px) 100vw, 504px\" \/><\/figure>\n\n\n\n<figure class=\"wp-block-image size-large\"><img decoding=\"async\" width=\"737\" height=\"1024\" src=\"https:\/\/blog.vera.es\/cultura\/wp-content\/uploads\/sites\/2\/2020\/02\/CCI01012002_00439-cont-copia-2-737x1024.jpg\" alt=\"\" class=\"wp-image-4339\" srcset=\"https:\/\/blog.vera.es\/cultura\/wp-content\/uploads\/sites\/2\/2020\/02\/CCI01012002_00439-cont-copia-2-737x1024.jpg 737w, https:\/\/blog.vera.es\/cultura\/wp-content\/uploads\/sites\/2\/2020\/02\/CCI01012002_00439-cont-copia-2-216x300.jpg 216w, https:\/\/blog.vera.es\/cultura\/wp-content\/uploads\/sites\/2\/2020\/02\/CCI01012002_00439-cont-copia-2-768x1068.jpg 768w, https:\/\/blog.vera.es\/cultura\/wp-content\/uploads\/sites\/2\/2020\/02\/CCI01012002_00439-cont-copia-2.jpg 787w\" sizes=\"(max-width: 737px) 100vw, 737px\" \/><\/figure>\n\n\n\n\n\n<p><\/p>\n\n\n\n<p> <\/p>\n\n\n\n<p><\/p>\n\n\n\n<p><\/p>\n\n\n\n<p><\/p>\n\n\n\n<p><\/p>\n","protected":false},"excerpt":{"rendered":"<p>El lunes d\u00eda 10 de febrero de 2020, en el Convento de la Victoria de Vera, 19:00 horas, tendr\u00e1n lugar unas conferencias y la presentaci\u00f3n de una exposici\u00f3n sobre el mar de Almer\u00eda a cargo de Mario Sanz Cruz y \u00c1ngel Carralero Daff\u00f3s, autores del libro Naufragios y sucesos en el mar de Almer\u00eda. Siglo &hellip; <a href=\"https:\/\/blog.vera.es\/cultura\/2020\/02\/05\/naufragios-en-el-mar-de-almeria-conferencias-y-exposicion\/\" class=\"more-link\">Seguir leyendo <span class=\"screen-reader-text\">NAUFRAGIOS EN EL MAR DE ALMER\u00cdA. CONFERENCIAS Y EXPOSICI\u00d3N<\/span> <span class=\"meta-nav\">&rarr;<\/span><\/a><\/p>\n","protected":false},"author":7,"featured_media":4337,"comment_status":"open","ping_status":"closed","sticky":false,"template":"","format":"standard","meta":{"footnotes":""},"categories":[105,3,109,4],"tags":[331,57,334,335,330,332],"class_list":["post-4335","post","type-post","status-publish","format-standard","has-post-thumbnail","hentry","category-actividades","category-archivo","category-historia","category-museo","tag-angel-carralero-daffos","tag-domingo-ortiz-soler","tag-faros","tag-mar","tag-mario-sanz-cruz","tag-pirateria"],"_links":{"self":[{"href":"https:\/\/blog.vera.es\/cultura\/wp-json\/wp\/v2\/posts\/4335","targetHints":{"allow":["GET"]}}],"collection":[{"href":"https:\/\/blog.vera.es\/cultura\/wp-json\/wp\/v2\/posts"}],"about":[{"href":"https:\/\/blog.vera.es\/cultura\/wp-json\/wp\/v2\/types\/post"}],"author":[{"embeddable":true,"href":"https:\/\/blog.vera.es\/cultura\/wp-json\/wp\/v2\/users\/7"}],"replies":[{"embeddable":true,"href":"https:\/\/blog.vera.es\/cultura\/wp-json\/wp\/v2\/comments?post=4335"}],"version-history":[{"count":5,"href":"https:\/\/blog.vera.es\/cultura\/wp-json\/wp\/v2\/posts\/4335\/revisions"}],"predecessor-version":[{"id":4345,"href":"https:\/\/blog.vera.es\/cultura\/wp-json\/wp\/v2\/posts\/4335\/revisions\/4345"}],"wp:featuredmedia":[{"embeddable":true,"href":"https:\/\/blog.vera.es\/cultura\/wp-json\/wp\/v2\/media\/4337"}],"wp:attachment":[{"href":"https:\/\/blog.vera.es\/cultura\/wp-json\/wp\/v2\/media?parent=4335"}],"wp:term":[{"taxonomy":"category","embeddable":true,"href":"https:\/\/blog.vera.es\/cultura\/wp-json\/wp\/v2\/categories?post=4335"},{"taxonomy":"post_tag","embeddable":true,"href":"https:\/\/blog.vera.es\/cultura\/wp-json\/wp\/v2\/tags?post=4335"}],"curies":[{"name":"wp","href":"https:\/\/api.w.org\/{rel}","templated":true}]}}