{"id":4306,"date":"2020-01-21T09:32:09","date_gmt":"2020-01-21T09:32:09","guid":{"rendered":"https:\/\/blog.vera.es\/cultura\/?p=4306"},"modified":"2020-01-21T09:36:00","modified_gmt":"2020-01-21T09:36:00","slug":"momentos-estelares-de-la-historia-de-almeria-presentacion","status":"publish","type":"post","link":"https:\/\/blog.vera.es\/cultura\/2020\/01\/21\/momentos-estelares-de-la-historia-de-almeria-presentacion\/","title":{"rendered":"MOMENTOS ESTELARES DE LA HISTORIA DE ALMER\u00cdA. PRESENTACI\u00d3N"},"content":{"rendered":"<p>Presentaci\u00f3n del libro <em>Momentos Estelares de la Historia de Almer\u00eda<\/em> en el Convento de la Victoria el d\u00eda 9 de enero de 2020 a las 19:30.<\/p>\n<p><!--more--><\/p>\n<p>El d\u00eda 9 de enero de 2020 se present\u00f3 en el Convento de la Victoria de Vera el fant\u00e1stico libro <em>Momentos Estelares de la Historia de Almer\u00eda<\/em>, ilustrado por el dibujante Emilio S\u00e1nchez Guillermo, editado y coordinado por Juan Grima Cervantes (arr\u00e1ez editores)\u00a0 y escrito por los mejores investigadores especializados en la Historia de Almer\u00eda.<\/p>\n<p>Fueron presentados por la Concejala de Cultura del Excmo. Ayuntamiento de Vera, Mar\u00eda Manuela Caparr\u00f3s Flores. Emilio S\u00e1nchez describi\u00f3 con detalle todas las motivaciones que impulsaron a alumbrar este, a la vez, gran libro divulgativo y serio hist\u00f3ricamente; sobre sus a\u00f1os de formaci\u00f3n en Alemania como alumno y profesor de dibujo y su feliz llegada a Vera, siendo alojado generosamente por el Hostal Regio de aquellos a\u00f1os. En el turno de preguntas explic\u00f3 algunos de sus trucos y t\u00e9cnicas a la hora de dibujar sus excelentes im\u00e1genes hist\u00f3ricas.<\/p>\n<p>Juan Grima agradeci\u00f3 su vuelta al entorno del Ayuntamiento y la confianza depositada en \u00e9l por el actual equipo de gobierno del Excmo. Ayuntamiento de Vera y disert\u00f3 sobre algunos de los dise\u00f1os y cap\u00edtulos de estos Momentos Estelares, explicando el porqu\u00e9 de la elecci\u00f3n de cada uno de ellos, entre los que se encuentran, en el apartado del municipio de Vera, la imagen de la cat\u00e1strofe del terremoto de 9 de noviembre de 1518.<\/p>\n<p><a href=\"https:\/\/blog.vera.es\/cultura\/wp-content\/uploads\/sites\/2\/2020\/01\/ed5a2b11-ab05-41ac-9fb2-0fbd47fd93a9.jpg\"><img fetchpriority=\"high\" decoding=\"async\" class=\"alignnone size-medium wp-image-4307\" src=\"https:\/\/blog.vera.es\/cultura\/wp-content\/uploads\/sites\/2\/2020\/01\/ed5a2b11-ab05-41ac-9fb2-0fbd47fd93a9-300x214.jpg\" alt=\"\" width=\"300\" height=\"214\" srcset=\"https:\/\/blog.vera.es\/cultura\/wp-content\/uploads\/sites\/2\/2020\/01\/ed5a2b11-ab05-41ac-9fb2-0fbd47fd93a9-300x214.jpg 300w, https:\/\/blog.vera.es\/cultura\/wp-content\/uploads\/sites\/2\/2020\/01\/ed5a2b11-ab05-41ac-9fb2-0fbd47fd93a9-768x548.jpg 768w, https:\/\/blog.vera.es\/cultura\/wp-content\/uploads\/sites\/2\/2020\/01\/ed5a2b11-ab05-41ac-9fb2-0fbd47fd93a9-1024x731.jpg 1024w, https:\/\/blog.vera.es\/cultura\/wp-content\/uploads\/sites\/2\/2020\/01\/ed5a2b11-ab05-41ac-9fb2-0fbd47fd93a9.jpg 1600w\" sizes=\"(max-width: 300px) 100vw, 300px\" \/><\/a><\/p>\n<p><a href=\"https:\/\/blog.vera.es\/cultura\/wp-content\/uploads\/sites\/2\/2020\/01\/f3fad10f-c3cb-4e3f-8d3d-046c8f4118e8.jpg\"><img decoding=\"async\" class=\"alignnone size-medium wp-image-4308\" src=\"https:\/\/blog.vera.es\/cultura\/wp-content\/uploads\/sites\/2\/2020\/01\/f3fad10f-c3cb-4e3f-8d3d-046c8f4118e8-300x214.jpg\" alt=\"\" width=\"300\" height=\"214\" srcset=\"https:\/\/blog.vera.es\/cultura\/wp-content\/uploads\/sites\/2\/2020\/01\/f3fad10f-c3cb-4e3f-8d3d-046c8f4118e8-300x214.jpg 300w, https:\/\/blog.vera.es\/cultura\/wp-content\/uploads\/sites\/2\/2020\/01\/f3fad10f-c3cb-4e3f-8d3d-046c8f4118e8-768x549.jpg 768w, https:\/\/blog.vera.es\/cultura\/wp-content\/uploads\/sites\/2\/2020\/01\/f3fad10f-c3cb-4e3f-8d3d-046c8f4118e8-1024x732.jpg 1024w, https:\/\/blog.vera.es\/cultura\/wp-content\/uploads\/sites\/2\/2020\/01\/f3fad10f-c3cb-4e3f-8d3d-046c8f4118e8.jpg 1599w\" sizes=\"(max-width: 300px) 100vw, 300px\" \/><\/a><\/p>\n<p><a href=\"https:\/\/blog.vera.es\/cultura\/wp-content\/uploads\/sites\/2\/2020\/01\/Imagen1.jpg\"><img decoding=\"async\" class=\"alignnone size-medium wp-image-4315\" src=\"https:\/\/blog.vera.es\/cultura\/wp-content\/uploads\/sites\/2\/2020\/01\/Imagen1-300x185.jpg\" alt=\"\" width=\"300\" height=\"185\" srcset=\"https:\/\/blog.vera.es\/cultura\/wp-content\/uploads\/sites\/2\/2020\/01\/Imagen1-300x185.jpg 300w, https:\/\/blog.vera.es\/cultura\/wp-content\/uploads\/sites\/2\/2020\/01\/Imagen1-768x473.jpg 768w, https:\/\/blog.vera.es\/cultura\/wp-content\/uploads\/sites\/2\/2020\/01\/Imagen1-1024x631.jpg 1024w, https:\/\/blog.vera.es\/cultura\/wp-content\/uploads\/sites\/2\/2020\/01\/Imagen1.jpg 1806w\" sizes=\"(max-width: 300px) 100vw, 300px\" \/><\/a><\/p>\n<p><a href=\"https:\/\/blog.vera.es\/cultura\/wp-content\/uploads\/sites\/2\/2020\/01\/IMG_2506-copia.jpg\"><img loading=\"lazy\" decoding=\"async\" class=\"alignnone size-medium wp-image-4309\" src=\"https:\/\/blog.vera.es\/cultura\/wp-content\/uploads\/sites\/2\/2020\/01\/IMG_2506-copia-300x225.jpg\" alt=\"\" width=\"300\" height=\"225\" srcset=\"https:\/\/blog.vera.es\/cultura\/wp-content\/uploads\/sites\/2\/2020\/01\/IMG_2506-copia-300x225.jpg 300w, https:\/\/blog.vera.es\/cultura\/wp-content\/uploads\/sites\/2\/2020\/01\/IMG_2506-copia-768x576.jpg 768w, https:\/\/blog.vera.es\/cultura\/wp-content\/uploads\/sites\/2\/2020\/01\/IMG_2506-copia-1024x768.jpg 1024w, https:\/\/blog.vera.es\/cultura\/wp-content\/uploads\/sites\/2\/2020\/01\/IMG_2506-copia.jpg 1134w\" sizes=\"(max-width: 300px) 100vw, 300px\" \/><\/a><\/p>\n<p><a href=\"https:\/\/blog.vera.es\/cultura\/wp-content\/uploads\/sites\/2\/2020\/01\/IMG_2509-copia.jpg\"><img loading=\"lazy\" decoding=\"async\" class=\"alignnone size-medium wp-image-4310\" src=\"https:\/\/blog.vera.es\/cultura\/wp-content\/uploads\/sites\/2\/2020\/01\/IMG_2509-copia-300x225.jpg\" alt=\"\" width=\"300\" height=\"225\" srcset=\"https:\/\/blog.vera.es\/cultura\/wp-content\/uploads\/sites\/2\/2020\/01\/IMG_2509-copia-300x225.jpg 300w, https:\/\/blog.vera.es\/cultura\/wp-content\/uploads\/sites\/2\/2020\/01\/IMG_2509-copia-768x576.jpg 768w, https:\/\/blog.vera.es\/cultura\/wp-content\/uploads\/sites\/2\/2020\/01\/IMG_2509-copia-1024x768.jpg 1024w, https:\/\/blog.vera.es\/cultura\/wp-content\/uploads\/sites\/2\/2020\/01\/IMG_2509-copia.jpg 1134w\" sizes=\"(max-width: 300px) 100vw, 300px\" \/><\/a><\/p>\n<p><a href=\"https:\/\/blog.vera.es\/cultura\/wp-content\/uploads\/sites\/2\/2020\/01\/IMG_2510-copia.jpg\"><img loading=\"lazy\" decoding=\"async\" class=\"alignnone size-medium wp-image-4311\" src=\"https:\/\/blog.vera.es\/cultura\/wp-content\/uploads\/sites\/2\/2020\/01\/IMG_2510-copia-300x225.jpg\" alt=\"\" width=\"300\" height=\"225\" srcset=\"https:\/\/blog.vera.es\/cultura\/wp-content\/uploads\/sites\/2\/2020\/01\/IMG_2510-copia-300x225.jpg 300w, https:\/\/blog.vera.es\/cultura\/wp-content\/uploads\/sites\/2\/2020\/01\/IMG_2510-copia-768x576.jpg 768w, https:\/\/blog.vera.es\/cultura\/wp-content\/uploads\/sites\/2\/2020\/01\/IMG_2510-copia-1024x768.jpg 1024w, https:\/\/blog.vera.es\/cultura\/wp-content\/uploads\/sites\/2\/2020\/01\/IMG_2510-copia.jpg 1134w\" sizes=\"(max-width: 300px) 100vw, 300px\" \/><\/a><\/p>\n","protected":false},"excerpt":{"rendered":"<p>Presentaci\u00f3n del libro Momentos Estelares de la Historia de Almer\u00eda en el Convento de la Victoria el d\u00eda 9 de enero de 2020 a las 19:30.<\/p>\n","protected":false},"author":7,"featured_media":4307,"comment_status":"open","ping_status":"closed","sticky":false,"template":"","format":"standard","meta":{"footnotes":""},"categories":[105,110,109],"tags":[239,285,327],"class_list":["post-4306","post","type-post","status-publish","format-standard","has-post-thumbnail","hentry","category-actividades","category-arte-artesania","category-historia","tag-emilio-sanchez-guillermo","tag-juan-grima-cervantes","tag-maria-manuela-caparros-flores"],"_links":{"self":[{"href":"https:\/\/blog.vera.es\/cultura\/wp-json\/wp\/v2\/posts\/4306","targetHints":{"allow":["GET"]}}],"collection":[{"href":"https:\/\/blog.vera.es\/cultura\/wp-json\/wp\/v2\/posts"}],"about":[{"href":"https:\/\/blog.vera.es\/cultura\/wp-json\/wp\/v2\/types\/post"}],"author":[{"embeddable":true,"href":"https:\/\/blog.vera.es\/cultura\/wp-json\/wp\/v2\/users\/7"}],"replies":[{"embeddable":true,"href":"https:\/\/blog.vera.es\/cultura\/wp-json\/wp\/v2\/comments?post=4306"}],"version-history":[{"count":4,"href":"https:\/\/blog.vera.es\/cultura\/wp-json\/wp\/v2\/posts\/4306\/revisions"}],"predecessor-version":[{"id":4316,"href":"https:\/\/blog.vera.es\/cultura\/wp-json\/wp\/v2\/posts\/4306\/revisions\/4316"}],"wp:featuredmedia":[{"embeddable":true,"href":"https:\/\/blog.vera.es\/cultura\/wp-json\/wp\/v2\/media\/4307"}],"wp:attachment":[{"href":"https:\/\/blog.vera.es\/cultura\/wp-json\/wp\/v2\/media?parent=4306"}],"wp:term":[{"taxonomy":"category","embeddable":true,"href":"https:\/\/blog.vera.es\/cultura\/wp-json\/wp\/v2\/categories?post=4306"},{"taxonomy":"post_tag","embeddable":true,"href":"https:\/\/blog.vera.es\/cultura\/wp-json\/wp\/v2\/tags?post=4306"}],"curies":[{"name":"wp","href":"https:\/\/api.w.org\/{rel}","templated":true}]}}